{"id":4729,"date":"2019-05-18T12:30:07","date_gmt":"2019-05-18T18:30:07","guid":{"rendered":"http:\/\/volcanes.net\/?p=4729"},"modified":"2019-05-18T12:30:31","modified_gmt":"2019-05-18T18:30:31","slug":"adoptan-ixtapaluquenses-arboles-en-pro-del-medio-ambiente","status":"publish","type":"post","link":"https:\/\/volcanes.net\/?p=4729","title":{"rendered":"Adoptan ixtapaluquenses \u00e1rboles en pro del medio ambiente"},"content":{"rendered":"<div style=\"margin-top: 0px; margin-bottom: 0px;\" class=\"sharethis-inline-share-buttons\" ><\/div><p><span style=\"font-size:10pt; line-height:15.2653px;\"><b><i>*Refuerzan estas acciones que se han tomado desde el 2013 con programas de reforestaci\u00f3n  <\/i><\/b><\/span><\/p>\n<p class=\"MsoNormal\" style=\"color:rgb(0,0,0); font-style:normal; font-variant-ligatures:normal; font-variant-caps:normal; font-weight:400; letter-spacing:normal; orphans:2; text-indent:0px; text-transform:none; white-space:normal; widows:2; word-spacing:0px; -webkit-text-stroke-width:0px; text-decoration-style:initial; text-decoration-color:initialmargin:0cm0cm8pt; line-height:16.7919px; font-size:11pt; font-family:Calibri,sans-serif; text-align:left;\">En pro del medio ambiente y para dar continuidad a una acci\u00f3n que desde el 2013 se ha realizado en Ixtapaluca, se regalaron \u00e1rboles a ni\u00f1os, ni\u00f1as, estudiantes, amas de casa y familias que de forma entusiasta se comprometieron a adoptarlos y darles los cuidados adecuados para que crezcan.<\/p>\n<p class=\"MsoNormal\" style=\"color:rgb(0,0,0); font-style:normal; font-variant-ligatures:normal; font-variant-caps:normal; font-weight:400; letter-spacing:normal; orphans:2; text-indent:0px; text-transform:none; white-space:normal; widows:2; word-spacing:0px; -webkit-text-stroke-width:0px; text-decoration-style:initial; text-decoration-color:initialmargin:0cm0cm8pt; line-height:16.7919px; font-size:11pt; font-family:Calibri,sans-serif; text-align:left;\">\u00c1rboles frutales,  trueno, pino y liquid\u00e1mbar, fueron las especies que ofreci\u00f3 la subdirecci\u00f3n de Turismo; cada persona recibi\u00f3 un certificado de adopci\u00f3n y al mismo tiempo le asignaron nombre a sus \u00e1rboles y firmaron para hacerse responsables de su riego y protecci\u00f3n.<\/p>\n<p class=\"MsoNormal\" style=\"color:rgb(0,0,0); font-style:normal; font-variant-ligatures:normal; font-variant-caps:normal; font-weight:400; letter-spacing:normal; orphans:2; text-indent:0px; text-transform:none; white-space:normal; widows:2; word-spacing:0px; -webkit-text-stroke-width:0px; text-decoration-style:initial; text-decoration-color:initialmargin:0cm0cm8pt; line-height:16.7919px; font-size:11pt; font-family:Calibri,sans-serif; text-align:left;\">Cabe destacar que estas acciones buscan reforzar las jornadas de reforestaci\u00f3n que ya se han realizado en Ixtapaluca, para prever que tengamos un ambiente m\u00e1s sano y se evite que haya contingencias extraordinarias como las que se vivieron por tres d\u00edas consecutivas en el valle de M\u00e9xico.<\/p>\n<p class=\"MsoNormal\" style=\"color:rgb(0,0,0); font-style:normal; font-variant-ligatures:normal; font-variant-caps:normal; font-weight:400; letter-spacing:normal; orphans:2; text-indent:0px; text-transform:none; white-space:normal; widows:2; word-spacing:0px; -webkit-text-stroke-width:0px; text-decoration-style:initial; text-decoration-color:initialmargin:0cm0cm8pt; line-height:16.7919px; font-size:11pt; font-family:Calibri,sans-serif; text-align:left;\">Los \u00e1rboles purifican el aire, producen ox\u00edgeno y reducen el bi\u00f3xido de carbono causante por el calentamiento de la atm\u00f3sfera, esto se hace a trav\u00e9s del proceso de la fotos\u00edntesis, humedecen el ambiente, entre otras funciones.<\/p>\n<p class=\"MsoNormal\" style=\"color:rgb(0,0,0); font-style:normal; font-variant-ligatures:normal; font-variant-caps:normal; font-weight:400; letter-spacing:normal; orphans:2; text-indent:0px; text-transform:none; white-space:normal; widows:2; word-spacing:0px; -webkit-text-stroke-width:0px; text-decoration-style:initial; text-decoration-color:initialmargin:0cm0cm8pt; line-height:16.7919px; font-size:11pt; font-family:Calibri,sans-serif; text-align:left;\">Eynar Vel\u00e1zquez Segoviano, subdirector de Ecolog\u00eda, dijo que no todo el trabajo es de los \u00e1rboles, la poblaci\u00f3n debe ser consciente en este tema que es alarmante, por lo que invit\u00f3 a que cada persona pueda contribuir a no usar el autom\u00f3vil y reducir el consumo de energ\u00eda con los aparatos electrodom\u00e9sticos.<\/p>\n<p class=\"MsoNormal\" style=\"color:rgb(0,0,0); font-style:normal; font-variant-ligatures:normal; font-variant-caps:normal; font-weight:400; letter-spacing:normal; orphans:2; text-indent:0px; text-transform:none; white-space:normal; widows:2; word-spacing:0px; -webkit-text-stroke-width:0px; text-decoration-style:initial; text-decoration-color:initialmargin:0cm0cm8pt; line-height:16.7919px; font-size:11pt; font-family:Calibri,sans-serif; text-align:left;\">Coment\u00f3 que en pr\u00f3ximas fechas la subdirecci\u00f3n de Ecolog\u00eda llevar\u00e1 a cabo una reforestaci\u00f3n masiva en diferentes puntos del municipio de Ixtapaluca, para saber m\u00e1s de esta reforestaci\u00f3n los interesados deben de estar al pendiente del Facebook: Ayuntamiento Ixtapaluca en donde se dar\u00e1 a conocer la informaci\u00f3n.<\/p>\n","protected":false},"excerpt":{"rendered":"<p>*Refuerzan estas acciones que se han tomado desde el 2013 con programas de reforestaci\u00f3n En<\/p>\n","protected":false},"author":1,"featured_media":4728,"comment_status":"open","ping_status":"open","sticky":false,"template":"","format":"standard","meta":{"footnotes":""},"categories":[1],"tags":[6],"class_list":["post-4729","post","type-post","status-publish","format-standard","has-post-thumbnail","hentry","category-municipales","tag-ixtapaluca"],"yoast_head":"<!-- This site is optimized with the Yoast SEO plugin v25.3 - https:\/\/yoast.com\/wordpress\/plugins\/seo\/ -->\n<title>Adoptan ixtapaluquenses \u00e1rboles en pro del medio ambiente - Volcanes<\/title>\n<meta name=\"robots\" content=\"index, follow, max-snippet:-1, max-image-preview:large, max-video-preview:-1\" \/>\n<link rel=\"canonical\" href=\"https:\/\/volcanes.net\/?p=4729\" \/>\n<meta property=\"og:locale\" content=\"es_MX\" \/>\n<meta property=\"og:type\" content=\"article\" \/>\n<meta property=\"og:title\" content=\"Adoptan ixtapaluquenses \u00e1rboles en pro del medio ambiente - Volcanes\" \/>\n<meta property=\"og:description\" content=\"*Refuerzan estas acciones que se han tomado desde el 2013 con programas de reforestaci\u00f3n En\" \/>\n<meta property=\"og:url\" content=\"https:\/\/volcanes.net\/?p=4729\" \/>\n<meta property=\"og:site_name\" content=\"Volcanes\" \/>\n<meta property=\"article:publisher\" content=\"https:\/\/www.facebook.com\/volcanes.net\/\" \/>\n<meta property=\"article:published_time\" content=\"2019-05-18T18:30:07+00:00\" \/>\n<meta property=\"article:modified_time\" content=\"2019-05-18T18:30:31+00:00\" \/>\n<meta property=\"og:image\" content=\"https:\/\/volcanes.net\/wp-content\/uploads\/2019\/05\/IMG_20190518_132931_751.jpg\" \/>\n\t<meta property=\"og:image:width\" content=\"720\" \/>\n\t<meta property=\"og:image:height\" content=\"476\" \/>\n\t<meta property=\"og:image:type\" content=\"image\/jpeg\" \/>\n<meta name=\"author\" content=\"admin\" \/>\n<meta name=\"twitter:card\" content=\"summary_large_image\" \/>\n<meta name=\"twitter:label1\" content=\"Escrito por\" \/>\n\t<meta name=\"twitter:data1\" content=\"admin\" \/>\n\t<meta name=\"twitter:label2\" content=\"Tiempo de lectura\" \/>\n\t<meta name=\"twitter:data2\" content=\"2 minutos\" \/>\n<script type=\"application\/ld+json\" class=\"yoast-schema-graph\">{\"@context\":\"https:\/\/schema.org\",\"@graph\":[{\"@type\":\"Article\",\"@id\":\"https:\/\/volcanes.net\/?p=4729#article\",\"isPartOf\":{\"@id\":\"https:\/\/volcanes.net\/?p=4729\"},\"author\":{\"name\":\"admin\",\"@id\":\"https:\/\/volcanes.net\/#\/schema\/person\/4bf0f383940966a4abd53f5048c0e6b9\"},\"headline\":\"Adoptan ixtapaluquenses \u00e1rboles en pro del medio ambiente\",\"datePublished\":\"2019-05-18T18:30:07+00:00\",\"dateModified\":\"2019-05-18T18:30:31+00:00\",\"mainEntityOfPage\":{\"@id\":\"https:\/\/volcanes.net\/?p=4729\"},\"wordCount\":323,\"commentCount\":0,\"publisher\":{\"@id\":\"https:\/\/volcanes.net\/#organization\"},\"image\":{\"@id\":\"https:\/\/volcanes.net\/?p=4729#primaryimage\"},\"thumbnailUrl\":\"https:\/\/volcanes.net\/wp-content\/uploads\/2019\/05\/IMG_20190518_132931_751.jpg\",\"keywords\":[\"Ixtapaluca\"],\"articleSection\":[\"Municipales\"],\"inLanguage\":\"es\",\"potentialAction\":[{\"@type\":\"CommentAction\",\"name\":\"Comment\",\"target\":[\"https:\/\/volcanes.net\/?p=4729#respond\"]}]},{\"@type\":\"WebPage\",\"@id\":\"https:\/\/volcanes.net\/?p=4729\",\"url\":\"https:\/\/volcanes.net\/?p=4729\",\"name\":\"Adoptan ixtapaluquenses \u00e1rboles en pro del medio ambiente - Volcanes\",\"isPartOf\":{\"@id\":\"https:\/\/volcanes.net\/#website\"},\"primaryImageOfPage\":{\"@id\":\"https:\/\/volcanes.net\/?p=4729#primaryimage\"},\"image\":{\"@id\":\"https:\/\/volcanes.net\/?p=4729#primaryimage\"},\"thumbnailUrl\":\"https:\/\/volcanes.net\/wp-content\/uploads\/2019\/05\/IMG_20190518_132931_751.jpg\",\"datePublished\":\"2019-05-18T18:30:07+00:00\",\"dateModified\":\"2019-05-18T18:30:31+00:00\",\"breadcrumb\":{\"@id\":\"https:\/\/volcanes.net\/?p=4729#breadcrumb\"},\"inLanguage\":\"es\",\"potentialAction\":[{\"@type\":\"ReadAction\",\"target\":[\"https:\/\/volcanes.net\/?p=4729\"]}]},{\"@type\":\"ImageObject\",\"inLanguage\":\"es\",\"@id\":\"https:\/\/volcanes.net\/?p=4729#primaryimage\",\"url\":\"https:\/\/volcanes.net\/wp-content\/uploads\/2019\/05\/IMG_20190518_132931_751.jpg\",\"contentUrl\":\"https:\/\/volcanes.net\/wp-content\/uploads\/2019\/05\/IMG_20190518_132931_751.jpg\",\"width\":720,\"height\":476},{\"@type\":\"BreadcrumbList\",\"@id\":\"https:\/\/volcanes.net\/?p=4729#breadcrumb\",\"itemListElement\":[{\"@type\":\"ListItem\",\"position\":1,\"name\":\"Portada\",\"item\":\"https:\/\/volcanes.net\/\"},{\"@type\":\"ListItem\",\"position\":2,\"name\":\"Adoptan ixtapaluquenses \u00e1rboles en pro del medio ambiente\"}]},{\"@type\":\"WebSite\",\"@id\":\"https:\/\/volcanes.net\/#website\",\"url\":\"https:\/\/volcanes.net\/\",\"name\":\"Volcanes.Net\",\"description\":\"Periodismo Profesional\",\"publisher\":{\"@id\":\"https:\/\/volcanes.net\/#organization\"},\"potentialAction\":[{\"@type\":\"SearchAction\",\"target\":{\"@type\":\"EntryPoint\",\"urlTemplate\":\"https:\/\/volcanes.net\/?s={search_term_string}\"},\"query-input\":{\"@type\":\"PropertyValueSpecification\",\"valueRequired\":true,\"valueName\":\"search_term_string\"}}],\"inLanguage\":\"es\"},{\"@type\":\"Organization\",\"@id\":\"https:\/\/volcanes.net\/#organization\",\"name\":\"Grupo Volcanes\",\"url\":\"https:\/\/volcanes.net\/\",\"logo\":{\"@type\":\"ImageObject\",\"inLanguage\":\"es\",\"@id\":\"https:\/\/volcanes.net\/#\/schema\/logo\/image\/\",\"url\":\"http:\/\/volcanes.net\/wp-content\/uploads\/2017\/12\/Avatar2.jpg\",\"contentUrl\":\"http:\/\/volcanes.net\/wp-content\/uploads\/2017\/12\/Avatar2.jpg\",\"width\":378,\"height\":378,\"caption\":\"Grupo Volcanes\"},\"image\":{\"@id\":\"https:\/\/volcanes.net\/#\/schema\/logo\/image\/\"},\"sameAs\":[\"https:\/\/www.facebook.com\/volcanes.net\/\"]},{\"@type\":\"Person\",\"@id\":\"https:\/\/volcanes.net\/#\/schema\/person\/4bf0f383940966a4abd53f5048c0e6b9\",\"name\":\"admin\",\"image\":{\"@type\":\"ImageObject\",\"inLanguage\":\"es\",\"@id\":\"https:\/\/volcanes.net\/#\/schema\/person\/image\/\",\"url\":\"https:\/\/secure.gravatar.com\/avatar\/ca004e6cba8462b8cb7abc86e382930c?s=96&d=mm&r=g\",\"contentUrl\":\"https:\/\/secure.gravatar.com\/avatar\/ca004e6cba8462b8cb7abc86e382930c?s=96&d=mm&r=g\",\"caption\":\"admin\"}}]}<\/script>\n<!-- \/ Yoast SEO plugin. -->","yoast_head_json":{"title":"Adoptan ixtapaluquenses \u00e1rboles en pro del medio ambiente - Volcanes","robots":{"index":"index","follow":"follow","max-snippet":"max-snippet:-1","max-image-preview":"max-image-preview:large","max-video-preview":"max-video-preview:-1"},"canonical":"https:\/\/volcanes.net\/?p=4729","og_locale":"es_MX","og_type":"article","og_title":"Adoptan ixtapaluquenses \u00e1rboles en pro del medio ambiente - Volcanes","og_description":"*Refuerzan estas acciones que se han tomado desde el 2013 con programas de reforestaci\u00f3n En","og_url":"https:\/\/volcanes.net\/?p=4729","og_site_name":"Volcanes","article_publisher":"https:\/\/www.facebook.com\/volcanes.net\/","article_published_time":"2019-05-18T18:30:07+00:00","article_modified_time":"2019-05-18T18:30:31+00:00","og_image":[{"width":720,"height":476,"url":"https:\/\/volcanes.net\/wp-content\/uploads\/2019\/05\/IMG_20190518_132931_751.jpg","type":"image\/jpeg"}],"author":"admin","twitter_card":"summary_large_image","twitter_misc":{"Escrito por":"admin","Tiempo de lectura":"2 minutos"},"schema":{"@context":"https:\/\/schema.org","@graph":[{"@type":"Article","@id":"https:\/\/volcanes.net\/?p=4729#article","isPartOf":{"@id":"https:\/\/volcanes.net\/?p=4729"},"author":{"name":"admin","@id":"https:\/\/volcanes.net\/#\/schema\/person\/4bf0f383940966a4abd53f5048c0e6b9"},"headline":"Adoptan ixtapaluquenses \u00e1rboles en pro del medio ambiente","datePublished":"2019-05-18T18:30:07+00:00","dateModified":"2019-05-18T18:30:31+00:00","mainEntityOfPage":{"@id":"https:\/\/volcanes.net\/?p=4729"},"wordCount":323,"commentCount":0,"publisher":{"@id":"https:\/\/volcanes.net\/#organization"},"image":{"@id":"https:\/\/volcanes.net\/?p=4729#primaryimage"},"thumbnailUrl":"https:\/\/volcanes.net\/wp-content\/uploads\/2019\/05\/IMG_20190518_132931_751.jpg","keywords":["Ixtapaluca"],"articleSection":["Municipales"],"inLanguage":"es","potentialAction":[{"@type":"CommentAction","name":"Comment","target":["https:\/\/volcanes.net\/?p=4729#respond"]}]},{"@type":"WebPage","@id":"https:\/\/volcanes.net\/?p=4729","url":"https:\/\/volcanes.net\/?p=4729","name":"Adoptan ixtapaluquenses \u00e1rboles en pro del medio ambiente - Volcanes","isPartOf":{"@id":"https:\/\/volcanes.net\/#website"},"primaryImageOfPage":{"@id":"https:\/\/volcanes.net\/?p=4729#primaryimage"},"image":{"@id":"https:\/\/volcanes.net\/?p=4729#primaryimage"},"thumbnailUrl":"https:\/\/volcanes.net\/wp-content\/uploads\/2019\/05\/IMG_20190518_132931_751.jpg","datePublished":"2019-05-18T18:30:07+00:00","dateModified":"2019-05-18T18:30:31+00:00","breadcrumb":{"@id":"https:\/\/volcanes.net\/?p=4729#breadcrumb"},"inLanguage":"es","potentialAction":[{"@type":"ReadAction","target":["https:\/\/volcanes.net\/?p=4729"]}]},{"@type":"ImageObject","inLanguage":"es","@id":"https:\/\/volcanes.net\/?p=4729#primaryimage","url":"https:\/\/volcanes.net\/wp-content\/uploads\/2019\/05\/IMG_20190518_132931_751.jpg","contentUrl":"https:\/\/volcanes.net\/wp-content\/uploads\/2019\/05\/IMG_20190518_132931_751.jpg","width":720,"height":476},{"@type":"BreadcrumbList","@id":"https:\/\/volcanes.net\/?p=4729#breadcrumb","itemListElement":[{"@type":"ListItem","position":1,"name":"Portada","item":"https:\/\/volcanes.net\/"},{"@type":"ListItem","position":2,"name":"Adoptan ixtapaluquenses \u00e1rboles en pro del medio ambiente"}]},{"@type":"WebSite","@id":"https:\/\/volcanes.net\/#website","url":"https:\/\/volcanes.net\/","name":"Volcanes.Net","description":"Periodismo Profesional","publisher":{"@id":"https:\/\/volcanes.net\/#organization"},"potentialAction":[{"@type":"SearchAction","target":{"@type":"EntryPoint","urlTemplate":"https:\/\/volcanes.net\/?s={search_term_string}"},"query-input":{"@type":"PropertyValueSpecification","valueRequired":true,"valueName":"search_term_string"}}],"inLanguage":"es"},{"@type":"Organization","@id":"https:\/\/volcanes.net\/#organization","name":"Grupo Volcanes","url":"https:\/\/volcanes.net\/","logo":{"@type":"ImageObject","inLanguage":"es","@id":"https:\/\/volcanes.net\/#\/schema\/logo\/image\/","url":"http:\/\/volcanes.net\/wp-content\/uploads\/2017\/12\/Avatar2.jpg","contentUrl":"http:\/\/volcanes.net\/wp-content\/uploads\/2017\/12\/Avatar2.jpg","width":378,"height":378,"caption":"Grupo Volcanes"},"image":{"@id":"https:\/\/volcanes.net\/#\/schema\/logo\/image\/"},"sameAs":["https:\/\/www.facebook.com\/volcanes.net\/"]},{"@type":"Person","@id":"https:\/\/volcanes.net\/#\/schema\/person\/4bf0f383940966a4abd53f5048c0e6b9","name":"admin","image":{"@type":"ImageObject","inLanguage":"es","@id":"https:\/\/volcanes.net\/#\/schema\/person\/image\/","url":"https:\/\/secure.gravatar.com\/avatar\/ca004e6cba8462b8cb7abc86e382930c?s=96&d=mm&r=g","contentUrl":"https:\/\/secure.gravatar.com\/avatar\/ca004e6cba8462b8cb7abc86e382930c?s=96&d=mm&r=g","caption":"admin"}}]}},"_links":{"self":[{"href":"https:\/\/volcanes.net\/index.php?rest_route=\/wp\/v2\/posts\/4729"}],"collection":[{"href":"https:\/\/volcanes.net\/index.php?rest_route=\/wp\/v2\/posts"}],"about":[{"href":"https:\/\/volcanes.net\/index.php?rest_route=\/wp\/v2\/types\/post"}],"author":[{"embeddable":true,"href":"https:\/\/volcanes.net\/index.php?rest_route=\/wp\/v2\/users\/1"}],"replies":[{"embeddable":true,"href":"https:\/\/volcanes.net\/index.php?rest_route=%2Fwp%2Fv2%2Fcomments&post=4729"}],"version-history":[{"count":1,"href":"https:\/\/volcanes.net\/index.php?rest_route=\/wp\/v2\/posts\/4729\/revisions"}],"predecessor-version":[{"id":4730,"href":"https:\/\/volcanes.net\/index.php?rest_route=\/wp\/v2\/posts\/4729\/revisions\/4730"}],"wp:featuredmedia":[{"embeddable":true,"href":"https:\/\/volcanes.net\/index.php?rest_route=\/wp\/v2\/media\/4728"}],"wp:attachment":[{"href":"https:\/\/volcanes.net\/index.php?rest_route=%2Fwp%2Fv2%2Fmedia&parent=4729"}],"wp:term":[{"taxonomy":"category","embeddable":true,"href":"https:\/\/volcanes.net\/index.php?rest_route=%2Fwp%2Fv2%2Fcategories&post=4729"},{"taxonomy":"post_tag","embeddable":true,"href":"https:\/\/volcanes.net\/index.php?rest_route=%2Fwp%2Fv2%2Ftags&post=4729"}],"curies":[{"name":"wp","href":"https:\/\/api.w.org\/{rel}","templated":true}]}}