{"id":473,"date":"2018-01-16T22:11:47","date_gmt":"2018-01-16T22:11:47","guid":{"rendered":"http:\/\/volcanes.net\/?p=473"},"modified":"2018-01-16T22:11:47","modified_gmt":"2018-01-16T22:11:47","slug":"jesus-adan-gordo-ramirez-sera-presidente-municipal-de-texcoco","status":"publish","type":"post","link":"https:\/\/volcanes.net\/?p=473","title":{"rendered":"Jes\u00fas Adan Gordo Ram\u00edrez ser\u00e1 presidente municipal de Texcoco"},"content":{"rendered":"<div style=\"margin-top: 0px; margin-bottom: 0px;\" class=\"sharethis-inline-share-buttons\" ><\/div><p style=\"font-weight: 400\"><em>* Eric David Galicia Ortiz, tom\u00f3 protesta como Secretario del Ayuntamiento.<\/em><\/p>\n<p style=\"font-weight: 400\">\n<p style=\"font-weight: 400\">Con el compromiso de mantener\u00a0 la l\u00ednea de trabajo para que en Texcoco se siga viviendo bien, el Presidente Municipal Sustituto Jes\u00fas Ad\u00e1n Gordo Ram\u00edrez, tom\u00f3 protesta\u00a0 ante los integrantes del cabildo.<\/p>\n<p style=\"font-weight: 400\">\n<p style=\"font-weight: 400\">En la segunda sesi\u00f3n extraordinaria de cabildo, Gordo Ram\u00edrez, propuso\u00a0 para ocupar el cargo como Secretario del Ayuntamiento, al Licenciado Erick David Galicia Ortiz, moci\u00f3n que los integrantes del cuerpo de gobierno aprobaron por unanimidad, por lo que se le tom\u00f3 protesta al cargo.<\/p>\n<p style=\"font-weight: 400\">\n<p style=\"font-weight: 400\">\u201cEl se\u00f1or presidente saliente, Higinio Mart\u00ednez Miranda, marc\u00f3 una l\u00ednea de trabajo, y esa misma es la que se va a trabajar con todos y cada uno de los integrantes del cabildo\u201d, afirm\u00f3 Jes\u00fas Ad\u00e1n Gordo.<\/p>\n<p style=\"font-weight: 400\">\n<p style=\"font-weight: 400\">Reconoci\u00f3 las bases que sent\u00f3 el Doctor Higinio Mart\u00ednez durante m\u00e1s de dos a\u00f1os de gobierno, la forma de consensar con todas las fuerzas pol\u00edticas, ya que aunque se lleg\u00f3 a este cargo por ganar una elecci\u00f3n, al momento de ejercer como gobierno se ha estado trabajando para todos, por Texcoco y para los texcocanos.<\/p>\n<p style=\"font-weight: 400\">\n<p style=\"font-weight: 400\">Jes\u00fas Ad\u00e1n Gordo Ram\u00edrez, originario de Texcoco, es Licenciado en Derecho por la Universidad Fray Pedro de Gante; ha destacado su participaci\u00f3n como activista pol\u00edtico en Texcoco, siendo Presidente del comit\u00e9 vecinal de Santa \u00darsula, fue Primer Regidor en la administraci\u00f3n 2006-2009; Defensor de Derechos Humanos en la administraci\u00f3n 2013-2015, con estudios impartidos en materia de derechos humanos por parte de la Comisi\u00f3n Nacional de Derechos Humanos (CNDH); fue representante ante el Instituto Electoral de Estado de M\u00e9xico (IEEM) en la elecci\u00f3n municipal para la administraci\u00f3n 2016-2018; se desempe\u00f1\u00f3 como Secretario del Ayuntamiento hasta el 15 de enero del presente a\u00f1o.<\/p>\n<p style=\"font-weight: 400\">\n<p style=\"font-weight: 400\">Luego de que tomara protesta como Secretario del Ayuntamiento de Texcoco a Erick David Galicia Ortiz, el alcalde, se\u00f1al\u00f3 que esta es una muestra de la oportunidad que se le da a los j\u00f3venes para ocupar cargos pol\u00edticos en el gobierno municipal.<\/p>\n<p style=\"font-weight: 400\">\n<p style=\"font-weight: 400\">\u201cEstamos depositando la confianza en un joven texcocano, que cumple con el perfil para asumir como Secretario del Ayuntamiento, quien ahora tiene la responsabilidad de llevar la pol\u00edtica texcocana, de conciliar y conjuntar criterios que lleven a un buen desempe\u00f1o de gobierno\u201d, expres\u00f3 el edil.<\/p>\n<p style=\"font-weight: 400\">\n<p style=\"font-weight: 400\">Erick David Galicia Ortiz, es Licenciado en Derecho por la Universidad del Valle de M\u00e9xico (UVM), diplomado en derechos procesal por la Universidad Aut\u00f3noma del Estado de M\u00e9xico (UAEM), y se ha desempe\u00f1ado como subdirector de administraci\u00f3n entre otros cargos\u201d, se\u00f1al\u00f3 el edil.<\/p>\n<p style=\"font-weight: 400\">\n<p style=\"font-weight: 400\">Regidores de las distintas corrientes pol\u00edticas, coincidieron en mantener la misma l\u00ednea de trabajo, para que en Texcoco se siga viviendo bien.<\/p>\n","protected":false},"excerpt":{"rendered":"<p>* Eric David Galicia Ortiz, tom\u00f3 protesta como Secretario del Ayuntamiento. Con el compromiso de<\/p>\n","protected":false},"author":1,"featured_media":474,"comment_status":"open","ping_status":"open","sticky":false,"template":"","format":"standard","meta":{"footnotes":""},"categories":[1],"tags":[22],"class_list":["post-473","post","type-post","status-publish","format-standard","has-post-thumbnail","hentry","category-municipales","tag-texcoco"],"yoast_head":"<!-- This site is optimized with the Yoast SEO plugin v25.3 - https:\/\/yoast.com\/wordpress\/plugins\/seo\/ -->\n<title>Jes\u00fas Adan Gordo Ram\u00edrez ser\u00e1 presidente municipal de Texcoco - Volcanes<\/title>\n<meta name=\"robots\" content=\"index, follow, max-snippet:-1, max-image-preview:large, max-video-preview:-1\" \/>\n<link rel=\"canonical\" href=\"https:\/\/volcanes.net\/?p=473\" \/>\n<meta property=\"og:locale\" content=\"es_MX\" \/>\n<meta property=\"og:type\" content=\"article\" \/>\n<meta property=\"og:title\" content=\"Jes\u00fas Adan Gordo Ram\u00edrez ser\u00e1 presidente municipal de Texcoco - Volcanes\" \/>\n<meta property=\"og:description\" content=\"* Eric David Galicia Ortiz, tom\u00f3 protesta como Secretario del Ayuntamiento. Con el compromiso de\" \/>\n<meta property=\"og:url\" content=\"https:\/\/volcanes.net\/?p=473\" \/>\n<meta property=\"og:site_name\" content=\"Volcanes\" \/>\n<meta property=\"article:publisher\" content=\"https:\/\/www.facebook.com\/volcanes.net\/\" \/>\n<meta property=\"article:published_time\" content=\"2018-01-16T22:11:47+00:00\" \/>\n<meta property=\"og:image\" content=\"https:\/\/volcanes.net\/wp-content\/uploads\/2018\/01\/IMG_5569.jpg\" \/>\n\t<meta property=\"og:image:width\" content=\"448\" \/>\n\t<meta property=\"og:image:height\" content=\"282\" \/>\n\t<meta property=\"og:image:type\" content=\"image\/jpeg\" \/>\n<meta name=\"author\" content=\"admin\" \/>\n<meta name=\"twitter:card\" content=\"summary_large_image\" \/>\n<meta name=\"twitter:label1\" content=\"Escrito por\" \/>\n\t<meta name=\"twitter:data1\" content=\"admin\" \/>\n\t<meta name=\"twitter:label2\" content=\"Tiempo de lectura\" \/>\n\t<meta name=\"twitter:data2\" content=\"2 minutos\" \/>\n<script type=\"application\/ld+json\" class=\"yoast-schema-graph\">{\"@context\":\"https:\/\/schema.org\",\"@graph\":[{\"@type\":\"Article\",\"@id\":\"https:\/\/volcanes.net\/?p=473#article\",\"isPartOf\":{\"@id\":\"https:\/\/volcanes.net\/?p=473\"},\"author\":{\"name\":\"admin\",\"@id\":\"https:\/\/volcanes.net\/#\/schema\/person\/4bf0f383940966a4abd53f5048c0e6b9\"},\"headline\":\"Jes\u00fas Adan Gordo Ram\u00edrez ser\u00e1 presidente municipal de Texcoco\",\"datePublished\":\"2018-01-16T22:11:47+00:00\",\"mainEntityOfPage\":{\"@id\":\"https:\/\/volcanes.net\/?p=473\"},\"wordCount\":482,\"commentCount\":0,\"publisher\":{\"@id\":\"https:\/\/volcanes.net\/#organization\"},\"image\":{\"@id\":\"https:\/\/volcanes.net\/?p=473#primaryimage\"},\"thumbnailUrl\":\"https:\/\/volcanes.net\/wp-content\/uploads\/2018\/01\/IMG_5569.jpg\",\"keywords\":[\"Texcoco\"],\"articleSection\":[\"Municipales\"],\"inLanguage\":\"es\",\"potentialAction\":[{\"@type\":\"CommentAction\",\"name\":\"Comment\",\"target\":[\"https:\/\/volcanes.net\/?p=473#respond\"]}]},{\"@type\":\"WebPage\",\"@id\":\"https:\/\/volcanes.net\/?p=473\",\"url\":\"https:\/\/volcanes.net\/?p=473\",\"name\":\"Jes\u00fas Adan Gordo Ram\u00edrez ser\u00e1 presidente municipal de Texcoco - Volcanes\",\"isPartOf\":{\"@id\":\"https:\/\/volcanes.net\/#website\"},\"primaryImageOfPage\":{\"@id\":\"https:\/\/volcanes.net\/?p=473#primaryimage\"},\"image\":{\"@id\":\"https:\/\/volcanes.net\/?p=473#primaryimage\"},\"thumbnailUrl\":\"https:\/\/volcanes.net\/wp-content\/uploads\/2018\/01\/IMG_5569.jpg\",\"datePublished\":\"2018-01-16T22:11:47+00:00\",\"breadcrumb\":{\"@id\":\"https:\/\/volcanes.net\/?p=473#breadcrumb\"},\"inLanguage\":\"es\",\"potentialAction\":[{\"@type\":\"ReadAction\",\"target\":[\"https:\/\/volcanes.net\/?p=473\"]}]},{\"@type\":\"ImageObject\",\"inLanguage\":\"es\",\"@id\":\"https:\/\/volcanes.net\/?p=473#primaryimage\",\"url\":\"https:\/\/volcanes.net\/wp-content\/uploads\/2018\/01\/IMG_5569.jpg\",\"contentUrl\":\"https:\/\/volcanes.net\/wp-content\/uploads\/2018\/01\/IMG_5569.jpg\",\"width\":448,\"height\":282},{\"@type\":\"BreadcrumbList\",\"@id\":\"https:\/\/volcanes.net\/?p=473#breadcrumb\",\"itemListElement\":[{\"@type\":\"ListItem\",\"position\":1,\"name\":\"Portada\",\"item\":\"https:\/\/volcanes.net\/\"},{\"@type\":\"ListItem\",\"position\":2,\"name\":\"Jes\u00fas Adan Gordo Ram\u00edrez ser\u00e1 presidente municipal de Texcoco\"}]},{\"@type\":\"WebSite\",\"@id\":\"https:\/\/volcanes.net\/#website\",\"url\":\"https:\/\/volcanes.net\/\",\"name\":\"Volcanes.Net\",\"description\":\"Periodismo Profesional\",\"publisher\":{\"@id\":\"https:\/\/volcanes.net\/#organization\"},\"potentialAction\":[{\"@type\":\"SearchAction\",\"target\":{\"@type\":\"EntryPoint\",\"urlTemplate\":\"https:\/\/volcanes.net\/?s={search_term_string}\"},\"query-input\":{\"@type\":\"PropertyValueSpecification\",\"valueRequired\":true,\"valueName\":\"search_term_string\"}}],\"inLanguage\":\"es\"},{\"@type\":\"Organization\",\"@id\":\"https:\/\/volcanes.net\/#organization\",\"name\":\"Grupo Volcanes\",\"url\":\"https:\/\/volcanes.net\/\",\"logo\":{\"@type\":\"ImageObject\",\"inLanguage\":\"es\",\"@id\":\"https:\/\/volcanes.net\/#\/schema\/logo\/image\/\",\"url\":\"http:\/\/volcanes.net\/wp-content\/uploads\/2017\/12\/Avatar2.jpg\",\"contentUrl\":\"http:\/\/volcanes.net\/wp-content\/uploads\/2017\/12\/Avatar2.jpg\",\"width\":378,\"height\":378,\"caption\":\"Grupo Volcanes\"},\"image\":{\"@id\":\"https:\/\/volcanes.net\/#\/schema\/logo\/image\/\"},\"sameAs\":[\"https:\/\/www.facebook.com\/volcanes.net\/\"]},{\"@type\":\"Person\",\"@id\":\"https:\/\/volcanes.net\/#\/schema\/person\/4bf0f383940966a4abd53f5048c0e6b9\",\"name\":\"admin\",\"image\":{\"@type\":\"ImageObject\",\"inLanguage\":\"es\",\"@id\":\"https:\/\/volcanes.net\/#\/schema\/person\/image\/\",\"url\":\"https:\/\/secure.gravatar.com\/avatar\/ca004e6cba8462b8cb7abc86e382930c?s=96&d=mm&r=g\",\"contentUrl\":\"https:\/\/secure.gravatar.com\/avatar\/ca004e6cba8462b8cb7abc86e382930c?s=96&d=mm&r=g\",\"caption\":\"admin\"}}]}<\/script>\n<!-- \/ Yoast SEO plugin. -->","yoast_head_json":{"title":"Jes\u00fas Adan Gordo Ram\u00edrez ser\u00e1 presidente municipal de Texcoco - Volcanes","robots":{"index":"index","follow":"follow","max-snippet":"max-snippet:-1","max-image-preview":"max-image-preview:large","max-video-preview":"max-video-preview:-1"},"canonical":"https:\/\/volcanes.net\/?p=473","og_locale":"es_MX","og_type":"article","og_title":"Jes\u00fas Adan Gordo Ram\u00edrez ser\u00e1 presidente municipal de Texcoco - Volcanes","og_description":"* Eric David Galicia Ortiz, tom\u00f3 protesta como Secretario del Ayuntamiento. Con el compromiso de","og_url":"https:\/\/volcanes.net\/?p=473","og_site_name":"Volcanes","article_publisher":"https:\/\/www.facebook.com\/volcanes.net\/","article_published_time":"2018-01-16T22:11:47+00:00","og_image":[{"width":448,"height":282,"url":"https:\/\/volcanes.net\/wp-content\/uploads\/2018\/01\/IMG_5569.jpg","type":"image\/jpeg"}],"author":"admin","twitter_card":"summary_large_image","twitter_misc":{"Escrito por":"admin","Tiempo de lectura":"2 minutos"},"schema":{"@context":"https:\/\/schema.org","@graph":[{"@type":"Article","@id":"https:\/\/volcanes.net\/?p=473#article","isPartOf":{"@id":"https:\/\/volcanes.net\/?p=473"},"author":{"name":"admin","@id":"https:\/\/volcanes.net\/#\/schema\/person\/4bf0f383940966a4abd53f5048c0e6b9"},"headline":"Jes\u00fas Adan Gordo Ram\u00edrez ser\u00e1 presidente municipal de Texcoco","datePublished":"2018-01-16T22:11:47+00:00","mainEntityOfPage":{"@id":"https:\/\/volcanes.net\/?p=473"},"wordCount":482,"commentCount":0,"publisher":{"@id":"https:\/\/volcanes.net\/#organization"},"image":{"@id":"https:\/\/volcanes.net\/?p=473#primaryimage"},"thumbnailUrl":"https:\/\/volcanes.net\/wp-content\/uploads\/2018\/01\/IMG_5569.jpg","keywords":["Texcoco"],"articleSection":["Municipales"],"inLanguage":"es","potentialAction":[{"@type":"CommentAction","name":"Comment","target":["https:\/\/volcanes.net\/?p=473#respond"]}]},{"@type":"WebPage","@id":"https:\/\/volcanes.net\/?p=473","url":"https:\/\/volcanes.net\/?p=473","name":"Jes\u00fas Adan Gordo Ram\u00edrez ser\u00e1 presidente municipal de Texcoco - Volcanes","isPartOf":{"@id":"https:\/\/volcanes.net\/#website"},"primaryImageOfPage":{"@id":"https:\/\/volcanes.net\/?p=473#primaryimage"},"image":{"@id":"https:\/\/volcanes.net\/?p=473#primaryimage"},"thumbnailUrl":"https:\/\/volcanes.net\/wp-content\/uploads\/2018\/01\/IMG_5569.jpg","datePublished":"2018-01-16T22:11:47+00:00","breadcrumb":{"@id":"https:\/\/volcanes.net\/?p=473#breadcrumb"},"inLanguage":"es","potentialAction":[{"@type":"ReadAction","target":["https:\/\/volcanes.net\/?p=473"]}]},{"@type":"ImageObject","inLanguage":"es","@id":"https:\/\/volcanes.net\/?p=473#primaryimage","url":"https:\/\/volcanes.net\/wp-content\/uploads\/2018\/01\/IMG_5569.jpg","contentUrl":"https:\/\/volcanes.net\/wp-content\/uploads\/2018\/01\/IMG_5569.jpg","width":448,"height":282},{"@type":"BreadcrumbList","@id":"https:\/\/volcanes.net\/?p=473#breadcrumb","itemListElement":[{"@type":"ListItem","position":1,"name":"Portada","item":"https:\/\/volcanes.net\/"},{"@type":"ListItem","position":2,"name":"Jes\u00fas Adan Gordo Ram\u00edrez ser\u00e1 presidente municipal de Texcoco"}]},{"@type":"WebSite","@id":"https:\/\/volcanes.net\/#website","url":"https:\/\/volcanes.net\/","name":"Volcanes.Net","description":"Periodismo Profesional","publisher":{"@id":"https:\/\/volcanes.net\/#organization"},"potentialAction":[{"@type":"SearchAction","target":{"@type":"EntryPoint","urlTemplate":"https:\/\/volcanes.net\/?s={search_term_string}"},"query-input":{"@type":"PropertyValueSpecification","valueRequired":true,"valueName":"search_term_string"}}],"inLanguage":"es"},{"@type":"Organization","@id":"https:\/\/volcanes.net\/#organization","name":"Grupo Volcanes","url":"https:\/\/volcanes.net\/","logo":{"@type":"ImageObject","inLanguage":"es","@id":"https:\/\/volcanes.net\/#\/schema\/logo\/image\/","url":"http:\/\/volcanes.net\/wp-content\/uploads\/2017\/12\/Avatar2.jpg","contentUrl":"http:\/\/volcanes.net\/wp-content\/uploads\/2017\/12\/Avatar2.jpg","width":378,"height":378,"caption":"Grupo Volcanes"},"image":{"@id":"https:\/\/volcanes.net\/#\/schema\/logo\/image\/"},"sameAs":["https:\/\/www.facebook.com\/volcanes.net\/"]},{"@type":"Person","@id":"https:\/\/volcanes.net\/#\/schema\/person\/4bf0f383940966a4abd53f5048c0e6b9","name":"admin","image":{"@type":"ImageObject","inLanguage":"es","@id":"https:\/\/volcanes.net\/#\/schema\/person\/image\/","url":"https:\/\/secure.gravatar.com\/avatar\/ca004e6cba8462b8cb7abc86e382930c?s=96&d=mm&r=g","contentUrl":"https:\/\/secure.gravatar.com\/avatar\/ca004e6cba8462b8cb7abc86e382930c?s=96&d=mm&r=g","caption":"admin"}}]}},"_links":{"self":[{"href":"https:\/\/volcanes.net\/index.php?rest_route=\/wp\/v2\/posts\/473"}],"collection":[{"href":"https:\/\/volcanes.net\/index.php?rest_route=\/wp\/v2\/posts"}],"about":[{"href":"https:\/\/volcanes.net\/index.php?rest_route=\/wp\/v2\/types\/post"}],"author":[{"embeddable":true,"href":"https:\/\/volcanes.net\/index.php?rest_route=\/wp\/v2\/users\/1"}],"replies":[{"embeddable":true,"href":"https:\/\/volcanes.net\/index.php?rest_route=%2Fwp%2Fv2%2Fcomments&post=473"}],"version-history":[{"count":1,"href":"https:\/\/volcanes.net\/index.php?rest_route=\/wp\/v2\/posts\/473\/revisions"}],"predecessor-version":[{"id":475,"href":"https:\/\/volcanes.net\/index.php?rest_route=\/wp\/v2\/posts\/473\/revisions\/475"}],"wp:featuredmedia":[{"embeddable":true,"href":"https:\/\/volcanes.net\/index.php?rest_route=\/wp\/v2\/media\/474"}],"wp:attachment":[{"href":"https:\/\/volcanes.net\/index.php?rest_route=%2Fwp%2Fv2%2Fmedia&parent=473"}],"wp:term":[{"taxonomy":"category","embeddable":true,"href":"https:\/\/volcanes.net\/index.php?rest_route=%2Fwp%2Fv2%2Fcategories&post=473"},{"taxonomy":"post_tag","embeddable":true,"href":"https:\/\/volcanes.net\/index.php?rest_route=%2Fwp%2Fv2%2Ftags&post=473"}],"curies":[{"name":"wp","href":"https:\/\/api.w.org\/{rel}","templated":true}]}}