{"id":4745,"date":"2019-05-22T20:36:49","date_gmt":"2019-05-23T02:36:49","guid":{"rendered":"https:\/\/volcanes.net\/?p=4745"},"modified":"2019-05-22T20:39:24","modified_gmt":"2019-05-23T02:39:24","slug":"hoy-el-popocatepetl-registro-nueva-explosion","status":"publish","type":"post","link":"https:\/\/volcanes.net\/?p=4745","title":{"rendered":"Hoy el Popocat\u00e9petl registr\u00f3 nueva explosi\u00f3n"},"content":{"rendered":"<div style=\"margin-top: 0px; margin-bottom: 0px;\" class=\"sharethis-inline-share-buttons\" ><\/div><p style=\"box-sizing:border-box; overflow-wrap:break-word; color:rgb(85,85,85); font-family:Arial,sans-serif; font-size:14px; font-style:normal; font-variant-ligatures:normal; font-variant-caps:normal; font-weight:400; letter-spacing:normal; orphans:2; text-indent:0px; text-transform:none; white-space:normal; widows:2; word-spacing:0px; -webkit-text-stroke-width:0px; background-color:rgb(255,255,255); text-decoration-style:initial; text-decoration-color:initial; text-align:left;\"><span style=\"box-sizing:border-box; overflow-wrap:break-word; font-weight:400;\">Ciudad  de M\u00e9xico, 22 de mayo de 2019.- El volc\u00e1n Popocat\u00e9petl registr\u00f3  esta tarde una nueva y sorprendente explosi\u00f3n, lo que gener\u00f3 una columna de ceniza, vapor de agua y gas, que  alcanz\u00f3 una altura de aproximadamente 3.5 kil\u00f3metros de altura, que se dispersa principalmente al NE.<\/span><\/p>\n<p style=\"box-sizing:border-box; overflow-wrap:break-word; color:rgb(85,85,85); font-family:Arial,sans-serif; font-size:14px; font-style:normal; font-variant-ligatures:normal; font-variant-caps:normal; font-weight:400; letter-spacing:normal; orphans:2text-indent:0px; text-transform:none; white-space:normal; widows:2; word-spacing:0px; -webkit-text-stroke-width:0px; background-color:rgb(255,255,255); text-decoration-style:initial; text-decoration-color:initial; text-align:left;\"><span style=\"box-sizing:border-box; overflow-wrap:break-word; font-weight:400;\">Al filo de las 19:10 horas  de hoy, los instrumentos de medici\u00f3n del Centro Nacional de Prevenci\u00f3n de Desastres (Cenapred) observaron la fuerte explosi\u00f3n.<\/span><\/p>\n<p style=\"box-sizing:border-box; overflow-wrap:break-word; color:rgb(85,85,85); font-family:Arial,sans-serif; font-size:14px; font-style:normal; font-variant-ligatures:normal; font-variant-caps:normal; font-weight:400; letter-spacing:normal; orphans:2; text-indent:0px; text-transform:none; white-space:normal; widows:2; word-spacing:0px; -webkit-text-stroke-width:0px; background-color:rgb(255,255,255); text-decoration-style:initial; text-decoration-color:initial; text-align:left;\"><span style=\"box-sizing:border-box; overflow-wrap:break-word; font-weight:400;\"><a class=\"image-anchor\" href=\"http:\/\/eje19.com.mx\/wp-content\/uploads\/2019\/05\/IMG-20190522-WA0104.jpg\" rel=\"attachment wp-att-49878\" style=\"box-sizing: border-box; overflow-wrap: break-word; color: rgb(61, 151, 194); border-top: 0px !important; border-right: 0px !important; border-bottom: 1px dotted; border-left: 0px !important; border-image: initial !important; text-decoration: none;\"><img loading=\"lazy\" decoding=\"async\" class=\"size-medium wp-image-49878 alignleft\" src=\"http:\/\/eje19.com.mx\/wp-content\/uploads\/2019\/05\/IMG-20190522-WA0104-620x465.jpg\" alt=\"IMG-20190522-WA0104\" width=\"620\" height=\"465\" srcset=\"http:\/\/eje19.com.mx\/wp-content\/uploads\/2019\/05\/IMG-20190522-WA0104-300x225.jpg 300w, http:\/\/eje19.com.mx\/wp-content\/uploads\/2019\/05\/IMG-20190522-WA0104-620x465.jpg 620w, http:\/\/eje19.com.mx\/wp-content\/uploads\/2019\/05\/IMG-20190522-WA0104-768x576.jpg 768w, http:\/\/eje19.com.mx\/wp-content\/uploads\/2019\/05\/IMG-20190522-WA0104-940x705.jpg 940w, http:\/\/eje19.com.mx\/wp-content\/uploads\/2019\/05\/IMG-20190522-WA0104-560x420.jpg 560w, http:\/\/eje19.com.mx\/wp-content\/uploads\/2019\/05\/IMG-20190522-WA0104-260x195.jpg 260w, http:\/\/eje19.com.mx\/wp-content\/uploads\/2019\/05\/IMG-20190522-WA0104-160x120.jpg 160w, http:\/\/eje19.com.mx\/wp-content\/uploads\/2019\/05\/IMG-20190522-WA0104.jpg 1280w\" sizes=\"(max-width: 620px) 100vw, 620px\" style=\"box-sizing: border-box; overflow-wrap: break-word; border: 1px solid rgb(226, 226, 226); max-width: 100%; height: auto; float: left; margin: 5px 20px 20px 0px;\"><\/a>La dependencia detall\u00f3  que a pesar de la actividad s\u00edsmica el Popocat\u00e9petl  est\u00e1 recuperando sus niveles previos y que el sem\u00e1foro  de alerta volc\u00e1nica se encuentra en Amarillo Fase 2.<\/span><\/p>\n<p><span style=\"box-sizing:border-box; overflow-wrap:break-word; font-weight:400;\">La dependencia detall\u00f3  que a pesar de la actividad s\u00edsmica el Popocat\u00e9petl  est\u00e1 recuperando sus niveles previos y que el sem\u00e1foro  de alerta volc\u00e1nica se encuentra en Amarillo Fase 2.<\/span><\/p>\n<p style=\"box-sizing:border-box; overflow-wrap:break-word; color:rgb(85,85,85); font-family:Arial,sans-serif; font-size:14px; font-style:normal; font-variant-ligatures:normal; font-variant-caps:normal; font-weight:400; letter-spacing:normal; orphans:2; text-indent:0px; text-transform:none; white-space:normal; widows:2; word-spacing:0px; -webkit-text-stroke-width:0px; background-color:rgb(255,255,255); text-decoration-style:initial; text-decoration-color:initial; text-align:left;\"><span style=\"box-sizing:border-box; overflow-wrap:break-word; font-weight:400;\">A la vez que  exhort\u00f3 a no acercarse al volc\u00e1n.<\/span><\/p>\n","protected":false},"excerpt":{"rendered":"<p>Ciudad de M\u00e9xico, 22 de mayo de 2019.- El volc\u00e1n Popocat\u00e9petl registr\u00f3 esta tarde una<\/p>\n","protected":false},"author":1,"featured_media":4744,"comment_status":"open","ping_status":"open","sticky":false,"template":"","format":"standard","meta":{"footnotes":""},"categories":[1],"tags":[206],"class_list":["post-4745","post","type-post","status-publish","format-standard","has-post-thumbnail","hentry","category-municipales","tag-zona-volcanes"],"yoast_head":"<!-- This site is optimized with the Yoast SEO plugin v25.3 - https:\/\/yoast.com\/wordpress\/plugins\/seo\/ -->\n<title>Hoy el Popocat\u00e9petl registr\u00f3 nueva explosi\u00f3n - Volcanes<\/title>\n<meta name=\"robots\" content=\"index, follow, max-snippet:-1, max-image-preview:large, max-video-preview:-1\" \/>\n<link rel=\"canonical\" href=\"https:\/\/volcanes.net\/?p=4745\" \/>\n<meta property=\"og:locale\" content=\"es_MX\" \/>\n<meta property=\"og:type\" content=\"article\" \/>\n<meta property=\"og:title\" content=\"Hoy el Popocat\u00e9petl registr\u00f3 nueva explosi\u00f3n - Volcanes\" \/>\n<meta property=\"og:description\" content=\"Ciudad de M\u00e9xico, 22 de mayo de 2019.- El volc\u00e1n Popocat\u00e9petl registr\u00f3 esta tarde una\" \/>\n<meta property=\"og:url\" content=\"https:\/\/volcanes.net\/?p=4745\" \/>\n<meta property=\"og:site_name\" content=\"Volcanes\" \/>\n<meta property=\"article:publisher\" content=\"https:\/\/www.facebook.com\/volcanes.net\/\" \/>\n<meta property=\"article:published_time\" content=\"2019-05-23T02:36:49+00:00\" \/>\n<meta property=\"article:modified_time\" content=\"2019-05-23T02:39:24+00:00\" \/>\n<meta property=\"og:image\" content=\"https:\/\/volcanes.net\/wp-content\/uploads\/2019\/05\/IMG-20190522-WA0030_compress_59.jpg\" \/>\n\t<meta property=\"og:image:width\" content=\"1280\" \/>\n\t<meta property=\"og:image:height\" content=\"960\" \/>\n\t<meta property=\"og:image:type\" content=\"image\/jpeg\" \/>\n<meta name=\"author\" content=\"admin\" \/>\n<meta name=\"twitter:card\" content=\"summary_large_image\" \/>\n<meta name=\"twitter:label1\" content=\"Escrito por\" \/>\n\t<meta name=\"twitter:data1\" content=\"admin\" \/>\n\t<meta name=\"twitter:label2\" content=\"Tiempo de lectura\" \/>\n\t<meta name=\"twitter:data2\" content=\"1 minuto\" \/>\n<script type=\"application\/ld+json\" class=\"yoast-schema-graph\">{\"@context\":\"https:\/\/schema.org\",\"@graph\":[{\"@type\":\"Article\",\"@id\":\"https:\/\/volcanes.net\/?p=4745#article\",\"isPartOf\":{\"@id\":\"https:\/\/volcanes.net\/?p=4745\"},\"author\":{\"name\":\"admin\",\"@id\":\"https:\/\/volcanes.net\/#\/schema\/person\/4bf0f383940966a4abd53f5048c0e6b9\"},\"headline\":\"Hoy el Popocat\u00e9petl registr\u00f3 nueva explosi\u00f3n\",\"datePublished\":\"2019-05-23T02:36:49+00:00\",\"dateModified\":\"2019-05-23T02:39:24+00:00\",\"mainEntityOfPage\":{\"@id\":\"https:\/\/volcanes.net\/?p=4745\"},\"wordCount\":161,\"commentCount\":0,\"publisher\":{\"@id\":\"https:\/\/volcanes.net\/#organization\"},\"image\":{\"@id\":\"https:\/\/volcanes.net\/?p=4745#primaryimage\"},\"thumbnailUrl\":\"https:\/\/volcanes.net\/wp-content\/uploads\/2019\/05\/IMG-20190522-WA0030_compress_59.jpg\",\"keywords\":[\"zona volcanes\"],\"articleSection\":[\"Municipales\"],\"inLanguage\":\"es\",\"potentialAction\":[{\"@type\":\"CommentAction\",\"name\":\"Comment\",\"target\":[\"https:\/\/volcanes.net\/?p=4745#respond\"]}]},{\"@type\":\"WebPage\",\"@id\":\"https:\/\/volcanes.net\/?p=4745\",\"url\":\"https:\/\/volcanes.net\/?p=4745\",\"name\":\"Hoy el Popocat\u00e9petl registr\u00f3 nueva explosi\u00f3n - Volcanes\",\"isPartOf\":{\"@id\":\"https:\/\/volcanes.net\/#website\"},\"primaryImageOfPage\":{\"@id\":\"https:\/\/volcanes.net\/?p=4745#primaryimage\"},\"image\":{\"@id\":\"https:\/\/volcanes.net\/?p=4745#primaryimage\"},\"thumbnailUrl\":\"https:\/\/volcanes.net\/wp-content\/uploads\/2019\/05\/IMG-20190522-WA0030_compress_59.jpg\",\"datePublished\":\"2019-05-23T02:36:49+00:00\",\"dateModified\":\"2019-05-23T02:39:24+00:00\",\"breadcrumb\":{\"@id\":\"https:\/\/volcanes.net\/?p=4745#breadcrumb\"},\"inLanguage\":\"es\",\"potentialAction\":[{\"@type\":\"ReadAction\",\"target\":[\"https:\/\/volcanes.net\/?p=4745\"]}]},{\"@type\":\"ImageObject\",\"inLanguage\":\"es\",\"@id\":\"https:\/\/volcanes.net\/?p=4745#primaryimage\",\"url\":\"https:\/\/volcanes.net\/wp-content\/uploads\/2019\/05\/IMG-20190522-WA0030_compress_59.jpg\",\"contentUrl\":\"https:\/\/volcanes.net\/wp-content\/uploads\/2019\/05\/IMG-20190522-WA0030_compress_59.jpg\",\"width\":1280,\"height\":960},{\"@type\":\"BreadcrumbList\",\"@id\":\"https:\/\/volcanes.net\/?p=4745#breadcrumb\",\"itemListElement\":[{\"@type\":\"ListItem\",\"position\":1,\"name\":\"Portada\",\"item\":\"https:\/\/volcanes.net\/\"},{\"@type\":\"ListItem\",\"position\":2,\"name\":\"Hoy el Popocat\u00e9petl registr\u00f3 nueva explosi\u00f3n\"}]},{\"@type\":\"WebSite\",\"@id\":\"https:\/\/volcanes.net\/#website\",\"url\":\"https:\/\/volcanes.net\/\",\"name\":\"Volcanes.Net\",\"description\":\"Periodismo Profesional\",\"publisher\":{\"@id\":\"https:\/\/volcanes.net\/#organization\"},\"potentialAction\":[{\"@type\":\"SearchAction\",\"target\":{\"@type\":\"EntryPoint\",\"urlTemplate\":\"https:\/\/volcanes.net\/?s={search_term_string}\"},\"query-input\":{\"@type\":\"PropertyValueSpecification\",\"valueRequired\":true,\"valueName\":\"search_term_string\"}}],\"inLanguage\":\"es\"},{\"@type\":\"Organization\",\"@id\":\"https:\/\/volcanes.net\/#organization\",\"name\":\"Grupo Volcanes\",\"url\":\"https:\/\/volcanes.net\/\",\"logo\":{\"@type\":\"ImageObject\",\"inLanguage\":\"es\",\"@id\":\"https:\/\/volcanes.net\/#\/schema\/logo\/image\/\",\"url\":\"http:\/\/volcanes.net\/wp-content\/uploads\/2017\/12\/Avatar2.jpg\",\"contentUrl\":\"http:\/\/volcanes.net\/wp-content\/uploads\/2017\/12\/Avatar2.jpg\",\"width\":378,\"height\":378,\"caption\":\"Grupo Volcanes\"},\"image\":{\"@id\":\"https:\/\/volcanes.net\/#\/schema\/logo\/image\/\"},\"sameAs\":[\"https:\/\/www.facebook.com\/volcanes.net\/\"]},{\"@type\":\"Person\",\"@id\":\"https:\/\/volcanes.net\/#\/schema\/person\/4bf0f383940966a4abd53f5048c0e6b9\",\"name\":\"admin\",\"image\":{\"@type\":\"ImageObject\",\"inLanguage\":\"es\",\"@id\":\"https:\/\/volcanes.net\/#\/schema\/person\/image\/\",\"url\":\"https:\/\/secure.gravatar.com\/avatar\/ca004e6cba8462b8cb7abc86e382930c?s=96&d=mm&r=g\",\"contentUrl\":\"https:\/\/secure.gravatar.com\/avatar\/ca004e6cba8462b8cb7abc86e382930c?s=96&d=mm&r=g\",\"caption\":\"admin\"}}]}<\/script>\n<!-- \/ Yoast SEO plugin. -->","yoast_head_json":{"title":"Hoy el Popocat\u00e9petl registr\u00f3 nueva explosi\u00f3n - Volcanes","robots":{"index":"index","follow":"follow","max-snippet":"max-snippet:-1","max-image-preview":"max-image-preview:large","max-video-preview":"max-video-preview:-1"},"canonical":"https:\/\/volcanes.net\/?p=4745","og_locale":"es_MX","og_type":"article","og_title":"Hoy el Popocat\u00e9petl registr\u00f3 nueva explosi\u00f3n - Volcanes","og_description":"Ciudad de M\u00e9xico, 22 de mayo de 2019.- El volc\u00e1n Popocat\u00e9petl registr\u00f3 esta tarde una","og_url":"https:\/\/volcanes.net\/?p=4745","og_site_name":"Volcanes","article_publisher":"https:\/\/www.facebook.com\/volcanes.net\/","article_published_time":"2019-05-23T02:36:49+00:00","article_modified_time":"2019-05-23T02:39:24+00:00","og_image":[{"width":1280,"height":960,"url":"https:\/\/volcanes.net\/wp-content\/uploads\/2019\/05\/IMG-20190522-WA0030_compress_59.jpg","type":"image\/jpeg"}],"author":"admin","twitter_card":"summary_large_image","twitter_misc":{"Escrito por":"admin","Tiempo de lectura":"1 minuto"},"schema":{"@context":"https:\/\/schema.org","@graph":[{"@type":"Article","@id":"https:\/\/volcanes.net\/?p=4745#article","isPartOf":{"@id":"https:\/\/volcanes.net\/?p=4745"},"author":{"name":"admin","@id":"https:\/\/volcanes.net\/#\/schema\/person\/4bf0f383940966a4abd53f5048c0e6b9"},"headline":"Hoy el Popocat\u00e9petl registr\u00f3 nueva explosi\u00f3n","datePublished":"2019-05-23T02:36:49+00:00","dateModified":"2019-05-23T02:39:24+00:00","mainEntityOfPage":{"@id":"https:\/\/volcanes.net\/?p=4745"},"wordCount":161,"commentCount":0,"publisher":{"@id":"https:\/\/volcanes.net\/#organization"},"image":{"@id":"https:\/\/volcanes.net\/?p=4745#primaryimage"},"thumbnailUrl":"https:\/\/volcanes.net\/wp-content\/uploads\/2019\/05\/IMG-20190522-WA0030_compress_59.jpg","keywords":["zona volcanes"],"articleSection":["Municipales"],"inLanguage":"es","potentialAction":[{"@type":"CommentAction","name":"Comment","target":["https:\/\/volcanes.net\/?p=4745#respond"]}]},{"@type":"WebPage","@id":"https:\/\/volcanes.net\/?p=4745","url":"https:\/\/volcanes.net\/?p=4745","name":"Hoy el Popocat\u00e9petl registr\u00f3 nueva explosi\u00f3n - Volcanes","isPartOf":{"@id":"https:\/\/volcanes.net\/#website"},"primaryImageOfPage":{"@id":"https:\/\/volcanes.net\/?p=4745#primaryimage"},"image":{"@id":"https:\/\/volcanes.net\/?p=4745#primaryimage"},"thumbnailUrl":"https:\/\/volcanes.net\/wp-content\/uploads\/2019\/05\/IMG-20190522-WA0030_compress_59.jpg","datePublished":"2019-05-23T02:36:49+00:00","dateModified":"2019-05-23T02:39:24+00:00","breadcrumb":{"@id":"https:\/\/volcanes.net\/?p=4745#breadcrumb"},"inLanguage":"es","potentialAction":[{"@type":"ReadAction","target":["https:\/\/volcanes.net\/?p=4745"]}]},{"@type":"ImageObject","inLanguage":"es","@id":"https:\/\/volcanes.net\/?p=4745#primaryimage","url":"https:\/\/volcanes.net\/wp-content\/uploads\/2019\/05\/IMG-20190522-WA0030_compress_59.jpg","contentUrl":"https:\/\/volcanes.net\/wp-content\/uploads\/2019\/05\/IMG-20190522-WA0030_compress_59.jpg","width":1280,"height":960},{"@type":"BreadcrumbList","@id":"https:\/\/volcanes.net\/?p=4745#breadcrumb","itemListElement":[{"@type":"ListItem","position":1,"name":"Portada","item":"https:\/\/volcanes.net\/"},{"@type":"ListItem","position":2,"name":"Hoy el Popocat\u00e9petl registr\u00f3 nueva explosi\u00f3n"}]},{"@type":"WebSite","@id":"https:\/\/volcanes.net\/#website","url":"https:\/\/volcanes.net\/","name":"Volcanes.Net","description":"Periodismo Profesional","publisher":{"@id":"https:\/\/volcanes.net\/#organization"},"potentialAction":[{"@type":"SearchAction","target":{"@type":"EntryPoint","urlTemplate":"https:\/\/volcanes.net\/?s={search_term_string}"},"query-input":{"@type":"PropertyValueSpecification","valueRequired":true,"valueName":"search_term_string"}}],"inLanguage":"es"},{"@type":"Organization","@id":"https:\/\/volcanes.net\/#organization","name":"Grupo Volcanes","url":"https:\/\/volcanes.net\/","logo":{"@type":"ImageObject","inLanguage":"es","@id":"https:\/\/volcanes.net\/#\/schema\/logo\/image\/","url":"http:\/\/volcanes.net\/wp-content\/uploads\/2017\/12\/Avatar2.jpg","contentUrl":"http:\/\/volcanes.net\/wp-content\/uploads\/2017\/12\/Avatar2.jpg","width":378,"height":378,"caption":"Grupo Volcanes"},"image":{"@id":"https:\/\/volcanes.net\/#\/schema\/logo\/image\/"},"sameAs":["https:\/\/www.facebook.com\/volcanes.net\/"]},{"@type":"Person","@id":"https:\/\/volcanes.net\/#\/schema\/person\/4bf0f383940966a4abd53f5048c0e6b9","name":"admin","image":{"@type":"ImageObject","inLanguage":"es","@id":"https:\/\/volcanes.net\/#\/schema\/person\/image\/","url":"https:\/\/secure.gravatar.com\/avatar\/ca004e6cba8462b8cb7abc86e382930c?s=96&d=mm&r=g","contentUrl":"https:\/\/secure.gravatar.com\/avatar\/ca004e6cba8462b8cb7abc86e382930c?s=96&d=mm&r=g","caption":"admin"}}]}},"_links":{"self":[{"href":"https:\/\/volcanes.net\/index.php?rest_route=\/wp\/v2\/posts\/4745"}],"collection":[{"href":"https:\/\/volcanes.net\/index.php?rest_route=\/wp\/v2\/posts"}],"about":[{"href":"https:\/\/volcanes.net\/index.php?rest_route=\/wp\/v2\/types\/post"}],"author":[{"embeddable":true,"href":"https:\/\/volcanes.net\/index.php?rest_route=\/wp\/v2\/users\/1"}],"replies":[{"embeddable":true,"href":"https:\/\/volcanes.net\/index.php?rest_route=%2Fwp%2Fv2%2Fcomments&post=4745"}],"version-history":[{"count":1,"href":"https:\/\/volcanes.net\/index.php?rest_route=\/wp\/v2\/posts\/4745\/revisions"}],"predecessor-version":[{"id":4746,"href":"https:\/\/volcanes.net\/index.php?rest_route=\/wp\/v2\/posts\/4745\/revisions\/4746"}],"wp:featuredmedia":[{"embeddable":true,"href":"https:\/\/volcanes.net\/index.php?rest_route=\/wp\/v2\/media\/4744"}],"wp:attachment":[{"href":"https:\/\/volcanes.net\/index.php?rest_route=%2Fwp%2Fv2%2Fmedia&parent=4745"}],"wp:term":[{"taxonomy":"category","embeddable":true,"href":"https:\/\/volcanes.net\/index.php?rest_route=%2Fwp%2Fv2%2Fcategories&post=4745"},{"taxonomy":"post_tag","embeddable":true,"href":"https:\/\/volcanes.net\/index.php?rest_route=%2Fwp%2Fv2%2Ftags&post=4745"}],"curies":[{"name":"wp","href":"https:\/\/api.w.org\/{rel}","templated":true}]}}