{"id":4763,"date":"2019-05-27T06:07:31","date_gmt":"2019-05-27T12:07:31","guid":{"rendered":"https:\/\/volcanes.net\/?p=4763"},"modified":"2019-05-27T06:07:41","modified_gmt":"2019-05-27T12:07:41","slug":"cambio-de-nombre-en-valle-de-chalco-corresponde-al-congreso-local","status":"publish","type":"post","link":"https:\/\/volcanes.net\/?p=4763","title":{"rendered":"Cambio de nombre en Valle de Chalco corresponde al congreso local"},"content":{"rendered":"<div style=\"margin-top: 0px; margin-bottom: 0px;\" class=\"sharethis-inline-share-buttons\" ><\/div><div class=\"MobileFullEntry__body\" style=\"-webkit-tap-highlight-color:rgba(0,0,0,0); box-sizing:border-box; user-select:text; color:rgb(51,51,51); font-size:16px; line-height:1.65em; margin-top:1.5rem; word-break:break-word; font-family:Merriweather,sans-serif; font-style:normal; font-variant-ligatures:normal; font-variant-caps:normal; font-weight:400; letter-spacing:normal; orphans:2text-indent:0px; text-transform:none; white-space:normal; widows:2; word-spacing:0px; -webkit-text-stroke-width:0px; background-color:rgb(252,252,252); text-decoration-style:initial; text-decoration-color:initial; text-align:left;\">\n<div class=\"entryBody content\" id=\"SvrIk50F3AnKi4TRm1MIOPBmkdEsX6zyTxDUa3\/6Zn8=_16af865826c:e1f404:247b6d24_entryBody\" style=\"-webkit-tap-highlight-color:rgba(0,0,0,0); box-sizing:border-box; user-select:text;\">\n<div style=\"-webkit-tap-highlight-color:rgba(0,0,0,0); box-sizing:border-box; user-select:text;\">\n<div style=\"-webkit-tap-highlight-color:rgba(0,0,0,0); box-sizing:border-box; user-select:text;\">\n<div style=\"-webkit-tap-highlight-color:rgba(0,0,0,0); box-sizing:border-box; user-select:text;\">VALLE DE CHALCO, M\u00e9x.- La decisi\u00f3n para el posible cambio de nombre de Valle de Chalco solidaridad, no est\u00e1 en manos de la ciudadan\u00eda, sino, corresponder\u00e1 realizarlo solamente al Congreso del Estado de M\u00e9xico, luego de un profundo an\u00e1lisis que llevar\u00e1 tiempo, se\u00f1al\u00f3, Juan Carlos Soto Ibarra, diputado local por este municipio, al fijar su posicionamiento respecto a los resultados de la consulta ciudadana que el gobierno local promovi\u00f3, para cambiarle el nombre a este municipio.\n<\/div>\n<div style=\"-webkit-tap-highlight-color:rgba(0,0,0,0); box-sizing:border-box; user-select:text;\">Ante medios de comunicaci\u00f3n el legislador, coment\u00f3 que de acuerdo al art\u00edculo 115 que habla de la autonom\u00eda de los municipios, la propuesta, se puede realizar a trav\u00e9s de sesi\u00f3n de cabildo en acuerdo y solicitarla al Congreso; sin embargo, el gobierno local involucr\u00f3 a la ciudadan\u00eda a este movimiento, que seguramente tuvo un costo econ\u00f3mico.<\/div>\n<div style=\"-webkit-tap-highlight-color:rgba(0,0,0,0); box-sizing:border-box; user-select:text;\">\u201cSoy respetuoso de las determinaciones del gobierno local pero el gobierno tendr\u00e1 que responder acerca de los destinos de m\u00e1s de 500 millones de pesos que la legislatura autoriz\u00f3 para gasto corriente de este municipio\u201d, afirm\u00f3 el diputado.<\/div>\n<div style=\"-webkit-tap-highlight-color:rgba(0,0,0,0); box-sizing:border-box; user-select:text;\">Explic\u00f3, que la consulta ciudadana realizada ayer domingo no era necesaria, pues de acuerdo al art\u00edculo 115, que dicta acerca de la autonom\u00eda de los municipio, los regidores pueden hacer la petici\u00f3n al Congreso; sin embargo, el gobierno no lo consider\u00f3 y sugiri\u00f3 realizar foros de an\u00e1lisis para que los diputados tengan mayor conocimiento y deliberar acerca del nombre del municipio 122.<\/div>\n<div style=\"-webkit-tap-highlight-color:rgba(0,0,0,0); box-sizing:border-box; user-select:text;\">\u201cEs posible que haya otras variantes en el nombre del municipio y no s\u00f3lo como el gobierno propuso, pero hay mucho camino que recorrer, la propuesta se est\u00e1 gestando\u201d, sostuvo el diputado y agreg\u00f3 que como habitante de este municipio impulsar\u00e1 las iniciativas de ley que mejor convengan para el beneficio de los habitantes de Valle de Chalco.<\/div>\n<\/div>\n<\/div>\n<\/div>\n<\/div>\n","protected":false},"excerpt":{"rendered":"<p>VALLE DE CHALCO, M\u00e9x.- La decisi\u00f3n para el posible cambio de nombre de Valle de<\/p>\n","protected":false},"author":1,"featured_media":4762,"comment_status":"open","ping_status":"open","sticky":false,"template":"","format":"standard","meta":{"footnotes":""},"categories":[1],"tags":[5],"class_list":["post-4763","post","type-post","status-publish","format-standard","has-post-thumbnail","hentry","category-municipales","tag-valle-de-chalco"],"yoast_head":"<!-- This site is optimized with the Yoast SEO plugin v25.3 - https:\/\/yoast.com\/wordpress\/plugins\/seo\/ -->\n<title>Cambio de nombre en Valle de Chalco corresponde al congreso local - Volcanes<\/title>\n<meta name=\"robots\" content=\"index, follow, max-snippet:-1, max-image-preview:large, max-video-preview:-1\" \/>\n<link rel=\"canonical\" href=\"https:\/\/volcanes.net\/?p=4763\" \/>\n<meta property=\"og:locale\" content=\"es_MX\" \/>\n<meta property=\"og:type\" content=\"article\" \/>\n<meta property=\"og:title\" content=\"Cambio de nombre en Valle de Chalco corresponde al congreso local - Volcanes\" \/>\n<meta property=\"og:description\" content=\"VALLE DE CHALCO, M\u00e9x.- La decisi\u00f3n para el posible cambio de nombre de Valle de\" \/>\n<meta property=\"og:url\" content=\"https:\/\/volcanes.net\/?p=4763\" \/>\n<meta property=\"og:site_name\" content=\"Volcanes\" \/>\n<meta property=\"article:publisher\" content=\"https:\/\/www.facebook.com\/volcanes.net\/\" \/>\n<meta property=\"article:published_time\" content=\"2019-05-27T12:07:31+00:00\" \/>\n<meta property=\"article:modified_time\" content=\"2019-05-27T12:07:41+00:00\" \/>\n<meta property=\"og:image\" content=\"https:\/\/volcanes.net\/wp-content\/uploads\/2019\/05\/3ec576_4f8762c50cd446119ac3145e424604e6_mv2_d_2157_4096_s_2_crop_74.jpg\" \/>\n\t<meta property=\"og:image:width\" content=\"540\" \/>\n\t<meta property=\"og:image:height\" content=\"359\" \/>\n\t<meta property=\"og:image:type\" content=\"image\/jpeg\" \/>\n<meta name=\"author\" content=\"admin\" \/>\n<meta name=\"twitter:card\" content=\"summary_large_image\" \/>\n<meta name=\"twitter:label1\" content=\"Escrito por\" \/>\n\t<meta name=\"twitter:data1\" content=\"admin\" \/>\n\t<meta name=\"twitter:label2\" content=\"Tiempo de lectura\" \/>\n\t<meta name=\"twitter:data2\" content=\"2 minutos\" \/>\n<script type=\"application\/ld+json\" class=\"yoast-schema-graph\">{\"@context\":\"https:\/\/schema.org\",\"@graph\":[{\"@type\":\"Article\",\"@id\":\"https:\/\/volcanes.net\/?p=4763#article\",\"isPartOf\":{\"@id\":\"https:\/\/volcanes.net\/?p=4763\"},\"author\":{\"name\":\"admin\",\"@id\":\"https:\/\/volcanes.net\/#\/schema\/person\/4bf0f383940966a4abd53f5048c0e6b9\"},\"headline\":\"Cambio de nombre en Valle de Chalco corresponde al congreso local\",\"datePublished\":\"2019-05-27T12:07:31+00:00\",\"dateModified\":\"2019-05-27T12:07:41+00:00\",\"mainEntityOfPage\":{\"@id\":\"https:\/\/volcanes.net\/?p=4763\"},\"wordCount\":317,\"commentCount\":0,\"publisher\":{\"@id\":\"https:\/\/volcanes.net\/#organization\"},\"image\":{\"@id\":\"https:\/\/volcanes.net\/?p=4763#primaryimage\"},\"thumbnailUrl\":\"https:\/\/volcanes.net\/wp-content\/uploads\/2019\/05\/3ec576_4f8762c50cd446119ac3145e424604e6_mv2_d_2157_4096_s_2_crop_74.jpg\",\"keywords\":[\"Valle de Chalco\"],\"articleSection\":[\"Municipales\"],\"inLanguage\":\"es\",\"potentialAction\":[{\"@type\":\"CommentAction\",\"name\":\"Comment\",\"target\":[\"https:\/\/volcanes.net\/?p=4763#respond\"]}]},{\"@type\":\"WebPage\",\"@id\":\"https:\/\/volcanes.net\/?p=4763\",\"url\":\"https:\/\/volcanes.net\/?p=4763\",\"name\":\"Cambio de nombre en Valle de Chalco corresponde al congreso local - Volcanes\",\"isPartOf\":{\"@id\":\"https:\/\/volcanes.net\/#website\"},\"primaryImageOfPage\":{\"@id\":\"https:\/\/volcanes.net\/?p=4763#primaryimage\"},\"image\":{\"@id\":\"https:\/\/volcanes.net\/?p=4763#primaryimage\"},\"thumbnailUrl\":\"https:\/\/volcanes.net\/wp-content\/uploads\/2019\/05\/3ec576_4f8762c50cd446119ac3145e424604e6_mv2_d_2157_4096_s_2_crop_74.jpg\",\"datePublished\":\"2019-05-27T12:07:31+00:00\",\"dateModified\":\"2019-05-27T12:07:41+00:00\",\"breadcrumb\":{\"@id\":\"https:\/\/volcanes.net\/?p=4763#breadcrumb\"},\"inLanguage\":\"es\",\"potentialAction\":[{\"@type\":\"ReadAction\",\"target\":[\"https:\/\/volcanes.net\/?p=4763\"]}]},{\"@type\":\"ImageObject\",\"inLanguage\":\"es\",\"@id\":\"https:\/\/volcanes.net\/?p=4763#primaryimage\",\"url\":\"https:\/\/volcanes.net\/wp-content\/uploads\/2019\/05\/3ec576_4f8762c50cd446119ac3145e424604e6_mv2_d_2157_4096_s_2_crop_74.jpg\",\"contentUrl\":\"https:\/\/volcanes.net\/wp-content\/uploads\/2019\/05\/3ec576_4f8762c50cd446119ac3145e424604e6_mv2_d_2157_4096_s_2_crop_74.jpg\",\"width\":540,\"height\":359},{\"@type\":\"BreadcrumbList\",\"@id\":\"https:\/\/volcanes.net\/?p=4763#breadcrumb\",\"itemListElement\":[{\"@type\":\"ListItem\",\"position\":1,\"name\":\"Portada\",\"item\":\"https:\/\/volcanes.net\/\"},{\"@type\":\"ListItem\",\"position\":2,\"name\":\"Cambio de nombre en Valle de Chalco corresponde al congreso local\"}]},{\"@type\":\"WebSite\",\"@id\":\"https:\/\/volcanes.net\/#website\",\"url\":\"https:\/\/volcanes.net\/\",\"name\":\"Volcanes.Net\",\"description\":\"Periodismo Profesional\",\"publisher\":{\"@id\":\"https:\/\/volcanes.net\/#organization\"},\"potentialAction\":[{\"@type\":\"SearchAction\",\"target\":{\"@type\":\"EntryPoint\",\"urlTemplate\":\"https:\/\/volcanes.net\/?s={search_term_string}\"},\"query-input\":{\"@type\":\"PropertyValueSpecification\",\"valueRequired\":true,\"valueName\":\"search_term_string\"}}],\"inLanguage\":\"es\"},{\"@type\":\"Organization\",\"@id\":\"https:\/\/volcanes.net\/#organization\",\"name\":\"Grupo Volcanes\",\"url\":\"https:\/\/volcanes.net\/\",\"logo\":{\"@type\":\"ImageObject\",\"inLanguage\":\"es\",\"@id\":\"https:\/\/volcanes.net\/#\/schema\/logo\/image\/\",\"url\":\"http:\/\/volcanes.net\/wp-content\/uploads\/2017\/12\/Avatar2.jpg\",\"contentUrl\":\"http:\/\/volcanes.net\/wp-content\/uploads\/2017\/12\/Avatar2.jpg\",\"width\":378,\"height\":378,\"caption\":\"Grupo Volcanes\"},\"image\":{\"@id\":\"https:\/\/volcanes.net\/#\/schema\/logo\/image\/\"},\"sameAs\":[\"https:\/\/www.facebook.com\/volcanes.net\/\"]},{\"@type\":\"Person\",\"@id\":\"https:\/\/volcanes.net\/#\/schema\/person\/4bf0f383940966a4abd53f5048c0e6b9\",\"name\":\"admin\",\"image\":{\"@type\":\"ImageObject\",\"inLanguage\":\"es\",\"@id\":\"https:\/\/volcanes.net\/#\/schema\/person\/image\/\",\"url\":\"https:\/\/secure.gravatar.com\/avatar\/ca004e6cba8462b8cb7abc86e382930c?s=96&d=mm&r=g\",\"contentUrl\":\"https:\/\/secure.gravatar.com\/avatar\/ca004e6cba8462b8cb7abc86e382930c?s=96&d=mm&r=g\",\"caption\":\"admin\"}}]}<\/script>\n<!-- \/ Yoast SEO plugin. -->","yoast_head_json":{"title":"Cambio de nombre en Valle de Chalco corresponde al congreso local - Volcanes","robots":{"index":"index","follow":"follow","max-snippet":"max-snippet:-1","max-image-preview":"max-image-preview:large","max-video-preview":"max-video-preview:-1"},"canonical":"https:\/\/volcanes.net\/?p=4763","og_locale":"es_MX","og_type":"article","og_title":"Cambio de nombre en Valle de Chalco corresponde al congreso local - Volcanes","og_description":"VALLE DE CHALCO, M\u00e9x.- La decisi\u00f3n para el posible cambio de nombre de Valle de","og_url":"https:\/\/volcanes.net\/?p=4763","og_site_name":"Volcanes","article_publisher":"https:\/\/www.facebook.com\/volcanes.net\/","article_published_time":"2019-05-27T12:07:31+00:00","article_modified_time":"2019-05-27T12:07:41+00:00","og_image":[{"width":540,"height":359,"url":"https:\/\/volcanes.net\/wp-content\/uploads\/2019\/05\/3ec576_4f8762c50cd446119ac3145e424604e6_mv2_d_2157_4096_s_2_crop_74.jpg","type":"image\/jpeg"}],"author":"admin","twitter_card":"summary_large_image","twitter_misc":{"Escrito por":"admin","Tiempo de lectura":"2 minutos"},"schema":{"@context":"https:\/\/schema.org","@graph":[{"@type":"Article","@id":"https:\/\/volcanes.net\/?p=4763#article","isPartOf":{"@id":"https:\/\/volcanes.net\/?p=4763"},"author":{"name":"admin","@id":"https:\/\/volcanes.net\/#\/schema\/person\/4bf0f383940966a4abd53f5048c0e6b9"},"headline":"Cambio de nombre en Valle de Chalco corresponde al congreso local","datePublished":"2019-05-27T12:07:31+00:00","dateModified":"2019-05-27T12:07:41+00:00","mainEntityOfPage":{"@id":"https:\/\/volcanes.net\/?p=4763"},"wordCount":317,"commentCount":0,"publisher":{"@id":"https:\/\/volcanes.net\/#organization"},"image":{"@id":"https:\/\/volcanes.net\/?p=4763#primaryimage"},"thumbnailUrl":"https:\/\/volcanes.net\/wp-content\/uploads\/2019\/05\/3ec576_4f8762c50cd446119ac3145e424604e6_mv2_d_2157_4096_s_2_crop_74.jpg","keywords":["Valle de Chalco"],"articleSection":["Municipales"],"inLanguage":"es","potentialAction":[{"@type":"CommentAction","name":"Comment","target":["https:\/\/volcanes.net\/?p=4763#respond"]}]},{"@type":"WebPage","@id":"https:\/\/volcanes.net\/?p=4763","url":"https:\/\/volcanes.net\/?p=4763","name":"Cambio de nombre en Valle de Chalco corresponde al congreso local - Volcanes","isPartOf":{"@id":"https:\/\/volcanes.net\/#website"},"primaryImageOfPage":{"@id":"https:\/\/volcanes.net\/?p=4763#primaryimage"},"image":{"@id":"https:\/\/volcanes.net\/?p=4763#primaryimage"},"thumbnailUrl":"https:\/\/volcanes.net\/wp-content\/uploads\/2019\/05\/3ec576_4f8762c50cd446119ac3145e424604e6_mv2_d_2157_4096_s_2_crop_74.jpg","datePublished":"2019-05-27T12:07:31+00:00","dateModified":"2019-05-27T12:07:41+00:00","breadcrumb":{"@id":"https:\/\/volcanes.net\/?p=4763#breadcrumb"},"inLanguage":"es","potentialAction":[{"@type":"ReadAction","target":["https:\/\/volcanes.net\/?p=4763"]}]},{"@type":"ImageObject","inLanguage":"es","@id":"https:\/\/volcanes.net\/?p=4763#primaryimage","url":"https:\/\/volcanes.net\/wp-content\/uploads\/2019\/05\/3ec576_4f8762c50cd446119ac3145e424604e6_mv2_d_2157_4096_s_2_crop_74.jpg","contentUrl":"https:\/\/volcanes.net\/wp-content\/uploads\/2019\/05\/3ec576_4f8762c50cd446119ac3145e424604e6_mv2_d_2157_4096_s_2_crop_74.jpg","width":540,"height":359},{"@type":"BreadcrumbList","@id":"https:\/\/volcanes.net\/?p=4763#breadcrumb","itemListElement":[{"@type":"ListItem","position":1,"name":"Portada","item":"https:\/\/volcanes.net\/"},{"@type":"ListItem","position":2,"name":"Cambio de nombre en Valle de Chalco corresponde al congreso local"}]},{"@type":"WebSite","@id":"https:\/\/volcanes.net\/#website","url":"https:\/\/volcanes.net\/","name":"Volcanes.Net","description":"Periodismo Profesional","publisher":{"@id":"https:\/\/volcanes.net\/#organization"},"potentialAction":[{"@type":"SearchAction","target":{"@type":"EntryPoint","urlTemplate":"https:\/\/volcanes.net\/?s={search_term_string}"},"query-input":{"@type":"PropertyValueSpecification","valueRequired":true,"valueName":"search_term_string"}}],"inLanguage":"es"},{"@type":"Organization","@id":"https:\/\/volcanes.net\/#organization","name":"Grupo Volcanes","url":"https:\/\/volcanes.net\/","logo":{"@type":"ImageObject","inLanguage":"es","@id":"https:\/\/volcanes.net\/#\/schema\/logo\/image\/","url":"http:\/\/volcanes.net\/wp-content\/uploads\/2017\/12\/Avatar2.jpg","contentUrl":"http:\/\/volcanes.net\/wp-content\/uploads\/2017\/12\/Avatar2.jpg","width":378,"height":378,"caption":"Grupo Volcanes"},"image":{"@id":"https:\/\/volcanes.net\/#\/schema\/logo\/image\/"},"sameAs":["https:\/\/www.facebook.com\/volcanes.net\/"]},{"@type":"Person","@id":"https:\/\/volcanes.net\/#\/schema\/person\/4bf0f383940966a4abd53f5048c0e6b9","name":"admin","image":{"@type":"ImageObject","inLanguage":"es","@id":"https:\/\/volcanes.net\/#\/schema\/person\/image\/","url":"https:\/\/secure.gravatar.com\/avatar\/ca004e6cba8462b8cb7abc86e382930c?s=96&d=mm&r=g","contentUrl":"https:\/\/secure.gravatar.com\/avatar\/ca004e6cba8462b8cb7abc86e382930c?s=96&d=mm&r=g","caption":"admin"}}]}},"_links":{"self":[{"href":"https:\/\/volcanes.net\/index.php?rest_route=\/wp\/v2\/posts\/4763"}],"collection":[{"href":"https:\/\/volcanes.net\/index.php?rest_route=\/wp\/v2\/posts"}],"about":[{"href":"https:\/\/volcanes.net\/index.php?rest_route=\/wp\/v2\/types\/post"}],"author":[{"embeddable":true,"href":"https:\/\/volcanes.net\/index.php?rest_route=\/wp\/v2\/users\/1"}],"replies":[{"embeddable":true,"href":"https:\/\/volcanes.net\/index.php?rest_route=%2Fwp%2Fv2%2Fcomments&post=4763"}],"version-history":[{"count":1,"href":"https:\/\/volcanes.net\/index.php?rest_route=\/wp\/v2\/posts\/4763\/revisions"}],"predecessor-version":[{"id":4764,"href":"https:\/\/volcanes.net\/index.php?rest_route=\/wp\/v2\/posts\/4763\/revisions\/4764"}],"wp:featuredmedia":[{"embeddable":true,"href":"https:\/\/volcanes.net\/index.php?rest_route=\/wp\/v2\/media\/4762"}],"wp:attachment":[{"href":"https:\/\/volcanes.net\/index.php?rest_route=%2Fwp%2Fv2%2Fmedia&parent=4763"}],"wp:term":[{"taxonomy":"category","embeddable":true,"href":"https:\/\/volcanes.net\/index.php?rest_route=%2Fwp%2Fv2%2Fcategories&post=4763"},{"taxonomy":"post_tag","embeddable":true,"href":"https:\/\/volcanes.net\/index.php?rest_route=%2Fwp%2Fv2%2Ftags&post=4763"}],"curies":[{"name":"wp","href":"https:\/\/api.w.org\/{rel}","templated":true}]}}