{"id":4765,"date":"2019-05-27T15:59:24","date_gmt":"2019-05-27T21:59:24","guid":{"rendered":"http:\/\/volcanes.net\/?p=4765"},"modified":"2019-05-27T19:40:13","modified_gmt":"2019-05-28T01:40:13","slug":"alcalde-de-ozumba-sigue-apoyando-la-educacion-en-su-municipio","status":"publish","type":"post","link":"https:\/\/volcanes.net\/?p=4765","title":{"rendered":"Alcalde de Ozumba sigue apoyando la educaci\u00f3n en su municipio"},"content":{"rendered":"<div style=\"margin-top: 0px; margin-bottom: 0px;\" class=\"sharethis-inline-share-buttons\" ><\/div><p>El gobierno municipal de Ozumba, encabezada por Valent\u00edn Martinez Castillo, entreg\u00f3 la rehabilitaci\u00f3n y mantenimiento a la unidad de transporte escolar que da servicio a la comunidad estudiantil en la delegaci\u00f3n de San San Lorenzo Tlaltecoyac.<\/p>\n<p>Padres de familia agradecieron al alcalde por la atenci\u00f3n inmediata a esta petici\u00f3n, pues son acciones que atienden a la educaci\u00f3n en esta delegaci\u00f3n del municipio de Ozumba.<\/p>\n<p>El alcalde dio a conocer que durante su administraci\u00f3n estar\u00e1 visitando las escuelas del municipio para dar atenci\u00f3n a las necesidades de los diferentes centros educativos del municipio.<\/p>\n<p>Esta unidad fue donada hace a\u00f1os, sin embargo era necesario darle mantenimiento para la comodidad de los estudiantes de esta delegaci\u00f3n, luego que se encontrara en mal estado.<\/p>\n<p>Cabe se\u00f1alar que la unidad transporta a los estudiantes de este poblado perteneciente al municipio de Ozumba, anteriormente los estudiantes eran llevados en la batea de las patrullas, situaci\u00f3n que no era la apropiada, por lo que el gobierno municipal actual decidi\u00f3 darle mantenimiento a este microb\u00fas.<\/p>\n<p>A este microb\u00fas se le dio mantenimiento en la parte mec\u00e1nica, adem\u00e1s de la reparaci\u00f3n de interiores, as\u00ed como hojalater\u00eda y pintura.<\/p>\n","protected":false},"excerpt":{"rendered":"<p>El gobierno municipal de Ozumba, encabezada por Valent\u00edn Martinez Castillo, entreg\u00f3 la rehabilitaci\u00f3n y mantenimiento<\/p>\n","protected":false},"author":1,"featured_media":4766,"comment_status":"open","ping_status":"open","sticky":false,"template":"","format":"standard","meta":{"footnotes":""},"categories":[1],"tags":[14],"class_list":["post-4765","post","type-post","status-publish","format-standard","has-post-thumbnail","hentry","category-municipales","tag-ozumba"],"yoast_head":"<!-- This site is optimized with the Yoast SEO plugin v25.3 - https:\/\/yoast.com\/wordpress\/plugins\/seo\/ -->\n<title>Alcalde de Ozumba sigue apoyando la educaci\u00f3n en su municipio - Volcanes<\/title>\n<meta name=\"robots\" content=\"index, follow, max-snippet:-1, max-image-preview:large, max-video-preview:-1\" \/>\n<link rel=\"canonical\" href=\"https:\/\/volcanes.net\/?p=4765\" \/>\n<meta property=\"og:locale\" content=\"es_MX\" \/>\n<meta property=\"og:type\" content=\"article\" \/>\n<meta property=\"og:title\" content=\"Alcalde de Ozumba sigue apoyando la educaci\u00f3n en su municipio - Volcanes\" \/>\n<meta property=\"og:description\" content=\"El gobierno municipal de Ozumba, encabezada por Valent\u00edn Martinez Castillo, entreg\u00f3 la rehabilitaci\u00f3n y mantenimiento\" \/>\n<meta property=\"og:url\" content=\"https:\/\/volcanes.net\/?p=4765\" \/>\n<meta property=\"og:site_name\" content=\"Volcanes\" \/>\n<meta property=\"article:publisher\" content=\"https:\/\/www.facebook.com\/volcanes.net\/\" \/>\n<meta property=\"article:published_time\" content=\"2019-05-27T21:59:24+00:00\" \/>\n<meta property=\"article:modified_time\" content=\"2019-05-28T01:40:13+00:00\" \/>\n<meta property=\"og:image\" content=\"https:\/\/volcanes.net\/wp-content\/uploads\/2019\/05\/WhatsApp-Image-2019-05-27-at-4.03.36-PM.jpeg\" \/>\n\t<meta property=\"og:image:width\" content=\"400\" \/>\n\t<meta property=\"og:image:height\" content=\"300\" \/>\n\t<meta property=\"og:image:type\" content=\"image\/jpeg\" \/>\n<meta name=\"author\" content=\"admin\" \/>\n<meta name=\"twitter:card\" content=\"summary_large_image\" \/>\n<meta name=\"twitter:label1\" content=\"Escrito por\" \/>\n\t<meta name=\"twitter:data1\" content=\"admin\" \/>\n\t<meta name=\"twitter:label2\" content=\"Tiempo de lectura\" \/>\n\t<meta name=\"twitter:data2\" content=\"1 minuto\" \/>\n<script type=\"application\/ld+json\" class=\"yoast-schema-graph\">{\"@context\":\"https:\/\/schema.org\",\"@graph\":[{\"@type\":\"Article\",\"@id\":\"https:\/\/volcanes.net\/?p=4765#article\",\"isPartOf\":{\"@id\":\"https:\/\/volcanes.net\/?p=4765\"},\"author\":{\"name\":\"admin\",\"@id\":\"https:\/\/volcanes.net\/#\/schema\/person\/4bf0f383940966a4abd53f5048c0e6b9\"},\"headline\":\"Alcalde de Ozumba sigue apoyando la educaci\u00f3n en su municipio\",\"datePublished\":\"2019-05-27T21:59:24+00:00\",\"dateModified\":\"2019-05-28T01:40:13+00:00\",\"mainEntityOfPage\":{\"@id\":\"https:\/\/volcanes.net\/?p=4765\"},\"wordCount\":219,\"commentCount\":0,\"publisher\":{\"@id\":\"https:\/\/volcanes.net\/#organization\"},\"image\":{\"@id\":\"https:\/\/volcanes.net\/?p=4765#primaryimage\"},\"thumbnailUrl\":\"https:\/\/volcanes.net\/wp-content\/uploads\/2019\/05\/WhatsApp-Image-2019-05-27-at-4.03.36-PM.jpeg\",\"keywords\":[\"Ozumba\"],\"articleSection\":[\"Municipales\"],\"inLanguage\":\"es\",\"potentialAction\":[{\"@type\":\"CommentAction\",\"name\":\"Comment\",\"target\":[\"https:\/\/volcanes.net\/?p=4765#respond\"]}]},{\"@type\":\"WebPage\",\"@id\":\"https:\/\/volcanes.net\/?p=4765\",\"url\":\"https:\/\/volcanes.net\/?p=4765\",\"name\":\"Alcalde de Ozumba sigue apoyando la educaci\u00f3n en su municipio - Volcanes\",\"isPartOf\":{\"@id\":\"https:\/\/volcanes.net\/#website\"},\"primaryImageOfPage\":{\"@id\":\"https:\/\/volcanes.net\/?p=4765#primaryimage\"},\"image\":{\"@id\":\"https:\/\/volcanes.net\/?p=4765#primaryimage\"},\"thumbnailUrl\":\"https:\/\/volcanes.net\/wp-content\/uploads\/2019\/05\/WhatsApp-Image-2019-05-27-at-4.03.36-PM.jpeg\",\"datePublished\":\"2019-05-27T21:59:24+00:00\",\"dateModified\":\"2019-05-28T01:40:13+00:00\",\"breadcrumb\":{\"@id\":\"https:\/\/volcanes.net\/?p=4765#breadcrumb\"},\"inLanguage\":\"es\",\"potentialAction\":[{\"@type\":\"ReadAction\",\"target\":[\"https:\/\/volcanes.net\/?p=4765\"]}]},{\"@type\":\"ImageObject\",\"inLanguage\":\"es\",\"@id\":\"https:\/\/volcanes.net\/?p=4765#primaryimage\",\"url\":\"https:\/\/volcanes.net\/wp-content\/uploads\/2019\/05\/WhatsApp-Image-2019-05-27-at-4.03.36-PM.jpeg\",\"contentUrl\":\"https:\/\/volcanes.net\/wp-content\/uploads\/2019\/05\/WhatsApp-Image-2019-05-27-at-4.03.36-PM.jpeg\",\"width\":400,\"height\":300},{\"@type\":\"BreadcrumbList\",\"@id\":\"https:\/\/volcanes.net\/?p=4765#breadcrumb\",\"itemListElement\":[{\"@type\":\"ListItem\",\"position\":1,\"name\":\"Portada\",\"item\":\"https:\/\/volcanes.net\/\"},{\"@type\":\"ListItem\",\"position\":2,\"name\":\"Alcalde de Ozumba sigue apoyando la educaci\u00f3n en su municipio\"}]},{\"@type\":\"WebSite\",\"@id\":\"https:\/\/volcanes.net\/#website\",\"url\":\"https:\/\/volcanes.net\/\",\"name\":\"Volcanes.Net\",\"description\":\"Periodismo Profesional\",\"publisher\":{\"@id\":\"https:\/\/volcanes.net\/#organization\"},\"potentialAction\":[{\"@type\":\"SearchAction\",\"target\":{\"@type\":\"EntryPoint\",\"urlTemplate\":\"https:\/\/volcanes.net\/?s={search_term_string}\"},\"query-input\":{\"@type\":\"PropertyValueSpecification\",\"valueRequired\":true,\"valueName\":\"search_term_string\"}}],\"inLanguage\":\"es\"},{\"@type\":\"Organization\",\"@id\":\"https:\/\/volcanes.net\/#organization\",\"name\":\"Grupo Volcanes\",\"url\":\"https:\/\/volcanes.net\/\",\"logo\":{\"@type\":\"ImageObject\",\"inLanguage\":\"es\",\"@id\":\"https:\/\/volcanes.net\/#\/schema\/logo\/image\/\",\"url\":\"http:\/\/volcanes.net\/wp-content\/uploads\/2017\/12\/Avatar2.jpg\",\"contentUrl\":\"http:\/\/volcanes.net\/wp-content\/uploads\/2017\/12\/Avatar2.jpg\",\"width\":378,\"height\":378,\"caption\":\"Grupo Volcanes\"},\"image\":{\"@id\":\"https:\/\/volcanes.net\/#\/schema\/logo\/image\/\"},\"sameAs\":[\"https:\/\/www.facebook.com\/volcanes.net\/\"]},{\"@type\":\"Person\",\"@id\":\"https:\/\/volcanes.net\/#\/schema\/person\/4bf0f383940966a4abd53f5048c0e6b9\",\"name\":\"admin\",\"image\":{\"@type\":\"ImageObject\",\"inLanguage\":\"es\",\"@id\":\"https:\/\/volcanes.net\/#\/schema\/person\/image\/\",\"url\":\"https:\/\/secure.gravatar.com\/avatar\/ca004e6cba8462b8cb7abc86e382930c?s=96&d=mm&r=g\",\"contentUrl\":\"https:\/\/secure.gravatar.com\/avatar\/ca004e6cba8462b8cb7abc86e382930c?s=96&d=mm&r=g\",\"caption\":\"admin\"}}]}<\/script>\n<!-- \/ Yoast SEO plugin. -->","yoast_head_json":{"title":"Alcalde de Ozumba sigue apoyando la educaci\u00f3n en su municipio - Volcanes","robots":{"index":"index","follow":"follow","max-snippet":"max-snippet:-1","max-image-preview":"max-image-preview:large","max-video-preview":"max-video-preview:-1"},"canonical":"https:\/\/volcanes.net\/?p=4765","og_locale":"es_MX","og_type":"article","og_title":"Alcalde de Ozumba sigue apoyando la educaci\u00f3n en su municipio - Volcanes","og_description":"El gobierno municipal de Ozumba, encabezada por Valent\u00edn Martinez Castillo, entreg\u00f3 la rehabilitaci\u00f3n y mantenimiento","og_url":"https:\/\/volcanes.net\/?p=4765","og_site_name":"Volcanes","article_publisher":"https:\/\/www.facebook.com\/volcanes.net\/","article_published_time":"2019-05-27T21:59:24+00:00","article_modified_time":"2019-05-28T01:40:13+00:00","og_image":[{"width":400,"height":300,"url":"https:\/\/volcanes.net\/wp-content\/uploads\/2019\/05\/WhatsApp-Image-2019-05-27-at-4.03.36-PM.jpeg","type":"image\/jpeg"}],"author":"admin","twitter_card":"summary_large_image","twitter_misc":{"Escrito por":"admin","Tiempo de lectura":"1 minuto"},"schema":{"@context":"https:\/\/schema.org","@graph":[{"@type":"Article","@id":"https:\/\/volcanes.net\/?p=4765#article","isPartOf":{"@id":"https:\/\/volcanes.net\/?p=4765"},"author":{"name":"admin","@id":"https:\/\/volcanes.net\/#\/schema\/person\/4bf0f383940966a4abd53f5048c0e6b9"},"headline":"Alcalde de Ozumba sigue apoyando la educaci\u00f3n en su municipio","datePublished":"2019-05-27T21:59:24+00:00","dateModified":"2019-05-28T01:40:13+00:00","mainEntityOfPage":{"@id":"https:\/\/volcanes.net\/?p=4765"},"wordCount":219,"commentCount":0,"publisher":{"@id":"https:\/\/volcanes.net\/#organization"},"image":{"@id":"https:\/\/volcanes.net\/?p=4765#primaryimage"},"thumbnailUrl":"https:\/\/volcanes.net\/wp-content\/uploads\/2019\/05\/WhatsApp-Image-2019-05-27-at-4.03.36-PM.jpeg","keywords":["Ozumba"],"articleSection":["Municipales"],"inLanguage":"es","potentialAction":[{"@type":"CommentAction","name":"Comment","target":["https:\/\/volcanes.net\/?p=4765#respond"]}]},{"@type":"WebPage","@id":"https:\/\/volcanes.net\/?p=4765","url":"https:\/\/volcanes.net\/?p=4765","name":"Alcalde de Ozumba sigue apoyando la educaci\u00f3n en su municipio - Volcanes","isPartOf":{"@id":"https:\/\/volcanes.net\/#website"},"primaryImageOfPage":{"@id":"https:\/\/volcanes.net\/?p=4765#primaryimage"},"image":{"@id":"https:\/\/volcanes.net\/?p=4765#primaryimage"},"thumbnailUrl":"https:\/\/volcanes.net\/wp-content\/uploads\/2019\/05\/WhatsApp-Image-2019-05-27-at-4.03.36-PM.jpeg","datePublished":"2019-05-27T21:59:24+00:00","dateModified":"2019-05-28T01:40:13+00:00","breadcrumb":{"@id":"https:\/\/volcanes.net\/?p=4765#breadcrumb"},"inLanguage":"es","potentialAction":[{"@type":"ReadAction","target":["https:\/\/volcanes.net\/?p=4765"]}]},{"@type":"ImageObject","inLanguage":"es","@id":"https:\/\/volcanes.net\/?p=4765#primaryimage","url":"https:\/\/volcanes.net\/wp-content\/uploads\/2019\/05\/WhatsApp-Image-2019-05-27-at-4.03.36-PM.jpeg","contentUrl":"https:\/\/volcanes.net\/wp-content\/uploads\/2019\/05\/WhatsApp-Image-2019-05-27-at-4.03.36-PM.jpeg","width":400,"height":300},{"@type":"BreadcrumbList","@id":"https:\/\/volcanes.net\/?p=4765#breadcrumb","itemListElement":[{"@type":"ListItem","position":1,"name":"Portada","item":"https:\/\/volcanes.net\/"},{"@type":"ListItem","position":2,"name":"Alcalde de Ozumba sigue apoyando la educaci\u00f3n en su municipio"}]},{"@type":"WebSite","@id":"https:\/\/volcanes.net\/#website","url":"https:\/\/volcanes.net\/","name":"Volcanes.Net","description":"Periodismo Profesional","publisher":{"@id":"https:\/\/volcanes.net\/#organization"},"potentialAction":[{"@type":"SearchAction","target":{"@type":"EntryPoint","urlTemplate":"https:\/\/volcanes.net\/?s={search_term_string}"},"query-input":{"@type":"PropertyValueSpecification","valueRequired":true,"valueName":"search_term_string"}}],"inLanguage":"es"},{"@type":"Organization","@id":"https:\/\/volcanes.net\/#organization","name":"Grupo Volcanes","url":"https:\/\/volcanes.net\/","logo":{"@type":"ImageObject","inLanguage":"es","@id":"https:\/\/volcanes.net\/#\/schema\/logo\/image\/","url":"http:\/\/volcanes.net\/wp-content\/uploads\/2017\/12\/Avatar2.jpg","contentUrl":"http:\/\/volcanes.net\/wp-content\/uploads\/2017\/12\/Avatar2.jpg","width":378,"height":378,"caption":"Grupo Volcanes"},"image":{"@id":"https:\/\/volcanes.net\/#\/schema\/logo\/image\/"},"sameAs":["https:\/\/www.facebook.com\/volcanes.net\/"]},{"@type":"Person","@id":"https:\/\/volcanes.net\/#\/schema\/person\/4bf0f383940966a4abd53f5048c0e6b9","name":"admin","image":{"@type":"ImageObject","inLanguage":"es","@id":"https:\/\/volcanes.net\/#\/schema\/person\/image\/","url":"https:\/\/secure.gravatar.com\/avatar\/ca004e6cba8462b8cb7abc86e382930c?s=96&d=mm&r=g","contentUrl":"https:\/\/secure.gravatar.com\/avatar\/ca004e6cba8462b8cb7abc86e382930c?s=96&d=mm&r=g","caption":"admin"}}]}},"_links":{"self":[{"href":"https:\/\/volcanes.net\/index.php?rest_route=\/wp\/v2\/posts\/4765"}],"collection":[{"href":"https:\/\/volcanes.net\/index.php?rest_route=\/wp\/v2\/posts"}],"about":[{"href":"https:\/\/volcanes.net\/index.php?rest_route=\/wp\/v2\/types\/post"}],"author":[{"embeddable":true,"href":"https:\/\/volcanes.net\/index.php?rest_route=\/wp\/v2\/users\/1"}],"replies":[{"embeddable":true,"href":"https:\/\/volcanes.net\/index.php?rest_route=%2Fwp%2Fv2%2Fcomments&post=4765"}],"version-history":[{"count":5,"href":"https:\/\/volcanes.net\/index.php?rest_route=\/wp\/v2\/posts\/4765\/revisions"}],"predecessor-version":[{"id":4791,"href":"https:\/\/volcanes.net\/index.php?rest_route=\/wp\/v2\/posts\/4765\/revisions\/4791"}],"wp:featuredmedia":[{"embeddable":true,"href":"https:\/\/volcanes.net\/index.php?rest_route=\/wp\/v2\/media\/4766"}],"wp:attachment":[{"href":"https:\/\/volcanes.net\/index.php?rest_route=%2Fwp%2Fv2%2Fmedia&parent=4765"}],"wp:term":[{"taxonomy":"category","embeddable":true,"href":"https:\/\/volcanes.net\/index.php?rest_route=%2Fwp%2Fv2%2Fcategories&post=4765"},{"taxonomy":"post_tag","embeddable":true,"href":"https:\/\/volcanes.net\/index.php?rest_route=%2Fwp%2Fv2%2Ftags&post=4765"}],"curies":[{"name":"wp","href":"https:\/\/api.w.org\/{rel}","templated":true}]}}