{"id":479,"date":"2018-01-16T22:18:58","date_gmt":"2018-01-16T22:18:58","guid":{"rendered":"http:\/\/volcanes.net\/?p=479"},"modified":"2018-01-16T22:18:58","modified_gmt":"2018-01-16T22:18:58","slug":"vinculan-a-proceso-a-dos-sujetos-investigados-por-el-homicidio-de-agente-del-mp-de-la-pgjcdmx","status":"publish","type":"post","link":"https:\/\/volcanes.net\/?p=479","title":{"rendered":"Vinculan a proceso a dos sujetos investigados por el homicidio de agente del MP de la PGJCDMX"},"content":{"rendered":"<div style=\"margin-top: 0px; margin-bottom: 0px;\" class=\"sharethis-inline-share-buttons\" ><\/div><ul>\n<li style=\"font-weight: 400\"><em>Los hechos se registraron en el mes de mayo de 2017, en el municipio de\u00a0 Naucalpan.<\/em><\/li>\n<\/ul>\n<p style=\"font-weight: 400\"><strong>Toluca, M\u00e9xico, 16 de enero de 2018.-<\/strong>\u00a0El Representante Social de la Fiscal\u00eda Especializada en Homicidios del Valle de Toluca, de esta Fiscal\u00eda General de Justicia del Estado de M\u00e9xico (FGJEM), acredit\u00f3 la probable participaci\u00f3n de dos individuos en el delito de homicidio calificado, il\u00edcito por el que la Autoridad Judicial con sede en Tlalnepantla determin\u00f3 vincularlos a proceso.<\/p>\n<p style=\"font-weight: 400\">\u00a0\u00a0\u00a0\u00a0\u00a0\u00a0\u00a0\u00a0\u00a0\u00a0\u00a0 Se trata de Mart\u00edn \u201cN\u201d, de 22 a\u00f1os de edad, y Daniel \u201cN\u201d, de 20 a\u00f1os, quienes habr\u00edan ocasionado la muerte de un hombre, quien era Agente del Ministerio P\u00fablico de la Procuradur\u00eda General de Justicia de la Ciudad de M\u00e9xico (PGJCDMX).<\/p>\n<p style=\"font-weight: 400\">\u00a0\u00a0\u00a0\u00a0\u00a0\u00a0\u00a0\u00a0\u00a0\u00a0\u00a0 Los hechos por los cuales fueron vinculados a proceso ocurrieron el d\u00eda 4 de mayo del a\u00f1o 2017, en calles de la colonia Santa Lilia, en el municipio de Naucalpan, donde la v\u00edctima fue sorprendida por los detenidos y otros sujetos, quienes habr\u00edan disparado armas de fuego ocasion\u00e1ndole la muerte.<\/p>\n<p style=\"font-weight: 400\">\u00a0\u00a0\u00a0\u00a0\u00a0\u00a0\u00a0\u00a0\u00a0\u00a0\u00a0 De acuerdo con las investigaciones realizadas por personal de esta Instituci\u00f3n, se pudo establecer que al parecer la v\u00edctima fue privada de la vida, ya que meses antes hab\u00eda denunciado a un amigo de Mart\u00edn \u201cN\u201d, por el delito de robo de veh\u00edculo.<\/p>\n<p style=\"font-weight: 400\">\u00a0\u00a0\u00a0\u00a0\u00a0\u00a0\u00a0\u00a0\u00a0\u00a0\u00a0 Derivado del homicidio, fue iniciada la carpeta de investigaci\u00f3n respectiva, y Agentes de Investigaci\u00f3n se encargaron de realizar diversas indagatorias para identificar y detener a los probables homicidas.<\/p>\n<p style=\"font-weight: 400\">\u00a0\u00a0\u00a0\u00a0\u00a0\u00a0\u00a0\u00a0\u00a0\u00a0\u00a0 Cabe mencionar que estos individuos fueron detenidos en la Avenida de las Rosas, Secci\u00f3n Flores, en el Fraccionamiento Los H\u00e9roes, en el municipio de Tec\u00e1mac, por Polic\u00edas de Investigaci\u00f3n de la FGJEM.<\/p>\n<p style=\"font-weight: 400\">\u00a0\u00a0\u00a0\u00a0\u00a0\u00a0\u00a0\u00a0\u00a0\u00a0\u00a0 Tras realizarles una revisi\u00f3n, a estos sujetos les fueron encontrados envoltorios con hierba verde con las caracter\u00edsticas de la marihuana y dinero en efectivo, adem\u00e1s dentro del autom\u00f3vil en el que viajaban fueron encontradas ocho envoltorios con droga y una bolsa, igual con marihuana, sin dosificar, por lo que se les relacion\u00f3 con delitos contra la salud.<\/p>\n<p style=\"font-weight: 400\">\u00a0\u00a0\u00a0\u00a0\u00a0\u00a0\u00a0\u00a0\u00a0\u00a0\u00a0 Ambos sujetos fueron presentados ante el Agente del Ministerio P\u00fablico, autoridad que luego los remiti\u00f3 ante un Juez en el Centro Penitenciario y de Reinserci\u00f3n Social de Tlalnepantla, quien los vincul\u00f3 a proceso, sin embargo se les presume inocentes hasta que sea dictada una sentencia condenatoria en su contra.<\/p>\n<p style=\"font-weight: 400\">\u00a0\u00a0\u00a0\u00a0\u00a0\u00a0\u00a0\u00a0\u00a0\u00a0\u00a0 La Fiscal\u00eda General de Justicia estatal hace un llamado a la ciudadan\u00eda para que en caso de que reconozca a estos sujetos como probables part\u00edcipes de alg\u00fan otro il\u00edcito, sean denunciados a trav\u00e9s del correo electr\u00f3nico<a href=\"mailto:cerotolerancia@edomex.gob.mx\">cerotolerancia@edomex.gob.mx<\/a>, al n\u00famero telef\u00f3nico 01 800 7028770, o bien, por medio de la aplicaci\u00f3n FGJEdomex, la cual est\u00e1 disponible de manera gratuita para todos los tel\u00e9fonos inteligentes de los sistemas iOS y Android.<\/p>\n","protected":false},"excerpt":{"rendered":"<p>Los hechos se registraron en el mes de mayo de 2017, en el municipio de\u00a0<\/p>\n","protected":false},"author":1,"featured_media":480,"comment_status":"open","ping_status":"open","sticky":false,"template":"","format":"standard","meta":{"footnotes":""},"categories":[1],"tags":[75],"class_list":["post-479","post","type-post","status-publish","format-standard","has-post-thumbnail","hentry","category-municipales","tag-naucalpan"],"yoast_head":"<!-- This site is optimized with the Yoast SEO plugin v25.3 - https:\/\/yoast.com\/wordpress\/plugins\/seo\/ -->\n<title>Vinculan a proceso a dos sujetos investigados por el homicidio de agente del MP de la PGJCDMX - Volcanes<\/title>\n<meta name=\"robots\" content=\"index, follow, max-snippet:-1, max-image-preview:large, max-video-preview:-1\" \/>\n<link rel=\"canonical\" href=\"https:\/\/volcanes.net\/?p=479\" \/>\n<meta property=\"og:locale\" content=\"es_MX\" \/>\n<meta property=\"og:type\" content=\"article\" \/>\n<meta property=\"og:title\" content=\"Vinculan a proceso a dos sujetos investigados por el homicidio de agente del MP de la PGJCDMX - Volcanes\" \/>\n<meta property=\"og:description\" content=\"Los hechos se registraron en el mes de mayo de 2017, en el municipio de\u00a0\" \/>\n<meta property=\"og:url\" content=\"https:\/\/volcanes.net\/?p=479\" \/>\n<meta property=\"og:site_name\" content=\"Volcanes\" \/>\n<meta property=\"article:publisher\" content=\"https:\/\/www.facebook.com\/volcanes.net\/\" \/>\n<meta property=\"article:published_time\" content=\"2018-01-16T22:18:58+00:00\" \/>\n<meta property=\"og:image\" content=\"https:\/\/volcanes.net\/wp-content\/uploads\/2018\/01\/FOTO-C51.jpg\" \/>\n\t<meta property=\"og:image:width\" content=\"435\" \/>\n\t<meta property=\"og:image:height\" content=\"336\" \/>\n\t<meta property=\"og:image:type\" content=\"image\/jpeg\" \/>\n<meta name=\"author\" content=\"admin\" \/>\n<meta name=\"twitter:card\" content=\"summary_large_image\" \/>\n<meta name=\"twitter:label1\" content=\"Escrito por\" \/>\n\t<meta name=\"twitter:data1\" content=\"admin\" \/>\n\t<meta name=\"twitter:label2\" content=\"Tiempo de lectura\" \/>\n\t<meta name=\"twitter:data2\" content=\"2 minutos\" \/>\n<script type=\"application\/ld+json\" class=\"yoast-schema-graph\">{\"@context\":\"https:\/\/schema.org\",\"@graph\":[{\"@type\":\"Article\",\"@id\":\"https:\/\/volcanes.net\/?p=479#article\",\"isPartOf\":{\"@id\":\"https:\/\/volcanes.net\/?p=479\"},\"author\":{\"name\":\"admin\",\"@id\":\"https:\/\/volcanes.net\/#\/schema\/person\/4bf0f383940966a4abd53f5048c0e6b9\"},\"headline\":\"Vinculan a proceso a dos sujetos investigados por el homicidio de agente del MP de la PGJCDMX\",\"datePublished\":\"2018-01-16T22:18:58+00:00\",\"mainEntityOfPage\":{\"@id\":\"https:\/\/volcanes.net\/?p=479\"},\"wordCount\":502,\"commentCount\":0,\"publisher\":{\"@id\":\"https:\/\/volcanes.net\/#organization\"},\"image\":{\"@id\":\"https:\/\/volcanes.net\/?p=479#primaryimage\"},\"thumbnailUrl\":\"https:\/\/volcanes.net\/wp-content\/uploads\/2018\/01\/FOTO-C51.jpg\",\"keywords\":[\"Naucalpan\"],\"articleSection\":[\"Municipales\"],\"inLanguage\":\"es\",\"potentialAction\":[{\"@type\":\"CommentAction\",\"name\":\"Comment\",\"target\":[\"https:\/\/volcanes.net\/?p=479#respond\"]}]},{\"@type\":\"WebPage\",\"@id\":\"https:\/\/volcanes.net\/?p=479\",\"url\":\"https:\/\/volcanes.net\/?p=479\",\"name\":\"Vinculan a proceso a dos sujetos investigados por el homicidio de agente del MP de la PGJCDMX - Volcanes\",\"isPartOf\":{\"@id\":\"https:\/\/volcanes.net\/#website\"},\"primaryImageOfPage\":{\"@id\":\"https:\/\/volcanes.net\/?p=479#primaryimage\"},\"image\":{\"@id\":\"https:\/\/volcanes.net\/?p=479#primaryimage\"},\"thumbnailUrl\":\"https:\/\/volcanes.net\/wp-content\/uploads\/2018\/01\/FOTO-C51.jpg\",\"datePublished\":\"2018-01-16T22:18:58+00:00\",\"breadcrumb\":{\"@id\":\"https:\/\/volcanes.net\/?p=479#breadcrumb\"},\"inLanguage\":\"es\",\"potentialAction\":[{\"@type\":\"ReadAction\",\"target\":[\"https:\/\/volcanes.net\/?p=479\"]}]},{\"@type\":\"ImageObject\",\"inLanguage\":\"es\",\"@id\":\"https:\/\/volcanes.net\/?p=479#primaryimage\",\"url\":\"https:\/\/volcanes.net\/wp-content\/uploads\/2018\/01\/FOTO-C51.jpg\",\"contentUrl\":\"https:\/\/volcanes.net\/wp-content\/uploads\/2018\/01\/FOTO-C51.jpg\",\"width\":435,\"height\":336},{\"@type\":\"BreadcrumbList\",\"@id\":\"https:\/\/volcanes.net\/?p=479#breadcrumb\",\"itemListElement\":[{\"@type\":\"ListItem\",\"position\":1,\"name\":\"Portada\",\"item\":\"https:\/\/volcanes.net\/\"},{\"@type\":\"ListItem\",\"position\":2,\"name\":\"Vinculan a proceso a dos sujetos investigados por el homicidio de agente del MP de la PGJCDMX\"}]},{\"@type\":\"WebSite\",\"@id\":\"https:\/\/volcanes.net\/#website\",\"url\":\"https:\/\/volcanes.net\/\",\"name\":\"Volcanes.Net\",\"description\":\"Periodismo Profesional\",\"publisher\":{\"@id\":\"https:\/\/volcanes.net\/#organization\"},\"potentialAction\":[{\"@type\":\"SearchAction\",\"target\":{\"@type\":\"EntryPoint\",\"urlTemplate\":\"https:\/\/volcanes.net\/?s={search_term_string}\"},\"query-input\":{\"@type\":\"PropertyValueSpecification\",\"valueRequired\":true,\"valueName\":\"search_term_string\"}}],\"inLanguage\":\"es\"},{\"@type\":\"Organization\",\"@id\":\"https:\/\/volcanes.net\/#organization\",\"name\":\"Grupo Volcanes\",\"url\":\"https:\/\/volcanes.net\/\",\"logo\":{\"@type\":\"ImageObject\",\"inLanguage\":\"es\",\"@id\":\"https:\/\/volcanes.net\/#\/schema\/logo\/image\/\",\"url\":\"http:\/\/volcanes.net\/wp-content\/uploads\/2017\/12\/Avatar2.jpg\",\"contentUrl\":\"http:\/\/volcanes.net\/wp-content\/uploads\/2017\/12\/Avatar2.jpg\",\"width\":378,\"height\":378,\"caption\":\"Grupo Volcanes\"},\"image\":{\"@id\":\"https:\/\/volcanes.net\/#\/schema\/logo\/image\/\"},\"sameAs\":[\"https:\/\/www.facebook.com\/volcanes.net\/\"]},{\"@type\":\"Person\",\"@id\":\"https:\/\/volcanes.net\/#\/schema\/person\/4bf0f383940966a4abd53f5048c0e6b9\",\"name\":\"admin\",\"image\":{\"@type\":\"ImageObject\",\"inLanguage\":\"es\",\"@id\":\"https:\/\/volcanes.net\/#\/schema\/person\/image\/\",\"url\":\"https:\/\/secure.gravatar.com\/avatar\/ca004e6cba8462b8cb7abc86e382930c?s=96&d=mm&r=g\",\"contentUrl\":\"https:\/\/secure.gravatar.com\/avatar\/ca004e6cba8462b8cb7abc86e382930c?s=96&d=mm&r=g\",\"caption\":\"admin\"}}]}<\/script>\n<!-- \/ Yoast SEO plugin. -->","yoast_head_json":{"title":"Vinculan a proceso a dos sujetos investigados por el homicidio de agente del MP de la PGJCDMX - Volcanes","robots":{"index":"index","follow":"follow","max-snippet":"max-snippet:-1","max-image-preview":"max-image-preview:large","max-video-preview":"max-video-preview:-1"},"canonical":"https:\/\/volcanes.net\/?p=479","og_locale":"es_MX","og_type":"article","og_title":"Vinculan a proceso a dos sujetos investigados por el homicidio de agente del MP de la PGJCDMX - Volcanes","og_description":"Los hechos se registraron en el mes de mayo de 2017, en el municipio de\u00a0","og_url":"https:\/\/volcanes.net\/?p=479","og_site_name":"Volcanes","article_publisher":"https:\/\/www.facebook.com\/volcanes.net\/","article_published_time":"2018-01-16T22:18:58+00:00","og_image":[{"width":435,"height":336,"url":"https:\/\/volcanes.net\/wp-content\/uploads\/2018\/01\/FOTO-C51.jpg","type":"image\/jpeg"}],"author":"admin","twitter_card":"summary_large_image","twitter_misc":{"Escrito por":"admin","Tiempo de lectura":"2 minutos"},"schema":{"@context":"https:\/\/schema.org","@graph":[{"@type":"Article","@id":"https:\/\/volcanes.net\/?p=479#article","isPartOf":{"@id":"https:\/\/volcanes.net\/?p=479"},"author":{"name":"admin","@id":"https:\/\/volcanes.net\/#\/schema\/person\/4bf0f383940966a4abd53f5048c0e6b9"},"headline":"Vinculan a proceso a dos sujetos investigados por el homicidio de agente del MP de la PGJCDMX","datePublished":"2018-01-16T22:18:58+00:00","mainEntityOfPage":{"@id":"https:\/\/volcanes.net\/?p=479"},"wordCount":502,"commentCount":0,"publisher":{"@id":"https:\/\/volcanes.net\/#organization"},"image":{"@id":"https:\/\/volcanes.net\/?p=479#primaryimage"},"thumbnailUrl":"https:\/\/volcanes.net\/wp-content\/uploads\/2018\/01\/FOTO-C51.jpg","keywords":["Naucalpan"],"articleSection":["Municipales"],"inLanguage":"es","potentialAction":[{"@type":"CommentAction","name":"Comment","target":["https:\/\/volcanes.net\/?p=479#respond"]}]},{"@type":"WebPage","@id":"https:\/\/volcanes.net\/?p=479","url":"https:\/\/volcanes.net\/?p=479","name":"Vinculan a proceso a dos sujetos investigados por el homicidio de agente del MP de la PGJCDMX - Volcanes","isPartOf":{"@id":"https:\/\/volcanes.net\/#website"},"primaryImageOfPage":{"@id":"https:\/\/volcanes.net\/?p=479#primaryimage"},"image":{"@id":"https:\/\/volcanes.net\/?p=479#primaryimage"},"thumbnailUrl":"https:\/\/volcanes.net\/wp-content\/uploads\/2018\/01\/FOTO-C51.jpg","datePublished":"2018-01-16T22:18:58+00:00","breadcrumb":{"@id":"https:\/\/volcanes.net\/?p=479#breadcrumb"},"inLanguage":"es","potentialAction":[{"@type":"ReadAction","target":["https:\/\/volcanes.net\/?p=479"]}]},{"@type":"ImageObject","inLanguage":"es","@id":"https:\/\/volcanes.net\/?p=479#primaryimage","url":"https:\/\/volcanes.net\/wp-content\/uploads\/2018\/01\/FOTO-C51.jpg","contentUrl":"https:\/\/volcanes.net\/wp-content\/uploads\/2018\/01\/FOTO-C51.jpg","width":435,"height":336},{"@type":"BreadcrumbList","@id":"https:\/\/volcanes.net\/?p=479#breadcrumb","itemListElement":[{"@type":"ListItem","position":1,"name":"Portada","item":"https:\/\/volcanes.net\/"},{"@type":"ListItem","position":2,"name":"Vinculan a proceso a dos sujetos investigados por el homicidio de agente del MP de la PGJCDMX"}]},{"@type":"WebSite","@id":"https:\/\/volcanes.net\/#website","url":"https:\/\/volcanes.net\/","name":"Volcanes.Net","description":"Periodismo Profesional","publisher":{"@id":"https:\/\/volcanes.net\/#organization"},"potentialAction":[{"@type":"SearchAction","target":{"@type":"EntryPoint","urlTemplate":"https:\/\/volcanes.net\/?s={search_term_string}"},"query-input":{"@type":"PropertyValueSpecification","valueRequired":true,"valueName":"search_term_string"}}],"inLanguage":"es"},{"@type":"Organization","@id":"https:\/\/volcanes.net\/#organization","name":"Grupo Volcanes","url":"https:\/\/volcanes.net\/","logo":{"@type":"ImageObject","inLanguage":"es","@id":"https:\/\/volcanes.net\/#\/schema\/logo\/image\/","url":"http:\/\/volcanes.net\/wp-content\/uploads\/2017\/12\/Avatar2.jpg","contentUrl":"http:\/\/volcanes.net\/wp-content\/uploads\/2017\/12\/Avatar2.jpg","width":378,"height":378,"caption":"Grupo Volcanes"},"image":{"@id":"https:\/\/volcanes.net\/#\/schema\/logo\/image\/"},"sameAs":["https:\/\/www.facebook.com\/volcanes.net\/"]},{"@type":"Person","@id":"https:\/\/volcanes.net\/#\/schema\/person\/4bf0f383940966a4abd53f5048c0e6b9","name":"admin","image":{"@type":"ImageObject","inLanguage":"es","@id":"https:\/\/volcanes.net\/#\/schema\/person\/image\/","url":"https:\/\/secure.gravatar.com\/avatar\/ca004e6cba8462b8cb7abc86e382930c?s=96&d=mm&r=g","contentUrl":"https:\/\/secure.gravatar.com\/avatar\/ca004e6cba8462b8cb7abc86e382930c?s=96&d=mm&r=g","caption":"admin"}}]}},"_links":{"self":[{"href":"https:\/\/volcanes.net\/index.php?rest_route=\/wp\/v2\/posts\/479"}],"collection":[{"href":"https:\/\/volcanes.net\/index.php?rest_route=\/wp\/v2\/posts"}],"about":[{"href":"https:\/\/volcanes.net\/index.php?rest_route=\/wp\/v2\/types\/post"}],"author":[{"embeddable":true,"href":"https:\/\/volcanes.net\/index.php?rest_route=\/wp\/v2\/users\/1"}],"replies":[{"embeddable":true,"href":"https:\/\/volcanes.net\/index.php?rest_route=%2Fwp%2Fv2%2Fcomments&post=479"}],"version-history":[{"count":1,"href":"https:\/\/volcanes.net\/index.php?rest_route=\/wp\/v2\/posts\/479\/revisions"}],"predecessor-version":[{"id":481,"href":"https:\/\/volcanes.net\/index.php?rest_route=\/wp\/v2\/posts\/479\/revisions\/481"}],"wp:featuredmedia":[{"embeddable":true,"href":"https:\/\/volcanes.net\/index.php?rest_route=\/wp\/v2\/media\/480"}],"wp:attachment":[{"href":"https:\/\/volcanes.net\/index.php?rest_route=%2Fwp%2Fv2%2Fmedia&parent=479"}],"wp:term":[{"taxonomy":"category","embeddable":true,"href":"https:\/\/volcanes.net\/index.php?rest_route=%2Fwp%2Fv2%2Fcategories&post=479"},{"taxonomy":"post_tag","embeddable":true,"href":"https:\/\/volcanes.net\/index.php?rest_route=%2Fwp%2Fv2%2Ftags&post=479"}],"curies":[{"name":"wp","href":"https:\/\/api.w.org\/{rel}","templated":true}]}}