{"id":4795,"date":"2019-05-28T13:06:30","date_gmt":"2019-05-28T19:06:30","guid":{"rendered":"https:\/\/volcanes.net\/?p=4795"},"modified":"2019-05-28T13:06:32","modified_gmt":"2019-05-28T19:06:32","slug":"alcaldesa-de-ecatzingo-asegura-que-manifestacion-de-anoche-fue-orquestada-por-taladores-clandestinos","status":"publish","type":"post","link":"https:\/\/volcanes.net\/?p=4795","title":{"rendered":"Alcaldesa de Ecatzingo asegura que manifestaci\u00f3n de anoche fue orquestada por taladores clandestinos"},"content":{"rendered":"<div style=\"margin-top: 0px; margin-bottom: 0px;\" class=\"sharethis-inline-share-buttons\" ><\/div><p style=\"box-sizing:border-box; overflow-wrap:break-word; color:rgb(85,85,85); font-family:Arial,sans-serif; font-size:14px; font-style:normal; font-variant-ligatures:normal; font-variant-caps:normal; font-weight:400; letter-spacing:normal; orphans:2; text-indent:0px; text-transform:none; white-space:normal; widows:2; word-spacing:0px; -webkit-text-stroke-width:0px; background-color:rgb(255,255,255); text-decoration-style:initial; text-decoration-color:initial; text-align:left;\"><span style=\"box-sizing:border-box; overflow-wrap:break-word; font-weight:400;\">Ecatzingo, M\u00e9x, 28 de mayo de 2019.- Sobre los hechos que se registraron anoche en el municipio de Ecatzingo,  pobladores protestaron por la detenci\u00f3n de un campesino, la alcaldesa de Ecatzingo, Roc\u00edo Sol\u00eds Robles asegur\u00f3 que se trat\u00f3 de un grupo de  taladores clandestinos y que adem\u00e1s de agredir al Comisario de Seguridad generaron da\u00f1os en patrullas de municipios aleda\u00f1os.<\/span><\/p>\n<p style=\"box-sizing:border-box; overflow-wrap:break-word; color:rgb(85,85,85); font-family:Arial,sans-serif; font-size:14px; font-style:normal; font-variant-ligatures:normal; font-variant-caps:normal; font-weight:400; letter-spacing:normal; orphans:2; text-indent:0px; text-transform:none; white-space:normal; widows:2; word-spacing:0px; -webkit-text-stroke-width:0px; background-color:rgb(255,255,255); text-decoration-style:initial; text-decoration-color:initial; text-align:left;\"><span style=\"box-sizing:border-box; overflow-wrap:break-word; font-weight:400;\">En un comunicado dirigido a la comunidad la presidenta municipal escribi\u00f3  que \u201cUn grupo de personas que se dedican a la tala clandestina se manifiestan violentamente al ser asegurados dos animales de carga que transportaban vigas. Agreden f\u00edsicamente al comisario lo dejan lesionado y ocacionandalos a las patrullas del municipio de Ozumba, Ayapango, Tenango  del Aire, Tlalmanalco y Ecatzingo\u201d.<\/span><\/p>\n<p style=\"box-sizing:border-box; overflow-wrap:break-word; color:rgb(85,85,85); font-family:Arial,sans-serif; font-size:14px; font-style:normal; font-variant-ligatures:normal; font-variant-caps:normal; font-weight:400; letter-spacing:normal; orphans:2; text-indent:0px; text-transform:none; white-space:normal; widows:2; word-spacing:0px; -webkit-text-stroke-width:0px; background-color:rgb(255,255,255); text-decoration-style:initial; text-decoration-color:initial; text-align:left;\"><span style=\"box-sizing:border-box; overflow-wrap:break-word; font-weight:400;\">Inform\u00f3  que la detenci\u00f3n  de una persona se llev\u00f3  a cabo en el marco de un operativo  intermunicipal, donde participaron elementos de seguridad p\u00fablica de varios municipios.<\/span><\/p>\n<p style=\"box-sizing:border-box; overflow-wrap:break-word; color:rgb(85,85,85); font-family:Arial,sans-serif; font-size:14px; font-style:normal; font-variant-ligatures:normal; font-variant-caps:normal; font-weight:400; letter-spacing:normal; orphans:2; text-indent:0px; text-transform:none; white-space:normal; widows:2; word-spacing:0px; -webkit-text-stroke-width:0px; background-color:rgb(255,255,255); text-decoration-style:initial; text-decoration-color:initial; text-align:left;\"><span style=\"box-sizing:border-box; overflow-wrap:break-word; font-weight:400;\">Solis Robles subray\u00f3  que no se violaron los derechos humanos de ning\u00fan ciudadano.<\/span><\/p>\n<p style=\"box-sizing:border-box; overflow-wrap:break-word; color:rgb(85,85,85); font-family:Arial,sans-serif; font-size:14px; font-style:normal; font-variant-ligatures:normal; font-variant-caps:normal; font-weight:400; letter-spacing:normal; orphans:2; text-indent:0px; text-transform:none; white-space:normal; widows:2; word-spacing:0px; -webkit-text-stroke-width:0px; background-color:rgb(255,255,255); text-decoration-style:initial; text-decoration-color:initial; text-align:left;\"><span style=\"box-sizing:border-box; overflow-wrap:break-word; font-weight:400;\">Manifest\u00f3 que la comunidad  ha solicitado seguridad y vigilancia los bosques para combatir la tala clandestina \u201c\u2026y cuando se le da cumplimiento la respuesta es lamentable\u201d.<\/span><\/p>\n<p style=\"box-sizing:border-box; overflow-wrap:break-word; color:rgb(85,85,85); font-family:Arial,sans-serif; font-size:14px; font-style:normal; font-variant-ligatures:normal; font-variant-caps:normal; font-weight:400; letter-spacing:normal; orphans:2; text-indent:0px; text-transform:none; white-space:normal; widows:2; word-spacing:0px; -webkit-text-stroke-width:0px; background-color:rgb(255,255,255); text-decoration-style:initial; text-decoration-color:initial; text-align:left;\"><span style=\"box-sizing:border-box; overflow-wrap:break-word; font-weight:400;\">A la vez que pidi\u00f3  disculpas a los municipios afectados \u201c\u2026ya que estoy [sic]  conciente de lo dif\u00edcil que es contar con patrullas\u201d<\/span><\/p>\n<p style=\"box-sizing:border-box; overflow-wrap:break-word; color:rgb(85,85,85); font-family:Arial,sans-serif; font-size:14px; font-style:normal; font-variant-ligatures:normal; font-variant-caps:normal; font-weight:400; letter-spacing:normal; orphans:2; text-indent:0px; text-transform:none; white-space:normal; widows:2; word-spacing:0px; -webkit-text-stroke-width:0px; background-color:rgb(255,255,255); text-decoration-style:initial; text-decoration-color:initial; text-align:left;\"><span style=\"box-sizing:border-box; overflow-wrap:break-word; font-weight:400;\">Y declar\u00f3 que su administraci\u00f3n siempre se ha conducido con respeto y es un gobierno que procura la paz social.<\/span><\/p>\n","protected":false},"excerpt":{"rendered":"<p>Ecatzingo, M\u00e9x, 28 de mayo de 2019.- Sobre los hechos que se registraron anoche en<\/p>\n","protected":false},"author":1,"featured_media":4797,"comment_status":"open","ping_status":"open","sticky":false,"template":"","format":"standard","meta":{"footnotes":""},"categories":[1],"tags":[15],"class_list":["post-4795","post","type-post","status-publish","format-standard","has-post-thumbnail","hentry","category-municipales","tag-ecatzingo"],"yoast_head":"<!-- This site is optimized with the Yoast SEO plugin v25.3 - https:\/\/yoast.com\/wordpress\/plugins\/seo\/ -->\n<title>Alcaldesa de Ecatzingo asegura que manifestaci\u00f3n de anoche fue orquestada por taladores clandestinos - Volcanes<\/title>\n<meta name=\"robots\" content=\"index, follow, max-snippet:-1, max-image-preview:large, max-video-preview:-1\" \/>\n<link rel=\"canonical\" href=\"https:\/\/volcanes.net\/?p=4795\" \/>\n<meta property=\"og:locale\" content=\"es_MX\" \/>\n<meta property=\"og:type\" content=\"article\" \/>\n<meta property=\"og:title\" content=\"Alcaldesa de Ecatzingo asegura que manifestaci\u00f3n de anoche fue orquestada por taladores clandestinos - Volcanes\" \/>\n<meta property=\"og:description\" content=\"Ecatzingo, M\u00e9x, 28 de mayo de 2019.- Sobre los hechos que se registraron anoche en\" \/>\n<meta property=\"og:url\" content=\"https:\/\/volcanes.net\/?p=4795\" \/>\n<meta property=\"og:site_name\" content=\"Volcanes\" \/>\n<meta property=\"article:publisher\" content=\"https:\/\/www.facebook.com\/volcanes.net\/\" \/>\n<meta property=\"article:published_time\" content=\"2019-05-28T19:06:30+00:00\" \/>\n<meta property=\"article:modified_time\" content=\"2019-05-28T19:06:32+00:00\" \/>\n<meta property=\"og:image\" content=\"https:\/\/volcanes.net\/wp-content\/uploads\/2019\/05\/IMG-20190528-WA0029_compress16.jpg\" \/>\n\t<meta property=\"og:image:width\" content=\"1024\" \/>\n\t<meta property=\"og:image:height\" content=\"768\" \/>\n\t<meta property=\"og:image:type\" content=\"image\/jpeg\" \/>\n<meta name=\"author\" content=\"admin\" \/>\n<meta name=\"twitter:card\" content=\"summary_large_image\" \/>\n<meta name=\"twitter:label1\" content=\"Escrito por\" \/>\n\t<meta name=\"twitter:data1\" content=\"admin\" \/>\n\t<meta name=\"twitter:label2\" content=\"Tiempo de lectura\" \/>\n\t<meta name=\"twitter:data2\" content=\"1 minuto\" \/>\n<script type=\"application\/ld+json\" class=\"yoast-schema-graph\">{\"@context\":\"https:\/\/schema.org\",\"@graph\":[{\"@type\":\"Article\",\"@id\":\"https:\/\/volcanes.net\/?p=4795#article\",\"isPartOf\":{\"@id\":\"https:\/\/volcanes.net\/?p=4795\"},\"author\":{\"name\":\"admin\",\"@id\":\"https:\/\/volcanes.net\/#\/schema\/person\/4bf0f383940966a4abd53f5048c0e6b9\"},\"headline\":\"Alcaldesa de Ecatzingo asegura que manifestaci\u00f3n de anoche fue orquestada por taladores clandestinos\",\"datePublished\":\"2019-05-28T19:06:30+00:00\",\"dateModified\":\"2019-05-28T19:06:32+00:00\",\"mainEntityOfPage\":{\"@id\":\"https:\/\/volcanes.net\/?p=4795\"},\"wordCount\":254,\"commentCount\":0,\"publisher\":{\"@id\":\"https:\/\/volcanes.net\/#organization\"},\"image\":{\"@id\":\"https:\/\/volcanes.net\/?p=4795#primaryimage\"},\"thumbnailUrl\":\"https:\/\/volcanes.net\/wp-content\/uploads\/2019\/05\/IMG-20190528-WA0029_compress16.jpg\",\"keywords\":[\"Ecatzingo\"],\"articleSection\":[\"Municipales\"],\"inLanguage\":\"es\",\"potentialAction\":[{\"@type\":\"CommentAction\",\"name\":\"Comment\",\"target\":[\"https:\/\/volcanes.net\/?p=4795#respond\"]}]},{\"@type\":\"WebPage\",\"@id\":\"https:\/\/volcanes.net\/?p=4795\",\"url\":\"https:\/\/volcanes.net\/?p=4795\",\"name\":\"Alcaldesa de Ecatzingo asegura que manifestaci\u00f3n de anoche fue orquestada por taladores clandestinos - Volcanes\",\"isPartOf\":{\"@id\":\"https:\/\/volcanes.net\/#website\"},\"primaryImageOfPage\":{\"@id\":\"https:\/\/volcanes.net\/?p=4795#primaryimage\"},\"image\":{\"@id\":\"https:\/\/volcanes.net\/?p=4795#primaryimage\"},\"thumbnailUrl\":\"https:\/\/volcanes.net\/wp-content\/uploads\/2019\/05\/IMG-20190528-WA0029_compress16.jpg\",\"datePublished\":\"2019-05-28T19:06:30+00:00\",\"dateModified\":\"2019-05-28T19:06:32+00:00\",\"breadcrumb\":{\"@id\":\"https:\/\/volcanes.net\/?p=4795#breadcrumb\"},\"inLanguage\":\"es\",\"potentialAction\":[{\"@type\":\"ReadAction\",\"target\":[\"https:\/\/volcanes.net\/?p=4795\"]}]},{\"@type\":\"ImageObject\",\"inLanguage\":\"es\",\"@id\":\"https:\/\/volcanes.net\/?p=4795#primaryimage\",\"url\":\"https:\/\/volcanes.net\/wp-content\/uploads\/2019\/05\/IMG-20190528-WA0029_compress16.jpg\",\"contentUrl\":\"https:\/\/volcanes.net\/wp-content\/uploads\/2019\/05\/IMG-20190528-WA0029_compress16.jpg\",\"width\":1024,\"height\":768},{\"@type\":\"BreadcrumbList\",\"@id\":\"https:\/\/volcanes.net\/?p=4795#breadcrumb\",\"itemListElement\":[{\"@type\":\"ListItem\",\"position\":1,\"name\":\"Portada\",\"item\":\"https:\/\/volcanes.net\/\"},{\"@type\":\"ListItem\",\"position\":2,\"name\":\"Alcaldesa de Ecatzingo asegura que manifestaci\u00f3n de anoche fue orquestada por taladores clandestinos\"}]},{\"@type\":\"WebSite\",\"@id\":\"https:\/\/volcanes.net\/#website\",\"url\":\"https:\/\/volcanes.net\/\",\"name\":\"Volcanes.Net\",\"description\":\"Periodismo Profesional\",\"publisher\":{\"@id\":\"https:\/\/volcanes.net\/#organization\"},\"potentialAction\":[{\"@type\":\"SearchAction\",\"target\":{\"@type\":\"EntryPoint\",\"urlTemplate\":\"https:\/\/volcanes.net\/?s={search_term_string}\"},\"query-input\":{\"@type\":\"PropertyValueSpecification\",\"valueRequired\":true,\"valueName\":\"search_term_string\"}}],\"inLanguage\":\"es\"},{\"@type\":\"Organization\",\"@id\":\"https:\/\/volcanes.net\/#organization\",\"name\":\"Grupo Volcanes\",\"url\":\"https:\/\/volcanes.net\/\",\"logo\":{\"@type\":\"ImageObject\",\"inLanguage\":\"es\",\"@id\":\"https:\/\/volcanes.net\/#\/schema\/logo\/image\/\",\"url\":\"http:\/\/volcanes.net\/wp-content\/uploads\/2017\/12\/Avatar2.jpg\",\"contentUrl\":\"http:\/\/volcanes.net\/wp-content\/uploads\/2017\/12\/Avatar2.jpg\",\"width\":378,\"height\":378,\"caption\":\"Grupo Volcanes\"},\"image\":{\"@id\":\"https:\/\/volcanes.net\/#\/schema\/logo\/image\/\"},\"sameAs\":[\"https:\/\/www.facebook.com\/volcanes.net\/\"]},{\"@type\":\"Person\",\"@id\":\"https:\/\/volcanes.net\/#\/schema\/person\/4bf0f383940966a4abd53f5048c0e6b9\",\"name\":\"admin\",\"image\":{\"@type\":\"ImageObject\",\"inLanguage\":\"es\",\"@id\":\"https:\/\/volcanes.net\/#\/schema\/person\/image\/\",\"url\":\"https:\/\/secure.gravatar.com\/avatar\/ca004e6cba8462b8cb7abc86e382930c?s=96&d=mm&r=g\",\"contentUrl\":\"https:\/\/secure.gravatar.com\/avatar\/ca004e6cba8462b8cb7abc86e382930c?s=96&d=mm&r=g\",\"caption\":\"admin\"}}]}<\/script>\n<!-- \/ Yoast SEO plugin. -->","yoast_head_json":{"title":"Alcaldesa de Ecatzingo asegura que manifestaci\u00f3n de anoche fue orquestada por taladores clandestinos - Volcanes","robots":{"index":"index","follow":"follow","max-snippet":"max-snippet:-1","max-image-preview":"max-image-preview:large","max-video-preview":"max-video-preview:-1"},"canonical":"https:\/\/volcanes.net\/?p=4795","og_locale":"es_MX","og_type":"article","og_title":"Alcaldesa de Ecatzingo asegura que manifestaci\u00f3n de anoche fue orquestada por taladores clandestinos - Volcanes","og_description":"Ecatzingo, M\u00e9x, 28 de mayo de 2019.- Sobre los hechos que se registraron anoche en","og_url":"https:\/\/volcanes.net\/?p=4795","og_site_name":"Volcanes","article_publisher":"https:\/\/www.facebook.com\/volcanes.net\/","article_published_time":"2019-05-28T19:06:30+00:00","article_modified_time":"2019-05-28T19:06:32+00:00","og_image":[{"width":1024,"height":768,"url":"https:\/\/volcanes.net\/wp-content\/uploads\/2019\/05\/IMG-20190528-WA0029_compress16.jpg","type":"image\/jpeg"}],"author":"admin","twitter_card":"summary_large_image","twitter_misc":{"Escrito por":"admin","Tiempo de lectura":"1 minuto"},"schema":{"@context":"https:\/\/schema.org","@graph":[{"@type":"Article","@id":"https:\/\/volcanes.net\/?p=4795#article","isPartOf":{"@id":"https:\/\/volcanes.net\/?p=4795"},"author":{"name":"admin","@id":"https:\/\/volcanes.net\/#\/schema\/person\/4bf0f383940966a4abd53f5048c0e6b9"},"headline":"Alcaldesa de Ecatzingo asegura que manifestaci\u00f3n de anoche fue orquestada por taladores clandestinos","datePublished":"2019-05-28T19:06:30+00:00","dateModified":"2019-05-28T19:06:32+00:00","mainEntityOfPage":{"@id":"https:\/\/volcanes.net\/?p=4795"},"wordCount":254,"commentCount":0,"publisher":{"@id":"https:\/\/volcanes.net\/#organization"},"image":{"@id":"https:\/\/volcanes.net\/?p=4795#primaryimage"},"thumbnailUrl":"https:\/\/volcanes.net\/wp-content\/uploads\/2019\/05\/IMG-20190528-WA0029_compress16.jpg","keywords":["Ecatzingo"],"articleSection":["Municipales"],"inLanguage":"es","potentialAction":[{"@type":"CommentAction","name":"Comment","target":["https:\/\/volcanes.net\/?p=4795#respond"]}]},{"@type":"WebPage","@id":"https:\/\/volcanes.net\/?p=4795","url":"https:\/\/volcanes.net\/?p=4795","name":"Alcaldesa de Ecatzingo asegura que manifestaci\u00f3n de anoche fue orquestada por taladores clandestinos - Volcanes","isPartOf":{"@id":"https:\/\/volcanes.net\/#website"},"primaryImageOfPage":{"@id":"https:\/\/volcanes.net\/?p=4795#primaryimage"},"image":{"@id":"https:\/\/volcanes.net\/?p=4795#primaryimage"},"thumbnailUrl":"https:\/\/volcanes.net\/wp-content\/uploads\/2019\/05\/IMG-20190528-WA0029_compress16.jpg","datePublished":"2019-05-28T19:06:30+00:00","dateModified":"2019-05-28T19:06:32+00:00","breadcrumb":{"@id":"https:\/\/volcanes.net\/?p=4795#breadcrumb"},"inLanguage":"es","potentialAction":[{"@type":"ReadAction","target":["https:\/\/volcanes.net\/?p=4795"]}]},{"@type":"ImageObject","inLanguage":"es","@id":"https:\/\/volcanes.net\/?p=4795#primaryimage","url":"https:\/\/volcanes.net\/wp-content\/uploads\/2019\/05\/IMG-20190528-WA0029_compress16.jpg","contentUrl":"https:\/\/volcanes.net\/wp-content\/uploads\/2019\/05\/IMG-20190528-WA0029_compress16.jpg","width":1024,"height":768},{"@type":"BreadcrumbList","@id":"https:\/\/volcanes.net\/?p=4795#breadcrumb","itemListElement":[{"@type":"ListItem","position":1,"name":"Portada","item":"https:\/\/volcanes.net\/"},{"@type":"ListItem","position":2,"name":"Alcaldesa de Ecatzingo asegura que manifestaci\u00f3n de anoche fue orquestada por taladores clandestinos"}]},{"@type":"WebSite","@id":"https:\/\/volcanes.net\/#website","url":"https:\/\/volcanes.net\/","name":"Volcanes.Net","description":"Periodismo Profesional","publisher":{"@id":"https:\/\/volcanes.net\/#organization"},"potentialAction":[{"@type":"SearchAction","target":{"@type":"EntryPoint","urlTemplate":"https:\/\/volcanes.net\/?s={search_term_string}"},"query-input":{"@type":"PropertyValueSpecification","valueRequired":true,"valueName":"search_term_string"}}],"inLanguage":"es"},{"@type":"Organization","@id":"https:\/\/volcanes.net\/#organization","name":"Grupo Volcanes","url":"https:\/\/volcanes.net\/","logo":{"@type":"ImageObject","inLanguage":"es","@id":"https:\/\/volcanes.net\/#\/schema\/logo\/image\/","url":"http:\/\/volcanes.net\/wp-content\/uploads\/2017\/12\/Avatar2.jpg","contentUrl":"http:\/\/volcanes.net\/wp-content\/uploads\/2017\/12\/Avatar2.jpg","width":378,"height":378,"caption":"Grupo Volcanes"},"image":{"@id":"https:\/\/volcanes.net\/#\/schema\/logo\/image\/"},"sameAs":["https:\/\/www.facebook.com\/volcanes.net\/"]},{"@type":"Person","@id":"https:\/\/volcanes.net\/#\/schema\/person\/4bf0f383940966a4abd53f5048c0e6b9","name":"admin","image":{"@type":"ImageObject","inLanguage":"es","@id":"https:\/\/volcanes.net\/#\/schema\/person\/image\/","url":"https:\/\/secure.gravatar.com\/avatar\/ca004e6cba8462b8cb7abc86e382930c?s=96&d=mm&r=g","contentUrl":"https:\/\/secure.gravatar.com\/avatar\/ca004e6cba8462b8cb7abc86e382930c?s=96&d=mm&r=g","caption":"admin"}}]}},"_links":{"self":[{"href":"https:\/\/volcanes.net\/index.php?rest_route=\/wp\/v2\/posts\/4795"}],"collection":[{"href":"https:\/\/volcanes.net\/index.php?rest_route=\/wp\/v2\/posts"}],"about":[{"href":"https:\/\/volcanes.net\/index.php?rest_route=\/wp\/v2\/types\/post"}],"author":[{"embeddable":true,"href":"https:\/\/volcanes.net\/index.php?rest_route=\/wp\/v2\/users\/1"}],"replies":[{"embeddable":true,"href":"https:\/\/volcanes.net\/index.php?rest_route=%2Fwp%2Fv2%2Fcomments&post=4795"}],"version-history":[{"count":2,"href":"https:\/\/volcanes.net\/index.php?rest_route=\/wp\/v2\/posts\/4795\/revisions"}],"predecessor-version":[{"id":4798,"href":"https:\/\/volcanes.net\/index.php?rest_route=\/wp\/v2\/posts\/4795\/revisions\/4798"}],"wp:featuredmedia":[{"embeddable":true,"href":"https:\/\/volcanes.net\/index.php?rest_route=\/wp\/v2\/media\/4797"}],"wp:attachment":[{"href":"https:\/\/volcanes.net\/index.php?rest_route=%2Fwp%2Fv2%2Fmedia&parent=4795"}],"wp:term":[{"taxonomy":"category","embeddable":true,"href":"https:\/\/volcanes.net\/index.php?rest_route=%2Fwp%2Fv2%2Fcategories&post=4795"},{"taxonomy":"post_tag","embeddable":true,"href":"https:\/\/volcanes.net\/index.php?rest_route=%2Fwp%2Fv2%2Ftags&post=4795"}],"curies":[{"name":"wp","href":"https:\/\/api.w.org\/{rel}","templated":true}]}}