{"id":4800,"date":"2019-05-28T14:47:16","date_gmt":"2019-05-28T20:47:16","guid":{"rendered":"https:\/\/volcanes.net\/?p=4800"},"modified":"2019-05-28T14:47:42","modified_gmt":"2019-05-28T20:47:42","slug":"muestran-vehiculos-deportivos-en-la-expo-4-ruedas","status":"publish","type":"post","link":"https:\/\/volcanes.net\/?p=4800","title":{"rendered":"Muestran veh\u00edculos deportivos en la Expo 4 ruedas"},"content":{"rendered":"<div style=\"margin-top: 0px; margin-bottom: 0px;\" class=\"sharethis-inline-share-buttons\" ><\/div><p class=\"MsoNormal\" style=\"color:rgb(0,0,0); font-style:normal; font-variant-ligatures:normal; font-variant-caps:normal; font-weight:400; letter-spacing:normal; orphans:2; text-indent:0px; text-transform:none; white-space:normal; widows:2; word-spacing:0px; -webkit-text-stroke-width:0px; text-decoration-style:initial; text-decoration-color:initial; margin:0cm0cm8ptline-height:15.5467px; font-size:11pt; font-family:Calibri,sans-serif; text-align:left;\"><span style=\"font-size:10pt; line-height:14.1333px;\"><b><i>*Reconoce el grupo Mustang Top Riders la seguridad de Ixtapaluca para realizar estas exhibiciones<\/i><\/b><\/span><\/p>\n<p class=\"MsoNormal\" style=\"color:rgb(0,0,0); font-style:normal; font-variant-ligatures:normal; font-variant-caps:normal; font-weight:400; letter-spacing:normal; orphans:2; text-indent:0px; text-transform:none; white-space:normal; widows:2; word-spacing:0px; -webkit-text-stroke-width:0px; text-decoration-style:initial; text-decoration-color:initial; margin:0cm0cm8ptline-height:15.5467px; font-size:11pt; font-family:Calibri,sans-serif; text-align:left;\"> En un ambiente 100 por ciento familiar, se realiz\u00f3 la Expo 4 Ruedas en la que participaron 100 autom\u00f3viles Mustang, desde el m\u00e1s antiguo al m\u00e1s reciente, para quienes son amantes de los veh\u00edculos deportivos, evento organizado por el Instituto Municipal de la Juventud en Ixtapaluca.<\/p>\n<p class=\"MsoNormal\" style=\"color:rgb(0,0,0); font-style:normal; font-variant-ligatures:normal; font-variant-caps:normal; font-weight:400; letter-spacing:normal; orphans:2; text-indent:0px; text-transform:none; white-space:normal; widows:2; word-spacing:0px; -webkit-text-stroke-width:0px; text-decoration-style:initial; text-decoration-color:initial; margin:0cm0cm8ptline-height:15.5467px; font-size:11pt; font-family:Calibri,sans-serif; text-align:left;\">Sergio Perdomo del grupo Mustang Top Riders destac\u00f3 la importancia de este evento, principalmente por la seguridad. \u201cEs muy confortable estar en Ixtapaluca pero sobre todo que el gobierno municipal piense en hacer este tipo de encuentros para los j\u00f3venes\u201d.<\/p>\n<p class=\"MsoNormal\" style=\"color:rgb(0,0,0); font-style:normal; font-variant-ligatures:normal; font-variant-caps:normal; font-weight:400; letter-spacing:normal; orphans:2; text-indent:0px; text-transform:none; white-space:normal; widows:2; word-spacing:0px; -webkit-text-stroke-width:0px; text-decoration-style:initial; text-decoration-color:initial; margin:0cm0cm8ptline-height:15.5467px; font-size:11pt; font-family:Calibri,sans-serif; text-align:left;\">Con la presentaci\u00f3n de estas unidades de colecci\u00f3n, \u00e9l result\u00f3 ser uno de los ganadores de esta exposici\u00f3n al presentar una unidad en perfectas condiciones color rojo.<\/p>\n<p class=\"MsoNormal\" style=\"color:rgb(0,0,0); font-style:normal; font-variant-ligatures:normal; font-variant-caps:normal; font-weight:400; letter-spacing:normal; orphans:2; text-indent:0px; text-transform:none; white-space:normal; widows:2; word-spacing:0px; -webkit-text-stroke-width:0px; text-decoration-style:initial; text-decoration-color:initial; margin:0cm0cm8ptline-height:15.5467px; font-size:11pt; font-family:Calibri,sans-serif; text-align:left;\">A esta actividad se sumaron bandas de rock y se dio la oportunidad a quienes practican el skate para  que demostraran sus habilidades en la patineta.<\/p>\n<p class=\"MsoNormal\" style=\"color:rgb(0,0,0); font-style:normal; font-variant-ligatures:normal; font-variant-caps:normal; font-weight:400; letter-spacing:normal; orphans:2; text-indent:0px; text-transform:none; white-space:normal; widows:2; word-spacing:0px; -webkit-text-stroke-width:0px; text-decoration-style:initial; text-decoration-color:initial; margin:0cm0cm8ptline-height:15.5467px; font-size:11pt; font-family:Calibri,sans-serif; text-align:left;\">Por su parte,  el titular del   Instituto Municipal de la Juventud en Ixtapaluca,  Jes\u00fas Hern\u00e1ndez, dijo que lo importante de este tipo  de eventos es conjuntar a la familia, tanto j\u00f3venes, ni\u00f1os y  padres.<\/p>\n<p class=\"MsoNormal\" style=\"color:rgb(0,0,0); font-style:normal; font-variant-ligatures:normal; font-variant-caps:normal; font-weight:400; letter-spacing:normal; orphans:2; text-indent:0px; text-transform:none; white-space:normal; widows:2; word-spacing:0px; -webkit-text-stroke-width:0px; text-decoration-style:initial; text-decoration-color:initial; margin:0cm0cm8ptline-height:15.5467px; font-size:11pt; font-family:Calibri,sans-serif; text-align:left;\">Agradeci\u00f3  a la primera regidora, Kevya Galv\u00e1n Camacho, por el apoyo brindado en estas actividades, sobre todo el inter\u00e9s que tiene la alcaldesa, Maricela Serrano Hern\u00e1ndez, por  preocuparse por los j\u00f3venes y permitir este tipo acciones, que van acompa\u00f1adas con la incondicional  ayuda y preocupaci\u00f3n  por el sector educativo.<\/p>\n<p class=\"MsoNormal\" style=\"color:rgb(0,0,0); font-style:normal; font-variant-ligatures:normal; font-variant-caps:normal; font-weight:400; letter-spacing:normal; orphans:2; text-indent:0px; text-transform:none; white-space:normal; widows:2; word-spacing:0px; -webkit-text-stroke-width:0px; text-decoration-style:initial; text-decoration-color:initial; margin:0cm0cm8ptline-height:15.5467px; font-size:11pt; font-family:Calibri,sans-serif; text-align:left;\">El pr\u00f3ximo mes se llevar\u00e1 a cabo la denominada olimpiada de barrio, con representantes de todas las ramas del deporte, principalmente basquetbol callejero, futbol, front\u00f3n y skate, pues este municipio cuenta con las instalaciones apropiadas para realizarla.<\/p>\n","protected":false},"excerpt":{"rendered":"<p>*Reconoce el grupo Mustang Top Riders la seguridad de Ixtapaluca para realizar estas exhibiciones En<\/p>\n","protected":false},"author":1,"featured_media":4799,"comment_status":"open","ping_status":"open","sticky":false,"template":"","format":"standard","meta":{"footnotes":""},"categories":[1],"tags":[6],"class_list":["post-4800","post","type-post","status-publish","format-standard","has-post-thumbnail","hentry","category-municipales","tag-ixtapaluca"],"yoast_head":"<!-- This site is optimized with the Yoast SEO plugin v25.3 - https:\/\/yoast.com\/wordpress\/plugins\/seo\/ -->\n<title>Muestran veh\u00edculos deportivos en la Expo 4 ruedas - Volcanes<\/title>\n<meta name=\"robots\" content=\"index, follow, max-snippet:-1, max-image-preview:large, max-video-preview:-1\" \/>\n<link rel=\"canonical\" href=\"https:\/\/volcanes.net\/?p=4800\" \/>\n<meta property=\"og:locale\" content=\"es_MX\" \/>\n<meta property=\"og:type\" content=\"article\" \/>\n<meta property=\"og:title\" content=\"Muestran veh\u00edculos deportivos en la Expo 4 ruedas - Volcanes\" \/>\n<meta property=\"og:description\" content=\"*Reconoce el grupo Mustang Top Riders la seguridad de Ixtapaluca para realizar estas exhibiciones En\" \/>\n<meta property=\"og:url\" content=\"https:\/\/volcanes.net\/?p=4800\" \/>\n<meta property=\"og:site_name\" content=\"Volcanes\" \/>\n<meta property=\"article:publisher\" content=\"https:\/\/www.facebook.com\/volcanes.net\/\" \/>\n<meta property=\"article:published_time\" content=\"2019-05-28T20:47:16+00:00\" \/>\n<meta property=\"article:modified_time\" content=\"2019-05-28T20:47:42+00:00\" \/>\n<meta property=\"og:image\" content=\"https:\/\/volcanes.net\/wp-content\/uploads\/2019\/05\/EXPO-4-RUEDAS-8-_compress14.jpg\" \/>\n\t<meta property=\"og:image:width\" content=\"1296\" \/>\n\t<meta property=\"og:image:height\" content=\"864\" \/>\n\t<meta property=\"og:image:type\" content=\"image\/jpeg\" \/>\n<meta name=\"author\" content=\"admin\" \/>\n<meta name=\"twitter:card\" content=\"summary_large_image\" \/>\n<meta name=\"twitter:label1\" content=\"Escrito por\" \/>\n\t<meta name=\"twitter:data1\" content=\"admin\" \/>\n\t<meta name=\"twitter:label2\" content=\"Tiempo de lectura\" \/>\n\t<meta name=\"twitter:data2\" content=\"1 minuto\" \/>\n<script type=\"application\/ld+json\" class=\"yoast-schema-graph\">{\"@context\":\"https:\/\/schema.org\",\"@graph\":[{\"@type\":\"Article\",\"@id\":\"https:\/\/volcanes.net\/?p=4800#article\",\"isPartOf\":{\"@id\":\"https:\/\/volcanes.net\/?p=4800\"},\"author\":{\"name\":\"admin\",\"@id\":\"https:\/\/volcanes.net\/#\/schema\/person\/4bf0f383940966a4abd53f5048c0e6b9\"},\"headline\":\"Muestran veh\u00edculos deportivos en la Expo 4 ruedas\",\"datePublished\":\"2019-05-28T20:47:16+00:00\",\"dateModified\":\"2019-05-28T20:47:42+00:00\",\"mainEntityOfPage\":{\"@id\":\"https:\/\/volcanes.net\/?p=4800\"},\"wordCount\":298,\"commentCount\":0,\"publisher\":{\"@id\":\"https:\/\/volcanes.net\/#organization\"},\"image\":{\"@id\":\"https:\/\/volcanes.net\/?p=4800#primaryimage\"},\"thumbnailUrl\":\"https:\/\/volcanes.net\/wp-content\/uploads\/2019\/05\/EXPO-4-RUEDAS-8-_compress14.jpg\",\"keywords\":[\"Ixtapaluca\"],\"articleSection\":[\"Municipales\"],\"inLanguage\":\"es\",\"potentialAction\":[{\"@type\":\"CommentAction\",\"name\":\"Comment\",\"target\":[\"https:\/\/volcanes.net\/?p=4800#respond\"]}]},{\"@type\":\"WebPage\",\"@id\":\"https:\/\/volcanes.net\/?p=4800\",\"url\":\"https:\/\/volcanes.net\/?p=4800\",\"name\":\"Muestran veh\u00edculos deportivos en la Expo 4 ruedas - Volcanes\",\"isPartOf\":{\"@id\":\"https:\/\/volcanes.net\/#website\"},\"primaryImageOfPage\":{\"@id\":\"https:\/\/volcanes.net\/?p=4800#primaryimage\"},\"image\":{\"@id\":\"https:\/\/volcanes.net\/?p=4800#primaryimage\"},\"thumbnailUrl\":\"https:\/\/volcanes.net\/wp-content\/uploads\/2019\/05\/EXPO-4-RUEDAS-8-_compress14.jpg\",\"datePublished\":\"2019-05-28T20:47:16+00:00\",\"dateModified\":\"2019-05-28T20:47:42+00:00\",\"breadcrumb\":{\"@id\":\"https:\/\/volcanes.net\/?p=4800#breadcrumb\"},\"inLanguage\":\"es\",\"potentialAction\":[{\"@type\":\"ReadAction\",\"target\":[\"https:\/\/volcanes.net\/?p=4800\"]}]},{\"@type\":\"ImageObject\",\"inLanguage\":\"es\",\"@id\":\"https:\/\/volcanes.net\/?p=4800#primaryimage\",\"url\":\"https:\/\/volcanes.net\/wp-content\/uploads\/2019\/05\/EXPO-4-RUEDAS-8-_compress14.jpg\",\"contentUrl\":\"https:\/\/volcanes.net\/wp-content\/uploads\/2019\/05\/EXPO-4-RUEDAS-8-_compress14.jpg\",\"width\":1296,\"height\":864},{\"@type\":\"BreadcrumbList\",\"@id\":\"https:\/\/volcanes.net\/?p=4800#breadcrumb\",\"itemListElement\":[{\"@type\":\"ListItem\",\"position\":1,\"name\":\"Portada\",\"item\":\"https:\/\/volcanes.net\/\"},{\"@type\":\"ListItem\",\"position\":2,\"name\":\"Muestran veh\u00edculos deportivos en la Expo 4 ruedas\"}]},{\"@type\":\"WebSite\",\"@id\":\"https:\/\/volcanes.net\/#website\",\"url\":\"https:\/\/volcanes.net\/\",\"name\":\"Volcanes.Net\",\"description\":\"Periodismo Profesional\",\"publisher\":{\"@id\":\"https:\/\/volcanes.net\/#organization\"},\"potentialAction\":[{\"@type\":\"SearchAction\",\"target\":{\"@type\":\"EntryPoint\",\"urlTemplate\":\"https:\/\/volcanes.net\/?s={search_term_string}\"},\"query-input\":{\"@type\":\"PropertyValueSpecification\",\"valueRequired\":true,\"valueName\":\"search_term_string\"}}],\"inLanguage\":\"es\"},{\"@type\":\"Organization\",\"@id\":\"https:\/\/volcanes.net\/#organization\",\"name\":\"Grupo Volcanes\",\"url\":\"https:\/\/volcanes.net\/\",\"logo\":{\"@type\":\"ImageObject\",\"inLanguage\":\"es\",\"@id\":\"https:\/\/volcanes.net\/#\/schema\/logo\/image\/\",\"url\":\"http:\/\/volcanes.net\/wp-content\/uploads\/2017\/12\/Avatar2.jpg\",\"contentUrl\":\"http:\/\/volcanes.net\/wp-content\/uploads\/2017\/12\/Avatar2.jpg\",\"width\":378,\"height\":378,\"caption\":\"Grupo Volcanes\"},\"image\":{\"@id\":\"https:\/\/volcanes.net\/#\/schema\/logo\/image\/\"},\"sameAs\":[\"https:\/\/www.facebook.com\/volcanes.net\/\"]},{\"@type\":\"Person\",\"@id\":\"https:\/\/volcanes.net\/#\/schema\/person\/4bf0f383940966a4abd53f5048c0e6b9\",\"name\":\"admin\",\"image\":{\"@type\":\"ImageObject\",\"inLanguage\":\"es\",\"@id\":\"https:\/\/volcanes.net\/#\/schema\/person\/image\/\",\"url\":\"https:\/\/secure.gravatar.com\/avatar\/ca004e6cba8462b8cb7abc86e382930c?s=96&d=mm&r=g\",\"contentUrl\":\"https:\/\/secure.gravatar.com\/avatar\/ca004e6cba8462b8cb7abc86e382930c?s=96&d=mm&r=g\",\"caption\":\"admin\"}}]}<\/script>\n<!-- \/ Yoast SEO plugin. -->","yoast_head_json":{"title":"Muestran veh\u00edculos deportivos en la Expo 4 ruedas - Volcanes","robots":{"index":"index","follow":"follow","max-snippet":"max-snippet:-1","max-image-preview":"max-image-preview:large","max-video-preview":"max-video-preview:-1"},"canonical":"https:\/\/volcanes.net\/?p=4800","og_locale":"es_MX","og_type":"article","og_title":"Muestran veh\u00edculos deportivos en la Expo 4 ruedas - Volcanes","og_description":"*Reconoce el grupo Mustang Top Riders la seguridad de Ixtapaluca para realizar estas exhibiciones En","og_url":"https:\/\/volcanes.net\/?p=4800","og_site_name":"Volcanes","article_publisher":"https:\/\/www.facebook.com\/volcanes.net\/","article_published_time":"2019-05-28T20:47:16+00:00","article_modified_time":"2019-05-28T20:47:42+00:00","og_image":[{"width":1296,"height":864,"url":"https:\/\/volcanes.net\/wp-content\/uploads\/2019\/05\/EXPO-4-RUEDAS-8-_compress14.jpg","type":"image\/jpeg"}],"author":"admin","twitter_card":"summary_large_image","twitter_misc":{"Escrito por":"admin","Tiempo de lectura":"1 minuto"},"schema":{"@context":"https:\/\/schema.org","@graph":[{"@type":"Article","@id":"https:\/\/volcanes.net\/?p=4800#article","isPartOf":{"@id":"https:\/\/volcanes.net\/?p=4800"},"author":{"name":"admin","@id":"https:\/\/volcanes.net\/#\/schema\/person\/4bf0f383940966a4abd53f5048c0e6b9"},"headline":"Muestran veh\u00edculos deportivos en la Expo 4 ruedas","datePublished":"2019-05-28T20:47:16+00:00","dateModified":"2019-05-28T20:47:42+00:00","mainEntityOfPage":{"@id":"https:\/\/volcanes.net\/?p=4800"},"wordCount":298,"commentCount":0,"publisher":{"@id":"https:\/\/volcanes.net\/#organization"},"image":{"@id":"https:\/\/volcanes.net\/?p=4800#primaryimage"},"thumbnailUrl":"https:\/\/volcanes.net\/wp-content\/uploads\/2019\/05\/EXPO-4-RUEDAS-8-_compress14.jpg","keywords":["Ixtapaluca"],"articleSection":["Municipales"],"inLanguage":"es","potentialAction":[{"@type":"CommentAction","name":"Comment","target":["https:\/\/volcanes.net\/?p=4800#respond"]}]},{"@type":"WebPage","@id":"https:\/\/volcanes.net\/?p=4800","url":"https:\/\/volcanes.net\/?p=4800","name":"Muestran veh\u00edculos deportivos en la Expo 4 ruedas - Volcanes","isPartOf":{"@id":"https:\/\/volcanes.net\/#website"},"primaryImageOfPage":{"@id":"https:\/\/volcanes.net\/?p=4800#primaryimage"},"image":{"@id":"https:\/\/volcanes.net\/?p=4800#primaryimage"},"thumbnailUrl":"https:\/\/volcanes.net\/wp-content\/uploads\/2019\/05\/EXPO-4-RUEDAS-8-_compress14.jpg","datePublished":"2019-05-28T20:47:16+00:00","dateModified":"2019-05-28T20:47:42+00:00","breadcrumb":{"@id":"https:\/\/volcanes.net\/?p=4800#breadcrumb"},"inLanguage":"es","potentialAction":[{"@type":"ReadAction","target":["https:\/\/volcanes.net\/?p=4800"]}]},{"@type":"ImageObject","inLanguage":"es","@id":"https:\/\/volcanes.net\/?p=4800#primaryimage","url":"https:\/\/volcanes.net\/wp-content\/uploads\/2019\/05\/EXPO-4-RUEDAS-8-_compress14.jpg","contentUrl":"https:\/\/volcanes.net\/wp-content\/uploads\/2019\/05\/EXPO-4-RUEDAS-8-_compress14.jpg","width":1296,"height":864},{"@type":"BreadcrumbList","@id":"https:\/\/volcanes.net\/?p=4800#breadcrumb","itemListElement":[{"@type":"ListItem","position":1,"name":"Portada","item":"https:\/\/volcanes.net\/"},{"@type":"ListItem","position":2,"name":"Muestran veh\u00edculos deportivos en la Expo 4 ruedas"}]},{"@type":"WebSite","@id":"https:\/\/volcanes.net\/#website","url":"https:\/\/volcanes.net\/","name":"Volcanes.Net","description":"Periodismo Profesional","publisher":{"@id":"https:\/\/volcanes.net\/#organization"},"potentialAction":[{"@type":"SearchAction","target":{"@type":"EntryPoint","urlTemplate":"https:\/\/volcanes.net\/?s={search_term_string}"},"query-input":{"@type":"PropertyValueSpecification","valueRequired":true,"valueName":"search_term_string"}}],"inLanguage":"es"},{"@type":"Organization","@id":"https:\/\/volcanes.net\/#organization","name":"Grupo Volcanes","url":"https:\/\/volcanes.net\/","logo":{"@type":"ImageObject","inLanguage":"es","@id":"https:\/\/volcanes.net\/#\/schema\/logo\/image\/","url":"http:\/\/volcanes.net\/wp-content\/uploads\/2017\/12\/Avatar2.jpg","contentUrl":"http:\/\/volcanes.net\/wp-content\/uploads\/2017\/12\/Avatar2.jpg","width":378,"height":378,"caption":"Grupo Volcanes"},"image":{"@id":"https:\/\/volcanes.net\/#\/schema\/logo\/image\/"},"sameAs":["https:\/\/www.facebook.com\/volcanes.net\/"]},{"@type":"Person","@id":"https:\/\/volcanes.net\/#\/schema\/person\/4bf0f383940966a4abd53f5048c0e6b9","name":"admin","image":{"@type":"ImageObject","inLanguage":"es","@id":"https:\/\/volcanes.net\/#\/schema\/person\/image\/","url":"https:\/\/secure.gravatar.com\/avatar\/ca004e6cba8462b8cb7abc86e382930c?s=96&d=mm&r=g","contentUrl":"https:\/\/secure.gravatar.com\/avatar\/ca004e6cba8462b8cb7abc86e382930c?s=96&d=mm&r=g","caption":"admin"}}]}},"_links":{"self":[{"href":"https:\/\/volcanes.net\/index.php?rest_route=\/wp\/v2\/posts\/4800"}],"collection":[{"href":"https:\/\/volcanes.net\/index.php?rest_route=\/wp\/v2\/posts"}],"about":[{"href":"https:\/\/volcanes.net\/index.php?rest_route=\/wp\/v2\/types\/post"}],"author":[{"embeddable":true,"href":"https:\/\/volcanes.net\/index.php?rest_route=\/wp\/v2\/users\/1"}],"replies":[{"embeddable":true,"href":"https:\/\/volcanes.net\/index.php?rest_route=%2Fwp%2Fv2%2Fcomments&post=4800"}],"version-history":[{"count":1,"href":"https:\/\/volcanes.net\/index.php?rest_route=\/wp\/v2\/posts\/4800\/revisions"}],"predecessor-version":[{"id":4801,"href":"https:\/\/volcanes.net\/index.php?rest_route=\/wp\/v2\/posts\/4800\/revisions\/4801"}],"wp:featuredmedia":[{"embeddable":true,"href":"https:\/\/volcanes.net\/index.php?rest_route=\/wp\/v2\/media\/4799"}],"wp:attachment":[{"href":"https:\/\/volcanes.net\/index.php?rest_route=%2Fwp%2Fv2%2Fmedia&parent=4800"}],"wp:term":[{"taxonomy":"category","embeddable":true,"href":"https:\/\/volcanes.net\/index.php?rest_route=%2Fwp%2Fv2%2Fcategories&post=4800"},{"taxonomy":"post_tag","embeddable":true,"href":"https:\/\/volcanes.net\/index.php?rest_route=%2Fwp%2Fv2%2Ftags&post=4800"}],"curies":[{"name":"wp","href":"https:\/\/api.w.org\/{rel}","templated":true}]}}