{"id":4803,"date":"2019-05-30T07:20:00","date_gmt":"2019-05-30T13:20:00","guid":{"rendered":"https:\/\/volcanes.net\/?p=4803"},"modified":"2019-05-30T07:20:23","modified_gmt":"2019-05-30T13:20:23","slug":"cumple-ixtapaluca-con-el-sector-educativo","status":"publish","type":"post","link":"https:\/\/volcanes.net\/?p=4803","title":{"rendered":"Cumple Ixtapaluca con el sector educativo"},"content":{"rendered":"<div style=\"margin-top: 0px; margin-bottom: 0px;\" class=\"sharethis-inline-share-buttons\" ><\/div><p class=\"MsoNormal\" style=\"color:rgb(0,0,0); font-style:normal; font-variant-ligatures:normal; font-variant-caps:normal; font-weight:400; letter-spacing:normal; orphans:2; text-indent:0px; text-transform:none; white-space:normal; widows:2; word-spacing:0px; -webkit-text-stroke-width:0px; text-decoration-style:initial; text-decoration-color:initialmargin:0cm0cm8pt; line-height:20.2444px; font-size:11pt; font-family:Calibri,sans-serif; text-align:left;\"><b><i>*Entregan dos m\u00f3dulos sanitarios m\u00e1s; en San Francisco y Coatepec<\/i><\/b><\/p>\n<p class=\"MsoNormal\" style=\"color:rgb(0,0,0); font-style:normal; font-variant-ligatures:normal; font-variant-caps:normal; font-weight:400; letter-spacing:normal; orphans:2; text-indent:0px; text-transform:none; white-space:normal; widows:2; word-spacing:0px; -webkit-text-stroke-width:0px; text-decoration-style:initial; text-decoration-color:initialmargin:0cm0cm8pt; line-height:20.2444px; font-size:11pt; font-family:Calibri,sans-serif; text-align:left;\">\u201cDetr\u00e1s de una obra existe un gobierno que conoce las necesidades de las instituciones y respalda a la educaci\u00f3n porque ve la realidad que los estudiantes vivimos; este es el caso de la administraci\u00f3n en Ixtapaluca\u201d, expres\u00f3 la alumna Ana Ram\u00edrez, en la inauguraci\u00f3n de una obra escolar.<\/p>\n<p class=\"MsoNormal\" style=\"color:rgb(0,0,0); font-style:normal; font-variant-ligatures:normal; font-variant-caps:normal; font-weight:400; letter-spacing:normal; orphans:2; text-indent:0px; text-transform:none; white-space:normal; widows:2; word-spacing:0px; -webkit-text-stroke-width:0px; text-decoration-style:initial; text-decoration-color:initialmargin:0cm0cm8pt; line-height:20.2444px; font-size:11pt; font-family:Calibri,sans-serif; text-align:left;\">En gira de trabajo, el secretario del Ayuntamiento, Armando Ram\u00edrez, hizo entrega de la rehabilitaci\u00f3n de los m\u00f3dulos sanitarios de la preparatoria oficial 279, en la colonia Ampliaci\u00f3n San Francisco, y el preescolar Laura M\u00e9ndez de Cuenca, en el poblado de Coatepec, mejorando sustancialmente las condiciones de higiene.<\/p>\n<p class=\"MsoNormal\" style=\"color:rgb(0,0,0); font-style:normal; font-variant-ligatures:normal; font-variant-caps:normal; font-weight:400; letter-spacing:normal; orphans:2; text-indent:0px; text-transform:none; white-space:normal; widows:2; word-spacing:0px; -webkit-text-stroke-width:0px; text-decoration-style:initial; text-decoration-color:initialmargin:0cm0cm8pt; line-height:20.2444px; font-size:11pt; font-family:Calibri,sans-serif; text-align:left;\">Los trabajos realizados en ambas instituciones consistieron en el desmantelamiento de muebles, retiro de loseta, colocaci\u00f3n de wc, mingitorios ecol\u00f3gicos, aplicaci\u00f3n de pinturas, suministro y colocaci\u00f3n de mamparas, puertas y canceler\u00eda de aluminio.<\/p>\n<p class=\"MsoNormal\" style=\"color:rgb(0,0,0); font-style:normal; font-variant-ligatures:normal; font-variant-caps:normal; font-weight:400; letter-spacing:normal; orphans:2; text-indent:0px; text-transform:none; white-space:normal; widows:2; word-spacing:0px; -webkit-text-stroke-width:0px; text-decoration-style:initial; text-decoration-color:initialmargin:0cm0cm8pt; line-height:20.2444px; font-size:11pt; font-family:Calibri,sans-serif; text-align:left;\">Armando Ram\u00edrez Garc\u00eda agradeci\u00f3 las palabras de la alumna Ana Patricia Ram\u00edrez y coment\u00f3 que el pilar principal de este gobierno es la educaci\u00f3n porque es el segundo lugar donde se forjan a los hombres y mujeres de bien.<\/p>\n<p class=\"MsoNormal\" style=\"color:rgb(0,0,0); font-style:normal; font-variant-ligatures:normal; font-variant-caps:normal; font-weight:400; letter-spacing:normal; orphans:2; text-indent:0px; text-transform:none; white-space:normal; widows:2; word-spacing:0px; -webkit-text-stroke-width:0px; text-decoration-style:initial; text-decoration-color:initialmargin:0cm0cm8pt; line-height:20.2444px; font-size:11pt; font-family:Calibri,sans-serif; text-align:left;\">Mencion\u00f3 que la pol\u00edtica federal que ha recortado el presupuesto a los municipios no ser\u00e1 justificaci\u00f3n para dejar de insistir en las necesidades que tiene Ixtapaluca, no s\u00f3lo en el rubro de educaci\u00f3n, sino de servicios e infraestructura.<\/p>\n<p class=\"MsoNormal\" style=\"color:rgb(0,0,0); font-style:normal; font-variant-ligatures:normal; font-variant-caps:normal; font-weight:400; letter-spacing:normal; orphans:2; text-indent:0px; text-transform:none; white-space:normal; widows:2; word-spacing:0px; -webkit-text-stroke-width:0px; text-decoration-style:initial; text-decoration-color:initialmargin:0cm0cm8pt; line-height:20.2444px; font-size:11pt; font-family:Calibri,sans-serif; text-align:left;\">La poblaci\u00f3n que recibe las obras, agreg\u00f3, es la que se ve beneficiada con las pavimentaciones, gimnasios, parques, redes de drenaje y agua potable, as\u00ed como en las escuelas los alumnos pueden tener mejores condiciones para estudiar en aulas, m\u00f3dulos sanitarios y salones dignos.<\/p>\n<p class=\"MsoNormal\" style=\"color:rgb(0,0,0); font-style:normal; font-variant-ligatures:normal; font-variant-caps:normal; font-weight:400; letter-spacing:normal; orphans:2; text-indent:0px; text-transform:none; white-space:normal; widows:2; word-spacing:0px; -webkit-text-stroke-width:0px; text-decoration-style:initial; text-decoration-color:initialmargin:0cm0cm8pt; line-height:20.2444px; font-size:11pt; font-family:Calibri,sans-serif; text-align:left;\">\u201cLas escuelas son la clave para apuntalar las mentes nuevas que gobernar\u00e1n en un futuro no s\u00f3lo en Ixtapaluca, sino en nuestro pa\u00eds\u201d, agreg\u00f3.<\/p>\n","protected":false},"excerpt":{"rendered":"<p>*Entregan dos m\u00f3dulos sanitarios m\u00e1s; en San Francisco y Coatepec \u201cDetr\u00e1s de una obra existe<\/p>\n","protected":false},"author":1,"featured_media":4802,"comment_status":"open","ping_status":"open","sticky":false,"template":"","format":"standard","meta":{"footnotes":""},"categories":[1],"tags":[6],"class_list":["post-4803","post","type-post","status-publish","format-standard","has-post-thumbnail","hentry","category-municipales","tag-ixtapaluca"],"yoast_head":"<!-- This site is optimized with the Yoast SEO plugin v25.3 - https:\/\/yoast.com\/wordpress\/plugins\/seo\/ -->\n<title>Cumple Ixtapaluca con el sector educativo - Volcanes<\/title>\n<meta name=\"robots\" content=\"index, follow, max-snippet:-1, max-image-preview:large, max-video-preview:-1\" \/>\n<link rel=\"canonical\" href=\"https:\/\/volcanes.net\/?p=4803\" \/>\n<meta property=\"og:locale\" content=\"es_MX\" \/>\n<meta property=\"og:type\" content=\"article\" \/>\n<meta property=\"og:title\" content=\"Cumple Ixtapaluca con el sector educativo - Volcanes\" \/>\n<meta property=\"og:description\" content=\"*Entregan dos m\u00f3dulos sanitarios m\u00e1s; en San Francisco y Coatepec \u201cDetr\u00e1s de una obra existe\" \/>\n<meta property=\"og:url\" content=\"https:\/\/volcanes.net\/?p=4803\" \/>\n<meta property=\"og:site_name\" content=\"Volcanes\" \/>\n<meta property=\"article:publisher\" content=\"https:\/\/www.facebook.com\/volcanes.net\/\" \/>\n<meta property=\"article:published_time\" content=\"2019-05-30T13:20:00+00:00\" \/>\n<meta property=\"article:modified_time\" content=\"2019-05-30T13:20:23+00:00\" \/>\n<meta property=\"og:image\" content=\"https:\/\/volcanes.net\/wp-content\/uploads\/2019\/05\/JN-LAURA-MENDEZ-CUENCA-1_compress77.jpg\" \/>\n\t<meta property=\"og:image:width\" content=\"1000\" \/>\n\t<meta property=\"og:image:height\" content=\"667\" \/>\n\t<meta property=\"og:image:type\" content=\"image\/jpeg\" \/>\n<meta name=\"author\" content=\"admin\" \/>\n<meta name=\"twitter:card\" content=\"summary_large_image\" \/>\n<meta name=\"twitter:label1\" content=\"Escrito por\" \/>\n\t<meta name=\"twitter:data1\" content=\"admin\" \/>\n\t<meta name=\"twitter:label2\" content=\"Tiempo de lectura\" \/>\n\t<meta name=\"twitter:data2\" content=\"2 minutos\" \/>\n<script type=\"application\/ld+json\" class=\"yoast-schema-graph\">{\"@context\":\"https:\/\/schema.org\",\"@graph\":[{\"@type\":\"Article\",\"@id\":\"https:\/\/volcanes.net\/?p=4803#article\",\"isPartOf\":{\"@id\":\"https:\/\/volcanes.net\/?p=4803\"},\"author\":{\"name\":\"admin\",\"@id\":\"https:\/\/volcanes.net\/#\/schema\/person\/4bf0f383940966a4abd53f5048c0e6b9\"},\"headline\":\"Cumple Ixtapaluca con el sector educativo\",\"datePublished\":\"2019-05-30T13:20:00+00:00\",\"dateModified\":\"2019-05-30T13:20:23+00:00\",\"mainEntityOfPage\":{\"@id\":\"https:\/\/volcanes.net\/?p=4803\"},\"wordCount\":319,\"commentCount\":0,\"publisher\":{\"@id\":\"https:\/\/volcanes.net\/#organization\"},\"image\":{\"@id\":\"https:\/\/volcanes.net\/?p=4803#primaryimage\"},\"thumbnailUrl\":\"https:\/\/volcanes.net\/wp-content\/uploads\/2019\/05\/JN-LAURA-MENDEZ-CUENCA-1_compress77.jpg\",\"keywords\":[\"Ixtapaluca\"],\"articleSection\":[\"Municipales\"],\"inLanguage\":\"es\",\"potentialAction\":[{\"@type\":\"CommentAction\",\"name\":\"Comment\",\"target\":[\"https:\/\/volcanes.net\/?p=4803#respond\"]}]},{\"@type\":\"WebPage\",\"@id\":\"https:\/\/volcanes.net\/?p=4803\",\"url\":\"https:\/\/volcanes.net\/?p=4803\",\"name\":\"Cumple Ixtapaluca con el sector educativo - Volcanes\",\"isPartOf\":{\"@id\":\"https:\/\/volcanes.net\/#website\"},\"primaryImageOfPage\":{\"@id\":\"https:\/\/volcanes.net\/?p=4803#primaryimage\"},\"image\":{\"@id\":\"https:\/\/volcanes.net\/?p=4803#primaryimage\"},\"thumbnailUrl\":\"https:\/\/volcanes.net\/wp-content\/uploads\/2019\/05\/JN-LAURA-MENDEZ-CUENCA-1_compress77.jpg\",\"datePublished\":\"2019-05-30T13:20:00+00:00\",\"dateModified\":\"2019-05-30T13:20:23+00:00\",\"breadcrumb\":{\"@id\":\"https:\/\/volcanes.net\/?p=4803#breadcrumb\"},\"inLanguage\":\"es\",\"potentialAction\":[{\"@type\":\"ReadAction\",\"target\":[\"https:\/\/volcanes.net\/?p=4803\"]}]},{\"@type\":\"ImageObject\",\"inLanguage\":\"es\",\"@id\":\"https:\/\/volcanes.net\/?p=4803#primaryimage\",\"url\":\"https:\/\/volcanes.net\/wp-content\/uploads\/2019\/05\/JN-LAURA-MENDEZ-CUENCA-1_compress77.jpg\",\"contentUrl\":\"https:\/\/volcanes.net\/wp-content\/uploads\/2019\/05\/JN-LAURA-MENDEZ-CUENCA-1_compress77.jpg\",\"width\":1000,\"height\":667},{\"@type\":\"BreadcrumbList\",\"@id\":\"https:\/\/volcanes.net\/?p=4803#breadcrumb\",\"itemListElement\":[{\"@type\":\"ListItem\",\"position\":1,\"name\":\"Portada\",\"item\":\"https:\/\/volcanes.net\/\"},{\"@type\":\"ListItem\",\"position\":2,\"name\":\"Cumple Ixtapaluca con el sector educativo\"}]},{\"@type\":\"WebSite\",\"@id\":\"https:\/\/volcanes.net\/#website\",\"url\":\"https:\/\/volcanes.net\/\",\"name\":\"Volcanes.Net\",\"description\":\"Periodismo Profesional\",\"publisher\":{\"@id\":\"https:\/\/volcanes.net\/#organization\"},\"potentialAction\":[{\"@type\":\"SearchAction\",\"target\":{\"@type\":\"EntryPoint\",\"urlTemplate\":\"https:\/\/volcanes.net\/?s={search_term_string}\"},\"query-input\":{\"@type\":\"PropertyValueSpecification\",\"valueRequired\":true,\"valueName\":\"search_term_string\"}}],\"inLanguage\":\"es\"},{\"@type\":\"Organization\",\"@id\":\"https:\/\/volcanes.net\/#organization\",\"name\":\"Grupo Volcanes\",\"url\":\"https:\/\/volcanes.net\/\",\"logo\":{\"@type\":\"ImageObject\",\"inLanguage\":\"es\",\"@id\":\"https:\/\/volcanes.net\/#\/schema\/logo\/image\/\",\"url\":\"http:\/\/volcanes.net\/wp-content\/uploads\/2017\/12\/Avatar2.jpg\",\"contentUrl\":\"http:\/\/volcanes.net\/wp-content\/uploads\/2017\/12\/Avatar2.jpg\",\"width\":378,\"height\":378,\"caption\":\"Grupo Volcanes\"},\"image\":{\"@id\":\"https:\/\/volcanes.net\/#\/schema\/logo\/image\/\"},\"sameAs\":[\"https:\/\/www.facebook.com\/volcanes.net\/\"]},{\"@type\":\"Person\",\"@id\":\"https:\/\/volcanes.net\/#\/schema\/person\/4bf0f383940966a4abd53f5048c0e6b9\",\"name\":\"admin\",\"image\":{\"@type\":\"ImageObject\",\"inLanguage\":\"es\",\"@id\":\"https:\/\/volcanes.net\/#\/schema\/person\/image\/\",\"url\":\"https:\/\/secure.gravatar.com\/avatar\/ca004e6cba8462b8cb7abc86e382930c?s=96&d=mm&r=g\",\"contentUrl\":\"https:\/\/secure.gravatar.com\/avatar\/ca004e6cba8462b8cb7abc86e382930c?s=96&d=mm&r=g\",\"caption\":\"admin\"}}]}<\/script>\n<!-- \/ Yoast SEO plugin. -->","yoast_head_json":{"title":"Cumple Ixtapaluca con el sector educativo - Volcanes","robots":{"index":"index","follow":"follow","max-snippet":"max-snippet:-1","max-image-preview":"max-image-preview:large","max-video-preview":"max-video-preview:-1"},"canonical":"https:\/\/volcanes.net\/?p=4803","og_locale":"es_MX","og_type":"article","og_title":"Cumple Ixtapaluca con el sector educativo - Volcanes","og_description":"*Entregan dos m\u00f3dulos sanitarios m\u00e1s; en San Francisco y Coatepec \u201cDetr\u00e1s de una obra existe","og_url":"https:\/\/volcanes.net\/?p=4803","og_site_name":"Volcanes","article_publisher":"https:\/\/www.facebook.com\/volcanes.net\/","article_published_time":"2019-05-30T13:20:00+00:00","article_modified_time":"2019-05-30T13:20:23+00:00","og_image":[{"width":1000,"height":667,"url":"https:\/\/volcanes.net\/wp-content\/uploads\/2019\/05\/JN-LAURA-MENDEZ-CUENCA-1_compress77.jpg","type":"image\/jpeg"}],"author":"admin","twitter_card":"summary_large_image","twitter_misc":{"Escrito por":"admin","Tiempo de lectura":"2 minutos"},"schema":{"@context":"https:\/\/schema.org","@graph":[{"@type":"Article","@id":"https:\/\/volcanes.net\/?p=4803#article","isPartOf":{"@id":"https:\/\/volcanes.net\/?p=4803"},"author":{"name":"admin","@id":"https:\/\/volcanes.net\/#\/schema\/person\/4bf0f383940966a4abd53f5048c0e6b9"},"headline":"Cumple Ixtapaluca con el sector educativo","datePublished":"2019-05-30T13:20:00+00:00","dateModified":"2019-05-30T13:20:23+00:00","mainEntityOfPage":{"@id":"https:\/\/volcanes.net\/?p=4803"},"wordCount":319,"commentCount":0,"publisher":{"@id":"https:\/\/volcanes.net\/#organization"},"image":{"@id":"https:\/\/volcanes.net\/?p=4803#primaryimage"},"thumbnailUrl":"https:\/\/volcanes.net\/wp-content\/uploads\/2019\/05\/JN-LAURA-MENDEZ-CUENCA-1_compress77.jpg","keywords":["Ixtapaluca"],"articleSection":["Municipales"],"inLanguage":"es","potentialAction":[{"@type":"CommentAction","name":"Comment","target":["https:\/\/volcanes.net\/?p=4803#respond"]}]},{"@type":"WebPage","@id":"https:\/\/volcanes.net\/?p=4803","url":"https:\/\/volcanes.net\/?p=4803","name":"Cumple Ixtapaluca con el sector educativo - Volcanes","isPartOf":{"@id":"https:\/\/volcanes.net\/#website"},"primaryImageOfPage":{"@id":"https:\/\/volcanes.net\/?p=4803#primaryimage"},"image":{"@id":"https:\/\/volcanes.net\/?p=4803#primaryimage"},"thumbnailUrl":"https:\/\/volcanes.net\/wp-content\/uploads\/2019\/05\/JN-LAURA-MENDEZ-CUENCA-1_compress77.jpg","datePublished":"2019-05-30T13:20:00+00:00","dateModified":"2019-05-30T13:20:23+00:00","breadcrumb":{"@id":"https:\/\/volcanes.net\/?p=4803#breadcrumb"},"inLanguage":"es","potentialAction":[{"@type":"ReadAction","target":["https:\/\/volcanes.net\/?p=4803"]}]},{"@type":"ImageObject","inLanguage":"es","@id":"https:\/\/volcanes.net\/?p=4803#primaryimage","url":"https:\/\/volcanes.net\/wp-content\/uploads\/2019\/05\/JN-LAURA-MENDEZ-CUENCA-1_compress77.jpg","contentUrl":"https:\/\/volcanes.net\/wp-content\/uploads\/2019\/05\/JN-LAURA-MENDEZ-CUENCA-1_compress77.jpg","width":1000,"height":667},{"@type":"BreadcrumbList","@id":"https:\/\/volcanes.net\/?p=4803#breadcrumb","itemListElement":[{"@type":"ListItem","position":1,"name":"Portada","item":"https:\/\/volcanes.net\/"},{"@type":"ListItem","position":2,"name":"Cumple Ixtapaluca con el sector educativo"}]},{"@type":"WebSite","@id":"https:\/\/volcanes.net\/#website","url":"https:\/\/volcanes.net\/","name":"Volcanes.Net","description":"Periodismo Profesional","publisher":{"@id":"https:\/\/volcanes.net\/#organization"},"potentialAction":[{"@type":"SearchAction","target":{"@type":"EntryPoint","urlTemplate":"https:\/\/volcanes.net\/?s={search_term_string}"},"query-input":{"@type":"PropertyValueSpecification","valueRequired":true,"valueName":"search_term_string"}}],"inLanguage":"es"},{"@type":"Organization","@id":"https:\/\/volcanes.net\/#organization","name":"Grupo Volcanes","url":"https:\/\/volcanes.net\/","logo":{"@type":"ImageObject","inLanguage":"es","@id":"https:\/\/volcanes.net\/#\/schema\/logo\/image\/","url":"http:\/\/volcanes.net\/wp-content\/uploads\/2017\/12\/Avatar2.jpg","contentUrl":"http:\/\/volcanes.net\/wp-content\/uploads\/2017\/12\/Avatar2.jpg","width":378,"height":378,"caption":"Grupo Volcanes"},"image":{"@id":"https:\/\/volcanes.net\/#\/schema\/logo\/image\/"},"sameAs":["https:\/\/www.facebook.com\/volcanes.net\/"]},{"@type":"Person","@id":"https:\/\/volcanes.net\/#\/schema\/person\/4bf0f383940966a4abd53f5048c0e6b9","name":"admin","image":{"@type":"ImageObject","inLanguage":"es","@id":"https:\/\/volcanes.net\/#\/schema\/person\/image\/","url":"https:\/\/secure.gravatar.com\/avatar\/ca004e6cba8462b8cb7abc86e382930c?s=96&d=mm&r=g","contentUrl":"https:\/\/secure.gravatar.com\/avatar\/ca004e6cba8462b8cb7abc86e382930c?s=96&d=mm&r=g","caption":"admin"}}]}},"_links":{"self":[{"href":"https:\/\/volcanes.net\/index.php?rest_route=\/wp\/v2\/posts\/4803"}],"collection":[{"href":"https:\/\/volcanes.net\/index.php?rest_route=\/wp\/v2\/posts"}],"about":[{"href":"https:\/\/volcanes.net\/index.php?rest_route=\/wp\/v2\/types\/post"}],"author":[{"embeddable":true,"href":"https:\/\/volcanes.net\/index.php?rest_route=\/wp\/v2\/users\/1"}],"replies":[{"embeddable":true,"href":"https:\/\/volcanes.net\/index.php?rest_route=%2Fwp%2Fv2%2Fcomments&post=4803"}],"version-history":[{"count":1,"href":"https:\/\/volcanes.net\/index.php?rest_route=\/wp\/v2\/posts\/4803\/revisions"}],"predecessor-version":[{"id":4804,"href":"https:\/\/volcanes.net\/index.php?rest_route=\/wp\/v2\/posts\/4803\/revisions\/4804"}],"wp:featuredmedia":[{"embeddable":true,"href":"https:\/\/volcanes.net\/index.php?rest_route=\/wp\/v2\/media\/4802"}],"wp:attachment":[{"href":"https:\/\/volcanes.net\/index.php?rest_route=%2Fwp%2Fv2%2Fmedia&parent=4803"}],"wp:term":[{"taxonomy":"category","embeddable":true,"href":"https:\/\/volcanes.net\/index.php?rest_route=%2Fwp%2Fv2%2Fcategories&post=4803"},{"taxonomy":"post_tag","embeddable":true,"href":"https:\/\/volcanes.net\/index.php?rest_route=%2Fwp%2Fv2%2Ftags&post=4803"}],"curies":[{"name":"wp","href":"https:\/\/api.w.org\/{rel}","templated":true}]}}