{"id":4811,"date":"2019-05-30T20:13:38","date_gmt":"2019-05-31T02:13:38","guid":{"rendered":"https:\/\/volcanes.net\/?p=4811"},"modified":"2019-05-30T20:16:46","modified_gmt":"2019-05-31T02:16:46","slug":"amecameca-cuenta-con-app-que-hara-mas-eficiente-el-gobierno-municipal","status":"publish","type":"post","link":"https:\/\/volcanes.net\/?p=4811","title":{"rendered":"Amecameca cuenta con App que har\u00e1 m\u00e1s eficiente el gobierno municipal"},"content":{"rendered":"<div style=\"margin-top: 0px; margin-bottom: 0px;\" class=\"sharethis-inline-share-buttons\" ><\/div><p style=\"box-sizing:border-box; overflow-wrap:break-word; color:rgb(85,85,85); font-family:Arial,sans-serif; font-size:14px; font-style:normal; font-variant-ligatures:normal; font-variant-caps:normal; font-weight:400; letter-spacing:normal; orphans:2; text-indent:0px; text-transform:none; white-space:normal; widows:2; word-spacing:0px; -webkit-text-stroke-width:0px; background-color:rgb(255,255,255); text-decoration-style:initial; text-decoration-color:initial; text-align:left;\"><span style=\"box-sizing:border-box; overflow-wrap:break-word; font-weight:400;\">Amecameca, M\u00e9x  30 de mayo de 2019.-  El alcalde, Miguel \u00c1ngel Salom\u00f3n Cort\u00e9s present\u00f3  ante los medios de comunicaci\u00f3n la App HM H\u00e9roes M\u00e9xico, aplicaci\u00f3n  digital que servir\u00e1 para que los ciudadanos reporten al gobierno municipal casos de inseguridad y  falta de servicios p\u00fablicos.<\/span><\/p>\n<p style=\"box-sizing:border-box; overflow-wrap:break-word; color:rgb(85,85,85); font-family:Arial,sans-serif; font-size:14px; font-style:normal; font-variant-ligatures:normal; font-variant-caps:normal; font-weight:400; letter-spacing:normal; orphans:2; text-indent:0px; text-transform:none; white-space:normal; widows:2; word-spacing:0px; -webkit-text-stroke-width:0px; background-color:rgb(255,255,255); text-decoration-style:initial; text-decoration-color:initial; text-align:left;\"><span style=\"box-sizing:border-box; overflow-wrap:break-word; font-weight:400;\">En conferencia de medios, el edil asegur\u00f3  que la App, surgi\u00f3 de una incubadora de j\u00f3venes  emprendedores, donde Pablo Garc\u00eda un joven amecamequense  present\u00f3 el proyecto y lo desarroll\u00f3 en coordinaci\u00f3n con el Gobierno Digital de Amecameca.<\/span><\/p>\n<p style=\"box-sizing:border-box; overflow-wrap:break-word; color:rgb(85,85,85); font-family:Arial,sans-serif; font-size:14px; font-style:normal; font-variant-ligatures:normal; font-variant-caps:normal; font-weight:400; letter-spacing:normal; orphans:2; text-indent:0px; text-transform:none; white-space:normal; widows:2; word-spacing:0px; -webkit-text-stroke-width:0px; background-color:rgb(255,255,255); text-decoration-style:initial; text-decoration-color:initial; text-align:left;\"><span style=\"box-sizing:border-box; overflow-wrap:break-word; font-weight:400;\">La aplicaci\u00f3n  denominada \u201cTecnolog\u00eda Aplicada de la Seguridad y los Servicios de Amecameca\u201d servir\u00e1 para que el Centro de Mando y las diversas dependencias  de gobierno de Amecameca reciban denuncias y fotos, para dar respuesta m\u00e1s r\u00e1pida y eficaz a los problemas.<\/span><\/p>\n<p style=\"box-sizing:border-box; overflow-wrap:break-word; color:rgb(85,85,85); font-family:Arial,sans-serif; font-size:14px; font-style:normal; font-variant-ligatures:normal; font-variant-caps:normal; font-weight:400; letter-spacing:normal; orphans:2; text-indent:0px; text-transform:none; white-space:normal; widows:2; word-spacing:0px; -webkit-text-stroke-width:0px; background-color:rgb(255,255,255); text-decoration-style:initial; text-decoration-color:initial; text-align:left;\"><span style=\"box-sizing:border-box; overflow-wrap:break-word; font-weight:400;\">As\u00ed, podr\u00e1n ser reportadas  personas extraviadas, carros sospechosos, baches, coladeras en mal estado, \u00e1rboles a punto de derrumbarse, problemas de inundaci\u00f3n, basura,  entre otros problemas, dijo.<\/span><\/p>\n<p style=\"box-sizing:border-box; overflow-wrap:break-word; color:rgb(85,85,85); font-family:Arial,sans-serif; font-size:14px; font-style:normal; font-variant-ligatures:normal; font-variant-caps:normal; font-weight:400; letter-spacing:normal; orphans:2; text-indent:0px; text-transform:none; white-space:normal; widows:2; word-spacing:0px; -webkit-text-stroke-width:0px; background-color:rgb(255,255,255); text-decoration-style:initial; text-decoration-color:initial; text-align:left;\"><span style=\"box-sizing:border-box; overflow-wrap:break-word; font-weight:400;\">Manifest\u00f3  que en primer lugar la App va a ser instalada en los tel\u00e9fonos inteligentes  de los integrantes del Ayuntamiento y posteriormente se va a distribuir el software entre los comit\u00e9s  ciudadanos de todo el municipio.<\/span><\/p>\n<p style=\"box-sizing:border-box; overflow-wrap:break-word; color:rgb(85,85,85); font-family:Arial,sans-serif; font-size:14px; font-style:normal; font-variant-ligatures:normal; font-variant-caps:normal; font-weight:400; letter-spacing:normal; orphans:2; text-indent:0px; text-transform:none; white-space:normal; widows:2; word-spacing:0px; -webkit-text-stroke-width:0px; background-color:rgb(255,255,255); text-decoration-style:initial; text-decoration-color:initial; text-align:left;\"><span style=\"box-sizing:border-box; overflow-wrap:break-word; font-weight:400;\">Por su parte, Pablo Garc\u00eda indic\u00f3 que HM H\u00e9roes M\u00e9xico  es una App pensada en hacer uso de la tecnolog\u00eda para que los ciudadanos realicen las  denuncias, desde sus tel\u00e9fonos, de cualquier anomal\u00eda a las autoridades.<\/span><\/p>\n<p style=\"box-sizing:border-box; overflow-wrap:break-word; color:rgb(85,85,85); font-family:Arial,sans-serif; font-size:14px; font-style:normal; font-variant-ligatures:normal; font-variant-caps:normal; font-weight:400; letter-spacing:normal; orphans:2; text-indent:0px; text-transform:none; white-space:normal; widows:2; word-spacing:0px; -webkit-text-stroke-width:0px; background-color:rgb(255,255,255); text-decoration-style:initial; text-decoration-color:initial; text-align:left;\"><span style=\"box-sizing:border-box; overflow-wrap:break-word; font-weight:400;\">Durante la conferencia se subray\u00f3  que se resguardaran los datos personales de los denunciantes y que al t\u00e9rmino de la administraci\u00f3n  toda la informaci\u00f3n que se suba quedar\u00e1 encriptada para evitar hacer mal uso de ella.<\/span><\/p>\n<p style=\"box-sizing:border-box; overflow-wrap:break-word; color:rgb(85,85,85); font-family:Arial,sans-serif; font-size:14px; font-style:normal; font-variant-ligatures:normal; font-variant-caps:normal; font-weight:400; letter-spacing:normal; orphans:2; text-indent:0px; text-transform:none; white-space:normal; widows:2; word-spacing:0px; -webkit-text-stroke-width:0px; background-color:rgb(255,255,255); text-decoration-style:initial; text-decoration-color:initial; text-align:left;\"><span style=\"box-sizing:border-box; overflow-wrap:break-word; font-weight:400;\">Adem\u00e1s de que se pretende que los dem\u00e1s municipios de la Zona de los Volcanes, cuenten con la App HM H\u00e9roes M\u00e9xico.<\/span><\/p>\n","protected":false},"excerpt":{"rendered":"<p>Amecameca, M\u00e9x 30 de mayo de 2019.- El alcalde, Miguel \u00c1ngel Salom\u00f3n Cort\u00e9s present\u00f3 ante<\/p>\n","protected":false},"author":1,"featured_media":4810,"comment_status":"open","ping_status":"open","sticky":false,"template":"","format":"standard","meta":{"footnotes":""},"categories":[1],"tags":[7],"class_list":["post-4811","post","type-post","status-publish","format-standard","has-post-thumbnail","hentry","category-municipales","tag-amecameca"],"yoast_head":"<!-- This site is optimized with the Yoast SEO plugin v25.3 - https:\/\/yoast.com\/wordpress\/plugins\/seo\/ -->\n<title>Amecameca cuenta con App que har\u00e1 m\u00e1s eficiente el gobierno municipal - Volcanes<\/title>\n<meta name=\"robots\" content=\"index, follow, max-snippet:-1, max-image-preview:large, max-video-preview:-1\" \/>\n<link rel=\"canonical\" href=\"https:\/\/volcanes.net\/?p=4811\" \/>\n<meta property=\"og:locale\" content=\"es_MX\" \/>\n<meta property=\"og:type\" content=\"article\" \/>\n<meta property=\"og:title\" content=\"Amecameca cuenta con App que har\u00e1 m\u00e1s eficiente el gobierno municipal - Volcanes\" \/>\n<meta property=\"og:description\" content=\"Amecameca, M\u00e9x 30 de mayo de 2019.- El alcalde, Miguel \u00c1ngel Salom\u00f3n Cort\u00e9s present\u00f3 ante\" \/>\n<meta property=\"og:url\" content=\"https:\/\/volcanes.net\/?p=4811\" \/>\n<meta property=\"og:site_name\" content=\"Volcanes\" \/>\n<meta property=\"article:publisher\" content=\"https:\/\/www.facebook.com\/volcanes.net\/\" \/>\n<meta property=\"article:published_time\" content=\"2019-05-31T02:13:38+00:00\" \/>\n<meta property=\"article:modified_time\" content=\"2019-05-31T02:16:46+00:00\" \/>\n<meta property=\"og:image\" content=\"https:\/\/volcanes.net\/wp-content\/uploads\/2019\/05\/20190530_153300_compress19.jpg\" \/>\n\t<meta property=\"og:image:width\" content=\"2064\" \/>\n\t<meta property=\"og:image:height\" content=\"1548\" \/>\n\t<meta property=\"og:image:type\" content=\"image\/jpeg\" \/>\n<meta name=\"author\" content=\"admin\" \/>\n<meta name=\"twitter:card\" content=\"summary_large_image\" \/>\n<meta name=\"twitter:label1\" content=\"Escrito por\" \/>\n\t<meta name=\"twitter:data1\" content=\"admin\" \/>\n\t<meta name=\"twitter:label2\" content=\"Tiempo de lectura\" \/>\n\t<meta name=\"twitter:data2\" content=\"2 minutos\" \/>\n<script type=\"application\/ld+json\" class=\"yoast-schema-graph\">{\"@context\":\"https:\/\/schema.org\",\"@graph\":[{\"@type\":\"Article\",\"@id\":\"https:\/\/volcanes.net\/?p=4811#article\",\"isPartOf\":{\"@id\":\"https:\/\/volcanes.net\/?p=4811\"},\"author\":{\"name\":\"admin\",\"@id\":\"https:\/\/volcanes.net\/#\/schema\/person\/4bf0f383940966a4abd53f5048c0e6b9\"},\"headline\":\"Amecameca cuenta con App que har\u00e1 m\u00e1s eficiente el gobierno municipal\",\"datePublished\":\"2019-05-31T02:13:38+00:00\",\"dateModified\":\"2019-05-31T02:16:46+00:00\",\"mainEntityOfPage\":{\"@id\":\"https:\/\/volcanes.net\/?p=4811\"},\"wordCount\":322,\"commentCount\":0,\"publisher\":{\"@id\":\"https:\/\/volcanes.net\/#organization\"},\"image\":{\"@id\":\"https:\/\/volcanes.net\/?p=4811#primaryimage\"},\"thumbnailUrl\":\"https:\/\/volcanes.net\/wp-content\/uploads\/2019\/05\/20190530_153300_compress19.jpg\",\"keywords\":[\"Amecameca\"],\"articleSection\":[\"Municipales\"],\"inLanguage\":\"es\",\"potentialAction\":[{\"@type\":\"CommentAction\",\"name\":\"Comment\",\"target\":[\"https:\/\/volcanes.net\/?p=4811#respond\"]}]},{\"@type\":\"WebPage\",\"@id\":\"https:\/\/volcanes.net\/?p=4811\",\"url\":\"https:\/\/volcanes.net\/?p=4811\",\"name\":\"Amecameca cuenta con App que har\u00e1 m\u00e1s eficiente el gobierno municipal - Volcanes\",\"isPartOf\":{\"@id\":\"https:\/\/volcanes.net\/#website\"},\"primaryImageOfPage\":{\"@id\":\"https:\/\/volcanes.net\/?p=4811#primaryimage\"},\"image\":{\"@id\":\"https:\/\/volcanes.net\/?p=4811#primaryimage\"},\"thumbnailUrl\":\"https:\/\/volcanes.net\/wp-content\/uploads\/2019\/05\/20190530_153300_compress19.jpg\",\"datePublished\":\"2019-05-31T02:13:38+00:00\",\"dateModified\":\"2019-05-31T02:16:46+00:00\",\"breadcrumb\":{\"@id\":\"https:\/\/volcanes.net\/?p=4811#breadcrumb\"},\"inLanguage\":\"es\",\"potentialAction\":[{\"@type\":\"ReadAction\",\"target\":[\"https:\/\/volcanes.net\/?p=4811\"]}]},{\"@type\":\"ImageObject\",\"inLanguage\":\"es\",\"@id\":\"https:\/\/volcanes.net\/?p=4811#primaryimage\",\"url\":\"https:\/\/volcanes.net\/wp-content\/uploads\/2019\/05\/20190530_153300_compress19.jpg\",\"contentUrl\":\"https:\/\/volcanes.net\/wp-content\/uploads\/2019\/05\/20190530_153300_compress19.jpg\",\"width\":2064,\"height\":1548},{\"@type\":\"BreadcrumbList\",\"@id\":\"https:\/\/volcanes.net\/?p=4811#breadcrumb\",\"itemListElement\":[{\"@type\":\"ListItem\",\"position\":1,\"name\":\"Portada\",\"item\":\"https:\/\/volcanes.net\/\"},{\"@type\":\"ListItem\",\"position\":2,\"name\":\"Amecameca cuenta con App que har\u00e1 m\u00e1s eficiente el gobierno municipal\"}]},{\"@type\":\"WebSite\",\"@id\":\"https:\/\/volcanes.net\/#website\",\"url\":\"https:\/\/volcanes.net\/\",\"name\":\"Volcanes.Net\",\"description\":\"Periodismo Profesional\",\"publisher\":{\"@id\":\"https:\/\/volcanes.net\/#organization\"},\"potentialAction\":[{\"@type\":\"SearchAction\",\"target\":{\"@type\":\"EntryPoint\",\"urlTemplate\":\"https:\/\/volcanes.net\/?s={search_term_string}\"},\"query-input\":{\"@type\":\"PropertyValueSpecification\",\"valueRequired\":true,\"valueName\":\"search_term_string\"}}],\"inLanguage\":\"es\"},{\"@type\":\"Organization\",\"@id\":\"https:\/\/volcanes.net\/#organization\",\"name\":\"Grupo Volcanes\",\"url\":\"https:\/\/volcanes.net\/\",\"logo\":{\"@type\":\"ImageObject\",\"inLanguage\":\"es\",\"@id\":\"https:\/\/volcanes.net\/#\/schema\/logo\/image\/\",\"url\":\"http:\/\/volcanes.net\/wp-content\/uploads\/2017\/12\/Avatar2.jpg\",\"contentUrl\":\"http:\/\/volcanes.net\/wp-content\/uploads\/2017\/12\/Avatar2.jpg\",\"width\":378,\"height\":378,\"caption\":\"Grupo Volcanes\"},\"image\":{\"@id\":\"https:\/\/volcanes.net\/#\/schema\/logo\/image\/\"},\"sameAs\":[\"https:\/\/www.facebook.com\/volcanes.net\/\"]},{\"@type\":\"Person\",\"@id\":\"https:\/\/volcanes.net\/#\/schema\/person\/4bf0f383940966a4abd53f5048c0e6b9\",\"name\":\"admin\",\"image\":{\"@type\":\"ImageObject\",\"inLanguage\":\"es\",\"@id\":\"https:\/\/volcanes.net\/#\/schema\/person\/image\/\",\"url\":\"https:\/\/secure.gravatar.com\/avatar\/ca004e6cba8462b8cb7abc86e382930c?s=96&d=mm&r=g\",\"contentUrl\":\"https:\/\/secure.gravatar.com\/avatar\/ca004e6cba8462b8cb7abc86e382930c?s=96&d=mm&r=g\",\"caption\":\"admin\"}}]}<\/script>\n<!-- \/ Yoast SEO plugin. -->","yoast_head_json":{"title":"Amecameca cuenta con App que har\u00e1 m\u00e1s eficiente el gobierno municipal - Volcanes","robots":{"index":"index","follow":"follow","max-snippet":"max-snippet:-1","max-image-preview":"max-image-preview:large","max-video-preview":"max-video-preview:-1"},"canonical":"https:\/\/volcanes.net\/?p=4811","og_locale":"es_MX","og_type":"article","og_title":"Amecameca cuenta con App que har\u00e1 m\u00e1s eficiente el gobierno municipal - Volcanes","og_description":"Amecameca, M\u00e9x 30 de mayo de 2019.- El alcalde, Miguel \u00c1ngel Salom\u00f3n Cort\u00e9s present\u00f3 ante","og_url":"https:\/\/volcanes.net\/?p=4811","og_site_name":"Volcanes","article_publisher":"https:\/\/www.facebook.com\/volcanes.net\/","article_published_time":"2019-05-31T02:13:38+00:00","article_modified_time":"2019-05-31T02:16:46+00:00","og_image":[{"width":2064,"height":1548,"url":"https:\/\/volcanes.net\/wp-content\/uploads\/2019\/05\/20190530_153300_compress19.jpg","type":"image\/jpeg"}],"author":"admin","twitter_card":"summary_large_image","twitter_misc":{"Escrito por":"admin","Tiempo de lectura":"2 minutos"},"schema":{"@context":"https:\/\/schema.org","@graph":[{"@type":"Article","@id":"https:\/\/volcanes.net\/?p=4811#article","isPartOf":{"@id":"https:\/\/volcanes.net\/?p=4811"},"author":{"name":"admin","@id":"https:\/\/volcanes.net\/#\/schema\/person\/4bf0f383940966a4abd53f5048c0e6b9"},"headline":"Amecameca cuenta con App que har\u00e1 m\u00e1s eficiente el gobierno municipal","datePublished":"2019-05-31T02:13:38+00:00","dateModified":"2019-05-31T02:16:46+00:00","mainEntityOfPage":{"@id":"https:\/\/volcanes.net\/?p=4811"},"wordCount":322,"commentCount":0,"publisher":{"@id":"https:\/\/volcanes.net\/#organization"},"image":{"@id":"https:\/\/volcanes.net\/?p=4811#primaryimage"},"thumbnailUrl":"https:\/\/volcanes.net\/wp-content\/uploads\/2019\/05\/20190530_153300_compress19.jpg","keywords":["Amecameca"],"articleSection":["Municipales"],"inLanguage":"es","potentialAction":[{"@type":"CommentAction","name":"Comment","target":["https:\/\/volcanes.net\/?p=4811#respond"]}]},{"@type":"WebPage","@id":"https:\/\/volcanes.net\/?p=4811","url":"https:\/\/volcanes.net\/?p=4811","name":"Amecameca cuenta con App que har\u00e1 m\u00e1s eficiente el gobierno municipal - Volcanes","isPartOf":{"@id":"https:\/\/volcanes.net\/#website"},"primaryImageOfPage":{"@id":"https:\/\/volcanes.net\/?p=4811#primaryimage"},"image":{"@id":"https:\/\/volcanes.net\/?p=4811#primaryimage"},"thumbnailUrl":"https:\/\/volcanes.net\/wp-content\/uploads\/2019\/05\/20190530_153300_compress19.jpg","datePublished":"2019-05-31T02:13:38+00:00","dateModified":"2019-05-31T02:16:46+00:00","breadcrumb":{"@id":"https:\/\/volcanes.net\/?p=4811#breadcrumb"},"inLanguage":"es","potentialAction":[{"@type":"ReadAction","target":["https:\/\/volcanes.net\/?p=4811"]}]},{"@type":"ImageObject","inLanguage":"es","@id":"https:\/\/volcanes.net\/?p=4811#primaryimage","url":"https:\/\/volcanes.net\/wp-content\/uploads\/2019\/05\/20190530_153300_compress19.jpg","contentUrl":"https:\/\/volcanes.net\/wp-content\/uploads\/2019\/05\/20190530_153300_compress19.jpg","width":2064,"height":1548},{"@type":"BreadcrumbList","@id":"https:\/\/volcanes.net\/?p=4811#breadcrumb","itemListElement":[{"@type":"ListItem","position":1,"name":"Portada","item":"https:\/\/volcanes.net\/"},{"@type":"ListItem","position":2,"name":"Amecameca cuenta con App que har\u00e1 m\u00e1s eficiente el gobierno municipal"}]},{"@type":"WebSite","@id":"https:\/\/volcanes.net\/#website","url":"https:\/\/volcanes.net\/","name":"Volcanes.Net","description":"Periodismo Profesional","publisher":{"@id":"https:\/\/volcanes.net\/#organization"},"potentialAction":[{"@type":"SearchAction","target":{"@type":"EntryPoint","urlTemplate":"https:\/\/volcanes.net\/?s={search_term_string}"},"query-input":{"@type":"PropertyValueSpecification","valueRequired":true,"valueName":"search_term_string"}}],"inLanguage":"es"},{"@type":"Organization","@id":"https:\/\/volcanes.net\/#organization","name":"Grupo Volcanes","url":"https:\/\/volcanes.net\/","logo":{"@type":"ImageObject","inLanguage":"es","@id":"https:\/\/volcanes.net\/#\/schema\/logo\/image\/","url":"http:\/\/volcanes.net\/wp-content\/uploads\/2017\/12\/Avatar2.jpg","contentUrl":"http:\/\/volcanes.net\/wp-content\/uploads\/2017\/12\/Avatar2.jpg","width":378,"height":378,"caption":"Grupo Volcanes"},"image":{"@id":"https:\/\/volcanes.net\/#\/schema\/logo\/image\/"},"sameAs":["https:\/\/www.facebook.com\/volcanes.net\/"]},{"@type":"Person","@id":"https:\/\/volcanes.net\/#\/schema\/person\/4bf0f383940966a4abd53f5048c0e6b9","name":"admin","image":{"@type":"ImageObject","inLanguage":"es","@id":"https:\/\/volcanes.net\/#\/schema\/person\/image\/","url":"https:\/\/secure.gravatar.com\/avatar\/ca004e6cba8462b8cb7abc86e382930c?s=96&d=mm&r=g","contentUrl":"https:\/\/secure.gravatar.com\/avatar\/ca004e6cba8462b8cb7abc86e382930c?s=96&d=mm&r=g","caption":"admin"}}]}},"_links":{"self":[{"href":"https:\/\/volcanes.net\/index.php?rest_route=\/wp\/v2\/posts\/4811"}],"collection":[{"href":"https:\/\/volcanes.net\/index.php?rest_route=\/wp\/v2\/posts"}],"about":[{"href":"https:\/\/volcanes.net\/index.php?rest_route=\/wp\/v2\/types\/post"}],"author":[{"embeddable":true,"href":"https:\/\/volcanes.net\/index.php?rest_route=\/wp\/v2\/users\/1"}],"replies":[{"embeddable":true,"href":"https:\/\/volcanes.net\/index.php?rest_route=%2Fwp%2Fv2%2Fcomments&post=4811"}],"version-history":[{"count":1,"href":"https:\/\/volcanes.net\/index.php?rest_route=\/wp\/v2\/posts\/4811\/revisions"}],"predecessor-version":[{"id":4812,"href":"https:\/\/volcanes.net\/index.php?rest_route=\/wp\/v2\/posts\/4811\/revisions\/4812"}],"wp:featuredmedia":[{"embeddable":true,"href":"https:\/\/volcanes.net\/index.php?rest_route=\/wp\/v2\/media\/4810"}],"wp:attachment":[{"href":"https:\/\/volcanes.net\/index.php?rest_route=%2Fwp%2Fv2%2Fmedia&parent=4811"}],"wp:term":[{"taxonomy":"category","embeddable":true,"href":"https:\/\/volcanes.net\/index.php?rest_route=%2Fwp%2Fv2%2Fcategories&post=4811"},{"taxonomy":"post_tag","embeddable":true,"href":"https:\/\/volcanes.net\/index.php?rest_route=%2Fwp%2Fv2%2Ftags&post=4811"}],"curies":[{"name":"wp","href":"https:\/\/api.w.org\/{rel}","templated":true}]}}