{"id":4817,"date":"2019-05-31T06:31:02","date_gmt":"2019-05-31T12:31:02","guid":{"rendered":"https:\/\/volcanes.net\/?p=4817"},"modified":"2019-05-31T06:31:39","modified_gmt":"2019-05-31T12:31:39","slug":"atlautla-ocupado-en-la-atencion-de-las-necesidades-educativas","status":"publish","type":"post","link":"https:\/\/volcanes.net\/?p=4817","title":{"rendered":"Atlautla ocupado en la atenci\u00f3n de las necesidades educativas"},"content":{"rendered":"<div style=\"margin-top: 0px; margin-bottom: 0px;\" class=\"sharethis-inline-share-buttons\" ><\/div><p>Atlautla Estado de M\u00e9xico.- Se realiz\u00f3 la reactivaci\u00f3n del M\u00f3dulo de Servicios Digitales en la Biblioteca Modesto P\u00e9rez Hern\u00e1ndez, en la Delegaci\u00f3n San Juan Tehuixtitl\u00e1n, en Atlautla, Estado de M\u00e9xico, una administraci\u00f3n que se ha ocupado en la atenci\u00f3n de las necesidades educativas del municipio.<br \/>\nCon esta acci\u00f3n el Ayuntamiento de Atlautla, refrenda su compromiso de trabajo en beneficio de la educaci\u00f3n, de todos los habitantes del municipio y el acceso a las nuevas tecnolog\u00edas de la informaci\u00f3n.<br \/>\nDe esta forma los habitantes de San Juan Tehuixtitl\u00e1n tienen acceso a servicios de internet y uso de equipos de c\u00f3mputo gratuitos, cursos de office y redes sociales, tambi\u00e9n de forma gratuita, as\u00ed como impresiones a bajo costo.<br \/>\nEn este acto el Presidente Municipal D. Hermenegildo Lozada Amaro enfatiz\u00f3 el trabajo que la actual administraci\u00f3n est\u00e1 realizando en el \u00e1rea educativa y dijo que se contin\u00faan con las gestiones para instalar un M\u00f3dulo de la Universidad Digital del Estado de M\u00e9xico en esta Delegaci\u00f3n.<\/p>\n","protected":false},"excerpt":{"rendered":"<p>Atlautla Estado de M\u00e9xico.- Se realiz\u00f3 la reactivaci\u00f3n del M\u00f3dulo de Servicios Digitales en la<\/p>\n","protected":false},"author":1,"featured_media":4816,"comment_status":"open","ping_status":"open","sticky":false,"template":"","format":"standard","meta":{"footnotes":""},"categories":[1],"tags":[80],"class_list":["post-4817","post","type-post","status-publish","format-standard","has-post-thumbnail","hentry","category-municipales","tag-atlautla"],"yoast_head":"<!-- This site is optimized with the Yoast SEO plugin v25.3 - https:\/\/yoast.com\/wordpress\/plugins\/seo\/ -->\n<title>Atlautla ocupado en la atenci\u00f3n de las necesidades educativas - Volcanes<\/title>\n<meta name=\"robots\" content=\"index, follow, max-snippet:-1, max-image-preview:large, max-video-preview:-1\" \/>\n<link rel=\"canonical\" href=\"https:\/\/volcanes.net\/?p=4817\" \/>\n<meta property=\"og:locale\" content=\"es_MX\" \/>\n<meta property=\"og:type\" content=\"article\" \/>\n<meta property=\"og:title\" content=\"Atlautla ocupado en la atenci\u00f3n de las necesidades educativas - Volcanes\" \/>\n<meta property=\"og:description\" content=\"Atlautla Estado de M\u00e9xico.- Se realiz\u00f3 la reactivaci\u00f3n del M\u00f3dulo de Servicios Digitales en la\" \/>\n<meta property=\"og:url\" content=\"https:\/\/volcanes.net\/?p=4817\" \/>\n<meta property=\"og:site_name\" content=\"Volcanes\" \/>\n<meta property=\"article:publisher\" content=\"https:\/\/www.facebook.com\/volcanes.net\/\" \/>\n<meta property=\"article:published_time\" content=\"2019-05-31T12:31:02+00:00\" \/>\n<meta property=\"article:modified_time\" content=\"2019-05-31T12:31:39+00:00\" \/>\n<meta property=\"og:image\" content=\"https:\/\/volcanes.net\/wp-content\/uploads\/2019\/05\/FB_IMG_1559305500124.jpg\" \/>\n\t<meta property=\"og:image:width\" content=\"720\" \/>\n\t<meta property=\"og:image:height\" content=\"480\" \/>\n\t<meta property=\"og:image:type\" content=\"image\/jpeg\" \/>\n<meta name=\"author\" content=\"admin\" \/>\n<meta name=\"twitter:card\" content=\"summary_large_image\" \/>\n<meta name=\"twitter:label1\" content=\"Escrito por\" \/>\n\t<meta name=\"twitter:data1\" content=\"admin\" \/>\n\t<meta name=\"twitter:label2\" content=\"Tiempo de lectura\" \/>\n\t<meta name=\"twitter:data2\" content=\"1 minuto\" \/>\n<script type=\"application\/ld+json\" class=\"yoast-schema-graph\">{\"@context\":\"https:\/\/schema.org\",\"@graph\":[{\"@type\":\"Article\",\"@id\":\"https:\/\/volcanes.net\/?p=4817#article\",\"isPartOf\":{\"@id\":\"https:\/\/volcanes.net\/?p=4817\"},\"author\":{\"name\":\"admin\",\"@id\":\"https:\/\/volcanes.net\/#\/schema\/person\/4bf0f383940966a4abd53f5048c0e6b9\"},\"headline\":\"Atlautla ocupado en la atenci\u00f3n de las necesidades educativas\",\"datePublished\":\"2019-05-31T12:31:02+00:00\",\"dateModified\":\"2019-05-31T12:31:39+00:00\",\"mainEntityOfPage\":{\"@id\":\"https:\/\/volcanes.net\/?p=4817\"},\"wordCount\":195,\"commentCount\":0,\"publisher\":{\"@id\":\"https:\/\/volcanes.net\/#organization\"},\"image\":{\"@id\":\"https:\/\/volcanes.net\/?p=4817#primaryimage\"},\"thumbnailUrl\":\"https:\/\/volcanes.net\/wp-content\/uploads\/2019\/05\/FB_IMG_1559305500124.jpg\",\"keywords\":[\"Atlautla\"],\"articleSection\":[\"Municipales\"],\"inLanguage\":\"es\",\"potentialAction\":[{\"@type\":\"CommentAction\",\"name\":\"Comment\",\"target\":[\"https:\/\/volcanes.net\/?p=4817#respond\"]}]},{\"@type\":\"WebPage\",\"@id\":\"https:\/\/volcanes.net\/?p=4817\",\"url\":\"https:\/\/volcanes.net\/?p=4817\",\"name\":\"Atlautla ocupado en la atenci\u00f3n de las necesidades educativas - Volcanes\",\"isPartOf\":{\"@id\":\"https:\/\/volcanes.net\/#website\"},\"primaryImageOfPage\":{\"@id\":\"https:\/\/volcanes.net\/?p=4817#primaryimage\"},\"image\":{\"@id\":\"https:\/\/volcanes.net\/?p=4817#primaryimage\"},\"thumbnailUrl\":\"https:\/\/volcanes.net\/wp-content\/uploads\/2019\/05\/FB_IMG_1559305500124.jpg\",\"datePublished\":\"2019-05-31T12:31:02+00:00\",\"dateModified\":\"2019-05-31T12:31:39+00:00\",\"breadcrumb\":{\"@id\":\"https:\/\/volcanes.net\/?p=4817#breadcrumb\"},\"inLanguage\":\"es\",\"potentialAction\":[{\"@type\":\"ReadAction\",\"target\":[\"https:\/\/volcanes.net\/?p=4817\"]}]},{\"@type\":\"ImageObject\",\"inLanguage\":\"es\",\"@id\":\"https:\/\/volcanes.net\/?p=4817#primaryimage\",\"url\":\"https:\/\/volcanes.net\/wp-content\/uploads\/2019\/05\/FB_IMG_1559305500124.jpg\",\"contentUrl\":\"https:\/\/volcanes.net\/wp-content\/uploads\/2019\/05\/FB_IMG_1559305500124.jpg\",\"width\":720,\"height\":480},{\"@type\":\"BreadcrumbList\",\"@id\":\"https:\/\/volcanes.net\/?p=4817#breadcrumb\",\"itemListElement\":[{\"@type\":\"ListItem\",\"position\":1,\"name\":\"Portada\",\"item\":\"https:\/\/volcanes.net\/\"},{\"@type\":\"ListItem\",\"position\":2,\"name\":\"Atlautla ocupado en la atenci\u00f3n de las necesidades educativas\"}]},{\"@type\":\"WebSite\",\"@id\":\"https:\/\/volcanes.net\/#website\",\"url\":\"https:\/\/volcanes.net\/\",\"name\":\"Volcanes.Net\",\"description\":\"Periodismo Profesional\",\"publisher\":{\"@id\":\"https:\/\/volcanes.net\/#organization\"},\"potentialAction\":[{\"@type\":\"SearchAction\",\"target\":{\"@type\":\"EntryPoint\",\"urlTemplate\":\"https:\/\/volcanes.net\/?s={search_term_string}\"},\"query-input\":{\"@type\":\"PropertyValueSpecification\",\"valueRequired\":true,\"valueName\":\"search_term_string\"}}],\"inLanguage\":\"es\"},{\"@type\":\"Organization\",\"@id\":\"https:\/\/volcanes.net\/#organization\",\"name\":\"Grupo Volcanes\",\"url\":\"https:\/\/volcanes.net\/\",\"logo\":{\"@type\":\"ImageObject\",\"inLanguage\":\"es\",\"@id\":\"https:\/\/volcanes.net\/#\/schema\/logo\/image\/\",\"url\":\"http:\/\/volcanes.net\/wp-content\/uploads\/2017\/12\/Avatar2.jpg\",\"contentUrl\":\"http:\/\/volcanes.net\/wp-content\/uploads\/2017\/12\/Avatar2.jpg\",\"width\":378,\"height\":378,\"caption\":\"Grupo Volcanes\"},\"image\":{\"@id\":\"https:\/\/volcanes.net\/#\/schema\/logo\/image\/\"},\"sameAs\":[\"https:\/\/www.facebook.com\/volcanes.net\/\"]},{\"@type\":\"Person\",\"@id\":\"https:\/\/volcanes.net\/#\/schema\/person\/4bf0f383940966a4abd53f5048c0e6b9\",\"name\":\"admin\",\"image\":{\"@type\":\"ImageObject\",\"inLanguage\":\"es\",\"@id\":\"https:\/\/volcanes.net\/#\/schema\/person\/image\/\",\"url\":\"https:\/\/secure.gravatar.com\/avatar\/ca004e6cba8462b8cb7abc86e382930c?s=96&d=mm&r=g\",\"contentUrl\":\"https:\/\/secure.gravatar.com\/avatar\/ca004e6cba8462b8cb7abc86e382930c?s=96&d=mm&r=g\",\"caption\":\"admin\"}}]}<\/script>\n<!-- \/ Yoast SEO plugin. -->","yoast_head_json":{"title":"Atlautla ocupado en la atenci\u00f3n de las necesidades educativas - Volcanes","robots":{"index":"index","follow":"follow","max-snippet":"max-snippet:-1","max-image-preview":"max-image-preview:large","max-video-preview":"max-video-preview:-1"},"canonical":"https:\/\/volcanes.net\/?p=4817","og_locale":"es_MX","og_type":"article","og_title":"Atlautla ocupado en la atenci\u00f3n de las necesidades educativas - Volcanes","og_description":"Atlautla Estado de M\u00e9xico.- Se realiz\u00f3 la reactivaci\u00f3n del M\u00f3dulo de Servicios Digitales en la","og_url":"https:\/\/volcanes.net\/?p=4817","og_site_name":"Volcanes","article_publisher":"https:\/\/www.facebook.com\/volcanes.net\/","article_published_time":"2019-05-31T12:31:02+00:00","article_modified_time":"2019-05-31T12:31:39+00:00","og_image":[{"width":720,"height":480,"url":"https:\/\/volcanes.net\/wp-content\/uploads\/2019\/05\/FB_IMG_1559305500124.jpg","type":"image\/jpeg"}],"author":"admin","twitter_card":"summary_large_image","twitter_misc":{"Escrito por":"admin","Tiempo de lectura":"1 minuto"},"schema":{"@context":"https:\/\/schema.org","@graph":[{"@type":"Article","@id":"https:\/\/volcanes.net\/?p=4817#article","isPartOf":{"@id":"https:\/\/volcanes.net\/?p=4817"},"author":{"name":"admin","@id":"https:\/\/volcanes.net\/#\/schema\/person\/4bf0f383940966a4abd53f5048c0e6b9"},"headline":"Atlautla ocupado en la atenci\u00f3n de las necesidades educativas","datePublished":"2019-05-31T12:31:02+00:00","dateModified":"2019-05-31T12:31:39+00:00","mainEntityOfPage":{"@id":"https:\/\/volcanes.net\/?p=4817"},"wordCount":195,"commentCount":0,"publisher":{"@id":"https:\/\/volcanes.net\/#organization"},"image":{"@id":"https:\/\/volcanes.net\/?p=4817#primaryimage"},"thumbnailUrl":"https:\/\/volcanes.net\/wp-content\/uploads\/2019\/05\/FB_IMG_1559305500124.jpg","keywords":["Atlautla"],"articleSection":["Municipales"],"inLanguage":"es","potentialAction":[{"@type":"CommentAction","name":"Comment","target":["https:\/\/volcanes.net\/?p=4817#respond"]}]},{"@type":"WebPage","@id":"https:\/\/volcanes.net\/?p=4817","url":"https:\/\/volcanes.net\/?p=4817","name":"Atlautla ocupado en la atenci\u00f3n de las necesidades educativas - Volcanes","isPartOf":{"@id":"https:\/\/volcanes.net\/#website"},"primaryImageOfPage":{"@id":"https:\/\/volcanes.net\/?p=4817#primaryimage"},"image":{"@id":"https:\/\/volcanes.net\/?p=4817#primaryimage"},"thumbnailUrl":"https:\/\/volcanes.net\/wp-content\/uploads\/2019\/05\/FB_IMG_1559305500124.jpg","datePublished":"2019-05-31T12:31:02+00:00","dateModified":"2019-05-31T12:31:39+00:00","breadcrumb":{"@id":"https:\/\/volcanes.net\/?p=4817#breadcrumb"},"inLanguage":"es","potentialAction":[{"@type":"ReadAction","target":["https:\/\/volcanes.net\/?p=4817"]}]},{"@type":"ImageObject","inLanguage":"es","@id":"https:\/\/volcanes.net\/?p=4817#primaryimage","url":"https:\/\/volcanes.net\/wp-content\/uploads\/2019\/05\/FB_IMG_1559305500124.jpg","contentUrl":"https:\/\/volcanes.net\/wp-content\/uploads\/2019\/05\/FB_IMG_1559305500124.jpg","width":720,"height":480},{"@type":"BreadcrumbList","@id":"https:\/\/volcanes.net\/?p=4817#breadcrumb","itemListElement":[{"@type":"ListItem","position":1,"name":"Portada","item":"https:\/\/volcanes.net\/"},{"@type":"ListItem","position":2,"name":"Atlautla ocupado en la atenci\u00f3n de las necesidades educativas"}]},{"@type":"WebSite","@id":"https:\/\/volcanes.net\/#website","url":"https:\/\/volcanes.net\/","name":"Volcanes.Net","description":"Periodismo Profesional","publisher":{"@id":"https:\/\/volcanes.net\/#organization"},"potentialAction":[{"@type":"SearchAction","target":{"@type":"EntryPoint","urlTemplate":"https:\/\/volcanes.net\/?s={search_term_string}"},"query-input":{"@type":"PropertyValueSpecification","valueRequired":true,"valueName":"search_term_string"}}],"inLanguage":"es"},{"@type":"Organization","@id":"https:\/\/volcanes.net\/#organization","name":"Grupo Volcanes","url":"https:\/\/volcanes.net\/","logo":{"@type":"ImageObject","inLanguage":"es","@id":"https:\/\/volcanes.net\/#\/schema\/logo\/image\/","url":"http:\/\/volcanes.net\/wp-content\/uploads\/2017\/12\/Avatar2.jpg","contentUrl":"http:\/\/volcanes.net\/wp-content\/uploads\/2017\/12\/Avatar2.jpg","width":378,"height":378,"caption":"Grupo Volcanes"},"image":{"@id":"https:\/\/volcanes.net\/#\/schema\/logo\/image\/"},"sameAs":["https:\/\/www.facebook.com\/volcanes.net\/"]},{"@type":"Person","@id":"https:\/\/volcanes.net\/#\/schema\/person\/4bf0f383940966a4abd53f5048c0e6b9","name":"admin","image":{"@type":"ImageObject","inLanguage":"es","@id":"https:\/\/volcanes.net\/#\/schema\/person\/image\/","url":"https:\/\/secure.gravatar.com\/avatar\/ca004e6cba8462b8cb7abc86e382930c?s=96&d=mm&r=g","contentUrl":"https:\/\/secure.gravatar.com\/avatar\/ca004e6cba8462b8cb7abc86e382930c?s=96&d=mm&r=g","caption":"admin"}}]}},"_links":{"self":[{"href":"https:\/\/volcanes.net\/index.php?rest_route=\/wp\/v2\/posts\/4817"}],"collection":[{"href":"https:\/\/volcanes.net\/index.php?rest_route=\/wp\/v2\/posts"}],"about":[{"href":"https:\/\/volcanes.net\/index.php?rest_route=\/wp\/v2\/types\/post"}],"author":[{"embeddable":true,"href":"https:\/\/volcanes.net\/index.php?rest_route=\/wp\/v2\/users\/1"}],"replies":[{"embeddable":true,"href":"https:\/\/volcanes.net\/index.php?rest_route=%2Fwp%2Fv2%2Fcomments&post=4817"}],"version-history":[{"count":1,"href":"https:\/\/volcanes.net\/index.php?rest_route=\/wp\/v2\/posts\/4817\/revisions"}],"predecessor-version":[{"id":4818,"href":"https:\/\/volcanes.net\/index.php?rest_route=\/wp\/v2\/posts\/4817\/revisions\/4818"}],"wp:featuredmedia":[{"embeddable":true,"href":"https:\/\/volcanes.net\/index.php?rest_route=\/wp\/v2\/media\/4816"}],"wp:attachment":[{"href":"https:\/\/volcanes.net\/index.php?rest_route=%2Fwp%2Fv2%2Fmedia&parent=4817"}],"wp:term":[{"taxonomy":"category","embeddable":true,"href":"https:\/\/volcanes.net\/index.php?rest_route=%2Fwp%2Fv2%2Fcategories&post=4817"},{"taxonomy":"post_tag","embeddable":true,"href":"https:\/\/volcanes.net\/index.php?rest_route=%2Fwp%2Fv2%2Ftags&post=4817"}],"curies":[{"name":"wp","href":"https:\/\/api.w.org\/{rel}","templated":true}]}}