{"id":4820,"date":"2019-05-31T14:02:41","date_gmt":"2019-05-31T20:02:41","guid":{"rendered":"https:\/\/volcanes.net\/?p=4820"},"modified":"2019-05-31T14:02:51","modified_gmt":"2019-05-31T20:02:51","slug":"entrega-alfredo-del-mazo-plantel-de-la-universidad-estatal-del-valle-de-toluca-en-amanalco","status":"publish","type":"post","link":"https:\/\/volcanes.net\/?p=4820","title":{"rendered":"Entrega Alfredo del Mazo plantel de la universidad estatal del valle de Toluca en Amanalco"},"content":{"rendered":"<div style=\"margin-top: 0px; margin-bottom: 0px;\" class=\"sharethis-inline-share-buttons\" ><\/div><p>\u2022Destaca Gobernador que esta escuela es una de las \u00fanicas tres que ofrece la licenciatura en quiropr\u00e1ctica en el pa\u00eds, junto con otra ubicada en Ecatepec, y una m\u00e1s en el estado de Veracruz.<br \/>\n\u2022Asegura mandatario estatal que por su formaci\u00f3n profesional, los egresados de estas carreras tienen m\u00e1s opciones de integrarse al mercado laborar o poner su propio consultorio.<br \/>\n\u2022Ofrece este plantel las licenciaturas en gerontolog\u00eda, quiropr\u00e1ctica y acupuntura, enfocadas a la atenci\u00f3n de personas de la tercera edad.<\/p>\n<p>Amanalco de Becerra, Estado de M\u00e9xico, 31 de mayo de 2019. Para ofrecer una eduaci\u00f3n de calidad y accesible a los j\u00f3venes que viven en municipios alejados de zonas urbanas, el Gobernador Alfredo Del Mazo Maza entreg\u00f3 el plantel Amanalco, de la Universidad Estatal del Valle de Toluca, donde los alumnos pueden cursar las licenciaturas en gerontolog\u00eda, acupuntura y quiropr\u00e1ctica, enfocadas a la atenci\u00f3n de adultos mayores.<\/p>\n<p>&#8220;El poder contar con un espacio como este plantel, que estamos entregando el d\u00eda de hoy, es un gran privilegio para la Universidad Estatal del Valle de Toluca, que pueda tener la oportunidad de tener este plantel.<\/p>\n<p>\u201cAdem\u00e1s, estoy seguro que ser\u00e1 de gran utilidad para, no nada m\u00e1s Amanalco, sino para toda esta regi\u00f3n del Estado de M\u00e9xico, porque las alumnas, los alumnos, los pacientes que vienen a tratamiento tambi\u00e9n son de toda esta regi\u00f3n del Estado de M\u00e9xico y nos da un gran orgullo poder hacer entrega de este hermoso plantel&#8221;, expres\u00f3.<\/p>\n<p>En las instalaciones de este plantel, ubicado en un \u00c1rea Natural Protegida, en la comunidad Capilla Vieja, en Amanalco, el mandatario estatal destac\u00f3 la importancia de impulsar la formaci\u00f3n de profesionales dedicados a la atenci\u00f3n de la poblaci\u00f3n adulta, ya que actualmente existen cerca de 9 millones de adultos mayores en M\u00e9xico, y las proyecciones indican que para el a\u00f1o 2030 la cifra alcanzar\u00e1 los 14 millones.<\/p>\n<p>Asimismo, refiri\u00f3 que en el Estado de M\u00e9xico hay un mill\u00f3n 200 mil personas de la tercera edad y se espera que dentro de 12 a\u00f1os sean cerca de 2 millones.<\/p>\n<p>Por ello, Alfredo Del Mazo subray\u00f3 la necesidad de contar con m\u00e1s profesionales en la atenci\u00f3n de este creciente sector de la poblaci\u00f3n, y asegur\u00f3 que los egresados de este tipo de carreras lograr\u00e1n emplearse al salir, ya sea en instituciones p\u00fablicas o privadas de salud, o incluso, al poner su consultorio, pues cuentan con conocimientos en t\u00e9cnicas alternativas para aliviar males relacionados con la vejez.<\/p>\n<p>&#8220;Muchas de las generaciones que salen de aqu\u00ed, la realidad es que tienen en gran medida, la oportunidad de ingresar al mercado laboral. Es una de las instituciones que m\u00e1s porcentaje tiene de oportunidades de encontrar empleo, una vez terminado la formaci\u00f3n educativa.<\/p>\n<p>\u201cY nos da much\u00edsimo gusto porque la formaci\u00f3n de ustedes debe de ir acompa\u00f1ada de esos espacios laborales y oportunidades de trabajo, que gracias a esta universidad el d\u00eda de ma\u00f1ana ustedes lo van a tener&#8221;, extern\u00f3.<\/p>\n<p>Despu\u00e9s de develar la placa inaugural de este plantel, junto con la Presidenta municipal de Amanalco, Emma Col\u00edn, Del Mazo Maza indic\u00f3 que esta escuela es una de las \u00fanicas tres que ofrecen la licenciatura en quiropr\u00e1ctica en el pa\u00eds, junto con otra ubicada en Ecatepec, y una m\u00e1s en Veracruz.<\/p>\n<p>Por ello, asegur\u00f3 que este nuevo campus pone al Estado de M\u00e9xico a la vanguardia en la formaci\u00f3n de alumnos de esta carrera.<\/p>\n<p>&#8220;Es una de las \u00fanicas tres escuelas que hay en todo el pa\u00eds en donde se lleva a cabo la licenciatura en quiropr\u00e1ctica; solamente hay tres, dos de ellas est\u00e1n en el Estado de M\u00e9xico: Amanalco, Ecatepec y la tercera est\u00e1 en el estado de Veracruz y eso nos da un gran orgullo porque la mayor\u00eda de las generaciones de j\u00f3venes que se dedican a esta licenciatura, en su gran mayor\u00eda ser\u00e1n mexiquenses o son mexiquenses.<\/p>\n<p>\u201cY nos da much\u00edsimo gusto que el Estado de M\u00e9xico se posicione como un estado que est\u00e1 a la vanguardia en la preparaci\u00f3n, en la formaci\u00f3n de los j\u00f3venes que estudian la licenciatura en quiropr\u00e1ctica&#8221;, puntualiz\u00f3.<\/p>\n<p>En presencia de estudiantes, maestros, padres de familia y ejidatarios, el Gobernador inform\u00f3 que por el tipo de materiales empleados en su construcci\u00f3n, esta escuela es amigable con el medio ambiente, adem\u00e1s de contar con un sistema de aprovechamiento de agua pluvial.<\/p>\n<p>Subray\u00f3 que la mayor\u00eda de alumnos de esta universidad son mujeres, quienes representan 78 por ciento de la matr\u00edcula escolar, y reconoci\u00f3 su deseo por prepararse y salir adelante en los \u00e1mbitos acad\u00e9mico y laboral.<\/p>\n<p>Durante un recorrido realizado por el plantel, el mandatario estatal tuvo la oportunidad de conocer el laboratorio de c\u00f3mputo, la biblioteca digital, aulas de quiropr\u00e1ctica, gerontolog\u00eda y acupuntura, as\u00ed como el \u00e1rea de estimulaci\u00f3n temprana y los diferentes programas que la universidad imparte, adem\u00e1s de las diferentes t\u00e9cnicas que desarrollan los estudiantes, que cuentan con un edificio de dos plantas que consta de 15 aulas y 18 cub\u00edculos, entre otros espacios que brindan servicio a 204 alumnos de la regi\u00f3n.<\/p>\n<p>El Secretario de Educaci\u00f3n, Alejandro Fern\u00e1ndez Campillo, mencion\u00f3 que el Gobierno estatal es sensible a las necesidades de los estudiantes, por lo que se trabaja para que la educaci\u00f3n llegue a todos los rincones de la entidad, brindando a los j\u00f3venes mayores oportunidades de estudio con programas innovadores y vanguardistas que cumplan con las necesidades de desarrollo de las distintas comunidades.<\/p>\n","protected":false},"excerpt":{"rendered":"<p>\u2022Destaca Gobernador que esta escuela es una de las \u00fanicas tres que ofrece la licenciatura<\/p>\n","protected":false},"author":1,"featured_media":4819,"comment_status":"open","ping_status":"open","sticky":false,"template":"","format":"standard","meta":{"footnotes":""},"categories":[3],"tags":[4],"class_list":["post-4820","post","type-post","status-publish","format-standard","has-post-thumbnail","hentry","category-estatales","tag-gobierno-del-estado-de-mexico"],"yoast_head":"<!-- This site is optimized with the Yoast SEO plugin v25.3 - https:\/\/yoast.com\/wordpress\/plugins\/seo\/ -->\n<title>Entrega Alfredo del Mazo plantel de la universidad estatal del valle de Toluca en Amanalco - Volcanes<\/title>\n<meta name=\"robots\" content=\"index, follow, max-snippet:-1, max-image-preview:large, max-video-preview:-1\" \/>\n<link rel=\"canonical\" href=\"https:\/\/volcanes.net\/?p=4820\" \/>\n<meta property=\"og:locale\" content=\"es_MX\" \/>\n<meta property=\"og:type\" content=\"article\" \/>\n<meta property=\"og:title\" content=\"Entrega Alfredo del Mazo plantel de la universidad estatal del valle de Toluca en Amanalco - Volcanes\" \/>\n<meta property=\"og:description\" content=\"\u2022Destaca Gobernador que esta escuela es una de las \u00fanicas tres que ofrece la licenciatura\" \/>\n<meta property=\"og:url\" content=\"https:\/\/volcanes.net\/?p=4820\" \/>\n<meta property=\"og:site_name\" content=\"Volcanes\" \/>\n<meta property=\"article:publisher\" content=\"https:\/\/www.facebook.com\/volcanes.net\/\" \/>\n<meta property=\"article:published_time\" content=\"2019-05-31T20:02:41+00:00\" \/>\n<meta property=\"article:modified_time\" content=\"2019-05-31T20:02:51+00:00\" \/>\n<meta property=\"og:image\" content=\"https:\/\/volcanes.net\/wp-content\/uploads\/2019\/05\/IMG-20190531-WA0051_compress61.jpg\" \/>\n\t<meta property=\"og:image:width\" content=\"1280\" \/>\n\t<meta property=\"og:image:height\" content=\"850\" \/>\n\t<meta property=\"og:image:type\" content=\"image\/jpeg\" \/>\n<meta name=\"author\" content=\"admin\" \/>\n<meta name=\"twitter:card\" content=\"summary_large_image\" \/>\n<meta name=\"twitter:label1\" content=\"Escrito por\" \/>\n\t<meta name=\"twitter:data1\" content=\"admin\" \/>\n\t<meta name=\"twitter:label2\" content=\"Tiempo de lectura\" \/>\n\t<meta name=\"twitter:data2\" content=\"5 minutos\" \/>\n<script type=\"application\/ld+json\" class=\"yoast-schema-graph\">{\"@context\":\"https:\/\/schema.org\",\"@graph\":[{\"@type\":\"Article\",\"@id\":\"https:\/\/volcanes.net\/?p=4820#article\",\"isPartOf\":{\"@id\":\"https:\/\/volcanes.net\/?p=4820\"},\"author\":{\"name\":\"admin\",\"@id\":\"https:\/\/volcanes.net\/#\/schema\/person\/4bf0f383940966a4abd53f5048c0e6b9\"},\"headline\":\"Entrega Alfredo del Mazo plantel de la universidad estatal del valle de Toluca en Amanalco\",\"datePublished\":\"2019-05-31T20:02:41+00:00\",\"dateModified\":\"2019-05-31T20:02:51+00:00\",\"mainEntityOfPage\":{\"@id\":\"https:\/\/volcanes.net\/?p=4820\"},\"wordCount\":973,\"commentCount\":0,\"publisher\":{\"@id\":\"https:\/\/volcanes.net\/#organization\"},\"image\":{\"@id\":\"https:\/\/volcanes.net\/?p=4820#primaryimage\"},\"thumbnailUrl\":\"https:\/\/volcanes.net\/wp-content\/uploads\/2019\/05\/IMG-20190531-WA0051_compress61.jpg\",\"keywords\":[\"Gobierno del Estado de M\u00e9xico\"],\"articleSection\":[\"Estatales\"],\"inLanguage\":\"es\",\"potentialAction\":[{\"@type\":\"CommentAction\",\"name\":\"Comment\",\"target\":[\"https:\/\/volcanes.net\/?p=4820#respond\"]}]},{\"@type\":\"WebPage\",\"@id\":\"https:\/\/volcanes.net\/?p=4820\",\"url\":\"https:\/\/volcanes.net\/?p=4820\",\"name\":\"Entrega Alfredo del Mazo plantel de la universidad estatal del valle de Toluca en Amanalco - Volcanes\",\"isPartOf\":{\"@id\":\"https:\/\/volcanes.net\/#website\"},\"primaryImageOfPage\":{\"@id\":\"https:\/\/volcanes.net\/?p=4820#primaryimage\"},\"image\":{\"@id\":\"https:\/\/volcanes.net\/?p=4820#primaryimage\"},\"thumbnailUrl\":\"https:\/\/volcanes.net\/wp-content\/uploads\/2019\/05\/IMG-20190531-WA0051_compress61.jpg\",\"datePublished\":\"2019-05-31T20:02:41+00:00\",\"dateModified\":\"2019-05-31T20:02:51+00:00\",\"breadcrumb\":{\"@id\":\"https:\/\/volcanes.net\/?p=4820#breadcrumb\"},\"inLanguage\":\"es\",\"potentialAction\":[{\"@type\":\"ReadAction\",\"target\":[\"https:\/\/volcanes.net\/?p=4820\"]}]},{\"@type\":\"ImageObject\",\"inLanguage\":\"es\",\"@id\":\"https:\/\/volcanes.net\/?p=4820#primaryimage\",\"url\":\"https:\/\/volcanes.net\/wp-content\/uploads\/2019\/05\/IMG-20190531-WA0051_compress61.jpg\",\"contentUrl\":\"https:\/\/volcanes.net\/wp-content\/uploads\/2019\/05\/IMG-20190531-WA0051_compress61.jpg\",\"width\":1280,\"height\":850},{\"@type\":\"BreadcrumbList\",\"@id\":\"https:\/\/volcanes.net\/?p=4820#breadcrumb\",\"itemListElement\":[{\"@type\":\"ListItem\",\"position\":1,\"name\":\"Portada\",\"item\":\"https:\/\/volcanes.net\/\"},{\"@type\":\"ListItem\",\"position\":2,\"name\":\"Entrega Alfredo del Mazo plantel de la universidad estatal del valle de Toluca en Amanalco\"}]},{\"@type\":\"WebSite\",\"@id\":\"https:\/\/volcanes.net\/#website\",\"url\":\"https:\/\/volcanes.net\/\",\"name\":\"Volcanes.Net\",\"description\":\"Periodismo Profesional\",\"publisher\":{\"@id\":\"https:\/\/volcanes.net\/#organization\"},\"potentialAction\":[{\"@type\":\"SearchAction\",\"target\":{\"@type\":\"EntryPoint\",\"urlTemplate\":\"https:\/\/volcanes.net\/?s={search_term_string}\"},\"query-input\":{\"@type\":\"PropertyValueSpecification\",\"valueRequired\":true,\"valueName\":\"search_term_string\"}}],\"inLanguage\":\"es\"},{\"@type\":\"Organization\",\"@id\":\"https:\/\/volcanes.net\/#organization\",\"name\":\"Grupo Volcanes\",\"url\":\"https:\/\/volcanes.net\/\",\"logo\":{\"@type\":\"ImageObject\",\"inLanguage\":\"es\",\"@id\":\"https:\/\/volcanes.net\/#\/schema\/logo\/image\/\",\"url\":\"http:\/\/volcanes.net\/wp-content\/uploads\/2017\/12\/Avatar2.jpg\",\"contentUrl\":\"http:\/\/volcanes.net\/wp-content\/uploads\/2017\/12\/Avatar2.jpg\",\"width\":378,\"height\":378,\"caption\":\"Grupo Volcanes\"},\"image\":{\"@id\":\"https:\/\/volcanes.net\/#\/schema\/logo\/image\/\"},\"sameAs\":[\"https:\/\/www.facebook.com\/volcanes.net\/\"]},{\"@type\":\"Person\",\"@id\":\"https:\/\/volcanes.net\/#\/schema\/person\/4bf0f383940966a4abd53f5048c0e6b9\",\"name\":\"admin\",\"image\":{\"@type\":\"ImageObject\",\"inLanguage\":\"es\",\"@id\":\"https:\/\/volcanes.net\/#\/schema\/person\/image\/\",\"url\":\"https:\/\/secure.gravatar.com\/avatar\/ca004e6cba8462b8cb7abc86e382930c?s=96&d=mm&r=g\",\"contentUrl\":\"https:\/\/secure.gravatar.com\/avatar\/ca004e6cba8462b8cb7abc86e382930c?s=96&d=mm&r=g\",\"caption\":\"admin\"}}]}<\/script>\n<!-- \/ Yoast SEO plugin. -->","yoast_head_json":{"title":"Entrega Alfredo del Mazo plantel de la universidad estatal del valle de Toluca en Amanalco - Volcanes","robots":{"index":"index","follow":"follow","max-snippet":"max-snippet:-1","max-image-preview":"max-image-preview:large","max-video-preview":"max-video-preview:-1"},"canonical":"https:\/\/volcanes.net\/?p=4820","og_locale":"es_MX","og_type":"article","og_title":"Entrega Alfredo del Mazo plantel de la universidad estatal del valle de Toluca en Amanalco - Volcanes","og_description":"\u2022Destaca Gobernador que esta escuela es una de las \u00fanicas tres que ofrece la licenciatura","og_url":"https:\/\/volcanes.net\/?p=4820","og_site_name":"Volcanes","article_publisher":"https:\/\/www.facebook.com\/volcanes.net\/","article_published_time":"2019-05-31T20:02:41+00:00","article_modified_time":"2019-05-31T20:02:51+00:00","og_image":[{"width":1280,"height":850,"url":"https:\/\/volcanes.net\/wp-content\/uploads\/2019\/05\/IMG-20190531-WA0051_compress61.jpg","type":"image\/jpeg"}],"author":"admin","twitter_card":"summary_large_image","twitter_misc":{"Escrito por":"admin","Tiempo de lectura":"5 minutos"},"schema":{"@context":"https:\/\/schema.org","@graph":[{"@type":"Article","@id":"https:\/\/volcanes.net\/?p=4820#article","isPartOf":{"@id":"https:\/\/volcanes.net\/?p=4820"},"author":{"name":"admin","@id":"https:\/\/volcanes.net\/#\/schema\/person\/4bf0f383940966a4abd53f5048c0e6b9"},"headline":"Entrega Alfredo del Mazo plantel de la universidad estatal del valle de Toluca en Amanalco","datePublished":"2019-05-31T20:02:41+00:00","dateModified":"2019-05-31T20:02:51+00:00","mainEntityOfPage":{"@id":"https:\/\/volcanes.net\/?p=4820"},"wordCount":973,"commentCount":0,"publisher":{"@id":"https:\/\/volcanes.net\/#organization"},"image":{"@id":"https:\/\/volcanes.net\/?p=4820#primaryimage"},"thumbnailUrl":"https:\/\/volcanes.net\/wp-content\/uploads\/2019\/05\/IMG-20190531-WA0051_compress61.jpg","keywords":["Gobierno del Estado de M\u00e9xico"],"articleSection":["Estatales"],"inLanguage":"es","potentialAction":[{"@type":"CommentAction","name":"Comment","target":["https:\/\/volcanes.net\/?p=4820#respond"]}]},{"@type":"WebPage","@id":"https:\/\/volcanes.net\/?p=4820","url":"https:\/\/volcanes.net\/?p=4820","name":"Entrega Alfredo del Mazo plantel de la universidad estatal del valle de Toluca en Amanalco - Volcanes","isPartOf":{"@id":"https:\/\/volcanes.net\/#website"},"primaryImageOfPage":{"@id":"https:\/\/volcanes.net\/?p=4820#primaryimage"},"image":{"@id":"https:\/\/volcanes.net\/?p=4820#primaryimage"},"thumbnailUrl":"https:\/\/volcanes.net\/wp-content\/uploads\/2019\/05\/IMG-20190531-WA0051_compress61.jpg","datePublished":"2019-05-31T20:02:41+00:00","dateModified":"2019-05-31T20:02:51+00:00","breadcrumb":{"@id":"https:\/\/volcanes.net\/?p=4820#breadcrumb"},"inLanguage":"es","potentialAction":[{"@type":"ReadAction","target":["https:\/\/volcanes.net\/?p=4820"]}]},{"@type":"ImageObject","inLanguage":"es","@id":"https:\/\/volcanes.net\/?p=4820#primaryimage","url":"https:\/\/volcanes.net\/wp-content\/uploads\/2019\/05\/IMG-20190531-WA0051_compress61.jpg","contentUrl":"https:\/\/volcanes.net\/wp-content\/uploads\/2019\/05\/IMG-20190531-WA0051_compress61.jpg","width":1280,"height":850},{"@type":"BreadcrumbList","@id":"https:\/\/volcanes.net\/?p=4820#breadcrumb","itemListElement":[{"@type":"ListItem","position":1,"name":"Portada","item":"https:\/\/volcanes.net\/"},{"@type":"ListItem","position":2,"name":"Entrega Alfredo del Mazo plantel de la universidad estatal del valle de Toluca en Amanalco"}]},{"@type":"WebSite","@id":"https:\/\/volcanes.net\/#website","url":"https:\/\/volcanes.net\/","name":"Volcanes.Net","description":"Periodismo Profesional","publisher":{"@id":"https:\/\/volcanes.net\/#organization"},"potentialAction":[{"@type":"SearchAction","target":{"@type":"EntryPoint","urlTemplate":"https:\/\/volcanes.net\/?s={search_term_string}"},"query-input":{"@type":"PropertyValueSpecification","valueRequired":true,"valueName":"search_term_string"}}],"inLanguage":"es"},{"@type":"Organization","@id":"https:\/\/volcanes.net\/#organization","name":"Grupo Volcanes","url":"https:\/\/volcanes.net\/","logo":{"@type":"ImageObject","inLanguage":"es","@id":"https:\/\/volcanes.net\/#\/schema\/logo\/image\/","url":"http:\/\/volcanes.net\/wp-content\/uploads\/2017\/12\/Avatar2.jpg","contentUrl":"http:\/\/volcanes.net\/wp-content\/uploads\/2017\/12\/Avatar2.jpg","width":378,"height":378,"caption":"Grupo Volcanes"},"image":{"@id":"https:\/\/volcanes.net\/#\/schema\/logo\/image\/"},"sameAs":["https:\/\/www.facebook.com\/volcanes.net\/"]},{"@type":"Person","@id":"https:\/\/volcanes.net\/#\/schema\/person\/4bf0f383940966a4abd53f5048c0e6b9","name":"admin","image":{"@type":"ImageObject","inLanguage":"es","@id":"https:\/\/volcanes.net\/#\/schema\/person\/image\/","url":"https:\/\/secure.gravatar.com\/avatar\/ca004e6cba8462b8cb7abc86e382930c?s=96&d=mm&r=g","contentUrl":"https:\/\/secure.gravatar.com\/avatar\/ca004e6cba8462b8cb7abc86e382930c?s=96&d=mm&r=g","caption":"admin"}}]}},"_links":{"self":[{"href":"https:\/\/volcanes.net\/index.php?rest_route=\/wp\/v2\/posts\/4820"}],"collection":[{"href":"https:\/\/volcanes.net\/index.php?rest_route=\/wp\/v2\/posts"}],"about":[{"href":"https:\/\/volcanes.net\/index.php?rest_route=\/wp\/v2\/types\/post"}],"author":[{"embeddable":true,"href":"https:\/\/volcanes.net\/index.php?rest_route=\/wp\/v2\/users\/1"}],"replies":[{"embeddable":true,"href":"https:\/\/volcanes.net\/index.php?rest_route=%2Fwp%2Fv2%2Fcomments&post=4820"}],"version-history":[{"count":1,"href":"https:\/\/volcanes.net\/index.php?rest_route=\/wp\/v2\/posts\/4820\/revisions"}],"predecessor-version":[{"id":4821,"href":"https:\/\/volcanes.net\/index.php?rest_route=\/wp\/v2\/posts\/4820\/revisions\/4821"}],"wp:featuredmedia":[{"embeddable":true,"href":"https:\/\/volcanes.net\/index.php?rest_route=\/wp\/v2\/media\/4819"}],"wp:attachment":[{"href":"https:\/\/volcanes.net\/index.php?rest_route=%2Fwp%2Fv2%2Fmedia&parent=4820"}],"wp:term":[{"taxonomy":"category","embeddable":true,"href":"https:\/\/volcanes.net\/index.php?rest_route=%2Fwp%2Fv2%2Fcategories&post=4820"},{"taxonomy":"post_tag","embeddable":true,"href":"https:\/\/volcanes.net\/index.php?rest_route=%2Fwp%2Fv2%2Ftags&post=4820"}],"curies":[{"name":"wp","href":"https:\/\/api.w.org\/{rel}","templated":true}]}}