{"id":4843,"date":"2019-05-05T19:30:24","date_gmt":"2019-05-06T01:30:24","guid":{"rendered":"http:\/\/volcanes.net\/?p=4843"},"modified":"2019-06-05T19:33:36","modified_gmt":"2019-06-06T01:33:36","slug":"inicia-temporada-2019-en-la-ruta-de-las-luciernagas","status":"publish","type":"post","link":"https:\/\/volcanes.net\/?p=4843","title":{"rendered":"Inicia temporada 2019 en la &#8220;Ruta de las Luci\u00e9rnagas&#8221;"},"content":{"rendered":"<div style=\"margin-top: 0px; margin-bottom: 0px;\" class=\"sharethis-inline-share-buttons\" ><\/div><p>Amecameca, M\u00e9x.- 04 de junio de 2019.- Miles de luci\u00e9rnagas que habitan en el bosque de Amecameca ofrecen \u00a0un espect\u00e1culo natural sin igual, en medio de la noche, a turistas nacionales y extranjeros, por ello Bosque Esmeralda, Rancho del Valle y Ecotur\u00edstico Chalma preocupados por la protecci\u00f3n y\u00a0 conservaci\u00f3n cole\u00f3ptero luminoso,\u00a0 se han unido\u00a0 para \u00a0crear un proyecto de turismo de naturaleza sustentable y socialmente responsable.<\/p>\n<p>As\u00ed, \u00a0la Ruta de las Luci\u00e9rnagas 2019 \u00a0fue inaugurada \u00a0anoche por la secretaria de Turismo del estado de M\u00e9xico, Aurora Gonz\u00e1lez Ledezma, quien fue recibida por los anfitriones Salome Flores P\u00e1ez, presidente del Parque Ecotur\u00edstico Chalma Tetlalcolulco; Rafael Parrilla Arroyo, director del Parque Ecotur\u00edstico Bosque Esmeralda y \u00a0Federico del Valle Miranda, director del Parque Ecotur\u00edstico Rancho del Valle.<\/p>\n<p>Al evento acudieron como invitados especiales, el presidente municipal de Amecameca, Miguel \u00c1ngel Salom\u00f3n Cort\u00e9s y la presidenta municipal de Ecatzingo Roc\u00edo Sol\u00eds Robles, as\u00ed como por los diputados Lorena Mar\u00edn Moreno, Beatriz Garc\u00eda Villegas y Jos\u00e9 Couttolenc Buentello, entre otros.<\/p>\n<p>En conferencia de prensa los organizadores de la Ruta de las Luci\u00e9rnagas \u00a0\u00a0anunciaron que \u00a0en esta temporada \u00a0Amecameca espera la llegada de m\u00e1s de 20 mil personas, \u00a0a quienes ofrecen vivir una experiencia con la naturaleza en sitios responsables de m\u00e1xima conservaci\u00f3n ambiental.<\/p>\n<p>La \u00a0temporada del avistamiento de luci\u00e9rnagas, contemplan los meses de mayo, junio, julio y agosto, teniendo como un horario establecido de ingreso a los santuarios de las 18:30 horas para iniciar los recorridos a las 20:15 horas en cualquiera de las tres reservas naturales que brindan el servicio, sus contactos se encuentran en redes sociales.<\/p>\n<p>La luci\u00e9rnaga Photinus palaciosi es la especie end\u00e9mica del eje Neovolc\u00e1nico transversal perteneciente a los bosques de Tlaxcala, Puebla y Estado de M\u00e9xico. Actualmente \u00a0los tres sitios de avistamiento realizan actividades de investigaci\u00f3n, restauraci\u00f3n y educaci\u00f3n ambiental con el apoyo de la Divisi\u00f3n de Ciencias Forestales (DICIFO) de la Universidad Aut\u00f3noma Chapingo (UACh) y el Instituto de Ecolog\u00eda de la Universidad Aut\u00f3noma de M\u00e9xico (UNAM).<\/p>\n<p>Es importante recordar que desde hace tres a\u00f1os, Bosque Esmeralda, Rancho del Valle y Ecotur\u00edstico Chalma se han preocupado por la conservaci\u00f3n de los bosques de pino y encino que hacen de \u00a0la regi\u00f3n fr\u00eda y subh\u00fameda, un ecosistema perfecto para la reproducci\u00f3n del cole\u00f3ptero luminoso, los trabajos de conservaci\u00f3n han consistido desde hace 6 a\u00f1os en obras de reforestaci\u00f3n, mantenimiento, cercado, acomodo de material muerto y brechas contrafuego.<\/p>\n<p>Ecotur\u00edstico Chalma es considerada desde el 2018, la primera \u00c1rea Destinada Voluntariamente a la Conservaci\u00f3n (ADVC) en el Estado de M\u00e9xico por parte de la Comisi\u00f3n Nacional de \u00c1reas Naturales Protegidas (CONNANP) en este lugar el turismo podr\u00e1 disfrutar de la cascada de Tetlalcolulco con una altura superior a los 80m, justo a la mitad de la cascada se encuentra el centro prehisp\u00e1nico de iniciaci\u00f3n de curanderos, tiemperos y graniceros, el tercero en importancia de la regi\u00f3n de los volcanes; y su alrededor en \u00e9poca de lluvias miles de luci\u00e9rnagas destellan su luz por el bosque.<\/p>\n<p>Rancho del Valle cuenta con una tradici\u00f3n de m\u00e1s de 2 d\u00e9cadas en la producci\u00f3n de l\u00e1cteos. En el Restaurante Los Adobes el turismo podr\u00e1 disfrutar de la gastronom\u00eda regional acompa\u00f1ada de quesos, crema, cajeta y huevo con est\u00e1ndares de producci\u00f3n natural. Sus c\u00f3modas caba\u00f1as ecol\u00f3gicas, hechas a base de paja de avena; ofrecen un espacio de descanso y una experiencia singular con una vista al santuario de luci\u00e9rnagas en medio de la plantaci\u00f3n de \u00e1rboles de navidad y al fondo un mirador en donde las luces del pueblo de Amecameca se fusionan con los destellos de luz del escarabajo nocturno.<\/p>\n<p>Bosque Esmeralda cuenta con registro de Unidad de Manejo Ambiental para la Conservaci\u00f3n de la Vida Silvestre (UMA) denominada\u00a0<em>\u201cBosque de Hadas\u201d<\/em>, la primera en todo el pa\u00eds; en este sitio el turismo podr\u00e1 realizar caminatas guiadas por el santuario al interior de una barranca en donde el espect\u00e1culo natural de las luci\u00e9rnagas simulan caminar entre las estrellas, al finalizar la danza de las luci\u00e9rnagas o cortejo de luz el turismo podr\u00e1 descansar en c\u00f3modas caba\u00f1as y al despertar disfrutara de una vista majestuosa al volc\u00e1n Iztacc\u00edhuatl que te invita a vivir una experiencia al natural.<\/p>\n<p>Por \u00faltimo, los responsables de Bosque Esmeralda, Rancho del Valle y Ecotur\u00edstico Chalma reiteraron su invitaci\u00f3n para que visiten Amecameca.<\/p>\n<div class=\"addtoany_share_save_container addtoany_content addtoany_content_bottom\">\n<div class=\"a2a_kit a2a_kit_size_32 addtoany_list\" data-a2a-url=\"http:\/\/eje19.com.mx\/inicia-ruta-de-las-luciernagas-temporada-2019\/\" data-a2a-title=\"Inicia Ruta de las Luci\u00e9rnagas temporada 2019\"><\/div>\n<\/div>\n","protected":false},"excerpt":{"rendered":"<p>Amecameca, M\u00e9x.- 04 de junio de 2019.- Miles de luci\u00e9rnagas que habitan en el bosque<\/p>\n","protected":false},"author":1,"featured_media":4844,"comment_status":"open","ping_status":"open","sticky":false,"template":"","format":"standard","meta":{"footnotes":""},"categories":[1],"tags":[7],"class_list":["post-4843","post","type-post","status-publish","format-standard","has-post-thumbnail","hentry","category-municipales","tag-amecameca"],"yoast_head":"<!-- This site is optimized with the Yoast SEO plugin v25.3 - https:\/\/yoast.com\/wordpress\/plugins\/seo\/ -->\n<title>Inicia temporada 2019 en la &quot;Ruta de las Luci\u00e9rnagas&quot; - Volcanes<\/title>\n<meta name=\"robots\" content=\"index, follow, max-snippet:-1, max-image-preview:large, max-video-preview:-1\" \/>\n<link rel=\"canonical\" href=\"https:\/\/volcanes.net\/?p=4843\" \/>\n<meta property=\"og:locale\" content=\"es_MX\" \/>\n<meta property=\"og:type\" content=\"article\" \/>\n<meta property=\"og:title\" content=\"Inicia temporada 2019 en la &quot;Ruta de las Luci\u00e9rnagas&quot; - Volcanes\" \/>\n<meta property=\"og:description\" content=\"Amecameca, M\u00e9x.- 04 de junio de 2019.- Miles de luci\u00e9rnagas que habitan en el bosque\" \/>\n<meta property=\"og:url\" content=\"https:\/\/volcanes.net\/?p=4843\" \/>\n<meta property=\"og:site_name\" content=\"Volcanes\" \/>\n<meta property=\"article:publisher\" content=\"https:\/\/www.facebook.com\/volcanes.net\/\" \/>\n<meta property=\"article:published_time\" content=\"2019-05-06T01:30:24+00:00\" \/>\n<meta property=\"article:modified_time\" content=\"2019-06-06T01:33:36+00:00\" \/>\n<meta property=\"og:image\" content=\"https:\/\/volcanes.net\/wp-content\/uploads\/2019\/06\/WhatsApp-Image-2019-06-04-at-10.12.08-PM-1-620x465.jpeg\" \/>\n\t<meta property=\"og:image:width\" content=\"620\" \/>\n\t<meta property=\"og:image:height\" content=\"465\" \/>\n\t<meta property=\"og:image:type\" content=\"image\/jpeg\" \/>\n<meta name=\"author\" content=\"admin\" \/>\n<meta name=\"twitter:card\" content=\"summary_large_image\" \/>\n<meta name=\"twitter:label1\" content=\"Escrito por\" \/>\n\t<meta name=\"twitter:data1\" content=\"admin\" \/>\n\t<meta name=\"twitter:label2\" content=\"Tiempo de lectura\" \/>\n\t<meta name=\"twitter:data2\" content=\"4 minutos\" \/>\n<script type=\"application\/ld+json\" class=\"yoast-schema-graph\">{\"@context\":\"https:\/\/schema.org\",\"@graph\":[{\"@type\":\"Article\",\"@id\":\"https:\/\/volcanes.net\/?p=4843#article\",\"isPartOf\":{\"@id\":\"https:\/\/volcanes.net\/?p=4843\"},\"author\":{\"name\":\"admin\",\"@id\":\"https:\/\/volcanes.net\/#\/schema\/person\/4bf0f383940966a4abd53f5048c0e6b9\"},\"headline\":\"Inicia temporada 2019 en la &#8220;Ruta de las Luci\u00e9rnagas&#8221;\",\"datePublished\":\"2019-05-06T01:30:24+00:00\",\"dateModified\":\"2019-06-06T01:33:36+00:00\",\"mainEntityOfPage\":{\"@id\":\"https:\/\/volcanes.net\/?p=4843\"},\"wordCount\":793,\"commentCount\":0,\"publisher\":{\"@id\":\"https:\/\/volcanes.net\/#organization\"},\"image\":{\"@id\":\"https:\/\/volcanes.net\/?p=4843#primaryimage\"},\"thumbnailUrl\":\"https:\/\/volcanes.net\/wp-content\/uploads\/2019\/06\/WhatsApp-Image-2019-06-04-at-10.12.08-PM-1-620x465.jpeg\",\"keywords\":[\"Amecameca\"],\"articleSection\":[\"Municipales\"],\"inLanguage\":\"es\",\"potentialAction\":[{\"@type\":\"CommentAction\",\"name\":\"Comment\",\"target\":[\"https:\/\/volcanes.net\/?p=4843#respond\"]}]},{\"@type\":\"WebPage\",\"@id\":\"https:\/\/volcanes.net\/?p=4843\",\"url\":\"https:\/\/volcanes.net\/?p=4843\",\"name\":\"Inicia temporada 2019 en la \\\"Ruta de las Luci\u00e9rnagas\\\" - Volcanes\",\"isPartOf\":{\"@id\":\"https:\/\/volcanes.net\/#website\"},\"primaryImageOfPage\":{\"@id\":\"https:\/\/volcanes.net\/?p=4843#primaryimage\"},\"image\":{\"@id\":\"https:\/\/volcanes.net\/?p=4843#primaryimage\"},\"thumbnailUrl\":\"https:\/\/volcanes.net\/wp-content\/uploads\/2019\/06\/WhatsApp-Image-2019-06-04-at-10.12.08-PM-1-620x465.jpeg\",\"datePublished\":\"2019-05-06T01:30:24+00:00\",\"dateModified\":\"2019-06-06T01:33:36+00:00\",\"breadcrumb\":{\"@id\":\"https:\/\/volcanes.net\/?p=4843#breadcrumb\"},\"inLanguage\":\"es\",\"potentialAction\":[{\"@type\":\"ReadAction\",\"target\":[\"https:\/\/volcanes.net\/?p=4843\"]}]},{\"@type\":\"ImageObject\",\"inLanguage\":\"es\",\"@id\":\"https:\/\/volcanes.net\/?p=4843#primaryimage\",\"url\":\"https:\/\/volcanes.net\/wp-content\/uploads\/2019\/06\/WhatsApp-Image-2019-06-04-at-10.12.08-PM-1-620x465.jpeg\",\"contentUrl\":\"https:\/\/volcanes.net\/wp-content\/uploads\/2019\/06\/WhatsApp-Image-2019-06-04-at-10.12.08-PM-1-620x465.jpeg\",\"width\":620,\"height\":465},{\"@type\":\"BreadcrumbList\",\"@id\":\"https:\/\/volcanes.net\/?p=4843#breadcrumb\",\"itemListElement\":[{\"@type\":\"ListItem\",\"position\":1,\"name\":\"Portada\",\"item\":\"https:\/\/volcanes.net\/\"},{\"@type\":\"ListItem\",\"position\":2,\"name\":\"Inicia temporada 2019 en la &#8220;Ruta de las Luci\u00e9rnagas&#8221;\"}]},{\"@type\":\"WebSite\",\"@id\":\"https:\/\/volcanes.net\/#website\",\"url\":\"https:\/\/volcanes.net\/\",\"name\":\"Volcanes.Net\",\"description\":\"Periodismo Profesional\",\"publisher\":{\"@id\":\"https:\/\/volcanes.net\/#organization\"},\"potentialAction\":[{\"@type\":\"SearchAction\",\"target\":{\"@type\":\"EntryPoint\",\"urlTemplate\":\"https:\/\/volcanes.net\/?s={search_term_string}\"},\"query-input\":{\"@type\":\"PropertyValueSpecification\",\"valueRequired\":true,\"valueName\":\"search_term_string\"}}],\"inLanguage\":\"es\"},{\"@type\":\"Organization\",\"@id\":\"https:\/\/volcanes.net\/#organization\",\"name\":\"Grupo Volcanes\",\"url\":\"https:\/\/volcanes.net\/\",\"logo\":{\"@type\":\"ImageObject\",\"inLanguage\":\"es\",\"@id\":\"https:\/\/volcanes.net\/#\/schema\/logo\/image\/\",\"url\":\"http:\/\/volcanes.net\/wp-content\/uploads\/2017\/12\/Avatar2.jpg\",\"contentUrl\":\"http:\/\/volcanes.net\/wp-content\/uploads\/2017\/12\/Avatar2.jpg\",\"width\":378,\"height\":378,\"caption\":\"Grupo Volcanes\"},\"image\":{\"@id\":\"https:\/\/volcanes.net\/#\/schema\/logo\/image\/\"},\"sameAs\":[\"https:\/\/www.facebook.com\/volcanes.net\/\"]},{\"@type\":\"Person\",\"@id\":\"https:\/\/volcanes.net\/#\/schema\/person\/4bf0f383940966a4abd53f5048c0e6b9\",\"name\":\"admin\",\"image\":{\"@type\":\"ImageObject\",\"inLanguage\":\"es\",\"@id\":\"https:\/\/volcanes.net\/#\/schema\/person\/image\/\",\"url\":\"https:\/\/secure.gravatar.com\/avatar\/ca004e6cba8462b8cb7abc86e382930c?s=96&d=mm&r=g\",\"contentUrl\":\"https:\/\/secure.gravatar.com\/avatar\/ca004e6cba8462b8cb7abc86e382930c?s=96&d=mm&r=g\",\"caption\":\"admin\"}}]}<\/script>\n<!-- \/ Yoast SEO plugin. -->","yoast_head_json":{"title":"Inicia temporada 2019 en la \"Ruta de las Luci\u00e9rnagas\" - Volcanes","robots":{"index":"index","follow":"follow","max-snippet":"max-snippet:-1","max-image-preview":"max-image-preview:large","max-video-preview":"max-video-preview:-1"},"canonical":"https:\/\/volcanes.net\/?p=4843","og_locale":"es_MX","og_type":"article","og_title":"Inicia temporada 2019 en la \"Ruta de las Luci\u00e9rnagas\" - Volcanes","og_description":"Amecameca, M\u00e9x.- 04 de junio de 2019.- Miles de luci\u00e9rnagas que habitan en el bosque","og_url":"https:\/\/volcanes.net\/?p=4843","og_site_name":"Volcanes","article_publisher":"https:\/\/www.facebook.com\/volcanes.net\/","article_published_time":"2019-05-06T01:30:24+00:00","article_modified_time":"2019-06-06T01:33:36+00:00","og_image":[{"width":620,"height":465,"url":"https:\/\/volcanes.net\/wp-content\/uploads\/2019\/06\/WhatsApp-Image-2019-06-04-at-10.12.08-PM-1-620x465.jpeg","type":"image\/jpeg"}],"author":"admin","twitter_card":"summary_large_image","twitter_misc":{"Escrito por":"admin","Tiempo de lectura":"4 minutos"},"schema":{"@context":"https:\/\/schema.org","@graph":[{"@type":"Article","@id":"https:\/\/volcanes.net\/?p=4843#article","isPartOf":{"@id":"https:\/\/volcanes.net\/?p=4843"},"author":{"name":"admin","@id":"https:\/\/volcanes.net\/#\/schema\/person\/4bf0f383940966a4abd53f5048c0e6b9"},"headline":"Inicia temporada 2019 en la &#8220;Ruta de las Luci\u00e9rnagas&#8221;","datePublished":"2019-05-06T01:30:24+00:00","dateModified":"2019-06-06T01:33:36+00:00","mainEntityOfPage":{"@id":"https:\/\/volcanes.net\/?p=4843"},"wordCount":793,"commentCount":0,"publisher":{"@id":"https:\/\/volcanes.net\/#organization"},"image":{"@id":"https:\/\/volcanes.net\/?p=4843#primaryimage"},"thumbnailUrl":"https:\/\/volcanes.net\/wp-content\/uploads\/2019\/06\/WhatsApp-Image-2019-06-04-at-10.12.08-PM-1-620x465.jpeg","keywords":["Amecameca"],"articleSection":["Municipales"],"inLanguage":"es","potentialAction":[{"@type":"CommentAction","name":"Comment","target":["https:\/\/volcanes.net\/?p=4843#respond"]}]},{"@type":"WebPage","@id":"https:\/\/volcanes.net\/?p=4843","url":"https:\/\/volcanes.net\/?p=4843","name":"Inicia temporada 2019 en la \"Ruta de las Luci\u00e9rnagas\" - Volcanes","isPartOf":{"@id":"https:\/\/volcanes.net\/#website"},"primaryImageOfPage":{"@id":"https:\/\/volcanes.net\/?p=4843#primaryimage"},"image":{"@id":"https:\/\/volcanes.net\/?p=4843#primaryimage"},"thumbnailUrl":"https:\/\/volcanes.net\/wp-content\/uploads\/2019\/06\/WhatsApp-Image-2019-06-04-at-10.12.08-PM-1-620x465.jpeg","datePublished":"2019-05-06T01:30:24+00:00","dateModified":"2019-06-06T01:33:36+00:00","breadcrumb":{"@id":"https:\/\/volcanes.net\/?p=4843#breadcrumb"},"inLanguage":"es","potentialAction":[{"@type":"ReadAction","target":["https:\/\/volcanes.net\/?p=4843"]}]},{"@type":"ImageObject","inLanguage":"es","@id":"https:\/\/volcanes.net\/?p=4843#primaryimage","url":"https:\/\/volcanes.net\/wp-content\/uploads\/2019\/06\/WhatsApp-Image-2019-06-04-at-10.12.08-PM-1-620x465.jpeg","contentUrl":"https:\/\/volcanes.net\/wp-content\/uploads\/2019\/06\/WhatsApp-Image-2019-06-04-at-10.12.08-PM-1-620x465.jpeg","width":620,"height":465},{"@type":"BreadcrumbList","@id":"https:\/\/volcanes.net\/?p=4843#breadcrumb","itemListElement":[{"@type":"ListItem","position":1,"name":"Portada","item":"https:\/\/volcanes.net\/"},{"@type":"ListItem","position":2,"name":"Inicia temporada 2019 en la &#8220;Ruta de las Luci\u00e9rnagas&#8221;"}]},{"@type":"WebSite","@id":"https:\/\/volcanes.net\/#website","url":"https:\/\/volcanes.net\/","name":"Volcanes.Net","description":"Periodismo Profesional","publisher":{"@id":"https:\/\/volcanes.net\/#organization"},"potentialAction":[{"@type":"SearchAction","target":{"@type":"EntryPoint","urlTemplate":"https:\/\/volcanes.net\/?s={search_term_string}"},"query-input":{"@type":"PropertyValueSpecification","valueRequired":true,"valueName":"search_term_string"}}],"inLanguage":"es"},{"@type":"Organization","@id":"https:\/\/volcanes.net\/#organization","name":"Grupo Volcanes","url":"https:\/\/volcanes.net\/","logo":{"@type":"ImageObject","inLanguage":"es","@id":"https:\/\/volcanes.net\/#\/schema\/logo\/image\/","url":"http:\/\/volcanes.net\/wp-content\/uploads\/2017\/12\/Avatar2.jpg","contentUrl":"http:\/\/volcanes.net\/wp-content\/uploads\/2017\/12\/Avatar2.jpg","width":378,"height":378,"caption":"Grupo Volcanes"},"image":{"@id":"https:\/\/volcanes.net\/#\/schema\/logo\/image\/"},"sameAs":["https:\/\/www.facebook.com\/volcanes.net\/"]},{"@type":"Person","@id":"https:\/\/volcanes.net\/#\/schema\/person\/4bf0f383940966a4abd53f5048c0e6b9","name":"admin","image":{"@type":"ImageObject","inLanguage":"es","@id":"https:\/\/volcanes.net\/#\/schema\/person\/image\/","url":"https:\/\/secure.gravatar.com\/avatar\/ca004e6cba8462b8cb7abc86e382930c?s=96&d=mm&r=g","contentUrl":"https:\/\/secure.gravatar.com\/avatar\/ca004e6cba8462b8cb7abc86e382930c?s=96&d=mm&r=g","caption":"admin"}}]}},"_links":{"self":[{"href":"https:\/\/volcanes.net\/index.php?rest_route=\/wp\/v2\/posts\/4843"}],"collection":[{"href":"https:\/\/volcanes.net\/index.php?rest_route=\/wp\/v2\/posts"}],"about":[{"href":"https:\/\/volcanes.net\/index.php?rest_route=\/wp\/v2\/types\/post"}],"author":[{"embeddable":true,"href":"https:\/\/volcanes.net\/index.php?rest_route=\/wp\/v2\/users\/1"}],"replies":[{"embeddable":true,"href":"https:\/\/volcanes.net\/index.php?rest_route=%2Fwp%2Fv2%2Fcomments&post=4843"}],"version-history":[{"count":1,"href":"https:\/\/volcanes.net\/index.php?rest_route=\/wp\/v2\/posts\/4843\/revisions"}],"predecessor-version":[{"id":4845,"href":"https:\/\/volcanes.net\/index.php?rest_route=\/wp\/v2\/posts\/4843\/revisions\/4845"}],"wp:featuredmedia":[{"embeddable":true,"href":"https:\/\/volcanes.net\/index.php?rest_route=\/wp\/v2\/media\/4844"}],"wp:attachment":[{"href":"https:\/\/volcanes.net\/index.php?rest_route=%2Fwp%2Fv2%2Fmedia&parent=4843"}],"wp:term":[{"taxonomy":"category","embeddable":true,"href":"https:\/\/volcanes.net\/index.php?rest_route=%2Fwp%2Fv2%2Fcategories&post=4843"},{"taxonomy":"post_tag","embeddable":true,"href":"https:\/\/volcanes.net\/index.php?rest_route=%2Fwp%2Fv2%2Ftags&post=4843"}],"curies":[{"name":"wp","href":"https:\/\/api.w.org\/{rel}","templated":true}]}}