{"id":4846,"date":"2019-06-05T19:39:20","date_gmt":"2019-06-06T01:39:20","guid":{"rendered":"http:\/\/volcanes.net\/?p=4846"},"modified":"2019-06-05T19:39:20","modified_gmt":"2019-06-06T01:39:20","slug":"arco-de-bienvenida-en-amecameca-representa-puerta-a-la-naturaleza","status":"publish","type":"post","link":"https:\/\/volcanes.net\/?p=4846","title":{"rendered":"Arco de bienvenida en Amecameca representa puerta a la naturaleza"},"content":{"rendered":"<div style=\"margin-top: 0px; margin-bottom: 0px;\" class=\"sharethis-inline-share-buttons\" ><\/div><p>Amecameca, \u00a0\u00a05 de junio de 2019.- En el marco del programa \u201cMejoramiento de imagen urbana\u201d que el gobierno del Estado de M\u00e9xico implementa en varios municipios, se llev\u00f3 \u00a0a cabo la\u00a0restauraci\u00f3n del arco de acceso, cambio de letras en acero inoxidable, colocaci\u00f3n de follaje y rehabilitaci\u00f3n de jardiner\u00eda.<\/p>\n<p>La \u00a0obra que fue inaugurada por la secretaria \u00a0de Turismo,\u00a0Aurora Gonz\u00e1lez Ledezma y el presidente municipal Miguel \u00c1ngel Salom\u00f3n Cort\u00e9s tiene \u00a0como\u00a0\u00a0objetivo embellecer el entorno de la cabecera municipal se Amecameca, para \u00a0que, quienes la visiten, prolonguen su estancia en el lugar, conozcan el resto de su oferta de atractivos, pernocten y con ello se estimule la econom\u00eda local a trav\u00e9s de la derrama de recursos que dejan los paseantes y turistas.<\/p>\n<p>Durante el evento, Salom\u00f3n Cort\u00e9s subray\u00f3 que\u00a0<i>\u201c<\/i>Nuestro municipio es maravilloso, rico en historia, tradici\u00f3n, arte y cultura, pero sin duda su mayor riqueza es su gente, sus volcanes, bosques, monta\u00f1as y mantos acu\u00edferos&#8230;Este arco de bienvenida representa la puerta a la naturaleza\u201d.<\/p>\n<p><a class=\"image-anchor\" href=\"http:\/\/eje19.com.mx\/wp-content\/uploads\/2019\/06\/IMG-20190605-WA0064.jpg\" rel=\"attachment wp-att-50151\"><img loading=\"lazy\" decoding=\"async\" class=\" wp-image-50151 alignleft\" src=\"http:\/\/eje19.com.mx\/wp-content\/uploads\/2019\/06\/IMG-20190605-WA0064-620x413.jpg\" sizes=\"(max-width: 620px) 100vw, 620px\" srcset=\"http:\/\/eje19.com.mx\/wp-content\/uploads\/2019\/06\/IMG-20190605-WA0064-300x200.jpg 300w, http:\/\/eje19.com.mx\/wp-content\/uploads\/2019\/06\/IMG-20190605-WA0064-620x413.jpg 620w, http:\/\/eje19.com.mx\/wp-content\/uploads\/2019\/06\/IMG-20190605-WA0064-768x512.jpg 768w, http:\/\/eje19.com.mx\/wp-content\/uploads\/2019\/06\/IMG-20190605-WA0064-940x626.jpg 940w, http:\/\/eje19.com.mx\/wp-content\/uploads\/2019\/06\/IMG-20190605-WA0064-560x373.jpg 560w, http:\/\/eje19.com.mx\/wp-content\/uploads\/2019\/06\/IMG-20190605-WA0064-260x173.jpg 260w, http:\/\/eje19.com.mx\/wp-content\/uploads\/2019\/06\/IMG-20190605-WA0064.jpg 1280w\" alt=\"IMG-20190605-WA0064\" width=\"312\" height=\"208\" \/><\/a><\/p>\n<p>Y reiter\u00f3 \u00a0que \u201choy todos somos guardianes de la naturaleza y estamos comprometidos a reactivar la econom\u00eda a trav\u00e9s del desarrollo tur\u00edstico sustentable\u201d, por lo que invit\u00f3 \u00a0a los amecamequenses a trabajar hombro con hombro para conservar el distintivo de Pueblo con Encanto.<\/p>\n<p>Por su parte, Mart\u00edn Rodr\u00edguez Silva, representante de diversos sectores de la sociedad y prestadores de servicios tur\u00edsticos de Amecameca expres\u00f3 su deseo a la secretaria de Turismo, de contar con m\u00e1s apoyo por parte de la dependencia que ella encabeza, para promover los atractivos tur\u00edsticos de Amecameca.<\/p>\n<p>Mientras tanto, la\u00a0secretaria \u00a0de Turismo,\u00a0Aurora Gonz\u00e1lez\u00a0detall\u00f3 que el monto destinado para la realizaci\u00f3n de los trabajos de rehabilitaci\u00f3n \u00a0alcanza los 2 millones 977 mil 488 pesos y corresponden al Programa Acciones para el Desarrollo (PAD) que instrumenta y sufraga al 100 por ciento el Gobierno del Estado de M\u00e9xico.<\/p>\n<p>&nbsp;<\/p>\n<p>Agreg\u00f3 que para la administraci\u00f3n que encabeza el Gobernador Alfredo Del Mazo Maza, una de las prioridades en materia tur\u00edstica es mantener en las mejores condiciones la imagen urbana de los nueve Pueblos M\u00e1gicos, de los 22 Pueblos con Encanto y de los municipios con vocaci\u00f3n tur\u00edstica que tiene la entidad, ya que \u00e9sa es la carta de presentaci\u00f3n de cualquier destino.<\/p>\n<p>La funcionaria destac\u00f3 que los trabajos fueron ejecutados por la Secretar\u00eda de Obra P\u00fablica de la presente administraci\u00f3n estatal e incluyeron la instalaci\u00f3n de luminarias solares, el sembrado de plantas de ornato y la instalaci\u00f3n de letras monumentales sobre el camell\u00f3n del Bulevar 20 de Noviembre, el cual desemboca al primer cuadro de la cabecera municipal.<\/p>\n<p>Por \u00faltimo, subray\u00f3 que Amecameca es \u00a0un Pueblo con Encanto que cuenta con diferentes atractivos y brinda a quienes arriban a su territorio, pues adem\u00e1s de encontrarse dentro del Corredor Tur\u00edstico Volcanes, forma parte de la Ruta de Sor Juana, con lo cual tiene una oferta mixta que incluye desde actividades recreativas de naturaleza y aventura, hasta sitios de gran inter\u00e9s hist\u00f3rico y cultural.<\/p>\n","protected":false},"excerpt":{"rendered":"<p>Amecameca, \u00a0\u00a05 de junio de 2019.- En el marco del programa \u201cMejoramiento de imagen urbana\u201d<\/p>\n","protected":false},"author":1,"featured_media":4847,"comment_status":"open","ping_status":"open","sticky":false,"template":"","format":"standard","meta":{"footnotes":""},"categories":[1],"tags":[7],"class_list":["post-4846","post","type-post","status-publish","format-standard","has-post-thumbnail","hentry","category-municipales","tag-amecameca"],"yoast_head":"<!-- This site is optimized with the Yoast SEO plugin v25.3 - https:\/\/yoast.com\/wordpress\/plugins\/seo\/ -->\n<title>Arco de bienvenida en Amecameca representa puerta a la naturaleza - Volcanes<\/title>\n<meta name=\"robots\" content=\"index, follow, max-snippet:-1, max-image-preview:large, max-video-preview:-1\" \/>\n<link rel=\"canonical\" href=\"https:\/\/volcanes.net\/?p=4846\" \/>\n<meta property=\"og:locale\" content=\"es_MX\" \/>\n<meta property=\"og:type\" content=\"article\" \/>\n<meta property=\"og:title\" content=\"Arco de bienvenida en Amecameca representa puerta a la naturaleza - Volcanes\" \/>\n<meta property=\"og:description\" content=\"Amecameca, \u00a0\u00a05 de junio de 2019.- En el marco del programa \u201cMejoramiento de imagen urbana\u201d\" \/>\n<meta property=\"og:url\" content=\"https:\/\/volcanes.net\/?p=4846\" \/>\n<meta property=\"og:site_name\" content=\"Volcanes\" \/>\n<meta property=\"article:publisher\" content=\"https:\/\/www.facebook.com\/volcanes.net\/\" \/>\n<meta property=\"article:published_time\" content=\"2019-06-06T01:39:20+00:00\" \/>\n<meta property=\"og:image\" content=\"https:\/\/volcanes.net\/wp-content\/uploads\/2019\/06\/IMG-20190605-WA0069-620x413.jpg\" \/>\n\t<meta property=\"og:image:width\" content=\"620\" \/>\n\t<meta property=\"og:image:height\" content=\"413\" \/>\n\t<meta property=\"og:image:type\" content=\"image\/jpeg\" \/>\n<meta name=\"author\" content=\"admin\" \/>\n<meta name=\"twitter:card\" content=\"summary_large_image\" \/>\n<meta name=\"twitter:label1\" content=\"Escrito por\" \/>\n\t<meta name=\"twitter:data1\" content=\"admin\" \/>\n\t<meta name=\"twitter:label2\" content=\"Tiempo de lectura\" \/>\n\t<meta name=\"twitter:data2\" content=\"3 minutos\" \/>\n<script type=\"application\/ld+json\" class=\"yoast-schema-graph\">{\"@context\":\"https:\/\/schema.org\",\"@graph\":[{\"@type\":\"Article\",\"@id\":\"https:\/\/volcanes.net\/?p=4846#article\",\"isPartOf\":{\"@id\":\"https:\/\/volcanes.net\/?p=4846\"},\"author\":{\"name\":\"admin\",\"@id\":\"https:\/\/volcanes.net\/#\/schema\/person\/4bf0f383940966a4abd53f5048c0e6b9\"},\"headline\":\"Arco de bienvenida en Amecameca representa puerta a la naturaleza\",\"datePublished\":\"2019-06-06T01:39:20+00:00\",\"mainEntityOfPage\":{\"@id\":\"https:\/\/volcanes.net\/?p=4846\"},\"wordCount\":539,\"commentCount\":0,\"publisher\":{\"@id\":\"https:\/\/volcanes.net\/#organization\"},\"image\":{\"@id\":\"https:\/\/volcanes.net\/?p=4846#primaryimage\"},\"thumbnailUrl\":\"https:\/\/volcanes.net\/wp-content\/uploads\/2019\/06\/IMG-20190605-WA0069-620x413.jpg\",\"keywords\":[\"Amecameca\"],\"articleSection\":[\"Municipales\"],\"inLanguage\":\"es\",\"potentialAction\":[{\"@type\":\"CommentAction\",\"name\":\"Comment\",\"target\":[\"https:\/\/volcanes.net\/?p=4846#respond\"]}]},{\"@type\":\"WebPage\",\"@id\":\"https:\/\/volcanes.net\/?p=4846\",\"url\":\"https:\/\/volcanes.net\/?p=4846\",\"name\":\"Arco de bienvenida en Amecameca representa puerta a la naturaleza - Volcanes\",\"isPartOf\":{\"@id\":\"https:\/\/volcanes.net\/#website\"},\"primaryImageOfPage\":{\"@id\":\"https:\/\/volcanes.net\/?p=4846#primaryimage\"},\"image\":{\"@id\":\"https:\/\/volcanes.net\/?p=4846#primaryimage\"},\"thumbnailUrl\":\"https:\/\/volcanes.net\/wp-content\/uploads\/2019\/06\/IMG-20190605-WA0069-620x413.jpg\",\"datePublished\":\"2019-06-06T01:39:20+00:00\",\"breadcrumb\":{\"@id\":\"https:\/\/volcanes.net\/?p=4846#breadcrumb\"},\"inLanguage\":\"es\",\"potentialAction\":[{\"@type\":\"ReadAction\",\"target\":[\"https:\/\/volcanes.net\/?p=4846\"]}]},{\"@type\":\"ImageObject\",\"inLanguage\":\"es\",\"@id\":\"https:\/\/volcanes.net\/?p=4846#primaryimage\",\"url\":\"https:\/\/volcanes.net\/wp-content\/uploads\/2019\/06\/IMG-20190605-WA0069-620x413.jpg\",\"contentUrl\":\"https:\/\/volcanes.net\/wp-content\/uploads\/2019\/06\/IMG-20190605-WA0069-620x413.jpg\",\"width\":620,\"height\":413},{\"@type\":\"BreadcrumbList\",\"@id\":\"https:\/\/volcanes.net\/?p=4846#breadcrumb\",\"itemListElement\":[{\"@type\":\"ListItem\",\"position\":1,\"name\":\"Portada\",\"item\":\"https:\/\/volcanes.net\/\"},{\"@type\":\"ListItem\",\"position\":2,\"name\":\"Arco de bienvenida en Amecameca representa puerta a la naturaleza\"}]},{\"@type\":\"WebSite\",\"@id\":\"https:\/\/volcanes.net\/#website\",\"url\":\"https:\/\/volcanes.net\/\",\"name\":\"Volcanes.Net\",\"description\":\"Periodismo Profesional\",\"publisher\":{\"@id\":\"https:\/\/volcanes.net\/#organization\"},\"potentialAction\":[{\"@type\":\"SearchAction\",\"target\":{\"@type\":\"EntryPoint\",\"urlTemplate\":\"https:\/\/volcanes.net\/?s={search_term_string}\"},\"query-input\":{\"@type\":\"PropertyValueSpecification\",\"valueRequired\":true,\"valueName\":\"search_term_string\"}}],\"inLanguage\":\"es\"},{\"@type\":\"Organization\",\"@id\":\"https:\/\/volcanes.net\/#organization\",\"name\":\"Grupo Volcanes\",\"url\":\"https:\/\/volcanes.net\/\",\"logo\":{\"@type\":\"ImageObject\",\"inLanguage\":\"es\",\"@id\":\"https:\/\/volcanes.net\/#\/schema\/logo\/image\/\",\"url\":\"http:\/\/volcanes.net\/wp-content\/uploads\/2017\/12\/Avatar2.jpg\",\"contentUrl\":\"http:\/\/volcanes.net\/wp-content\/uploads\/2017\/12\/Avatar2.jpg\",\"width\":378,\"height\":378,\"caption\":\"Grupo Volcanes\"},\"image\":{\"@id\":\"https:\/\/volcanes.net\/#\/schema\/logo\/image\/\"},\"sameAs\":[\"https:\/\/www.facebook.com\/volcanes.net\/\"]},{\"@type\":\"Person\",\"@id\":\"https:\/\/volcanes.net\/#\/schema\/person\/4bf0f383940966a4abd53f5048c0e6b9\",\"name\":\"admin\",\"image\":{\"@type\":\"ImageObject\",\"inLanguage\":\"es\",\"@id\":\"https:\/\/volcanes.net\/#\/schema\/person\/image\/\",\"url\":\"https:\/\/secure.gravatar.com\/avatar\/ca004e6cba8462b8cb7abc86e382930c?s=96&d=mm&r=g\",\"contentUrl\":\"https:\/\/secure.gravatar.com\/avatar\/ca004e6cba8462b8cb7abc86e382930c?s=96&d=mm&r=g\",\"caption\":\"admin\"}}]}<\/script>\n<!-- \/ Yoast SEO plugin. -->","yoast_head_json":{"title":"Arco de bienvenida en Amecameca representa puerta a la naturaleza - Volcanes","robots":{"index":"index","follow":"follow","max-snippet":"max-snippet:-1","max-image-preview":"max-image-preview:large","max-video-preview":"max-video-preview:-1"},"canonical":"https:\/\/volcanes.net\/?p=4846","og_locale":"es_MX","og_type":"article","og_title":"Arco de bienvenida en Amecameca representa puerta a la naturaleza - Volcanes","og_description":"Amecameca, \u00a0\u00a05 de junio de 2019.- En el marco del programa \u201cMejoramiento de imagen urbana\u201d","og_url":"https:\/\/volcanes.net\/?p=4846","og_site_name":"Volcanes","article_publisher":"https:\/\/www.facebook.com\/volcanes.net\/","article_published_time":"2019-06-06T01:39:20+00:00","og_image":[{"width":620,"height":413,"url":"https:\/\/volcanes.net\/wp-content\/uploads\/2019\/06\/IMG-20190605-WA0069-620x413.jpg","type":"image\/jpeg"}],"author":"admin","twitter_card":"summary_large_image","twitter_misc":{"Escrito por":"admin","Tiempo de lectura":"3 minutos"},"schema":{"@context":"https:\/\/schema.org","@graph":[{"@type":"Article","@id":"https:\/\/volcanes.net\/?p=4846#article","isPartOf":{"@id":"https:\/\/volcanes.net\/?p=4846"},"author":{"name":"admin","@id":"https:\/\/volcanes.net\/#\/schema\/person\/4bf0f383940966a4abd53f5048c0e6b9"},"headline":"Arco de bienvenida en Amecameca representa puerta a la naturaleza","datePublished":"2019-06-06T01:39:20+00:00","mainEntityOfPage":{"@id":"https:\/\/volcanes.net\/?p=4846"},"wordCount":539,"commentCount":0,"publisher":{"@id":"https:\/\/volcanes.net\/#organization"},"image":{"@id":"https:\/\/volcanes.net\/?p=4846#primaryimage"},"thumbnailUrl":"https:\/\/volcanes.net\/wp-content\/uploads\/2019\/06\/IMG-20190605-WA0069-620x413.jpg","keywords":["Amecameca"],"articleSection":["Municipales"],"inLanguage":"es","potentialAction":[{"@type":"CommentAction","name":"Comment","target":["https:\/\/volcanes.net\/?p=4846#respond"]}]},{"@type":"WebPage","@id":"https:\/\/volcanes.net\/?p=4846","url":"https:\/\/volcanes.net\/?p=4846","name":"Arco de bienvenida en Amecameca representa puerta a la naturaleza - Volcanes","isPartOf":{"@id":"https:\/\/volcanes.net\/#website"},"primaryImageOfPage":{"@id":"https:\/\/volcanes.net\/?p=4846#primaryimage"},"image":{"@id":"https:\/\/volcanes.net\/?p=4846#primaryimage"},"thumbnailUrl":"https:\/\/volcanes.net\/wp-content\/uploads\/2019\/06\/IMG-20190605-WA0069-620x413.jpg","datePublished":"2019-06-06T01:39:20+00:00","breadcrumb":{"@id":"https:\/\/volcanes.net\/?p=4846#breadcrumb"},"inLanguage":"es","potentialAction":[{"@type":"ReadAction","target":["https:\/\/volcanes.net\/?p=4846"]}]},{"@type":"ImageObject","inLanguage":"es","@id":"https:\/\/volcanes.net\/?p=4846#primaryimage","url":"https:\/\/volcanes.net\/wp-content\/uploads\/2019\/06\/IMG-20190605-WA0069-620x413.jpg","contentUrl":"https:\/\/volcanes.net\/wp-content\/uploads\/2019\/06\/IMG-20190605-WA0069-620x413.jpg","width":620,"height":413},{"@type":"BreadcrumbList","@id":"https:\/\/volcanes.net\/?p=4846#breadcrumb","itemListElement":[{"@type":"ListItem","position":1,"name":"Portada","item":"https:\/\/volcanes.net\/"},{"@type":"ListItem","position":2,"name":"Arco de bienvenida en Amecameca representa puerta a la naturaleza"}]},{"@type":"WebSite","@id":"https:\/\/volcanes.net\/#website","url":"https:\/\/volcanes.net\/","name":"Volcanes.Net","description":"Periodismo Profesional","publisher":{"@id":"https:\/\/volcanes.net\/#organization"},"potentialAction":[{"@type":"SearchAction","target":{"@type":"EntryPoint","urlTemplate":"https:\/\/volcanes.net\/?s={search_term_string}"},"query-input":{"@type":"PropertyValueSpecification","valueRequired":true,"valueName":"search_term_string"}}],"inLanguage":"es"},{"@type":"Organization","@id":"https:\/\/volcanes.net\/#organization","name":"Grupo Volcanes","url":"https:\/\/volcanes.net\/","logo":{"@type":"ImageObject","inLanguage":"es","@id":"https:\/\/volcanes.net\/#\/schema\/logo\/image\/","url":"http:\/\/volcanes.net\/wp-content\/uploads\/2017\/12\/Avatar2.jpg","contentUrl":"http:\/\/volcanes.net\/wp-content\/uploads\/2017\/12\/Avatar2.jpg","width":378,"height":378,"caption":"Grupo Volcanes"},"image":{"@id":"https:\/\/volcanes.net\/#\/schema\/logo\/image\/"},"sameAs":["https:\/\/www.facebook.com\/volcanes.net\/"]},{"@type":"Person","@id":"https:\/\/volcanes.net\/#\/schema\/person\/4bf0f383940966a4abd53f5048c0e6b9","name":"admin","image":{"@type":"ImageObject","inLanguage":"es","@id":"https:\/\/volcanes.net\/#\/schema\/person\/image\/","url":"https:\/\/secure.gravatar.com\/avatar\/ca004e6cba8462b8cb7abc86e382930c?s=96&d=mm&r=g","contentUrl":"https:\/\/secure.gravatar.com\/avatar\/ca004e6cba8462b8cb7abc86e382930c?s=96&d=mm&r=g","caption":"admin"}}]}},"_links":{"self":[{"href":"https:\/\/volcanes.net\/index.php?rest_route=\/wp\/v2\/posts\/4846"}],"collection":[{"href":"https:\/\/volcanes.net\/index.php?rest_route=\/wp\/v2\/posts"}],"about":[{"href":"https:\/\/volcanes.net\/index.php?rest_route=\/wp\/v2\/types\/post"}],"author":[{"embeddable":true,"href":"https:\/\/volcanes.net\/index.php?rest_route=\/wp\/v2\/users\/1"}],"replies":[{"embeddable":true,"href":"https:\/\/volcanes.net\/index.php?rest_route=%2Fwp%2Fv2%2Fcomments&post=4846"}],"version-history":[{"count":1,"href":"https:\/\/volcanes.net\/index.php?rest_route=\/wp\/v2\/posts\/4846\/revisions"}],"predecessor-version":[{"id":4848,"href":"https:\/\/volcanes.net\/index.php?rest_route=\/wp\/v2\/posts\/4846\/revisions\/4848"}],"wp:featuredmedia":[{"embeddable":true,"href":"https:\/\/volcanes.net\/index.php?rest_route=\/wp\/v2\/media\/4847"}],"wp:attachment":[{"href":"https:\/\/volcanes.net\/index.php?rest_route=%2Fwp%2Fv2%2Fmedia&parent=4846"}],"wp:term":[{"taxonomy":"category","embeddable":true,"href":"https:\/\/volcanes.net\/index.php?rest_route=%2Fwp%2Fv2%2Fcategories&post=4846"},{"taxonomy":"post_tag","embeddable":true,"href":"https:\/\/volcanes.net\/index.php?rest_route=%2Fwp%2Fv2%2Ftags&post=4846"}],"curies":[{"name":"wp","href":"https:\/\/api.w.org\/{rel}","templated":true}]}}