{"id":4850,"date":"2019-06-06T15:38:06","date_gmt":"2019-06-06T21:38:06","guid":{"rendered":"https:\/\/volcanes.net\/?p=4850"},"modified":"2019-06-06T15:41:04","modified_gmt":"2019-06-06T21:41:04","slug":"gobierno-de-atlautla-realizara-reforestacion-con-10-mil-arbolitos","status":"publish","type":"post","link":"https:\/\/volcanes.net\/?p=4850","title":{"rendered":"Gobierno de Atlautla realizar\u00e1 reforestaci\u00f3n con 10 mil arbolitos"},"content":{"rendered":"<div style=\"margin-top: 0px; margin-bottom: 0px;\" class=\"sharethis-inline-share-buttons\" ><\/div><p>Durante la celebraci\u00f3n por el D\u00eda Mundial del Medio Ambiente, el Presidente Municipal de Atlautla, Estado de M\u00e9xico, D. Hermenegildo Lozada Amaro, subray\u00f3 la importancia que tiene el manejo responsable de los recursos naturales por parte de los ciudadanos y la obligaci\u00f3n que el gobierno tiene para aplicar pol\u00edticas p\u00fablicas que impacten de manera sensible en la protecci\u00f3n de nuestro entorno.<br \/>\nEl Edil resalt\u00f3 diferentes actividades que realiza la actual administraci\u00f3n municipal para mejorar nuestro medio ambiente, entre ellos la adquisici\u00f3n de un cami\u00f3n compactador de basura y la implementaci\u00f3n de carritos recolectores de basura, con los que se busca hacer m\u00e1s eficiente la recolecci\u00f3n de la misma.<br \/>\nEl titular del ejecutivo municipal tambi\u00e9n destac\u00f3 la jornada de limpieza &#8220;Limpiemos M\u00e9xico&#8221;, realizada en el mes de mayo en la que participaron cerca de 100 voluntarios y 250 trabajadores de la administraci\u00f3n municipal y en la que se logr\u00f3 la recolecci\u00f3n de aproximadamente 70 toneladas de basura.<br \/>\nLozada Amaro tambi\u00e9n invit\u00f3 a los presentes a sumarse a la Jornada de reforestaci\u00f3n que se realizar\u00e1 el d\u00eda 15 de junio de 2019 y en la que se pretende lograr la plantaci\u00f3n de m\u00e1s de diez mil arbolitos.<br \/>\nFinalmente el titular del ejecutivo municipal realiz\u00f3 la toma de protesta a los integrantes del Consejo Municipal de Protecci\u00f3n a la Biodiversidad y Desarrollo Sostenible, COMPROBIDES, de Atlautla.<\/p>\n","protected":false},"excerpt":{"rendered":"<p>Durante la celebraci\u00f3n por el D\u00eda Mundial del Medio Ambiente, el Presidente Municipal de Atlautla,<\/p>\n","protected":false},"author":1,"featured_media":4849,"comment_status":"open","ping_status":"open","sticky":false,"template":"","format":"standard","meta":{"footnotes":""},"categories":[1],"tags":[80],"class_list":["post-4850","post","type-post","status-publish","format-standard","has-post-thumbnail","hentry","category-municipales","tag-atlautla"],"yoast_head":"<!-- This site is optimized with the Yoast SEO plugin v25.3 - https:\/\/yoast.com\/wordpress\/plugins\/seo\/ -->\n<title>Gobierno de Atlautla realizar\u00e1 reforestaci\u00f3n con 10 mil arbolitos - Volcanes<\/title>\n<meta name=\"robots\" content=\"index, follow, max-snippet:-1, max-image-preview:large, max-video-preview:-1\" \/>\n<link rel=\"canonical\" href=\"https:\/\/volcanes.net\/?p=4850\" \/>\n<meta property=\"og:locale\" content=\"es_MX\" \/>\n<meta property=\"og:type\" content=\"article\" \/>\n<meta property=\"og:title\" content=\"Gobierno de Atlautla realizar\u00e1 reforestaci\u00f3n con 10 mil arbolitos - Volcanes\" \/>\n<meta property=\"og:description\" content=\"Durante la celebraci\u00f3n por el D\u00eda Mundial del Medio Ambiente, el Presidente Municipal de Atlautla,\" \/>\n<meta property=\"og:url\" content=\"https:\/\/volcanes.net\/?p=4850\" \/>\n<meta property=\"og:site_name\" content=\"Volcanes\" \/>\n<meta property=\"article:publisher\" content=\"https:\/\/www.facebook.com\/volcanes.net\/\" \/>\n<meta property=\"article:published_time\" content=\"2019-06-06T21:38:06+00:00\" \/>\n<meta property=\"article:modified_time\" content=\"2019-06-06T21:41:04+00:00\" \/>\n<meta property=\"og:image\" content=\"https:\/\/volcanes.net\/wp-content\/uploads\/2019\/06\/FB_IMG_1559856664096.jpg\" \/>\n\t<meta property=\"og:image:width\" content=\"720\" \/>\n\t<meta property=\"og:image:height\" content=\"480\" \/>\n\t<meta property=\"og:image:type\" content=\"image\/jpeg\" \/>\n<meta name=\"author\" content=\"admin\" \/>\n<meta name=\"twitter:card\" content=\"summary_large_image\" \/>\n<meta name=\"twitter:label1\" content=\"Escrito por\" \/>\n\t<meta name=\"twitter:data1\" content=\"admin\" \/>\n\t<meta name=\"twitter:label2\" content=\"Tiempo de lectura\" \/>\n\t<meta name=\"twitter:data2\" content=\"1 minuto\" \/>\n<script type=\"application\/ld+json\" class=\"yoast-schema-graph\">{\"@context\":\"https:\/\/schema.org\",\"@graph\":[{\"@type\":\"Article\",\"@id\":\"https:\/\/volcanes.net\/?p=4850#article\",\"isPartOf\":{\"@id\":\"https:\/\/volcanes.net\/?p=4850\"},\"author\":{\"name\":\"admin\",\"@id\":\"https:\/\/volcanes.net\/#\/schema\/person\/4bf0f383940966a4abd53f5048c0e6b9\"},\"headline\":\"Gobierno de Atlautla realizar\u00e1 reforestaci\u00f3n con 10 mil arbolitos\",\"datePublished\":\"2019-06-06T21:38:06+00:00\",\"dateModified\":\"2019-06-06T21:41:04+00:00\",\"mainEntityOfPage\":{\"@id\":\"https:\/\/volcanes.net\/?p=4850\"},\"wordCount\":250,\"commentCount\":0,\"publisher\":{\"@id\":\"https:\/\/volcanes.net\/#organization\"},\"image\":{\"@id\":\"https:\/\/volcanes.net\/?p=4850#primaryimage\"},\"thumbnailUrl\":\"https:\/\/volcanes.net\/wp-content\/uploads\/2019\/06\/FB_IMG_1559856664096.jpg\",\"keywords\":[\"Atlautla\"],\"articleSection\":[\"Municipales\"],\"inLanguage\":\"es\",\"potentialAction\":[{\"@type\":\"CommentAction\",\"name\":\"Comment\",\"target\":[\"https:\/\/volcanes.net\/?p=4850#respond\"]}]},{\"@type\":\"WebPage\",\"@id\":\"https:\/\/volcanes.net\/?p=4850\",\"url\":\"https:\/\/volcanes.net\/?p=4850\",\"name\":\"Gobierno de Atlautla realizar\u00e1 reforestaci\u00f3n con 10 mil arbolitos - Volcanes\",\"isPartOf\":{\"@id\":\"https:\/\/volcanes.net\/#website\"},\"primaryImageOfPage\":{\"@id\":\"https:\/\/volcanes.net\/?p=4850#primaryimage\"},\"image\":{\"@id\":\"https:\/\/volcanes.net\/?p=4850#primaryimage\"},\"thumbnailUrl\":\"https:\/\/volcanes.net\/wp-content\/uploads\/2019\/06\/FB_IMG_1559856664096.jpg\",\"datePublished\":\"2019-06-06T21:38:06+00:00\",\"dateModified\":\"2019-06-06T21:41:04+00:00\",\"breadcrumb\":{\"@id\":\"https:\/\/volcanes.net\/?p=4850#breadcrumb\"},\"inLanguage\":\"es\",\"potentialAction\":[{\"@type\":\"ReadAction\",\"target\":[\"https:\/\/volcanes.net\/?p=4850\"]}]},{\"@type\":\"ImageObject\",\"inLanguage\":\"es\",\"@id\":\"https:\/\/volcanes.net\/?p=4850#primaryimage\",\"url\":\"https:\/\/volcanes.net\/wp-content\/uploads\/2019\/06\/FB_IMG_1559856664096.jpg\",\"contentUrl\":\"https:\/\/volcanes.net\/wp-content\/uploads\/2019\/06\/FB_IMG_1559856664096.jpg\",\"width\":720,\"height\":480},{\"@type\":\"BreadcrumbList\",\"@id\":\"https:\/\/volcanes.net\/?p=4850#breadcrumb\",\"itemListElement\":[{\"@type\":\"ListItem\",\"position\":1,\"name\":\"Portada\",\"item\":\"https:\/\/volcanes.net\/\"},{\"@type\":\"ListItem\",\"position\":2,\"name\":\"Gobierno de Atlautla realizar\u00e1 reforestaci\u00f3n con 10 mil arbolitos\"}]},{\"@type\":\"WebSite\",\"@id\":\"https:\/\/volcanes.net\/#website\",\"url\":\"https:\/\/volcanes.net\/\",\"name\":\"Volcanes.Net\",\"description\":\"Periodismo Profesional\",\"publisher\":{\"@id\":\"https:\/\/volcanes.net\/#organization\"},\"potentialAction\":[{\"@type\":\"SearchAction\",\"target\":{\"@type\":\"EntryPoint\",\"urlTemplate\":\"https:\/\/volcanes.net\/?s={search_term_string}\"},\"query-input\":{\"@type\":\"PropertyValueSpecification\",\"valueRequired\":true,\"valueName\":\"search_term_string\"}}],\"inLanguage\":\"es\"},{\"@type\":\"Organization\",\"@id\":\"https:\/\/volcanes.net\/#organization\",\"name\":\"Grupo Volcanes\",\"url\":\"https:\/\/volcanes.net\/\",\"logo\":{\"@type\":\"ImageObject\",\"inLanguage\":\"es\",\"@id\":\"https:\/\/volcanes.net\/#\/schema\/logo\/image\/\",\"url\":\"http:\/\/volcanes.net\/wp-content\/uploads\/2017\/12\/Avatar2.jpg\",\"contentUrl\":\"http:\/\/volcanes.net\/wp-content\/uploads\/2017\/12\/Avatar2.jpg\",\"width\":378,\"height\":378,\"caption\":\"Grupo Volcanes\"},\"image\":{\"@id\":\"https:\/\/volcanes.net\/#\/schema\/logo\/image\/\"},\"sameAs\":[\"https:\/\/www.facebook.com\/volcanes.net\/\"]},{\"@type\":\"Person\",\"@id\":\"https:\/\/volcanes.net\/#\/schema\/person\/4bf0f383940966a4abd53f5048c0e6b9\",\"name\":\"admin\",\"image\":{\"@type\":\"ImageObject\",\"inLanguage\":\"es\",\"@id\":\"https:\/\/volcanes.net\/#\/schema\/person\/image\/\",\"url\":\"https:\/\/secure.gravatar.com\/avatar\/ca004e6cba8462b8cb7abc86e382930c?s=96&d=mm&r=g\",\"contentUrl\":\"https:\/\/secure.gravatar.com\/avatar\/ca004e6cba8462b8cb7abc86e382930c?s=96&d=mm&r=g\",\"caption\":\"admin\"}}]}<\/script>\n<!-- \/ Yoast SEO plugin. -->","yoast_head_json":{"title":"Gobierno de Atlautla realizar\u00e1 reforestaci\u00f3n con 10 mil arbolitos - Volcanes","robots":{"index":"index","follow":"follow","max-snippet":"max-snippet:-1","max-image-preview":"max-image-preview:large","max-video-preview":"max-video-preview:-1"},"canonical":"https:\/\/volcanes.net\/?p=4850","og_locale":"es_MX","og_type":"article","og_title":"Gobierno de Atlautla realizar\u00e1 reforestaci\u00f3n con 10 mil arbolitos - Volcanes","og_description":"Durante la celebraci\u00f3n por el D\u00eda Mundial del Medio Ambiente, el Presidente Municipal de Atlautla,","og_url":"https:\/\/volcanes.net\/?p=4850","og_site_name":"Volcanes","article_publisher":"https:\/\/www.facebook.com\/volcanes.net\/","article_published_time":"2019-06-06T21:38:06+00:00","article_modified_time":"2019-06-06T21:41:04+00:00","og_image":[{"width":720,"height":480,"url":"https:\/\/volcanes.net\/wp-content\/uploads\/2019\/06\/FB_IMG_1559856664096.jpg","type":"image\/jpeg"}],"author":"admin","twitter_card":"summary_large_image","twitter_misc":{"Escrito por":"admin","Tiempo de lectura":"1 minuto"},"schema":{"@context":"https:\/\/schema.org","@graph":[{"@type":"Article","@id":"https:\/\/volcanes.net\/?p=4850#article","isPartOf":{"@id":"https:\/\/volcanes.net\/?p=4850"},"author":{"name":"admin","@id":"https:\/\/volcanes.net\/#\/schema\/person\/4bf0f383940966a4abd53f5048c0e6b9"},"headline":"Gobierno de Atlautla realizar\u00e1 reforestaci\u00f3n con 10 mil arbolitos","datePublished":"2019-06-06T21:38:06+00:00","dateModified":"2019-06-06T21:41:04+00:00","mainEntityOfPage":{"@id":"https:\/\/volcanes.net\/?p=4850"},"wordCount":250,"commentCount":0,"publisher":{"@id":"https:\/\/volcanes.net\/#organization"},"image":{"@id":"https:\/\/volcanes.net\/?p=4850#primaryimage"},"thumbnailUrl":"https:\/\/volcanes.net\/wp-content\/uploads\/2019\/06\/FB_IMG_1559856664096.jpg","keywords":["Atlautla"],"articleSection":["Municipales"],"inLanguage":"es","potentialAction":[{"@type":"CommentAction","name":"Comment","target":["https:\/\/volcanes.net\/?p=4850#respond"]}]},{"@type":"WebPage","@id":"https:\/\/volcanes.net\/?p=4850","url":"https:\/\/volcanes.net\/?p=4850","name":"Gobierno de Atlautla realizar\u00e1 reforestaci\u00f3n con 10 mil arbolitos - Volcanes","isPartOf":{"@id":"https:\/\/volcanes.net\/#website"},"primaryImageOfPage":{"@id":"https:\/\/volcanes.net\/?p=4850#primaryimage"},"image":{"@id":"https:\/\/volcanes.net\/?p=4850#primaryimage"},"thumbnailUrl":"https:\/\/volcanes.net\/wp-content\/uploads\/2019\/06\/FB_IMG_1559856664096.jpg","datePublished":"2019-06-06T21:38:06+00:00","dateModified":"2019-06-06T21:41:04+00:00","breadcrumb":{"@id":"https:\/\/volcanes.net\/?p=4850#breadcrumb"},"inLanguage":"es","potentialAction":[{"@type":"ReadAction","target":["https:\/\/volcanes.net\/?p=4850"]}]},{"@type":"ImageObject","inLanguage":"es","@id":"https:\/\/volcanes.net\/?p=4850#primaryimage","url":"https:\/\/volcanes.net\/wp-content\/uploads\/2019\/06\/FB_IMG_1559856664096.jpg","contentUrl":"https:\/\/volcanes.net\/wp-content\/uploads\/2019\/06\/FB_IMG_1559856664096.jpg","width":720,"height":480},{"@type":"BreadcrumbList","@id":"https:\/\/volcanes.net\/?p=4850#breadcrumb","itemListElement":[{"@type":"ListItem","position":1,"name":"Portada","item":"https:\/\/volcanes.net\/"},{"@type":"ListItem","position":2,"name":"Gobierno de Atlautla realizar\u00e1 reforestaci\u00f3n con 10 mil arbolitos"}]},{"@type":"WebSite","@id":"https:\/\/volcanes.net\/#website","url":"https:\/\/volcanes.net\/","name":"Volcanes.Net","description":"Periodismo Profesional","publisher":{"@id":"https:\/\/volcanes.net\/#organization"},"potentialAction":[{"@type":"SearchAction","target":{"@type":"EntryPoint","urlTemplate":"https:\/\/volcanes.net\/?s={search_term_string}"},"query-input":{"@type":"PropertyValueSpecification","valueRequired":true,"valueName":"search_term_string"}}],"inLanguage":"es"},{"@type":"Organization","@id":"https:\/\/volcanes.net\/#organization","name":"Grupo Volcanes","url":"https:\/\/volcanes.net\/","logo":{"@type":"ImageObject","inLanguage":"es","@id":"https:\/\/volcanes.net\/#\/schema\/logo\/image\/","url":"http:\/\/volcanes.net\/wp-content\/uploads\/2017\/12\/Avatar2.jpg","contentUrl":"http:\/\/volcanes.net\/wp-content\/uploads\/2017\/12\/Avatar2.jpg","width":378,"height":378,"caption":"Grupo Volcanes"},"image":{"@id":"https:\/\/volcanes.net\/#\/schema\/logo\/image\/"},"sameAs":["https:\/\/www.facebook.com\/volcanes.net\/"]},{"@type":"Person","@id":"https:\/\/volcanes.net\/#\/schema\/person\/4bf0f383940966a4abd53f5048c0e6b9","name":"admin","image":{"@type":"ImageObject","inLanguage":"es","@id":"https:\/\/volcanes.net\/#\/schema\/person\/image\/","url":"https:\/\/secure.gravatar.com\/avatar\/ca004e6cba8462b8cb7abc86e382930c?s=96&d=mm&r=g","contentUrl":"https:\/\/secure.gravatar.com\/avatar\/ca004e6cba8462b8cb7abc86e382930c?s=96&d=mm&r=g","caption":"admin"}}]}},"_links":{"self":[{"href":"https:\/\/volcanes.net\/index.php?rest_route=\/wp\/v2\/posts\/4850"}],"collection":[{"href":"https:\/\/volcanes.net\/index.php?rest_route=\/wp\/v2\/posts"}],"about":[{"href":"https:\/\/volcanes.net\/index.php?rest_route=\/wp\/v2\/types\/post"}],"author":[{"embeddable":true,"href":"https:\/\/volcanes.net\/index.php?rest_route=\/wp\/v2\/users\/1"}],"replies":[{"embeddable":true,"href":"https:\/\/volcanes.net\/index.php?rest_route=%2Fwp%2Fv2%2Fcomments&post=4850"}],"version-history":[{"count":1,"href":"https:\/\/volcanes.net\/index.php?rest_route=\/wp\/v2\/posts\/4850\/revisions"}],"predecessor-version":[{"id":4851,"href":"https:\/\/volcanes.net\/index.php?rest_route=\/wp\/v2\/posts\/4850\/revisions\/4851"}],"wp:featuredmedia":[{"embeddable":true,"href":"https:\/\/volcanes.net\/index.php?rest_route=\/wp\/v2\/media\/4849"}],"wp:attachment":[{"href":"https:\/\/volcanes.net\/index.php?rest_route=%2Fwp%2Fv2%2Fmedia&parent=4850"}],"wp:term":[{"taxonomy":"category","embeddable":true,"href":"https:\/\/volcanes.net\/index.php?rest_route=%2Fwp%2Fv2%2Fcategories&post=4850"},{"taxonomy":"post_tag","embeddable":true,"href":"https:\/\/volcanes.net\/index.php?rest_route=%2Fwp%2Fv2%2Ftags&post=4850"}],"curies":[{"name":"wp","href":"https:\/\/api.w.org\/{rel}","templated":true}]}}