{"id":4914,"date":"2019-06-09T19:56:32","date_gmt":"2019-06-10T01:56:32","guid":{"rendered":"https:\/\/volcanes.net\/?p=4914"},"modified":"2019-06-09T19:58:38","modified_gmt":"2019-06-10T01:58:38","slug":"gobierno-de-amecameca-reforesta-el-sacromonte","status":"publish","type":"post","link":"https:\/\/volcanes.net\/?p=4914","title":{"rendered":"Gobierno de Amecameca reforesta el Sacromonte"},"content":{"rendered":"<div style=\"margin-top: 0px; margin-bottom: 0px;\" class=\"sharethis-inline-share-buttons\" ><\/div><p>Amecameca, M\u00e9x, 9 de junio de 2019.-Un total de 4 mil 250 arbolitos de las especies cedro, encino y madro\u00f1o fueron sembrados en Amecameca, durante la Jornada de Reforestaci\u00f3n, limpieza y recuperaci\u00f3n de espacios p\u00fablicos en el cerro del Sacromonte, que encabez\u00f3 el presidente municipal Miguel \u00c1ngel Salom\u00f3n Cort\u00e9s, quien estuvo acompa\u00f1ado de su esposa la se\u00f1ora Patricia Tufi\u00f1o Carranza.<\/p>\n<div class=\"entry-content\" style=\"box-sizing:border-box; overflow-wrap:break-word; width:372px; padding:0px; border:0px; overflow:hidden; color:rgb(85,85,85); font-family:Arial,sans-serif; font-size:14px; font-style:normal; font-variant-ligatures:normal; font-variant-caps:normal; font-weight:400; letter-spacing:normal; orphans:2text-indent:0px; text-transform:none; white-space:normal; widows:2; word-spacing:0px; -webkit-text-stroke-width:0px; background-color:rgb(255,255,255); text-decoration-style:initial; text-decoration-color:initial; text-align:left;\">\n<p style=\"box-sizing:border-box; overflow-wrap:break-word; text-align:left;\">En el marco del programa de reforestaci\u00f3n anual, donde el Gobierno Municipal, de extracci\u00f3n verde ecologista, pretende plantar m\u00e1s de 25 mil \u00e1rboles en Amecameca, este fin de semana, m\u00e1s de mil personas entre integrantes del Ayuntamiento y vecinos acudieron al cerro del Sacromonte a reforestar.<\/p>\n<p style=\"box-sizing:border-box; overflow-wrap:break-word; text-align:left;\">Durante el evento, Salom\u00f3n Cort\u00e9s destac\u00f3 la importancia de cuidar el bosque y el medio ambiente, por lo que en Amecameca estas acciones son parte importante de la administraci\u00f3n 2019-2021.<\/p>\n<p style=\"box-sizing:border-box; overflow-wrap:break-word;\">Subray\u00f3 que adem\u00e1s de reforestar, se llevan a cabo jornadas de limpieza en todos los veneros de agua que conducen el vital l\u00edquido a las viviendas de los amecamequenses y se est\u00e1 trabajando en el rescate de espacios p\u00fablicos.<\/p>\n<p style=\"box-sizing:border-box; overflow-wrap:break-word; text-align:left;\">Record\u00f3 que el programa de Reforestaci\u00f3n en este municipio, concluir\u00e1 hasta el mes de agosto y se cumplir\u00e1 con la norma que establece que para reforestar arbolitos se debe de cavar una cepa de 30 por 30 y esperar 8 d\u00edas para que se humedezca, adem\u00e1s de ponerle lombricomposta y en el momento de cultivar el arbolito se debe de cortar la bolsa y un poco de ra\u00edz. Todo esto, con el fin de que la planta no se seque y tenga m\u00e1s oportunidades de crecer.<\/p>\n<p style=\"box-sizing:border-box; overflow-wrap:break-word; text-align:left;\">Por \u00faltimo, hizo un llamado a la poblaci\u00f3n a cuidar los bosques y denunciar la tala inmoderada, para mejorar el medio ambiente, a la vez de cuidar los espacios p\u00fablicos que el Gobierno Municipal est\u00e1 recuperando.<\/p>\n<\/div>\n","protected":false},"excerpt":{"rendered":"<p>Amecameca, M\u00e9x, 9 de junio de 2019.-Un total de 4 mil 250 arbolitos de las<\/p>\n","protected":false},"author":1,"featured_media":4913,"comment_status":"open","ping_status":"open","sticky":false,"template":"","format":"standard","meta":{"footnotes":""},"categories":[1],"tags":[7],"class_list":["post-4914","post","type-post","status-publish","format-standard","has-post-thumbnail","hentry","category-municipales","tag-amecameca"],"yoast_head":"<!-- This site is optimized with the Yoast SEO plugin v25.3 - https:\/\/yoast.com\/wordpress\/plugins\/seo\/ -->\n<title>Gobierno de Amecameca reforesta el Sacromonte - Volcanes<\/title>\n<meta name=\"robots\" content=\"index, follow, max-snippet:-1, max-image-preview:large, max-video-preview:-1\" \/>\n<link rel=\"canonical\" href=\"https:\/\/volcanes.net\/?p=4914\" \/>\n<meta property=\"og:locale\" content=\"es_MX\" \/>\n<meta property=\"og:type\" content=\"article\" \/>\n<meta property=\"og:title\" content=\"Gobierno de Amecameca reforesta el Sacromonte - Volcanes\" \/>\n<meta property=\"og:description\" content=\"Amecameca, M\u00e9x, 9 de junio de 2019.-Un total de 4 mil 250 arbolitos de las\" \/>\n<meta property=\"og:url\" content=\"https:\/\/volcanes.net\/?p=4914\" \/>\n<meta property=\"og:site_name\" content=\"Volcanes\" \/>\n<meta property=\"article:publisher\" content=\"https:\/\/www.facebook.com\/volcanes.net\/\" \/>\n<meta property=\"article:published_time\" content=\"2019-06-10T01:56:32+00:00\" \/>\n<meta property=\"article:modified_time\" content=\"2019-06-10T01:58:38+00:00\" \/>\n<meta property=\"og:image\" content=\"https:\/\/volcanes.net\/wp-content\/uploads\/2019\/06\/FB_IMG_1560131598544_compress72.jpg\" \/>\n\t<meta property=\"og:image:width\" content=\"720\" \/>\n\t<meta property=\"og:image:height\" content=\"960\" \/>\n\t<meta property=\"og:image:type\" content=\"image\/jpeg\" \/>\n<meta name=\"author\" content=\"admin\" \/>\n<meta name=\"twitter:card\" content=\"summary_large_image\" \/>\n<meta name=\"twitter:label1\" content=\"Escrito por\" \/>\n\t<meta name=\"twitter:data1\" content=\"admin\" \/>\n\t<meta name=\"twitter:label2\" content=\"Tiempo de lectura\" \/>\n\t<meta name=\"twitter:data2\" content=\"2 minutos\" \/>\n<script type=\"application\/ld+json\" class=\"yoast-schema-graph\">{\"@context\":\"https:\/\/schema.org\",\"@graph\":[{\"@type\":\"Article\",\"@id\":\"https:\/\/volcanes.net\/?p=4914#article\",\"isPartOf\":{\"@id\":\"https:\/\/volcanes.net\/?p=4914\"},\"author\":{\"name\":\"admin\",\"@id\":\"https:\/\/volcanes.net\/#\/schema\/person\/4bf0f383940966a4abd53f5048c0e6b9\"},\"headline\":\"Gobierno de Amecameca reforesta el Sacromonte\",\"datePublished\":\"2019-06-10T01:56:32+00:00\",\"dateModified\":\"2019-06-10T01:58:38+00:00\",\"mainEntityOfPage\":{\"@id\":\"https:\/\/volcanes.net\/?p=4914\"},\"wordCount\":323,\"commentCount\":0,\"publisher\":{\"@id\":\"https:\/\/volcanes.net\/#organization\"},\"image\":{\"@id\":\"https:\/\/volcanes.net\/?p=4914#primaryimage\"},\"thumbnailUrl\":\"https:\/\/volcanes.net\/wp-content\/uploads\/2019\/06\/FB_IMG_1560131598544_compress72.jpg\",\"keywords\":[\"Amecameca\"],\"articleSection\":[\"Municipales\"],\"inLanguage\":\"es\",\"potentialAction\":[{\"@type\":\"CommentAction\",\"name\":\"Comment\",\"target\":[\"https:\/\/volcanes.net\/?p=4914#respond\"]}]},{\"@type\":\"WebPage\",\"@id\":\"https:\/\/volcanes.net\/?p=4914\",\"url\":\"https:\/\/volcanes.net\/?p=4914\",\"name\":\"Gobierno de Amecameca reforesta el Sacromonte - Volcanes\",\"isPartOf\":{\"@id\":\"https:\/\/volcanes.net\/#website\"},\"primaryImageOfPage\":{\"@id\":\"https:\/\/volcanes.net\/?p=4914#primaryimage\"},\"image\":{\"@id\":\"https:\/\/volcanes.net\/?p=4914#primaryimage\"},\"thumbnailUrl\":\"https:\/\/volcanes.net\/wp-content\/uploads\/2019\/06\/FB_IMG_1560131598544_compress72.jpg\",\"datePublished\":\"2019-06-10T01:56:32+00:00\",\"dateModified\":\"2019-06-10T01:58:38+00:00\",\"breadcrumb\":{\"@id\":\"https:\/\/volcanes.net\/?p=4914#breadcrumb\"},\"inLanguage\":\"es\",\"potentialAction\":[{\"@type\":\"ReadAction\",\"target\":[\"https:\/\/volcanes.net\/?p=4914\"]}]},{\"@type\":\"ImageObject\",\"inLanguage\":\"es\",\"@id\":\"https:\/\/volcanes.net\/?p=4914#primaryimage\",\"url\":\"https:\/\/volcanes.net\/wp-content\/uploads\/2019\/06\/FB_IMG_1560131598544_compress72.jpg\",\"contentUrl\":\"https:\/\/volcanes.net\/wp-content\/uploads\/2019\/06\/FB_IMG_1560131598544_compress72.jpg\",\"width\":720,\"height\":960},{\"@type\":\"BreadcrumbList\",\"@id\":\"https:\/\/volcanes.net\/?p=4914#breadcrumb\",\"itemListElement\":[{\"@type\":\"ListItem\",\"position\":1,\"name\":\"Portada\",\"item\":\"https:\/\/volcanes.net\/\"},{\"@type\":\"ListItem\",\"position\":2,\"name\":\"Gobierno de Amecameca reforesta el Sacromonte\"}]},{\"@type\":\"WebSite\",\"@id\":\"https:\/\/volcanes.net\/#website\",\"url\":\"https:\/\/volcanes.net\/\",\"name\":\"Volcanes.Net\",\"description\":\"Periodismo Profesional\",\"publisher\":{\"@id\":\"https:\/\/volcanes.net\/#organization\"},\"potentialAction\":[{\"@type\":\"SearchAction\",\"target\":{\"@type\":\"EntryPoint\",\"urlTemplate\":\"https:\/\/volcanes.net\/?s={search_term_string}\"},\"query-input\":{\"@type\":\"PropertyValueSpecification\",\"valueRequired\":true,\"valueName\":\"search_term_string\"}}],\"inLanguage\":\"es\"},{\"@type\":\"Organization\",\"@id\":\"https:\/\/volcanes.net\/#organization\",\"name\":\"Grupo Volcanes\",\"url\":\"https:\/\/volcanes.net\/\",\"logo\":{\"@type\":\"ImageObject\",\"inLanguage\":\"es\",\"@id\":\"https:\/\/volcanes.net\/#\/schema\/logo\/image\/\",\"url\":\"http:\/\/volcanes.net\/wp-content\/uploads\/2017\/12\/Avatar2.jpg\",\"contentUrl\":\"http:\/\/volcanes.net\/wp-content\/uploads\/2017\/12\/Avatar2.jpg\",\"width\":378,\"height\":378,\"caption\":\"Grupo Volcanes\"},\"image\":{\"@id\":\"https:\/\/volcanes.net\/#\/schema\/logo\/image\/\"},\"sameAs\":[\"https:\/\/www.facebook.com\/volcanes.net\/\"]},{\"@type\":\"Person\",\"@id\":\"https:\/\/volcanes.net\/#\/schema\/person\/4bf0f383940966a4abd53f5048c0e6b9\",\"name\":\"admin\",\"image\":{\"@type\":\"ImageObject\",\"inLanguage\":\"es\",\"@id\":\"https:\/\/volcanes.net\/#\/schema\/person\/image\/\",\"url\":\"https:\/\/secure.gravatar.com\/avatar\/ca004e6cba8462b8cb7abc86e382930c?s=96&d=mm&r=g\",\"contentUrl\":\"https:\/\/secure.gravatar.com\/avatar\/ca004e6cba8462b8cb7abc86e382930c?s=96&d=mm&r=g\",\"caption\":\"admin\"}}]}<\/script>\n<!-- \/ Yoast SEO plugin. -->","yoast_head_json":{"title":"Gobierno de Amecameca reforesta el Sacromonte - Volcanes","robots":{"index":"index","follow":"follow","max-snippet":"max-snippet:-1","max-image-preview":"max-image-preview:large","max-video-preview":"max-video-preview:-1"},"canonical":"https:\/\/volcanes.net\/?p=4914","og_locale":"es_MX","og_type":"article","og_title":"Gobierno de Amecameca reforesta el Sacromonte - Volcanes","og_description":"Amecameca, M\u00e9x, 9 de junio de 2019.-Un total de 4 mil 250 arbolitos de las","og_url":"https:\/\/volcanes.net\/?p=4914","og_site_name":"Volcanes","article_publisher":"https:\/\/www.facebook.com\/volcanes.net\/","article_published_time":"2019-06-10T01:56:32+00:00","article_modified_time":"2019-06-10T01:58:38+00:00","og_image":[{"width":720,"height":960,"url":"https:\/\/volcanes.net\/wp-content\/uploads\/2019\/06\/FB_IMG_1560131598544_compress72.jpg","type":"image\/jpeg"}],"author":"admin","twitter_card":"summary_large_image","twitter_misc":{"Escrito por":"admin","Tiempo de lectura":"2 minutos"},"schema":{"@context":"https:\/\/schema.org","@graph":[{"@type":"Article","@id":"https:\/\/volcanes.net\/?p=4914#article","isPartOf":{"@id":"https:\/\/volcanes.net\/?p=4914"},"author":{"name":"admin","@id":"https:\/\/volcanes.net\/#\/schema\/person\/4bf0f383940966a4abd53f5048c0e6b9"},"headline":"Gobierno de Amecameca reforesta el Sacromonte","datePublished":"2019-06-10T01:56:32+00:00","dateModified":"2019-06-10T01:58:38+00:00","mainEntityOfPage":{"@id":"https:\/\/volcanes.net\/?p=4914"},"wordCount":323,"commentCount":0,"publisher":{"@id":"https:\/\/volcanes.net\/#organization"},"image":{"@id":"https:\/\/volcanes.net\/?p=4914#primaryimage"},"thumbnailUrl":"https:\/\/volcanes.net\/wp-content\/uploads\/2019\/06\/FB_IMG_1560131598544_compress72.jpg","keywords":["Amecameca"],"articleSection":["Municipales"],"inLanguage":"es","potentialAction":[{"@type":"CommentAction","name":"Comment","target":["https:\/\/volcanes.net\/?p=4914#respond"]}]},{"@type":"WebPage","@id":"https:\/\/volcanes.net\/?p=4914","url":"https:\/\/volcanes.net\/?p=4914","name":"Gobierno de Amecameca reforesta el Sacromonte - Volcanes","isPartOf":{"@id":"https:\/\/volcanes.net\/#website"},"primaryImageOfPage":{"@id":"https:\/\/volcanes.net\/?p=4914#primaryimage"},"image":{"@id":"https:\/\/volcanes.net\/?p=4914#primaryimage"},"thumbnailUrl":"https:\/\/volcanes.net\/wp-content\/uploads\/2019\/06\/FB_IMG_1560131598544_compress72.jpg","datePublished":"2019-06-10T01:56:32+00:00","dateModified":"2019-06-10T01:58:38+00:00","breadcrumb":{"@id":"https:\/\/volcanes.net\/?p=4914#breadcrumb"},"inLanguage":"es","potentialAction":[{"@type":"ReadAction","target":["https:\/\/volcanes.net\/?p=4914"]}]},{"@type":"ImageObject","inLanguage":"es","@id":"https:\/\/volcanes.net\/?p=4914#primaryimage","url":"https:\/\/volcanes.net\/wp-content\/uploads\/2019\/06\/FB_IMG_1560131598544_compress72.jpg","contentUrl":"https:\/\/volcanes.net\/wp-content\/uploads\/2019\/06\/FB_IMG_1560131598544_compress72.jpg","width":720,"height":960},{"@type":"BreadcrumbList","@id":"https:\/\/volcanes.net\/?p=4914#breadcrumb","itemListElement":[{"@type":"ListItem","position":1,"name":"Portada","item":"https:\/\/volcanes.net\/"},{"@type":"ListItem","position":2,"name":"Gobierno de Amecameca reforesta el Sacromonte"}]},{"@type":"WebSite","@id":"https:\/\/volcanes.net\/#website","url":"https:\/\/volcanes.net\/","name":"Volcanes.Net","description":"Periodismo Profesional","publisher":{"@id":"https:\/\/volcanes.net\/#organization"},"potentialAction":[{"@type":"SearchAction","target":{"@type":"EntryPoint","urlTemplate":"https:\/\/volcanes.net\/?s={search_term_string}"},"query-input":{"@type":"PropertyValueSpecification","valueRequired":true,"valueName":"search_term_string"}}],"inLanguage":"es"},{"@type":"Organization","@id":"https:\/\/volcanes.net\/#organization","name":"Grupo Volcanes","url":"https:\/\/volcanes.net\/","logo":{"@type":"ImageObject","inLanguage":"es","@id":"https:\/\/volcanes.net\/#\/schema\/logo\/image\/","url":"http:\/\/volcanes.net\/wp-content\/uploads\/2017\/12\/Avatar2.jpg","contentUrl":"http:\/\/volcanes.net\/wp-content\/uploads\/2017\/12\/Avatar2.jpg","width":378,"height":378,"caption":"Grupo Volcanes"},"image":{"@id":"https:\/\/volcanes.net\/#\/schema\/logo\/image\/"},"sameAs":["https:\/\/www.facebook.com\/volcanes.net\/"]},{"@type":"Person","@id":"https:\/\/volcanes.net\/#\/schema\/person\/4bf0f383940966a4abd53f5048c0e6b9","name":"admin","image":{"@type":"ImageObject","inLanguage":"es","@id":"https:\/\/volcanes.net\/#\/schema\/person\/image\/","url":"https:\/\/secure.gravatar.com\/avatar\/ca004e6cba8462b8cb7abc86e382930c?s=96&d=mm&r=g","contentUrl":"https:\/\/secure.gravatar.com\/avatar\/ca004e6cba8462b8cb7abc86e382930c?s=96&d=mm&r=g","caption":"admin"}}]}},"_links":{"self":[{"href":"https:\/\/volcanes.net\/index.php?rest_route=\/wp\/v2\/posts\/4914"}],"collection":[{"href":"https:\/\/volcanes.net\/index.php?rest_route=\/wp\/v2\/posts"}],"about":[{"href":"https:\/\/volcanes.net\/index.php?rest_route=\/wp\/v2\/types\/post"}],"author":[{"embeddable":true,"href":"https:\/\/volcanes.net\/index.php?rest_route=\/wp\/v2\/users\/1"}],"replies":[{"embeddable":true,"href":"https:\/\/volcanes.net\/index.php?rest_route=%2Fwp%2Fv2%2Fcomments&post=4914"}],"version-history":[{"count":3,"href":"https:\/\/volcanes.net\/index.php?rest_route=\/wp\/v2\/posts\/4914\/revisions"}],"predecessor-version":[{"id":4917,"href":"https:\/\/volcanes.net\/index.php?rest_route=\/wp\/v2\/posts\/4914\/revisions\/4917"}],"wp:featuredmedia":[{"embeddable":true,"href":"https:\/\/volcanes.net\/index.php?rest_route=\/wp\/v2\/media\/4913"}],"wp:attachment":[{"href":"https:\/\/volcanes.net\/index.php?rest_route=%2Fwp%2Fv2%2Fmedia&parent=4914"}],"wp:term":[{"taxonomy":"category","embeddable":true,"href":"https:\/\/volcanes.net\/index.php?rest_route=%2Fwp%2Fv2%2Fcategories&post=4914"},{"taxonomy":"post_tag","embeddable":true,"href":"https:\/\/volcanes.net\/index.php?rest_route=%2Fwp%2Fv2%2Ftags&post=4914"}],"curies":[{"name":"wp","href":"https:\/\/api.w.org\/{rel}","templated":true}]}}