{"id":4923,"date":"2019-06-10T18:23:23","date_gmt":"2019-06-11T00:23:23","guid":{"rendered":"https:\/\/volcanes.net\/?p=4923"},"modified":"2019-06-10T18:23:53","modified_gmt":"2019-06-11T00:23:53","slug":"reconoce-alcalde-de-cocotitlan-que-ningun-policia-cuenta-con-certificacion","status":"publish","type":"post","link":"https:\/\/volcanes.net\/?p=4923","title":{"rendered":"Reconoce alcalde de Cocotitl\u00e1n que ning\u00fan policia cuenta con certificaci\u00f3n"},"content":{"rendered":"<div style=\"margin-top: 0px; margin-bottom: 0px;\" class=\"sharethis-inline-share-buttons\" ><\/div><p>Cocotitl\u00e1n, M\u00e9x, 19 de junio de 2019.- La Secretar\u00eda  de Seguridad del Estado de M\u00e9xico envi\u00f3 un oficio al presidente municipal de Cocotitl\u00e1n, Tomas Suarez Ju\u00e1rez para informarle que su administraci\u00f3n presenta un rezago en el cumplimiento  de metas para la emisi\u00f3n del Certificado \u00danico Policial (CUP) con corte al 13 de mayo, ya que existe un avance de 0 por ciento en la formaci\u00f3n, desempe\u00f1o y evaluaci\u00f3n de 28 de sus 44 polic\u00edas municipales.<\/p>\n<p>En el oficio  206C02010\/03283\/2019 que fue firmado por la directora general del Centro de Control de Confianza, Angelica Arely Nevarez solicita que &#8220;en caso de contar con la captura de sus elementos en Plataforma M\u00e9xico respecto a los apartados que corresponden al CUP ( Formaci\u00f3n Inicial, Evaluaci\u00f3n  de Competencias B\u00e1sicas, Evaluaci\u00f3n de Desempe\u00f1o y Desempe\u00f1o Acad\u00e9mico) imprimir los Formatos \u00danicos de Evaluaci\u00f3n y remitirlos a la brevedad anexando el oficio de solicitud a este Centro Estatal&#8221;.<\/p>\n<p>Lo anterior  para cumplir con la meta para el CUP del 100% del personal operativo de la entidad para septiembre  de este a\u00f1o, se lee en el documento.<\/p>\n<p>Al respecto, fue entrevistado el alcalde de Cocotitl\u00e1n, Tom\u00e1s Su\u00e1rez y reconoci\u00f3  que existe atraso en el CUP; sin embargo, &#8220;estamos pr\u00e1cticamente en la antesala de tener 20 polic\u00edas, que tengan su Certificaci\u00f3n \u00danica Policial y otros 10 ya pr\u00e1cticamente tendr\u00edan la mitad&#8221;, por lo que garantiz\u00f3 que en el mes de septiembre Cocotitlan va a cumplir con la meta.<\/p>\n<p>Subray\u00f3 que varios municipios se encuentran  en las mismas condiciones de esta localidad, porque &#8220;sale muy caro preparar a un polic\u00eda;<br \/>\npara que normen un criterio, no tan s\u00f3lo es el Certificado \u00danico del polic\u00eda  sino que adem\u00e1s se requiere entre 120 o 130 mil pesos para la formaci\u00f3n de un polic\u00eda\u2026&#8221;<\/p>\n<p>Raz\u00f3n por la que consider\u00f3  que con el estado de fuerza de Cocotitlan, que es de 44 polic\u00edas, la inversi\u00f3n para su capacitaci\u00f3n  ser\u00eda de m\u00e1s de 5 millones de pesos.<\/p>\n<p>El edil, asegur\u00f3  que la polic\u00eda municipal de Cocotitl\u00e1n nunca ha estado fuera de la ley, ya que varios elementos que contaban con certificaci\u00f3n,  se fueron a trabajar a otros municipios como Tenango del Aire, Chalco y Nezahualc\u00f3yotl, en la presente administraci\u00f3n.<\/p>\n<p>Por \u00faltimo, declar\u00f3  que el recurso destinado a trav\u00e9s del Fortaseg para Cocotitl\u00e1n, que es de entre 200 A 300 mil pesos es insuficiente para el rubro de seguridad p\u00fablica.<\/p>\n","protected":false},"excerpt":{"rendered":"<p>Cocotitl\u00e1n, M\u00e9x, 19 de junio de 2019.- La Secretar\u00eda de Seguridad del Estado de M\u00e9xico<\/p>\n","protected":false},"author":1,"featured_media":4922,"comment_status":"open","ping_status":"open","sticky":false,"template":"","format":"standard","meta":{"footnotes":""},"categories":[1],"tags":[13],"class_list":["post-4923","post","type-post","status-publish","format-standard","has-post-thumbnail","hentry","category-municipales","tag-cocotitlan"],"yoast_head":"<!-- This site is optimized with the Yoast SEO plugin v25.3 - https:\/\/yoast.com\/wordpress\/plugins\/seo\/ -->\n<title>Reconoce alcalde de Cocotitl\u00e1n que ning\u00fan policia cuenta con certificaci\u00f3n - Volcanes<\/title>\n<meta name=\"robots\" content=\"index, follow, max-snippet:-1, max-image-preview:large, max-video-preview:-1\" \/>\n<link rel=\"canonical\" href=\"https:\/\/volcanes.net\/?p=4923\" \/>\n<meta property=\"og:locale\" content=\"es_MX\" \/>\n<meta property=\"og:type\" content=\"article\" \/>\n<meta property=\"og:title\" content=\"Reconoce alcalde de Cocotitl\u00e1n que ning\u00fan policia cuenta con certificaci\u00f3n - Volcanes\" \/>\n<meta property=\"og:description\" content=\"Cocotitl\u00e1n, M\u00e9x, 19 de junio de 2019.- La Secretar\u00eda de Seguridad del Estado de M\u00e9xico\" \/>\n<meta property=\"og:url\" content=\"https:\/\/volcanes.net\/?p=4923\" \/>\n<meta property=\"og:site_name\" content=\"Volcanes\" \/>\n<meta property=\"article:publisher\" content=\"https:\/\/www.facebook.com\/volcanes.net\/\" \/>\n<meta property=\"article:published_time\" content=\"2019-06-11T00:23:23+00:00\" \/>\n<meta property=\"article:modified_time\" content=\"2019-06-11T00:23:53+00:00\" \/>\n<meta property=\"og:image\" content=\"https:\/\/volcanes.net\/wp-content\/uploads\/2019\/06\/Screenshot_20190610-185800_WhatsApp-608x288.jpg\" \/>\n\t<meta property=\"og:image:width\" content=\"608\" \/>\n\t<meta property=\"og:image:height\" content=\"288\" \/>\n\t<meta property=\"og:image:type\" content=\"image\/jpeg\" \/>\n<meta name=\"author\" content=\"admin\" \/>\n<meta name=\"twitter:card\" content=\"summary_large_image\" \/>\n<meta name=\"twitter:label1\" content=\"Escrito por\" \/>\n\t<meta name=\"twitter:data1\" content=\"admin\" \/>\n\t<meta name=\"twitter:label2\" content=\"Tiempo de lectura\" \/>\n\t<meta name=\"twitter:data2\" content=\"2 minutos\" \/>\n<script type=\"application\/ld+json\" class=\"yoast-schema-graph\">{\"@context\":\"https:\/\/schema.org\",\"@graph\":[{\"@type\":\"Article\",\"@id\":\"https:\/\/volcanes.net\/?p=4923#article\",\"isPartOf\":{\"@id\":\"https:\/\/volcanes.net\/?p=4923\"},\"author\":{\"name\":\"admin\",\"@id\":\"https:\/\/volcanes.net\/#\/schema\/person\/4bf0f383940966a4abd53f5048c0e6b9\"},\"headline\":\"Reconoce alcalde de Cocotitl\u00e1n que ning\u00fan policia cuenta con certificaci\u00f3n\",\"datePublished\":\"2019-06-11T00:23:23+00:00\",\"dateModified\":\"2019-06-11T00:23:53+00:00\",\"mainEntityOfPage\":{\"@id\":\"https:\/\/volcanes.net\/?p=4923\"},\"wordCount\":442,\"commentCount\":0,\"publisher\":{\"@id\":\"https:\/\/volcanes.net\/#organization\"},\"image\":{\"@id\":\"https:\/\/volcanes.net\/?p=4923#primaryimage\"},\"thumbnailUrl\":\"https:\/\/volcanes.net\/wp-content\/uploads\/2019\/06\/Screenshot_20190610-185800_WhatsApp-608x288.jpg\",\"keywords\":[\"Cocotitl\u00e1n\"],\"articleSection\":[\"Municipales\"],\"inLanguage\":\"es\",\"potentialAction\":[{\"@type\":\"CommentAction\",\"name\":\"Comment\",\"target\":[\"https:\/\/volcanes.net\/?p=4923#respond\"]}]},{\"@type\":\"WebPage\",\"@id\":\"https:\/\/volcanes.net\/?p=4923\",\"url\":\"https:\/\/volcanes.net\/?p=4923\",\"name\":\"Reconoce alcalde de Cocotitl\u00e1n que ning\u00fan policia cuenta con certificaci\u00f3n - Volcanes\",\"isPartOf\":{\"@id\":\"https:\/\/volcanes.net\/#website\"},\"primaryImageOfPage\":{\"@id\":\"https:\/\/volcanes.net\/?p=4923#primaryimage\"},\"image\":{\"@id\":\"https:\/\/volcanes.net\/?p=4923#primaryimage\"},\"thumbnailUrl\":\"https:\/\/volcanes.net\/wp-content\/uploads\/2019\/06\/Screenshot_20190610-185800_WhatsApp-608x288.jpg\",\"datePublished\":\"2019-06-11T00:23:23+00:00\",\"dateModified\":\"2019-06-11T00:23:53+00:00\",\"breadcrumb\":{\"@id\":\"https:\/\/volcanes.net\/?p=4923#breadcrumb\"},\"inLanguage\":\"es\",\"potentialAction\":[{\"@type\":\"ReadAction\",\"target\":[\"https:\/\/volcanes.net\/?p=4923\"]}]},{\"@type\":\"ImageObject\",\"inLanguage\":\"es\",\"@id\":\"https:\/\/volcanes.net\/?p=4923#primaryimage\",\"url\":\"https:\/\/volcanes.net\/wp-content\/uploads\/2019\/06\/Screenshot_20190610-185800_WhatsApp-608x288.jpg\",\"contentUrl\":\"https:\/\/volcanes.net\/wp-content\/uploads\/2019\/06\/Screenshot_20190610-185800_WhatsApp-608x288.jpg\",\"width\":608,\"height\":288},{\"@type\":\"BreadcrumbList\",\"@id\":\"https:\/\/volcanes.net\/?p=4923#breadcrumb\",\"itemListElement\":[{\"@type\":\"ListItem\",\"position\":1,\"name\":\"Portada\",\"item\":\"https:\/\/volcanes.net\/\"},{\"@type\":\"ListItem\",\"position\":2,\"name\":\"Reconoce alcalde de Cocotitl\u00e1n que ning\u00fan policia cuenta con certificaci\u00f3n\"}]},{\"@type\":\"WebSite\",\"@id\":\"https:\/\/volcanes.net\/#website\",\"url\":\"https:\/\/volcanes.net\/\",\"name\":\"Volcanes.Net\",\"description\":\"Periodismo Profesional\",\"publisher\":{\"@id\":\"https:\/\/volcanes.net\/#organization\"},\"potentialAction\":[{\"@type\":\"SearchAction\",\"target\":{\"@type\":\"EntryPoint\",\"urlTemplate\":\"https:\/\/volcanes.net\/?s={search_term_string}\"},\"query-input\":{\"@type\":\"PropertyValueSpecification\",\"valueRequired\":true,\"valueName\":\"search_term_string\"}}],\"inLanguage\":\"es\"},{\"@type\":\"Organization\",\"@id\":\"https:\/\/volcanes.net\/#organization\",\"name\":\"Grupo Volcanes\",\"url\":\"https:\/\/volcanes.net\/\",\"logo\":{\"@type\":\"ImageObject\",\"inLanguage\":\"es\",\"@id\":\"https:\/\/volcanes.net\/#\/schema\/logo\/image\/\",\"url\":\"http:\/\/volcanes.net\/wp-content\/uploads\/2017\/12\/Avatar2.jpg\",\"contentUrl\":\"http:\/\/volcanes.net\/wp-content\/uploads\/2017\/12\/Avatar2.jpg\",\"width\":378,\"height\":378,\"caption\":\"Grupo Volcanes\"},\"image\":{\"@id\":\"https:\/\/volcanes.net\/#\/schema\/logo\/image\/\"},\"sameAs\":[\"https:\/\/www.facebook.com\/volcanes.net\/\"]},{\"@type\":\"Person\",\"@id\":\"https:\/\/volcanes.net\/#\/schema\/person\/4bf0f383940966a4abd53f5048c0e6b9\",\"name\":\"admin\",\"image\":{\"@type\":\"ImageObject\",\"inLanguage\":\"es\",\"@id\":\"https:\/\/volcanes.net\/#\/schema\/person\/image\/\",\"url\":\"https:\/\/secure.gravatar.com\/avatar\/ca004e6cba8462b8cb7abc86e382930c?s=96&d=mm&r=g\",\"contentUrl\":\"https:\/\/secure.gravatar.com\/avatar\/ca004e6cba8462b8cb7abc86e382930c?s=96&d=mm&r=g\",\"caption\":\"admin\"}}]}<\/script>\n<!-- \/ Yoast SEO plugin. -->","yoast_head_json":{"title":"Reconoce alcalde de Cocotitl\u00e1n que ning\u00fan policia cuenta con certificaci\u00f3n - Volcanes","robots":{"index":"index","follow":"follow","max-snippet":"max-snippet:-1","max-image-preview":"max-image-preview:large","max-video-preview":"max-video-preview:-1"},"canonical":"https:\/\/volcanes.net\/?p=4923","og_locale":"es_MX","og_type":"article","og_title":"Reconoce alcalde de Cocotitl\u00e1n que ning\u00fan policia cuenta con certificaci\u00f3n - Volcanes","og_description":"Cocotitl\u00e1n, M\u00e9x, 19 de junio de 2019.- La Secretar\u00eda de Seguridad del Estado de M\u00e9xico","og_url":"https:\/\/volcanes.net\/?p=4923","og_site_name":"Volcanes","article_publisher":"https:\/\/www.facebook.com\/volcanes.net\/","article_published_time":"2019-06-11T00:23:23+00:00","article_modified_time":"2019-06-11T00:23:53+00:00","og_image":[{"width":608,"height":288,"url":"https:\/\/volcanes.net\/wp-content\/uploads\/2019\/06\/Screenshot_20190610-185800_WhatsApp-608x288.jpg","type":"image\/jpeg"}],"author":"admin","twitter_card":"summary_large_image","twitter_misc":{"Escrito por":"admin","Tiempo de lectura":"2 minutos"},"schema":{"@context":"https:\/\/schema.org","@graph":[{"@type":"Article","@id":"https:\/\/volcanes.net\/?p=4923#article","isPartOf":{"@id":"https:\/\/volcanes.net\/?p=4923"},"author":{"name":"admin","@id":"https:\/\/volcanes.net\/#\/schema\/person\/4bf0f383940966a4abd53f5048c0e6b9"},"headline":"Reconoce alcalde de Cocotitl\u00e1n que ning\u00fan policia cuenta con certificaci\u00f3n","datePublished":"2019-06-11T00:23:23+00:00","dateModified":"2019-06-11T00:23:53+00:00","mainEntityOfPage":{"@id":"https:\/\/volcanes.net\/?p=4923"},"wordCount":442,"commentCount":0,"publisher":{"@id":"https:\/\/volcanes.net\/#organization"},"image":{"@id":"https:\/\/volcanes.net\/?p=4923#primaryimage"},"thumbnailUrl":"https:\/\/volcanes.net\/wp-content\/uploads\/2019\/06\/Screenshot_20190610-185800_WhatsApp-608x288.jpg","keywords":["Cocotitl\u00e1n"],"articleSection":["Municipales"],"inLanguage":"es","potentialAction":[{"@type":"CommentAction","name":"Comment","target":["https:\/\/volcanes.net\/?p=4923#respond"]}]},{"@type":"WebPage","@id":"https:\/\/volcanes.net\/?p=4923","url":"https:\/\/volcanes.net\/?p=4923","name":"Reconoce alcalde de Cocotitl\u00e1n que ning\u00fan policia cuenta con certificaci\u00f3n - Volcanes","isPartOf":{"@id":"https:\/\/volcanes.net\/#website"},"primaryImageOfPage":{"@id":"https:\/\/volcanes.net\/?p=4923#primaryimage"},"image":{"@id":"https:\/\/volcanes.net\/?p=4923#primaryimage"},"thumbnailUrl":"https:\/\/volcanes.net\/wp-content\/uploads\/2019\/06\/Screenshot_20190610-185800_WhatsApp-608x288.jpg","datePublished":"2019-06-11T00:23:23+00:00","dateModified":"2019-06-11T00:23:53+00:00","breadcrumb":{"@id":"https:\/\/volcanes.net\/?p=4923#breadcrumb"},"inLanguage":"es","potentialAction":[{"@type":"ReadAction","target":["https:\/\/volcanes.net\/?p=4923"]}]},{"@type":"ImageObject","inLanguage":"es","@id":"https:\/\/volcanes.net\/?p=4923#primaryimage","url":"https:\/\/volcanes.net\/wp-content\/uploads\/2019\/06\/Screenshot_20190610-185800_WhatsApp-608x288.jpg","contentUrl":"https:\/\/volcanes.net\/wp-content\/uploads\/2019\/06\/Screenshot_20190610-185800_WhatsApp-608x288.jpg","width":608,"height":288},{"@type":"BreadcrumbList","@id":"https:\/\/volcanes.net\/?p=4923#breadcrumb","itemListElement":[{"@type":"ListItem","position":1,"name":"Portada","item":"https:\/\/volcanes.net\/"},{"@type":"ListItem","position":2,"name":"Reconoce alcalde de Cocotitl\u00e1n que ning\u00fan policia cuenta con certificaci\u00f3n"}]},{"@type":"WebSite","@id":"https:\/\/volcanes.net\/#website","url":"https:\/\/volcanes.net\/","name":"Volcanes.Net","description":"Periodismo Profesional","publisher":{"@id":"https:\/\/volcanes.net\/#organization"},"potentialAction":[{"@type":"SearchAction","target":{"@type":"EntryPoint","urlTemplate":"https:\/\/volcanes.net\/?s={search_term_string}"},"query-input":{"@type":"PropertyValueSpecification","valueRequired":true,"valueName":"search_term_string"}}],"inLanguage":"es"},{"@type":"Organization","@id":"https:\/\/volcanes.net\/#organization","name":"Grupo Volcanes","url":"https:\/\/volcanes.net\/","logo":{"@type":"ImageObject","inLanguage":"es","@id":"https:\/\/volcanes.net\/#\/schema\/logo\/image\/","url":"http:\/\/volcanes.net\/wp-content\/uploads\/2017\/12\/Avatar2.jpg","contentUrl":"http:\/\/volcanes.net\/wp-content\/uploads\/2017\/12\/Avatar2.jpg","width":378,"height":378,"caption":"Grupo Volcanes"},"image":{"@id":"https:\/\/volcanes.net\/#\/schema\/logo\/image\/"},"sameAs":["https:\/\/www.facebook.com\/volcanes.net\/"]},{"@type":"Person","@id":"https:\/\/volcanes.net\/#\/schema\/person\/4bf0f383940966a4abd53f5048c0e6b9","name":"admin","image":{"@type":"ImageObject","inLanguage":"es","@id":"https:\/\/volcanes.net\/#\/schema\/person\/image\/","url":"https:\/\/secure.gravatar.com\/avatar\/ca004e6cba8462b8cb7abc86e382930c?s=96&d=mm&r=g","contentUrl":"https:\/\/secure.gravatar.com\/avatar\/ca004e6cba8462b8cb7abc86e382930c?s=96&d=mm&r=g","caption":"admin"}}]}},"_links":{"self":[{"href":"https:\/\/volcanes.net\/index.php?rest_route=\/wp\/v2\/posts\/4923"}],"collection":[{"href":"https:\/\/volcanes.net\/index.php?rest_route=\/wp\/v2\/posts"}],"about":[{"href":"https:\/\/volcanes.net\/index.php?rest_route=\/wp\/v2\/types\/post"}],"author":[{"embeddable":true,"href":"https:\/\/volcanes.net\/index.php?rest_route=\/wp\/v2\/users\/1"}],"replies":[{"embeddable":true,"href":"https:\/\/volcanes.net\/index.php?rest_route=%2Fwp%2Fv2%2Fcomments&post=4923"}],"version-history":[{"count":1,"href":"https:\/\/volcanes.net\/index.php?rest_route=\/wp\/v2\/posts\/4923\/revisions"}],"predecessor-version":[{"id":4924,"href":"https:\/\/volcanes.net\/index.php?rest_route=\/wp\/v2\/posts\/4923\/revisions\/4924"}],"wp:featuredmedia":[{"embeddable":true,"href":"https:\/\/volcanes.net\/index.php?rest_route=\/wp\/v2\/media\/4922"}],"wp:attachment":[{"href":"https:\/\/volcanes.net\/index.php?rest_route=%2Fwp%2Fv2%2Fmedia&parent=4923"}],"wp:term":[{"taxonomy":"category","embeddable":true,"href":"https:\/\/volcanes.net\/index.php?rest_route=%2Fwp%2Fv2%2Fcategories&post=4923"},{"taxonomy":"post_tag","embeddable":true,"href":"https:\/\/volcanes.net\/index.php?rest_route=%2Fwp%2Fv2%2Ftags&post=4923"}],"curies":[{"name":"wp","href":"https:\/\/api.w.org\/{rel}","templated":true}]}}