{"id":4942,"date":"2019-06-12T13:06:39","date_gmt":"2019-06-12T19:06:39","guid":{"rendered":"http:\/\/volcanes.net\/?p=4942"},"modified":"2019-06-12T14:02:06","modified_gmt":"2019-06-12T20:02:06","slug":"en-amecameca-nadie-por-encima-de-la-ley","status":"publish","type":"post","link":"https:\/\/volcanes.net\/?p=4942","title":{"rendered":"En Amecameca nadie por encima de la ley"},"content":{"rendered":"<div style=\"margin-top: 0px; margin-bottom: 0px;\" class=\"sharethis-inline-share-buttons\" ><\/div><p>El reordenamiento en Amecameca va parejo, en esta ocasi\u00f3n le toc\u00f3 a una patrulla de la polic\u00eda estatal que por estar estacionada en lugar prohibido.<\/p>\n<p style=\"text-align: justify;\"><img loading=\"lazy\" decoding=\"async\" class=\"alignleft size-thumbnail wp-image-4943\" src=\"http:\/\/volcanes.net\/wp-content\/uploads\/2019\/06\/IMG-20190612-WA0059-150x150.jpg\" alt=\"\" width=\"150\" height=\"150\" srcset=\"https:\/\/volcanes.net\/wp-content\/uploads\/2019\/06\/IMG-20190612-WA0059-150x150.jpg 150w, https:\/\/volcanes.net\/wp-content\/uploads\/2019\/06\/IMG-20190612-WA0059-50x50.jpg 50w, https:\/\/volcanes.net\/wp-content\/uploads\/2019\/06\/IMG-20190612-WA0059-120x120.jpg 120w\" sizes=\"(max-width: 150px) 100vw, 150px\" \/>Tras la puesta en marcha del Programa de Mejoramiento de Imagen Urbana en \u00a0Amecameca, donde se busca poner orden en el estacionamiento de los veh\u00edculos en el primer cuadro de la ciudad, hoy \u00a0una patrulla de la Secretar\u00eda de Seguridad del Estado de M\u00e9xico que se encontraba estacionada en lugar prohibido fue retirada por una gr\u00faa.<\/p>\n<p>En frente de la presidencia municipal de Amecameca, la patrulla \u00a0ME195A1 se estacion\u00f3, a pesar de que la zona estaba marcada con pintura roja, se\u00f1al de prohibici\u00f3n, de acuerdo al nuevo ordenamiento municipal.<\/p>\n<p>Por ello el conductor de la Gr\u00faa \u00a0perteneciente a la empresa Gutierrez hizo un llamado a los polic\u00edas para que retiraran la unidad, sin embargo, no obtuvo respuesta.<\/p>\n<p>Al darse cuenta de esto, vecinos del lugar exigieron que se cumpliera con la norma y la patrulla fuera llevada al corral\u00f3n.<\/p>\n<p>Raz\u00f3n \u00a0por la que acudi\u00f3 una plataforma y ante el estupor de varios \u00a0polic\u00edas y el reconocimiento de la poblaci\u00f3n para subir la patrulla y ser retirada del lugar.<\/p>\n","protected":false},"excerpt":{"rendered":"<p>El reordenamiento en Amecameca va parejo, en esta ocasi\u00f3n le toc\u00f3 a una patrulla de<\/p>\n","protected":false},"author":1,"featured_media":4943,"comment_status":"open","ping_status":"open","sticky":false,"template":"","format":"standard","meta":{"footnotes":""},"categories":[1],"tags":[7],"class_list":["post-4942","post","type-post","status-publish","format-standard","has-post-thumbnail","hentry","category-municipales","tag-amecameca"],"yoast_head":"<!-- This site is optimized with the Yoast SEO plugin v25.3 - https:\/\/yoast.com\/wordpress\/plugins\/seo\/ -->\n<title>En Amecameca nadie por encima de la ley - Volcanes<\/title>\n<meta name=\"robots\" content=\"index, follow, max-snippet:-1, max-image-preview:large, max-video-preview:-1\" \/>\n<link rel=\"canonical\" href=\"https:\/\/volcanes.net\/?p=4942\" \/>\n<meta property=\"og:locale\" content=\"es_MX\" \/>\n<meta property=\"og:type\" content=\"article\" \/>\n<meta property=\"og:title\" content=\"En Amecameca nadie por encima de la ley - Volcanes\" \/>\n<meta property=\"og:description\" content=\"El reordenamiento en Amecameca va parejo, en esta ocasi\u00f3n le toc\u00f3 a una patrulla de\" \/>\n<meta property=\"og:url\" content=\"https:\/\/volcanes.net\/?p=4942\" \/>\n<meta property=\"og:site_name\" content=\"Volcanes\" \/>\n<meta property=\"article:publisher\" content=\"https:\/\/www.facebook.com\/volcanes.net\/\" \/>\n<meta property=\"article:published_time\" content=\"2019-06-12T19:06:39+00:00\" \/>\n<meta property=\"article:modified_time\" content=\"2019-06-12T20:02:06+00:00\" \/>\n<meta property=\"og:image\" content=\"https:\/\/volcanes.net\/wp-content\/uploads\/2019\/06\/IMG-20190612-WA0059.jpg\" \/>\n\t<meta property=\"og:image:width\" content=\"1040\" \/>\n\t<meta property=\"og:image:height\" content=\"780\" \/>\n\t<meta property=\"og:image:type\" content=\"image\/jpeg\" \/>\n<meta name=\"author\" content=\"admin\" \/>\n<meta name=\"twitter:card\" content=\"summary_large_image\" \/>\n<meta name=\"twitter:label1\" content=\"Escrito por\" \/>\n\t<meta name=\"twitter:data1\" content=\"admin\" \/>\n\t<meta name=\"twitter:label2\" content=\"Tiempo de lectura\" \/>\n\t<meta name=\"twitter:data2\" content=\"1 minuto\" \/>\n<script type=\"application\/ld+json\" class=\"yoast-schema-graph\">{\"@context\":\"https:\/\/schema.org\",\"@graph\":[{\"@type\":\"Article\",\"@id\":\"https:\/\/volcanes.net\/?p=4942#article\",\"isPartOf\":{\"@id\":\"https:\/\/volcanes.net\/?p=4942\"},\"author\":{\"name\":\"admin\",\"@id\":\"https:\/\/volcanes.net\/#\/schema\/person\/4bf0f383940966a4abd53f5048c0e6b9\"},\"headline\":\"En Amecameca nadie por encima de la ley\",\"datePublished\":\"2019-06-12T19:06:39+00:00\",\"dateModified\":\"2019-06-12T20:02:06+00:00\",\"mainEntityOfPage\":{\"@id\":\"https:\/\/volcanes.net\/?p=4942\"},\"wordCount\":216,\"commentCount\":0,\"publisher\":{\"@id\":\"https:\/\/volcanes.net\/#organization\"},\"image\":{\"@id\":\"https:\/\/volcanes.net\/?p=4942#primaryimage\"},\"thumbnailUrl\":\"https:\/\/volcanes.net\/wp-content\/uploads\/2019\/06\/IMG-20190612-WA0059.jpg\",\"keywords\":[\"Amecameca\"],\"articleSection\":[\"Municipales\"],\"inLanguage\":\"es\",\"potentialAction\":[{\"@type\":\"CommentAction\",\"name\":\"Comment\",\"target\":[\"https:\/\/volcanes.net\/?p=4942#respond\"]}]},{\"@type\":\"WebPage\",\"@id\":\"https:\/\/volcanes.net\/?p=4942\",\"url\":\"https:\/\/volcanes.net\/?p=4942\",\"name\":\"En Amecameca nadie por encima de la ley - Volcanes\",\"isPartOf\":{\"@id\":\"https:\/\/volcanes.net\/#website\"},\"primaryImageOfPage\":{\"@id\":\"https:\/\/volcanes.net\/?p=4942#primaryimage\"},\"image\":{\"@id\":\"https:\/\/volcanes.net\/?p=4942#primaryimage\"},\"thumbnailUrl\":\"https:\/\/volcanes.net\/wp-content\/uploads\/2019\/06\/IMG-20190612-WA0059.jpg\",\"datePublished\":\"2019-06-12T19:06:39+00:00\",\"dateModified\":\"2019-06-12T20:02:06+00:00\",\"breadcrumb\":{\"@id\":\"https:\/\/volcanes.net\/?p=4942#breadcrumb\"},\"inLanguage\":\"es\",\"potentialAction\":[{\"@type\":\"ReadAction\",\"target\":[\"https:\/\/volcanes.net\/?p=4942\"]}]},{\"@type\":\"ImageObject\",\"inLanguage\":\"es\",\"@id\":\"https:\/\/volcanes.net\/?p=4942#primaryimage\",\"url\":\"https:\/\/volcanes.net\/wp-content\/uploads\/2019\/06\/IMG-20190612-WA0059.jpg\",\"contentUrl\":\"https:\/\/volcanes.net\/wp-content\/uploads\/2019\/06\/IMG-20190612-WA0059.jpg\",\"width\":1040,\"height\":780},{\"@type\":\"BreadcrumbList\",\"@id\":\"https:\/\/volcanes.net\/?p=4942#breadcrumb\",\"itemListElement\":[{\"@type\":\"ListItem\",\"position\":1,\"name\":\"Portada\",\"item\":\"https:\/\/volcanes.net\/\"},{\"@type\":\"ListItem\",\"position\":2,\"name\":\"En Amecameca nadie por encima de la ley\"}]},{\"@type\":\"WebSite\",\"@id\":\"https:\/\/volcanes.net\/#website\",\"url\":\"https:\/\/volcanes.net\/\",\"name\":\"Volcanes.Net\",\"description\":\"Periodismo Profesional\",\"publisher\":{\"@id\":\"https:\/\/volcanes.net\/#organization\"},\"potentialAction\":[{\"@type\":\"SearchAction\",\"target\":{\"@type\":\"EntryPoint\",\"urlTemplate\":\"https:\/\/volcanes.net\/?s={search_term_string}\"},\"query-input\":{\"@type\":\"PropertyValueSpecification\",\"valueRequired\":true,\"valueName\":\"search_term_string\"}}],\"inLanguage\":\"es\"},{\"@type\":\"Organization\",\"@id\":\"https:\/\/volcanes.net\/#organization\",\"name\":\"Grupo Volcanes\",\"url\":\"https:\/\/volcanes.net\/\",\"logo\":{\"@type\":\"ImageObject\",\"inLanguage\":\"es\",\"@id\":\"https:\/\/volcanes.net\/#\/schema\/logo\/image\/\",\"url\":\"http:\/\/volcanes.net\/wp-content\/uploads\/2017\/12\/Avatar2.jpg\",\"contentUrl\":\"http:\/\/volcanes.net\/wp-content\/uploads\/2017\/12\/Avatar2.jpg\",\"width\":378,\"height\":378,\"caption\":\"Grupo Volcanes\"},\"image\":{\"@id\":\"https:\/\/volcanes.net\/#\/schema\/logo\/image\/\"},\"sameAs\":[\"https:\/\/www.facebook.com\/volcanes.net\/\"]},{\"@type\":\"Person\",\"@id\":\"https:\/\/volcanes.net\/#\/schema\/person\/4bf0f383940966a4abd53f5048c0e6b9\",\"name\":\"admin\",\"image\":{\"@type\":\"ImageObject\",\"inLanguage\":\"es\",\"@id\":\"https:\/\/volcanes.net\/#\/schema\/person\/image\/\",\"url\":\"https:\/\/secure.gravatar.com\/avatar\/ca004e6cba8462b8cb7abc86e382930c?s=96&d=mm&r=g\",\"contentUrl\":\"https:\/\/secure.gravatar.com\/avatar\/ca004e6cba8462b8cb7abc86e382930c?s=96&d=mm&r=g\",\"caption\":\"admin\"}}]}<\/script>\n<!-- \/ Yoast SEO plugin. -->","yoast_head_json":{"title":"En Amecameca nadie por encima de la ley - Volcanes","robots":{"index":"index","follow":"follow","max-snippet":"max-snippet:-1","max-image-preview":"max-image-preview:large","max-video-preview":"max-video-preview:-1"},"canonical":"https:\/\/volcanes.net\/?p=4942","og_locale":"es_MX","og_type":"article","og_title":"En Amecameca nadie por encima de la ley - Volcanes","og_description":"El reordenamiento en Amecameca va parejo, en esta ocasi\u00f3n le toc\u00f3 a una patrulla de","og_url":"https:\/\/volcanes.net\/?p=4942","og_site_name":"Volcanes","article_publisher":"https:\/\/www.facebook.com\/volcanes.net\/","article_published_time":"2019-06-12T19:06:39+00:00","article_modified_time":"2019-06-12T20:02:06+00:00","og_image":[{"width":1040,"height":780,"url":"https:\/\/volcanes.net\/wp-content\/uploads\/2019\/06\/IMG-20190612-WA0059.jpg","type":"image\/jpeg"}],"author":"admin","twitter_card":"summary_large_image","twitter_misc":{"Escrito por":"admin","Tiempo de lectura":"1 minuto"},"schema":{"@context":"https:\/\/schema.org","@graph":[{"@type":"Article","@id":"https:\/\/volcanes.net\/?p=4942#article","isPartOf":{"@id":"https:\/\/volcanes.net\/?p=4942"},"author":{"name":"admin","@id":"https:\/\/volcanes.net\/#\/schema\/person\/4bf0f383940966a4abd53f5048c0e6b9"},"headline":"En Amecameca nadie por encima de la ley","datePublished":"2019-06-12T19:06:39+00:00","dateModified":"2019-06-12T20:02:06+00:00","mainEntityOfPage":{"@id":"https:\/\/volcanes.net\/?p=4942"},"wordCount":216,"commentCount":0,"publisher":{"@id":"https:\/\/volcanes.net\/#organization"},"image":{"@id":"https:\/\/volcanes.net\/?p=4942#primaryimage"},"thumbnailUrl":"https:\/\/volcanes.net\/wp-content\/uploads\/2019\/06\/IMG-20190612-WA0059.jpg","keywords":["Amecameca"],"articleSection":["Municipales"],"inLanguage":"es","potentialAction":[{"@type":"CommentAction","name":"Comment","target":["https:\/\/volcanes.net\/?p=4942#respond"]}]},{"@type":"WebPage","@id":"https:\/\/volcanes.net\/?p=4942","url":"https:\/\/volcanes.net\/?p=4942","name":"En Amecameca nadie por encima de la ley - Volcanes","isPartOf":{"@id":"https:\/\/volcanes.net\/#website"},"primaryImageOfPage":{"@id":"https:\/\/volcanes.net\/?p=4942#primaryimage"},"image":{"@id":"https:\/\/volcanes.net\/?p=4942#primaryimage"},"thumbnailUrl":"https:\/\/volcanes.net\/wp-content\/uploads\/2019\/06\/IMG-20190612-WA0059.jpg","datePublished":"2019-06-12T19:06:39+00:00","dateModified":"2019-06-12T20:02:06+00:00","breadcrumb":{"@id":"https:\/\/volcanes.net\/?p=4942#breadcrumb"},"inLanguage":"es","potentialAction":[{"@type":"ReadAction","target":["https:\/\/volcanes.net\/?p=4942"]}]},{"@type":"ImageObject","inLanguage":"es","@id":"https:\/\/volcanes.net\/?p=4942#primaryimage","url":"https:\/\/volcanes.net\/wp-content\/uploads\/2019\/06\/IMG-20190612-WA0059.jpg","contentUrl":"https:\/\/volcanes.net\/wp-content\/uploads\/2019\/06\/IMG-20190612-WA0059.jpg","width":1040,"height":780},{"@type":"BreadcrumbList","@id":"https:\/\/volcanes.net\/?p=4942#breadcrumb","itemListElement":[{"@type":"ListItem","position":1,"name":"Portada","item":"https:\/\/volcanes.net\/"},{"@type":"ListItem","position":2,"name":"En Amecameca nadie por encima de la ley"}]},{"@type":"WebSite","@id":"https:\/\/volcanes.net\/#website","url":"https:\/\/volcanes.net\/","name":"Volcanes.Net","description":"Periodismo Profesional","publisher":{"@id":"https:\/\/volcanes.net\/#organization"},"potentialAction":[{"@type":"SearchAction","target":{"@type":"EntryPoint","urlTemplate":"https:\/\/volcanes.net\/?s={search_term_string}"},"query-input":{"@type":"PropertyValueSpecification","valueRequired":true,"valueName":"search_term_string"}}],"inLanguage":"es"},{"@type":"Organization","@id":"https:\/\/volcanes.net\/#organization","name":"Grupo Volcanes","url":"https:\/\/volcanes.net\/","logo":{"@type":"ImageObject","inLanguage":"es","@id":"https:\/\/volcanes.net\/#\/schema\/logo\/image\/","url":"http:\/\/volcanes.net\/wp-content\/uploads\/2017\/12\/Avatar2.jpg","contentUrl":"http:\/\/volcanes.net\/wp-content\/uploads\/2017\/12\/Avatar2.jpg","width":378,"height":378,"caption":"Grupo Volcanes"},"image":{"@id":"https:\/\/volcanes.net\/#\/schema\/logo\/image\/"},"sameAs":["https:\/\/www.facebook.com\/volcanes.net\/"]},{"@type":"Person","@id":"https:\/\/volcanes.net\/#\/schema\/person\/4bf0f383940966a4abd53f5048c0e6b9","name":"admin","image":{"@type":"ImageObject","inLanguage":"es","@id":"https:\/\/volcanes.net\/#\/schema\/person\/image\/","url":"https:\/\/secure.gravatar.com\/avatar\/ca004e6cba8462b8cb7abc86e382930c?s=96&d=mm&r=g","contentUrl":"https:\/\/secure.gravatar.com\/avatar\/ca004e6cba8462b8cb7abc86e382930c?s=96&d=mm&r=g","caption":"admin"}}]}},"_links":{"self":[{"href":"https:\/\/volcanes.net\/index.php?rest_route=\/wp\/v2\/posts\/4942"}],"collection":[{"href":"https:\/\/volcanes.net\/index.php?rest_route=\/wp\/v2\/posts"}],"about":[{"href":"https:\/\/volcanes.net\/index.php?rest_route=\/wp\/v2\/types\/post"}],"author":[{"embeddable":true,"href":"https:\/\/volcanes.net\/index.php?rest_route=\/wp\/v2\/users\/1"}],"replies":[{"embeddable":true,"href":"https:\/\/volcanes.net\/index.php?rest_route=%2Fwp%2Fv2%2Fcomments&post=4942"}],"version-history":[{"count":3,"href":"https:\/\/volcanes.net\/index.php?rest_route=\/wp\/v2\/posts\/4942\/revisions"}],"predecessor-version":[{"id":4948,"href":"https:\/\/volcanes.net\/index.php?rest_route=\/wp\/v2\/posts\/4942\/revisions\/4948"}],"wp:featuredmedia":[{"embeddable":true,"href":"https:\/\/volcanes.net\/index.php?rest_route=\/wp\/v2\/media\/4943"}],"wp:attachment":[{"href":"https:\/\/volcanes.net\/index.php?rest_route=%2Fwp%2Fv2%2Fmedia&parent=4942"}],"wp:term":[{"taxonomy":"category","embeddable":true,"href":"https:\/\/volcanes.net\/index.php?rest_route=%2Fwp%2Fv2%2Fcategories&post=4942"},{"taxonomy":"post_tag","embeddable":true,"href":"https:\/\/volcanes.net\/index.php?rest_route=%2Fwp%2Fv2%2Ftags&post=4942"}],"curies":[{"name":"wp","href":"https:\/\/api.w.org\/{rel}","templated":true}]}}