{"id":4957,"date":"2019-06-13T20:36:12","date_gmt":"2019-06-14T02:36:12","guid":{"rendered":"https:\/\/volcanes.net\/?p=4957"},"modified":"2019-06-13T20:36:47","modified_gmt":"2019-06-14T02:36:47","slug":"alcalde-de-ozumba-busca-audiencia-con-el-gobernador-mexiquense-por-fefom","status":"publish","type":"post","link":"https:\/\/volcanes.net\/?p=4957","title":{"rendered":"Alcalde de Ozumba busca audiencia con el gobernador mexiquense por #FEFOM"},"content":{"rendered":"<div style=\"margin-top: 0px; margin-bottom: 0px;\" class=\"sharethis-inline-share-buttons\" ><\/div><p>Ozumba, M\u00e9x,13 de junio de 2019.- El presidente municipal de Ozumba, Valent\u00edn Mart\u00ednez Castillo, reconoci\u00f3 que existe una retenci\u00f3n en la liberaci\u00f3n de 18 millones de pesos para obras de este municipio, pertenecientes al Fondo Estatal de Fortalecimiento Municipal (FEFOM), por lo que acudi\u00f3 a Toluca para buscar una audiencia con el Gobernador del estado Alfredo Del Mazo Maza, ya que no quiere perder dicho recursos econ\u00f3micos, que ser\u00edan destinados para obras de alto impacto en beneficio de los habitantes de este municipio.<br \/>\nEl FEFOM representa el 50% de los recursos para obra p\u00fablica de este municipio\u2026 \u201ces muy importante para nosotros\u201d, dijo en entrevista.<br \/>\nFrente a varioso medios de comunicaci\u00f3n, el edil explic\u00f3 que su administraci\u00f3n cumpli\u00f3 en tiempo y forma con todos los requisitos para recibir los recursos del FEFOM y que nunca les informaron de supuestas observaciones, que el d\u00eda de hoy tienen que subsanar.<br \/>\nInform\u00f3 que junto con las alcaldesas de Ecatzingo, Roc\u00edo Sol\u00eds Robles y Tlalmanalco, Ana Gabriela Vel\u00e1zquez, entreg\u00f3 un oficio dirigido al Secretario de Finanzas del estado de M\u00e9xico, Rodrigo Jarque Lira para solicitarle una audiencia, ya que \u201cde acuerdo a la Gaceta de Gobierno emitida el 1ro. de enero del 2019, en el numeral 10 en el inciso B y C se declara que el municipio que presenta observaciones tendr\u00e1 la oportunidad de subsanarlas\u201d<br \/>\nMart\u00ednez Castillo, a\u00f1adi\u00f3 que por ello, \u201cel oficio que metimos como presidentes municipales va en ese sentido, porque hasta el d\u00eda de hoy, no nos dieron la oportunidad de poder subsanarlas y estamos pidiendo de manera muy respetuosa, al Gobernador que se nos habr\u00e1 un espacio, para que se pueda seguir dando tr\u00e1mite\u2026para la liberaci\u00f3n del FEFOM\u201d.<br \/>\nEllo, aunque reconoci\u00f3 que les hicieron observaciones a sus proyectos.<br \/>\nDeclar\u00f3 que el monto asignado del FEFOM para Ozumba, ser\u00eda designado para pavimentaci\u00f3n de calles y avenidas en diversas delegaciones, as\u00ed como comedores escolares en diversos planteles educativos, alumbrado p\u00fablico y seguridad p\u00fablica.<\/p>\n","protected":false},"excerpt":{"rendered":"<p>Ozumba, M\u00e9x,13 de junio de 2019.- El presidente municipal de Ozumba, Valent\u00edn Mart\u00ednez Castillo, reconoci\u00f3<\/p>\n","protected":false},"author":1,"featured_media":4956,"comment_status":"open","ping_status":"open","sticky":false,"template":"","format":"standard","meta":{"footnotes":""},"categories":[3],"tags":[],"class_list":["post-4957","post","type-post","status-publish","format-standard","has-post-thumbnail","hentry","category-estatales"],"yoast_head":"<!-- This site is optimized with the Yoast SEO plugin v25.3 - https:\/\/yoast.com\/wordpress\/plugins\/seo\/ -->\n<title>Alcalde de Ozumba busca audiencia con el gobernador mexiquense por #FEFOM - Volcanes<\/title>\n<meta name=\"robots\" content=\"index, follow, max-snippet:-1, max-image-preview:large, max-video-preview:-1\" \/>\n<link rel=\"canonical\" href=\"https:\/\/volcanes.net\/?p=4957\" \/>\n<meta property=\"og:locale\" content=\"es_MX\" \/>\n<meta property=\"og:type\" content=\"article\" \/>\n<meta property=\"og:title\" content=\"Alcalde de Ozumba busca audiencia con el gobernador mexiquense por #FEFOM - Volcanes\" \/>\n<meta property=\"og:description\" content=\"Ozumba, M\u00e9x,13 de junio de 2019.- El presidente municipal de Ozumba, Valent\u00edn Mart\u00ednez Castillo, reconoci\u00f3\" \/>\n<meta property=\"og:url\" content=\"https:\/\/volcanes.net\/?p=4957\" \/>\n<meta property=\"og:site_name\" content=\"Volcanes\" \/>\n<meta property=\"article:publisher\" content=\"https:\/\/www.facebook.com\/volcanes.net\/\" \/>\n<meta property=\"article:published_time\" content=\"2019-06-14T02:36:12+00:00\" \/>\n<meta property=\"article:modified_time\" content=\"2019-06-14T02:36:47+00:00\" \/>\n<meta property=\"og:image\" content=\"https:\/\/volcanes.net\/wp-content\/uploads\/2019\/06\/20190613_191808.jpg\" \/>\n\t<meta property=\"og:image:width\" content=\"537\" \/>\n\t<meta property=\"og:image:height\" content=\"385\" \/>\n\t<meta property=\"og:image:type\" content=\"image\/jpeg\" \/>\n<meta name=\"author\" content=\"admin\" \/>\n<meta name=\"twitter:card\" content=\"summary_large_image\" \/>\n<meta name=\"twitter:label1\" content=\"Escrito por\" \/>\n\t<meta name=\"twitter:data1\" content=\"admin\" \/>\n\t<meta name=\"twitter:label2\" content=\"Tiempo de lectura\" \/>\n\t<meta name=\"twitter:data2\" content=\"2 minutos\" \/>\n<script type=\"application\/ld+json\" class=\"yoast-schema-graph\">{\"@context\":\"https:\/\/schema.org\",\"@graph\":[{\"@type\":\"Article\",\"@id\":\"https:\/\/volcanes.net\/?p=4957#article\",\"isPartOf\":{\"@id\":\"https:\/\/volcanes.net\/?p=4957\"},\"author\":{\"name\":\"admin\",\"@id\":\"https:\/\/volcanes.net\/#\/schema\/person\/4bf0f383940966a4abd53f5048c0e6b9\"},\"headline\":\"Alcalde de Ozumba busca audiencia con el gobernador mexiquense por #FEFOM\",\"datePublished\":\"2019-06-14T02:36:12+00:00\",\"dateModified\":\"2019-06-14T02:36:47+00:00\",\"mainEntityOfPage\":{\"@id\":\"https:\/\/volcanes.net\/?p=4957\"},\"wordCount\":354,\"commentCount\":0,\"publisher\":{\"@id\":\"https:\/\/volcanes.net\/#organization\"},\"image\":{\"@id\":\"https:\/\/volcanes.net\/?p=4957#primaryimage\"},\"thumbnailUrl\":\"https:\/\/volcanes.net\/wp-content\/uploads\/2019\/06\/20190613_191808.jpg\",\"articleSection\":[\"Estatales\"],\"inLanguage\":\"es\",\"potentialAction\":[{\"@type\":\"CommentAction\",\"name\":\"Comment\",\"target\":[\"https:\/\/volcanes.net\/?p=4957#respond\"]}]},{\"@type\":\"WebPage\",\"@id\":\"https:\/\/volcanes.net\/?p=4957\",\"url\":\"https:\/\/volcanes.net\/?p=4957\",\"name\":\"Alcalde de Ozumba busca audiencia con el gobernador mexiquense por #FEFOM - Volcanes\",\"isPartOf\":{\"@id\":\"https:\/\/volcanes.net\/#website\"},\"primaryImageOfPage\":{\"@id\":\"https:\/\/volcanes.net\/?p=4957#primaryimage\"},\"image\":{\"@id\":\"https:\/\/volcanes.net\/?p=4957#primaryimage\"},\"thumbnailUrl\":\"https:\/\/volcanes.net\/wp-content\/uploads\/2019\/06\/20190613_191808.jpg\",\"datePublished\":\"2019-06-14T02:36:12+00:00\",\"dateModified\":\"2019-06-14T02:36:47+00:00\",\"breadcrumb\":{\"@id\":\"https:\/\/volcanes.net\/?p=4957#breadcrumb\"},\"inLanguage\":\"es\",\"potentialAction\":[{\"@type\":\"ReadAction\",\"target\":[\"https:\/\/volcanes.net\/?p=4957\"]}]},{\"@type\":\"ImageObject\",\"inLanguage\":\"es\",\"@id\":\"https:\/\/volcanes.net\/?p=4957#primaryimage\",\"url\":\"https:\/\/volcanes.net\/wp-content\/uploads\/2019\/06\/20190613_191808.jpg\",\"contentUrl\":\"https:\/\/volcanes.net\/wp-content\/uploads\/2019\/06\/20190613_191808.jpg\",\"width\":537,\"height\":385},{\"@type\":\"BreadcrumbList\",\"@id\":\"https:\/\/volcanes.net\/?p=4957#breadcrumb\",\"itemListElement\":[{\"@type\":\"ListItem\",\"position\":1,\"name\":\"Portada\",\"item\":\"https:\/\/volcanes.net\/\"},{\"@type\":\"ListItem\",\"position\":2,\"name\":\"Alcalde de Ozumba busca audiencia con el gobernador mexiquense por #FEFOM\"}]},{\"@type\":\"WebSite\",\"@id\":\"https:\/\/volcanes.net\/#website\",\"url\":\"https:\/\/volcanes.net\/\",\"name\":\"Volcanes.Net\",\"description\":\"Periodismo Profesional\",\"publisher\":{\"@id\":\"https:\/\/volcanes.net\/#organization\"},\"potentialAction\":[{\"@type\":\"SearchAction\",\"target\":{\"@type\":\"EntryPoint\",\"urlTemplate\":\"https:\/\/volcanes.net\/?s={search_term_string}\"},\"query-input\":{\"@type\":\"PropertyValueSpecification\",\"valueRequired\":true,\"valueName\":\"search_term_string\"}}],\"inLanguage\":\"es\"},{\"@type\":\"Organization\",\"@id\":\"https:\/\/volcanes.net\/#organization\",\"name\":\"Grupo Volcanes\",\"url\":\"https:\/\/volcanes.net\/\",\"logo\":{\"@type\":\"ImageObject\",\"inLanguage\":\"es\",\"@id\":\"https:\/\/volcanes.net\/#\/schema\/logo\/image\/\",\"url\":\"http:\/\/volcanes.net\/wp-content\/uploads\/2017\/12\/Avatar2.jpg\",\"contentUrl\":\"http:\/\/volcanes.net\/wp-content\/uploads\/2017\/12\/Avatar2.jpg\",\"width\":378,\"height\":378,\"caption\":\"Grupo Volcanes\"},\"image\":{\"@id\":\"https:\/\/volcanes.net\/#\/schema\/logo\/image\/\"},\"sameAs\":[\"https:\/\/www.facebook.com\/volcanes.net\/\"]},{\"@type\":\"Person\",\"@id\":\"https:\/\/volcanes.net\/#\/schema\/person\/4bf0f383940966a4abd53f5048c0e6b9\",\"name\":\"admin\",\"image\":{\"@type\":\"ImageObject\",\"inLanguage\":\"es\",\"@id\":\"https:\/\/volcanes.net\/#\/schema\/person\/image\/\",\"url\":\"https:\/\/secure.gravatar.com\/avatar\/ca004e6cba8462b8cb7abc86e382930c?s=96&d=mm&r=g\",\"contentUrl\":\"https:\/\/secure.gravatar.com\/avatar\/ca004e6cba8462b8cb7abc86e382930c?s=96&d=mm&r=g\",\"caption\":\"admin\"}}]}<\/script>\n<!-- \/ Yoast SEO plugin. -->","yoast_head_json":{"title":"Alcalde de Ozumba busca audiencia con el gobernador mexiquense por #FEFOM - Volcanes","robots":{"index":"index","follow":"follow","max-snippet":"max-snippet:-1","max-image-preview":"max-image-preview:large","max-video-preview":"max-video-preview:-1"},"canonical":"https:\/\/volcanes.net\/?p=4957","og_locale":"es_MX","og_type":"article","og_title":"Alcalde de Ozumba busca audiencia con el gobernador mexiquense por #FEFOM - Volcanes","og_description":"Ozumba, M\u00e9x,13 de junio de 2019.- El presidente municipal de Ozumba, Valent\u00edn Mart\u00ednez Castillo, reconoci\u00f3","og_url":"https:\/\/volcanes.net\/?p=4957","og_site_name":"Volcanes","article_publisher":"https:\/\/www.facebook.com\/volcanes.net\/","article_published_time":"2019-06-14T02:36:12+00:00","article_modified_time":"2019-06-14T02:36:47+00:00","og_image":[{"width":537,"height":385,"url":"https:\/\/volcanes.net\/wp-content\/uploads\/2019\/06\/20190613_191808.jpg","type":"image\/jpeg"}],"author":"admin","twitter_card":"summary_large_image","twitter_misc":{"Escrito por":"admin","Tiempo de lectura":"2 minutos"},"schema":{"@context":"https:\/\/schema.org","@graph":[{"@type":"Article","@id":"https:\/\/volcanes.net\/?p=4957#article","isPartOf":{"@id":"https:\/\/volcanes.net\/?p=4957"},"author":{"name":"admin","@id":"https:\/\/volcanes.net\/#\/schema\/person\/4bf0f383940966a4abd53f5048c0e6b9"},"headline":"Alcalde de Ozumba busca audiencia con el gobernador mexiquense por #FEFOM","datePublished":"2019-06-14T02:36:12+00:00","dateModified":"2019-06-14T02:36:47+00:00","mainEntityOfPage":{"@id":"https:\/\/volcanes.net\/?p=4957"},"wordCount":354,"commentCount":0,"publisher":{"@id":"https:\/\/volcanes.net\/#organization"},"image":{"@id":"https:\/\/volcanes.net\/?p=4957#primaryimage"},"thumbnailUrl":"https:\/\/volcanes.net\/wp-content\/uploads\/2019\/06\/20190613_191808.jpg","articleSection":["Estatales"],"inLanguage":"es","potentialAction":[{"@type":"CommentAction","name":"Comment","target":["https:\/\/volcanes.net\/?p=4957#respond"]}]},{"@type":"WebPage","@id":"https:\/\/volcanes.net\/?p=4957","url":"https:\/\/volcanes.net\/?p=4957","name":"Alcalde de Ozumba busca audiencia con el gobernador mexiquense por #FEFOM - Volcanes","isPartOf":{"@id":"https:\/\/volcanes.net\/#website"},"primaryImageOfPage":{"@id":"https:\/\/volcanes.net\/?p=4957#primaryimage"},"image":{"@id":"https:\/\/volcanes.net\/?p=4957#primaryimage"},"thumbnailUrl":"https:\/\/volcanes.net\/wp-content\/uploads\/2019\/06\/20190613_191808.jpg","datePublished":"2019-06-14T02:36:12+00:00","dateModified":"2019-06-14T02:36:47+00:00","breadcrumb":{"@id":"https:\/\/volcanes.net\/?p=4957#breadcrumb"},"inLanguage":"es","potentialAction":[{"@type":"ReadAction","target":["https:\/\/volcanes.net\/?p=4957"]}]},{"@type":"ImageObject","inLanguage":"es","@id":"https:\/\/volcanes.net\/?p=4957#primaryimage","url":"https:\/\/volcanes.net\/wp-content\/uploads\/2019\/06\/20190613_191808.jpg","contentUrl":"https:\/\/volcanes.net\/wp-content\/uploads\/2019\/06\/20190613_191808.jpg","width":537,"height":385},{"@type":"BreadcrumbList","@id":"https:\/\/volcanes.net\/?p=4957#breadcrumb","itemListElement":[{"@type":"ListItem","position":1,"name":"Portada","item":"https:\/\/volcanes.net\/"},{"@type":"ListItem","position":2,"name":"Alcalde de Ozumba busca audiencia con el gobernador mexiquense por #FEFOM"}]},{"@type":"WebSite","@id":"https:\/\/volcanes.net\/#website","url":"https:\/\/volcanes.net\/","name":"Volcanes.Net","description":"Periodismo Profesional","publisher":{"@id":"https:\/\/volcanes.net\/#organization"},"potentialAction":[{"@type":"SearchAction","target":{"@type":"EntryPoint","urlTemplate":"https:\/\/volcanes.net\/?s={search_term_string}"},"query-input":{"@type":"PropertyValueSpecification","valueRequired":true,"valueName":"search_term_string"}}],"inLanguage":"es"},{"@type":"Organization","@id":"https:\/\/volcanes.net\/#organization","name":"Grupo Volcanes","url":"https:\/\/volcanes.net\/","logo":{"@type":"ImageObject","inLanguage":"es","@id":"https:\/\/volcanes.net\/#\/schema\/logo\/image\/","url":"http:\/\/volcanes.net\/wp-content\/uploads\/2017\/12\/Avatar2.jpg","contentUrl":"http:\/\/volcanes.net\/wp-content\/uploads\/2017\/12\/Avatar2.jpg","width":378,"height":378,"caption":"Grupo Volcanes"},"image":{"@id":"https:\/\/volcanes.net\/#\/schema\/logo\/image\/"},"sameAs":["https:\/\/www.facebook.com\/volcanes.net\/"]},{"@type":"Person","@id":"https:\/\/volcanes.net\/#\/schema\/person\/4bf0f383940966a4abd53f5048c0e6b9","name":"admin","image":{"@type":"ImageObject","inLanguage":"es","@id":"https:\/\/volcanes.net\/#\/schema\/person\/image\/","url":"https:\/\/secure.gravatar.com\/avatar\/ca004e6cba8462b8cb7abc86e382930c?s=96&d=mm&r=g","contentUrl":"https:\/\/secure.gravatar.com\/avatar\/ca004e6cba8462b8cb7abc86e382930c?s=96&d=mm&r=g","caption":"admin"}}]}},"_links":{"self":[{"href":"https:\/\/volcanes.net\/index.php?rest_route=\/wp\/v2\/posts\/4957"}],"collection":[{"href":"https:\/\/volcanes.net\/index.php?rest_route=\/wp\/v2\/posts"}],"about":[{"href":"https:\/\/volcanes.net\/index.php?rest_route=\/wp\/v2\/types\/post"}],"author":[{"embeddable":true,"href":"https:\/\/volcanes.net\/index.php?rest_route=\/wp\/v2\/users\/1"}],"replies":[{"embeddable":true,"href":"https:\/\/volcanes.net\/index.php?rest_route=%2Fwp%2Fv2%2Fcomments&post=4957"}],"version-history":[{"count":1,"href":"https:\/\/volcanes.net\/index.php?rest_route=\/wp\/v2\/posts\/4957\/revisions"}],"predecessor-version":[{"id":4958,"href":"https:\/\/volcanes.net\/index.php?rest_route=\/wp\/v2\/posts\/4957\/revisions\/4958"}],"wp:featuredmedia":[{"embeddable":true,"href":"https:\/\/volcanes.net\/index.php?rest_route=\/wp\/v2\/media\/4956"}],"wp:attachment":[{"href":"https:\/\/volcanes.net\/index.php?rest_route=%2Fwp%2Fv2%2Fmedia&parent=4957"}],"wp:term":[{"taxonomy":"category","embeddable":true,"href":"https:\/\/volcanes.net\/index.php?rest_route=%2Fwp%2Fv2%2Fcategories&post=4957"},{"taxonomy":"post_tag","embeddable":true,"href":"https:\/\/volcanes.net\/index.php?rest_route=%2Fwp%2Fv2%2Ftags&post=4957"}],"curies":[{"name":"wp","href":"https:\/\/api.w.org\/{rel}","templated":true}]}}