{"id":5017,"date":"2019-06-30T14:59:50","date_gmt":"2019-06-30T20:59:50","guid":{"rendered":"https:\/\/volcanes.net\/?p=5017"},"modified":"2019-06-30T14:59:52","modified_gmt":"2019-06-30T20:59:52","slug":"gana-el-arte-de-hacer-helados-en-amecameca-emprende","status":"publish","type":"post","link":"https:\/\/volcanes.net\/?p=5017","title":{"rendered":"Gana &#8220;el arte de hacer helados&#8221; en Amecameca Emprende"},"content":{"rendered":"<div style=\"margin-top: 0px; margin-bottom: 0px;\" class=\"sharethis-inline-share-buttons\" ><\/div><p style=\"box-sizing:border-box; overflow-wrap:break-word; color:rgb(85,85,85); font-family:Arial,sans-serif; font-size:14px; font-style:normal; font-variant-ligatures:normal; font-variant-caps:normal; font-weight:400; letter-spacing:normal; orphans:2; text-indent:0px; text-transform:none; white-space:normal; widows:2; word-spacing:0px; -webkit-text-stroke-width:0px; background-color:rgb(255,255,255); text-decoration-style:initial; text-decoration-color:initial; text-align:left;\">Amecameca, M\u00e9x  29 de junio de 2019.- \u201cEl arte de hacer helados\u201d, fue el proyecto ganador del programa Amecameca Emprende, impulsado por el Gobierno Municipal que preside el alcalde Miguel \u00c1ngel Salom\u00f3n Cort\u00e9s para impulsar el esp\u00edritu de innovaci\u00f3n, ingenio y visi\u00f3n de  los j\u00f3venes de preparatoria de este municipio.<\/p>\n<p style=\"box-sizing:border-box; overflow-wrap:break-word; color:rgb(85,85,85); font-family:Arial,sans-serif; font-size:14px; font-style:normal; font-variant-ligatures:normal; font-variant-caps:normal; font-weight:400; letter-spacing:normal; orphans:2; text-indent:0px; text-transform:none; white-space:normal; widows:2; word-spacing:0px; -webkit-text-stroke-width:0px; background-color:rgb(255,255,255); text-decoration-style:initial; text-decoration-color:initial; text-align:left;\">Un total de 54 j\u00f3venes  de la Preparatoria de la UAEM, la Preparatoria Oficial No. 253, Preparatoria Normal Anexa, Preparatoria Oficial No. 283 y Preparatoria Oficial  271 participaron en el concurso y de ellos resultaron finalistas el Equipo 1 con el proyecto KAHE, el Equipo 2 con el proyecto Happy-Plap, el Equipo 9 con el proyecto El arte de hacer helados, el Equipo 10 con el proyecto El tri\u00e1ngulo del conocimiento y el Equipo 14 con el proyecto  Axolotl.<\/p>\n<p style=\"box-sizing:border-box; overflow-wrap:break-word; color:rgb(85,85,85); font-family:Arial,sans-serif; font-size:14px; font-style:normal; font-variant-ligatures:normal; font-variant-caps:normal; font-weight:400; letter-spacing:normal; orphans:2; text-indent:0px; text-transform:none; white-space:normal; widows:2; word-spacing:0px; -webkit-text-stroke-width:0px; background-color:rgb(255,255,255); text-decoration-style:initial; text-decoration-color:initial; text-align:left;\">Pero el Equipo conformado por Galilea, Ana y Yahir estudiantes de la preparatoria Oficial No. 253 de San Pedro Nexapa, que present\u00f3 \u201cEl Arte de hacer  helados\u201d fue el ganador, al respecto una de sus  integrantes destac\u00f3 que decidieron realizar este proyecto para aprovechar las frutas de temporada de la regi\u00f3n que en ocasiones son \u201cdesperdiciadas\u201d y que aportan un  alto contenido nutricional, tales como el hongo zeta, el capul\u00edn, el chabacano y la nuez de castilla, principalmente y decidieron realizar helados artesanales.<\/p>\n<p style=\"box-sizing:border-box; overflow-wrap:break-word; color:rgb(85,85,85); font-family:Arial,sans-serif; font-size:14px; font-style:normal; font-variant-ligatures:normal; font-variant-caps:normal; font-weight:400; letter-spacing:normal; orphans:2; text-indent:0px; text-transform:none; white-space:normal; widows:2; word-spacing:0px; -webkit-text-stroke-width:0px; background-color:rgb(255,255,255); text-decoration-style:initial; text-decoration-color:initial; text-align:left;\">El equipo ganador recibi\u00f3 e manos del edil una Beca para acudir al Foro Internacional de Emprendedores (FIE), mientras que los integrantes del equipo que obtuvo el segundo lugar tablets y el tercer lugar smartphones.<\/p>\n<p style=\"box-sizing:border-box; overflow-wrap:break-word; color:rgb(85,85,85); font-family:Arial,sans-serif; font-size:14px; font-style:normal; font-variant-ligatures:normal; font-variant-caps:normal; font-weight:400; letter-spacing:normal; orphans:2; text-indent:0px; text-transform:none; white-space:normal; widows:2; word-spacing:0px; -webkit-text-stroke-width:0px; background-color:rgb(255,255,255); text-decoration-style:initial; text-decoration-color:initial; text-align:left;\">Durante el evento, el presidente municipal, Salom\u00f3n Cortes, detall\u00f3 que Amecameca es un semillero de gente con talento, por lo que se debe de impulsar y apoyar, para que \u201clas autoridades estatales y federales volteen hac\u00eda nosotros y vean que realmente tenemos un gran potencial en toda la regi\u00f3n\u201d y reiter\u00f3 el respaldo del Gobierno Municipal a los j\u00f3venes emprendedores del municipio.<\/p>\n","protected":false},"excerpt":{"rendered":"<p>Amecameca, M\u00e9x 29 de junio de 2019.- \u201cEl arte de hacer helados\u201d, fue el proyecto<\/p>\n","protected":false},"author":1,"featured_media":5019,"comment_status":"open","ping_status":"open","sticky":false,"template":"","format":"standard","meta":{"footnotes":""},"categories":[1],"tags":[7],"class_list":["post-5017","post","type-post","status-publish","format-standard","has-post-thumbnail","hentry","category-municipales","tag-amecameca"],"yoast_head":"<!-- This site is optimized with the Yoast SEO plugin v25.3 - https:\/\/yoast.com\/wordpress\/plugins\/seo\/ -->\n<title>Gana &quot;el arte de hacer helados&quot; en Amecameca Emprende - Volcanes<\/title>\n<meta name=\"robots\" content=\"index, follow, max-snippet:-1, max-image-preview:large, max-video-preview:-1\" \/>\n<link rel=\"canonical\" href=\"https:\/\/volcanes.net\/?p=5017\" \/>\n<meta property=\"og:locale\" content=\"es_MX\" \/>\n<meta property=\"og:type\" content=\"article\" \/>\n<meta property=\"og:title\" content=\"Gana &quot;el arte de hacer helados&quot; en Amecameca Emprende - Volcanes\" \/>\n<meta property=\"og:description\" content=\"Amecameca, M\u00e9x 29 de junio de 2019.- \u201cEl arte de hacer helados\u201d, fue el proyecto\" \/>\n<meta property=\"og:url\" content=\"https:\/\/volcanes.net\/?p=5017\" \/>\n<meta property=\"og:site_name\" content=\"Volcanes\" \/>\n<meta property=\"article:publisher\" content=\"https:\/\/www.facebook.com\/volcanes.net\/\" \/>\n<meta property=\"article:published_time\" content=\"2019-06-30T20:59:50+00:00\" \/>\n<meta property=\"article:modified_time\" content=\"2019-06-30T20:59:52+00:00\" \/>\n<meta property=\"og:image\" content=\"https:\/\/volcanes.net\/wp-content\/uploads\/2019\/06\/Screenshot_20190630-155626_Video-Player-608x288.jpg\" \/>\n\t<meta property=\"og:image:width\" content=\"608\" \/>\n\t<meta property=\"og:image:height\" content=\"288\" \/>\n\t<meta property=\"og:image:type\" content=\"image\/jpeg\" \/>\n<meta name=\"author\" content=\"admin\" \/>\n<meta name=\"twitter:card\" content=\"summary_large_image\" \/>\n<meta name=\"twitter:label1\" content=\"Escrito por\" \/>\n\t<meta name=\"twitter:data1\" content=\"admin\" \/>\n\t<meta name=\"twitter:label2\" content=\"Tiempo de lectura\" \/>\n\t<meta name=\"twitter:data2\" content=\"2 minutos\" \/>\n<script type=\"application\/ld+json\" class=\"yoast-schema-graph\">{\"@context\":\"https:\/\/schema.org\",\"@graph\":[{\"@type\":\"Article\",\"@id\":\"https:\/\/volcanes.net\/?p=5017#article\",\"isPartOf\":{\"@id\":\"https:\/\/volcanes.net\/?p=5017\"},\"author\":{\"name\":\"admin\",\"@id\":\"https:\/\/volcanes.net\/#\/schema\/person\/4bf0f383940966a4abd53f5048c0e6b9\"},\"headline\":\"Gana &#8220;el arte de hacer helados&#8221; en Amecameca Emprende\",\"datePublished\":\"2019-06-30T20:59:50+00:00\",\"dateModified\":\"2019-06-30T20:59:52+00:00\",\"mainEntityOfPage\":{\"@id\":\"https:\/\/volcanes.net\/?p=5017\"},\"wordCount\":322,\"commentCount\":0,\"publisher\":{\"@id\":\"https:\/\/volcanes.net\/#organization\"},\"image\":{\"@id\":\"https:\/\/volcanes.net\/?p=5017#primaryimage\"},\"thumbnailUrl\":\"https:\/\/volcanes.net\/wp-content\/uploads\/2019\/06\/Screenshot_20190630-155626_Video-Player-608x288.jpg\",\"keywords\":[\"Amecameca\"],\"articleSection\":[\"Municipales\"],\"inLanguage\":\"es\",\"potentialAction\":[{\"@type\":\"CommentAction\",\"name\":\"Comment\",\"target\":[\"https:\/\/volcanes.net\/?p=5017#respond\"]}]},{\"@type\":\"WebPage\",\"@id\":\"https:\/\/volcanes.net\/?p=5017\",\"url\":\"https:\/\/volcanes.net\/?p=5017\",\"name\":\"Gana \\\"el arte de hacer helados\\\" en Amecameca Emprende - Volcanes\",\"isPartOf\":{\"@id\":\"https:\/\/volcanes.net\/#website\"},\"primaryImageOfPage\":{\"@id\":\"https:\/\/volcanes.net\/?p=5017#primaryimage\"},\"image\":{\"@id\":\"https:\/\/volcanes.net\/?p=5017#primaryimage\"},\"thumbnailUrl\":\"https:\/\/volcanes.net\/wp-content\/uploads\/2019\/06\/Screenshot_20190630-155626_Video-Player-608x288.jpg\",\"datePublished\":\"2019-06-30T20:59:50+00:00\",\"dateModified\":\"2019-06-30T20:59:52+00:00\",\"breadcrumb\":{\"@id\":\"https:\/\/volcanes.net\/?p=5017#breadcrumb\"},\"inLanguage\":\"es\",\"potentialAction\":[{\"@type\":\"ReadAction\",\"target\":[\"https:\/\/volcanes.net\/?p=5017\"]}]},{\"@type\":\"ImageObject\",\"inLanguage\":\"es\",\"@id\":\"https:\/\/volcanes.net\/?p=5017#primaryimage\",\"url\":\"https:\/\/volcanes.net\/wp-content\/uploads\/2019\/06\/Screenshot_20190630-155626_Video-Player-608x288.jpg\",\"contentUrl\":\"https:\/\/volcanes.net\/wp-content\/uploads\/2019\/06\/Screenshot_20190630-155626_Video-Player-608x288.jpg\",\"width\":608,\"height\":288},{\"@type\":\"BreadcrumbList\",\"@id\":\"https:\/\/volcanes.net\/?p=5017#breadcrumb\",\"itemListElement\":[{\"@type\":\"ListItem\",\"position\":1,\"name\":\"Portada\",\"item\":\"https:\/\/volcanes.net\/\"},{\"@type\":\"ListItem\",\"position\":2,\"name\":\"Gana &#8220;el arte de hacer helados&#8221; en Amecameca Emprende\"}]},{\"@type\":\"WebSite\",\"@id\":\"https:\/\/volcanes.net\/#website\",\"url\":\"https:\/\/volcanes.net\/\",\"name\":\"Volcanes.Net\",\"description\":\"Periodismo Profesional\",\"publisher\":{\"@id\":\"https:\/\/volcanes.net\/#organization\"},\"potentialAction\":[{\"@type\":\"SearchAction\",\"target\":{\"@type\":\"EntryPoint\",\"urlTemplate\":\"https:\/\/volcanes.net\/?s={search_term_string}\"},\"query-input\":{\"@type\":\"PropertyValueSpecification\",\"valueRequired\":true,\"valueName\":\"search_term_string\"}}],\"inLanguage\":\"es\"},{\"@type\":\"Organization\",\"@id\":\"https:\/\/volcanes.net\/#organization\",\"name\":\"Grupo Volcanes\",\"url\":\"https:\/\/volcanes.net\/\",\"logo\":{\"@type\":\"ImageObject\",\"inLanguage\":\"es\",\"@id\":\"https:\/\/volcanes.net\/#\/schema\/logo\/image\/\",\"url\":\"http:\/\/volcanes.net\/wp-content\/uploads\/2017\/12\/Avatar2.jpg\",\"contentUrl\":\"http:\/\/volcanes.net\/wp-content\/uploads\/2017\/12\/Avatar2.jpg\",\"width\":378,\"height\":378,\"caption\":\"Grupo Volcanes\"},\"image\":{\"@id\":\"https:\/\/volcanes.net\/#\/schema\/logo\/image\/\"},\"sameAs\":[\"https:\/\/www.facebook.com\/volcanes.net\/\"]},{\"@type\":\"Person\",\"@id\":\"https:\/\/volcanes.net\/#\/schema\/person\/4bf0f383940966a4abd53f5048c0e6b9\",\"name\":\"admin\",\"image\":{\"@type\":\"ImageObject\",\"inLanguage\":\"es\",\"@id\":\"https:\/\/volcanes.net\/#\/schema\/person\/image\/\",\"url\":\"https:\/\/secure.gravatar.com\/avatar\/ca004e6cba8462b8cb7abc86e382930c?s=96&d=mm&r=g\",\"contentUrl\":\"https:\/\/secure.gravatar.com\/avatar\/ca004e6cba8462b8cb7abc86e382930c?s=96&d=mm&r=g\",\"caption\":\"admin\"}}]}<\/script>\n<!-- \/ Yoast SEO plugin. -->","yoast_head_json":{"title":"Gana \"el arte de hacer helados\" en Amecameca Emprende - Volcanes","robots":{"index":"index","follow":"follow","max-snippet":"max-snippet:-1","max-image-preview":"max-image-preview:large","max-video-preview":"max-video-preview:-1"},"canonical":"https:\/\/volcanes.net\/?p=5017","og_locale":"es_MX","og_type":"article","og_title":"Gana \"el arte de hacer helados\" en Amecameca Emprende - Volcanes","og_description":"Amecameca, M\u00e9x 29 de junio de 2019.- \u201cEl arte de hacer helados\u201d, fue el proyecto","og_url":"https:\/\/volcanes.net\/?p=5017","og_site_name":"Volcanes","article_publisher":"https:\/\/www.facebook.com\/volcanes.net\/","article_published_time":"2019-06-30T20:59:50+00:00","article_modified_time":"2019-06-30T20:59:52+00:00","og_image":[{"width":608,"height":288,"url":"https:\/\/volcanes.net\/wp-content\/uploads\/2019\/06\/Screenshot_20190630-155626_Video-Player-608x288.jpg","type":"image\/jpeg"}],"author":"admin","twitter_card":"summary_large_image","twitter_misc":{"Escrito por":"admin","Tiempo de lectura":"2 minutos"},"schema":{"@context":"https:\/\/schema.org","@graph":[{"@type":"Article","@id":"https:\/\/volcanes.net\/?p=5017#article","isPartOf":{"@id":"https:\/\/volcanes.net\/?p=5017"},"author":{"name":"admin","@id":"https:\/\/volcanes.net\/#\/schema\/person\/4bf0f383940966a4abd53f5048c0e6b9"},"headline":"Gana &#8220;el arte de hacer helados&#8221; en Amecameca Emprende","datePublished":"2019-06-30T20:59:50+00:00","dateModified":"2019-06-30T20:59:52+00:00","mainEntityOfPage":{"@id":"https:\/\/volcanes.net\/?p=5017"},"wordCount":322,"commentCount":0,"publisher":{"@id":"https:\/\/volcanes.net\/#organization"},"image":{"@id":"https:\/\/volcanes.net\/?p=5017#primaryimage"},"thumbnailUrl":"https:\/\/volcanes.net\/wp-content\/uploads\/2019\/06\/Screenshot_20190630-155626_Video-Player-608x288.jpg","keywords":["Amecameca"],"articleSection":["Municipales"],"inLanguage":"es","potentialAction":[{"@type":"CommentAction","name":"Comment","target":["https:\/\/volcanes.net\/?p=5017#respond"]}]},{"@type":"WebPage","@id":"https:\/\/volcanes.net\/?p=5017","url":"https:\/\/volcanes.net\/?p=5017","name":"Gana \"el arte de hacer helados\" en Amecameca Emprende - Volcanes","isPartOf":{"@id":"https:\/\/volcanes.net\/#website"},"primaryImageOfPage":{"@id":"https:\/\/volcanes.net\/?p=5017#primaryimage"},"image":{"@id":"https:\/\/volcanes.net\/?p=5017#primaryimage"},"thumbnailUrl":"https:\/\/volcanes.net\/wp-content\/uploads\/2019\/06\/Screenshot_20190630-155626_Video-Player-608x288.jpg","datePublished":"2019-06-30T20:59:50+00:00","dateModified":"2019-06-30T20:59:52+00:00","breadcrumb":{"@id":"https:\/\/volcanes.net\/?p=5017#breadcrumb"},"inLanguage":"es","potentialAction":[{"@type":"ReadAction","target":["https:\/\/volcanes.net\/?p=5017"]}]},{"@type":"ImageObject","inLanguage":"es","@id":"https:\/\/volcanes.net\/?p=5017#primaryimage","url":"https:\/\/volcanes.net\/wp-content\/uploads\/2019\/06\/Screenshot_20190630-155626_Video-Player-608x288.jpg","contentUrl":"https:\/\/volcanes.net\/wp-content\/uploads\/2019\/06\/Screenshot_20190630-155626_Video-Player-608x288.jpg","width":608,"height":288},{"@type":"BreadcrumbList","@id":"https:\/\/volcanes.net\/?p=5017#breadcrumb","itemListElement":[{"@type":"ListItem","position":1,"name":"Portada","item":"https:\/\/volcanes.net\/"},{"@type":"ListItem","position":2,"name":"Gana &#8220;el arte de hacer helados&#8221; en Amecameca Emprende"}]},{"@type":"WebSite","@id":"https:\/\/volcanes.net\/#website","url":"https:\/\/volcanes.net\/","name":"Volcanes.Net","description":"Periodismo Profesional","publisher":{"@id":"https:\/\/volcanes.net\/#organization"},"potentialAction":[{"@type":"SearchAction","target":{"@type":"EntryPoint","urlTemplate":"https:\/\/volcanes.net\/?s={search_term_string}"},"query-input":{"@type":"PropertyValueSpecification","valueRequired":true,"valueName":"search_term_string"}}],"inLanguage":"es"},{"@type":"Organization","@id":"https:\/\/volcanes.net\/#organization","name":"Grupo Volcanes","url":"https:\/\/volcanes.net\/","logo":{"@type":"ImageObject","inLanguage":"es","@id":"https:\/\/volcanes.net\/#\/schema\/logo\/image\/","url":"http:\/\/volcanes.net\/wp-content\/uploads\/2017\/12\/Avatar2.jpg","contentUrl":"http:\/\/volcanes.net\/wp-content\/uploads\/2017\/12\/Avatar2.jpg","width":378,"height":378,"caption":"Grupo Volcanes"},"image":{"@id":"https:\/\/volcanes.net\/#\/schema\/logo\/image\/"},"sameAs":["https:\/\/www.facebook.com\/volcanes.net\/"]},{"@type":"Person","@id":"https:\/\/volcanes.net\/#\/schema\/person\/4bf0f383940966a4abd53f5048c0e6b9","name":"admin","image":{"@type":"ImageObject","inLanguage":"es","@id":"https:\/\/volcanes.net\/#\/schema\/person\/image\/","url":"https:\/\/secure.gravatar.com\/avatar\/ca004e6cba8462b8cb7abc86e382930c?s=96&d=mm&r=g","contentUrl":"https:\/\/secure.gravatar.com\/avatar\/ca004e6cba8462b8cb7abc86e382930c?s=96&d=mm&r=g","caption":"admin"}}]}},"_links":{"self":[{"href":"https:\/\/volcanes.net\/index.php?rest_route=\/wp\/v2\/posts\/5017"}],"collection":[{"href":"https:\/\/volcanes.net\/index.php?rest_route=\/wp\/v2\/posts"}],"about":[{"href":"https:\/\/volcanes.net\/index.php?rest_route=\/wp\/v2\/types\/post"}],"author":[{"embeddable":true,"href":"https:\/\/volcanes.net\/index.php?rest_route=\/wp\/v2\/users\/1"}],"replies":[{"embeddable":true,"href":"https:\/\/volcanes.net\/index.php?rest_route=%2Fwp%2Fv2%2Fcomments&post=5017"}],"version-history":[{"count":2,"href":"https:\/\/volcanes.net\/index.php?rest_route=\/wp\/v2\/posts\/5017\/revisions"}],"predecessor-version":[{"id":5020,"href":"https:\/\/volcanes.net\/index.php?rest_route=\/wp\/v2\/posts\/5017\/revisions\/5020"}],"wp:featuredmedia":[{"embeddable":true,"href":"https:\/\/volcanes.net\/index.php?rest_route=\/wp\/v2\/media\/5019"}],"wp:attachment":[{"href":"https:\/\/volcanes.net\/index.php?rest_route=%2Fwp%2Fv2%2Fmedia&parent=5017"}],"wp:term":[{"taxonomy":"category","embeddable":true,"href":"https:\/\/volcanes.net\/index.php?rest_route=%2Fwp%2Fv2%2Fcategories&post=5017"},{"taxonomy":"post_tag","embeddable":true,"href":"https:\/\/volcanes.net\/index.php?rest_route=%2Fwp%2Fv2%2Ftags&post=5017"}],"curies":[{"name":"wp","href":"https:\/\/api.w.org\/{rel}","templated":true}]}}