{"id":5051,"date":"2019-07-17T21:10:29","date_gmt":"2019-07-18T03:10:29","guid":{"rendered":"https:\/\/volcanes.net\/?p=5051"},"modified":"2019-07-17T21:10:30","modified_gmt":"2019-07-18T03:10:30","slug":"preparan-gaceta-legislativa-en-el-edomex","status":"publish","type":"post","link":"https:\/\/volcanes.net\/?p=5051","title":{"rendered":"Preparan Gaceta Legislativa en el Edomex"},"content":{"rendered":"<div style=\"margin-top: 0px; margin-bottom: 0px;\" class=\"sharethis-inline-share-buttons\" ><\/div><div class=\"mail-message expanded\" id=\"m-2319454722837170304\" style=\"color:rgb(0,0,0); font-family:sans-serif; font-size:12.8px; font-style:normal; font-variant-ligatures:normal; font-variant-caps:normal; font-weight:400; letter-spacing:normal; orphans:2text-indent:0px; text-transform:none; white-space:normal; widows:2; word-spacing:0px; -webkit-text-stroke-width:0px; text-decoration-style:initial; text-decoration-color:initial; text-align:left;\">\n<div class=\"mail-message-content collapsible zoom-normal mail-show-images\" style=\"overflow-wrap:break-word; width:380px; display:block; margin:16px0px;\">\n<div class=\"clear\">\n<div dir=\"auto\">\n<div dir=\"auto\">La diputada Anais Burgos, presidenta de la comit\u00e9 de comunicaci\u00f3n social de la Legislatura, actualmente se elabora una gaceta.<\/div>\n<div dir=\"auto\">Indic\u00f3 que no est\u00e1 haciendo solo trabajo territorial si no tambi\u00e9n labor legislativa y cumpliendo con su labor como presidenta del comit\u00e9 comunicaci\u00f3n social en el cual tiene una tarea que es emitir cada tres meses una gaceta informativa, una revista donde se le informa a toda la poblaci\u00f3n que es lo que hacen los diputados.<\/div>\n<div dir=\"auto\">Dijo que es la primera vez que se da a conocer p\u00fablicamente la labor de los diputados a trav\u00e9s de la gaceta, a pesar de que la ley as\u00ed lo estipula, dijo que es un trabajo colegiado, donde se trabaja con todos los integrantes del comit\u00e9 para que la revista se publique lo m\u00e1s pronto posible.<\/div>\n<div dir=\"auto\">Explic\u00f3 que para llevar a cabo este proyecto se han reunido con los integrantes del comit\u00e9 de comunicaci\u00f3n social y la direcci\u00f3n de la c\u00e1mara para presentar el proyecto final de la revista. Esta revista se podr\u00e1 encontrar con cada diputado, v\u00eda electr\u00f3nica, en la p\u00e1gina del legislativo, de manera impresa. Puntualiz\u00f3 que cada diputado debe repartir 10 mil ejemplares.<\/div>\n<div dir=\"auto\">Por otro lado, dio a conocer que en la revista se puede encontrar quienes son los 75 diputados, quienes pertenecen a cada grupo parlamentario, cu\u00e1les son las comisiones que se tiene en la c\u00e1mara de diputados, qui\u00e9n la preside, sus integrantes, cuantos puntos de acuerdo ha emitido cada grupo parlamental en los dos periodos que ya pasaron, cu\u00e1les son las leyes que ya est\u00e1n aprobadas.<\/div>\n<\/div>\n<\/div>\n<\/div>\n<div class=\"mail-message-footer spacer collapsible\" style=\"display:block; height:0px;\"><\/div>\n<\/div>\n","protected":false},"excerpt":{"rendered":"<p>La diputada Anais Burgos, presidenta de la comit\u00e9 de comunicaci\u00f3n social de la Legislatura, actualmente<\/p>\n","protected":false},"author":1,"featured_media":5057,"comment_status":"open","ping_status":"open","sticky":false,"template":"","format":"standard","meta":{"footnotes":""},"categories":[3],"tags":[192],"class_list":["post-5051","post","type-post","status-publish","format-standard","has-post-thumbnail","hentry","category-estatales","tag-legislatura-edomex"],"yoast_head":"<!-- This site is optimized with the Yoast SEO plugin v25.3 - https:\/\/yoast.com\/wordpress\/plugins\/seo\/ -->\n<title>Preparan Gaceta Legislativa en el Edomex - Volcanes<\/title>\n<meta name=\"robots\" content=\"index, follow, max-snippet:-1, max-image-preview:large, max-video-preview:-1\" \/>\n<link rel=\"canonical\" href=\"https:\/\/volcanes.net\/?p=5051\" \/>\n<meta property=\"og:locale\" content=\"es_MX\" \/>\n<meta property=\"og:type\" content=\"article\" \/>\n<meta property=\"og:title\" content=\"Preparan Gaceta Legislativa en el Edomex - Volcanes\" \/>\n<meta property=\"og:description\" content=\"La diputada Anais Burgos, presidenta de la comit\u00e9 de comunicaci\u00f3n social de la Legislatura, actualmente\" \/>\n<meta property=\"og:url\" content=\"https:\/\/volcanes.net\/?p=5051\" \/>\n<meta property=\"og:site_name\" content=\"Volcanes\" \/>\n<meta property=\"article:publisher\" content=\"https:\/\/www.facebook.com\/volcanes.net\/\" \/>\n<meta property=\"article:published_time\" content=\"2019-07-18T03:10:29+00:00\" \/>\n<meta property=\"article:modified_time\" content=\"2019-07-18T03:10:30+00:00\" \/>\n<meta property=\"og:image\" content=\"https:\/\/volcanes.net\/wp-content\/uploads\/2019\/07\/Screenshot_20190717-220720_Video-Player-608x288.jpg\" \/>\n\t<meta property=\"og:image:width\" content=\"608\" \/>\n\t<meta property=\"og:image:height\" content=\"288\" \/>\n\t<meta property=\"og:image:type\" content=\"image\/jpeg\" \/>\n<meta name=\"author\" content=\"admin\" \/>\n<meta name=\"twitter:card\" content=\"summary_large_image\" \/>\n<meta name=\"twitter:label1\" content=\"Escrito por\" \/>\n\t<meta name=\"twitter:data1\" content=\"admin\" \/>\n\t<meta name=\"twitter:label2\" content=\"Tiempo de lectura\" \/>\n\t<meta name=\"twitter:data2\" content=\"1 minuto\" \/>\n<script type=\"application\/ld+json\" class=\"yoast-schema-graph\">{\"@context\":\"https:\/\/schema.org\",\"@graph\":[{\"@type\":\"Article\",\"@id\":\"https:\/\/volcanes.net\/?p=5051#article\",\"isPartOf\":{\"@id\":\"https:\/\/volcanes.net\/?p=5051\"},\"author\":{\"name\":\"admin\",\"@id\":\"https:\/\/volcanes.net\/#\/schema\/person\/4bf0f383940966a4abd53f5048c0e6b9\"},\"headline\":\"Preparan Gaceta Legislativa en el Edomex\",\"datePublished\":\"2019-07-18T03:10:29+00:00\",\"dateModified\":\"2019-07-18T03:10:30+00:00\",\"mainEntityOfPage\":{\"@id\":\"https:\/\/volcanes.net\/?p=5051\"},\"wordCount\":278,\"commentCount\":0,\"publisher\":{\"@id\":\"https:\/\/volcanes.net\/#organization\"},\"image\":{\"@id\":\"https:\/\/volcanes.net\/?p=5051#primaryimage\"},\"thumbnailUrl\":\"https:\/\/volcanes.net\/wp-content\/uploads\/2019\/07\/Screenshot_20190717-220720_Video-Player-608x288.jpg\",\"keywords\":[\"Legislatura Edomex\"],\"articleSection\":[\"Estatales\"],\"inLanguage\":\"es\",\"potentialAction\":[{\"@type\":\"CommentAction\",\"name\":\"Comment\",\"target\":[\"https:\/\/volcanes.net\/?p=5051#respond\"]}]},{\"@type\":\"WebPage\",\"@id\":\"https:\/\/volcanes.net\/?p=5051\",\"url\":\"https:\/\/volcanes.net\/?p=5051\",\"name\":\"Preparan Gaceta Legislativa en el Edomex - Volcanes\",\"isPartOf\":{\"@id\":\"https:\/\/volcanes.net\/#website\"},\"primaryImageOfPage\":{\"@id\":\"https:\/\/volcanes.net\/?p=5051#primaryimage\"},\"image\":{\"@id\":\"https:\/\/volcanes.net\/?p=5051#primaryimage\"},\"thumbnailUrl\":\"https:\/\/volcanes.net\/wp-content\/uploads\/2019\/07\/Screenshot_20190717-220720_Video-Player-608x288.jpg\",\"datePublished\":\"2019-07-18T03:10:29+00:00\",\"dateModified\":\"2019-07-18T03:10:30+00:00\",\"breadcrumb\":{\"@id\":\"https:\/\/volcanes.net\/?p=5051#breadcrumb\"},\"inLanguage\":\"es\",\"potentialAction\":[{\"@type\":\"ReadAction\",\"target\":[\"https:\/\/volcanes.net\/?p=5051\"]}]},{\"@type\":\"ImageObject\",\"inLanguage\":\"es\",\"@id\":\"https:\/\/volcanes.net\/?p=5051#primaryimage\",\"url\":\"https:\/\/volcanes.net\/wp-content\/uploads\/2019\/07\/Screenshot_20190717-220720_Video-Player-608x288.jpg\",\"contentUrl\":\"https:\/\/volcanes.net\/wp-content\/uploads\/2019\/07\/Screenshot_20190717-220720_Video-Player-608x288.jpg\",\"width\":608,\"height\":288},{\"@type\":\"BreadcrumbList\",\"@id\":\"https:\/\/volcanes.net\/?p=5051#breadcrumb\",\"itemListElement\":[{\"@type\":\"ListItem\",\"position\":1,\"name\":\"Portada\",\"item\":\"https:\/\/volcanes.net\/\"},{\"@type\":\"ListItem\",\"position\":2,\"name\":\"Preparan Gaceta Legislativa en el Edomex\"}]},{\"@type\":\"WebSite\",\"@id\":\"https:\/\/volcanes.net\/#website\",\"url\":\"https:\/\/volcanes.net\/\",\"name\":\"Volcanes.Net\",\"description\":\"Periodismo Profesional\",\"publisher\":{\"@id\":\"https:\/\/volcanes.net\/#organization\"},\"potentialAction\":[{\"@type\":\"SearchAction\",\"target\":{\"@type\":\"EntryPoint\",\"urlTemplate\":\"https:\/\/volcanes.net\/?s={search_term_string}\"},\"query-input\":{\"@type\":\"PropertyValueSpecification\",\"valueRequired\":true,\"valueName\":\"search_term_string\"}}],\"inLanguage\":\"es\"},{\"@type\":\"Organization\",\"@id\":\"https:\/\/volcanes.net\/#organization\",\"name\":\"Grupo Volcanes\",\"url\":\"https:\/\/volcanes.net\/\",\"logo\":{\"@type\":\"ImageObject\",\"inLanguage\":\"es\",\"@id\":\"https:\/\/volcanes.net\/#\/schema\/logo\/image\/\",\"url\":\"http:\/\/volcanes.net\/wp-content\/uploads\/2017\/12\/Avatar2.jpg\",\"contentUrl\":\"http:\/\/volcanes.net\/wp-content\/uploads\/2017\/12\/Avatar2.jpg\",\"width\":378,\"height\":378,\"caption\":\"Grupo Volcanes\"},\"image\":{\"@id\":\"https:\/\/volcanes.net\/#\/schema\/logo\/image\/\"},\"sameAs\":[\"https:\/\/www.facebook.com\/volcanes.net\/\"]},{\"@type\":\"Person\",\"@id\":\"https:\/\/volcanes.net\/#\/schema\/person\/4bf0f383940966a4abd53f5048c0e6b9\",\"name\":\"admin\",\"image\":{\"@type\":\"ImageObject\",\"inLanguage\":\"es\",\"@id\":\"https:\/\/volcanes.net\/#\/schema\/person\/image\/\",\"url\":\"https:\/\/secure.gravatar.com\/avatar\/ca004e6cba8462b8cb7abc86e382930c?s=96&d=mm&r=g\",\"contentUrl\":\"https:\/\/secure.gravatar.com\/avatar\/ca004e6cba8462b8cb7abc86e382930c?s=96&d=mm&r=g\",\"caption\":\"admin\"}}]}<\/script>\n<!-- \/ Yoast SEO plugin. -->","yoast_head_json":{"title":"Preparan Gaceta Legislativa en el Edomex - Volcanes","robots":{"index":"index","follow":"follow","max-snippet":"max-snippet:-1","max-image-preview":"max-image-preview:large","max-video-preview":"max-video-preview:-1"},"canonical":"https:\/\/volcanes.net\/?p=5051","og_locale":"es_MX","og_type":"article","og_title":"Preparan Gaceta Legislativa en el Edomex - Volcanes","og_description":"La diputada Anais Burgos, presidenta de la comit\u00e9 de comunicaci\u00f3n social de la Legislatura, actualmente","og_url":"https:\/\/volcanes.net\/?p=5051","og_site_name":"Volcanes","article_publisher":"https:\/\/www.facebook.com\/volcanes.net\/","article_published_time":"2019-07-18T03:10:29+00:00","article_modified_time":"2019-07-18T03:10:30+00:00","og_image":[{"width":608,"height":288,"url":"https:\/\/volcanes.net\/wp-content\/uploads\/2019\/07\/Screenshot_20190717-220720_Video-Player-608x288.jpg","type":"image\/jpeg"}],"author":"admin","twitter_card":"summary_large_image","twitter_misc":{"Escrito por":"admin","Tiempo de lectura":"1 minuto"},"schema":{"@context":"https:\/\/schema.org","@graph":[{"@type":"Article","@id":"https:\/\/volcanes.net\/?p=5051#article","isPartOf":{"@id":"https:\/\/volcanes.net\/?p=5051"},"author":{"name":"admin","@id":"https:\/\/volcanes.net\/#\/schema\/person\/4bf0f383940966a4abd53f5048c0e6b9"},"headline":"Preparan Gaceta Legislativa en el Edomex","datePublished":"2019-07-18T03:10:29+00:00","dateModified":"2019-07-18T03:10:30+00:00","mainEntityOfPage":{"@id":"https:\/\/volcanes.net\/?p=5051"},"wordCount":278,"commentCount":0,"publisher":{"@id":"https:\/\/volcanes.net\/#organization"},"image":{"@id":"https:\/\/volcanes.net\/?p=5051#primaryimage"},"thumbnailUrl":"https:\/\/volcanes.net\/wp-content\/uploads\/2019\/07\/Screenshot_20190717-220720_Video-Player-608x288.jpg","keywords":["Legislatura Edomex"],"articleSection":["Estatales"],"inLanguage":"es","potentialAction":[{"@type":"CommentAction","name":"Comment","target":["https:\/\/volcanes.net\/?p=5051#respond"]}]},{"@type":"WebPage","@id":"https:\/\/volcanes.net\/?p=5051","url":"https:\/\/volcanes.net\/?p=5051","name":"Preparan Gaceta Legislativa en el Edomex - Volcanes","isPartOf":{"@id":"https:\/\/volcanes.net\/#website"},"primaryImageOfPage":{"@id":"https:\/\/volcanes.net\/?p=5051#primaryimage"},"image":{"@id":"https:\/\/volcanes.net\/?p=5051#primaryimage"},"thumbnailUrl":"https:\/\/volcanes.net\/wp-content\/uploads\/2019\/07\/Screenshot_20190717-220720_Video-Player-608x288.jpg","datePublished":"2019-07-18T03:10:29+00:00","dateModified":"2019-07-18T03:10:30+00:00","breadcrumb":{"@id":"https:\/\/volcanes.net\/?p=5051#breadcrumb"},"inLanguage":"es","potentialAction":[{"@type":"ReadAction","target":["https:\/\/volcanes.net\/?p=5051"]}]},{"@type":"ImageObject","inLanguage":"es","@id":"https:\/\/volcanes.net\/?p=5051#primaryimage","url":"https:\/\/volcanes.net\/wp-content\/uploads\/2019\/07\/Screenshot_20190717-220720_Video-Player-608x288.jpg","contentUrl":"https:\/\/volcanes.net\/wp-content\/uploads\/2019\/07\/Screenshot_20190717-220720_Video-Player-608x288.jpg","width":608,"height":288},{"@type":"BreadcrumbList","@id":"https:\/\/volcanes.net\/?p=5051#breadcrumb","itemListElement":[{"@type":"ListItem","position":1,"name":"Portada","item":"https:\/\/volcanes.net\/"},{"@type":"ListItem","position":2,"name":"Preparan Gaceta Legislativa en el Edomex"}]},{"@type":"WebSite","@id":"https:\/\/volcanes.net\/#website","url":"https:\/\/volcanes.net\/","name":"Volcanes.Net","description":"Periodismo Profesional","publisher":{"@id":"https:\/\/volcanes.net\/#organization"},"potentialAction":[{"@type":"SearchAction","target":{"@type":"EntryPoint","urlTemplate":"https:\/\/volcanes.net\/?s={search_term_string}"},"query-input":{"@type":"PropertyValueSpecification","valueRequired":true,"valueName":"search_term_string"}}],"inLanguage":"es"},{"@type":"Organization","@id":"https:\/\/volcanes.net\/#organization","name":"Grupo Volcanes","url":"https:\/\/volcanes.net\/","logo":{"@type":"ImageObject","inLanguage":"es","@id":"https:\/\/volcanes.net\/#\/schema\/logo\/image\/","url":"http:\/\/volcanes.net\/wp-content\/uploads\/2017\/12\/Avatar2.jpg","contentUrl":"http:\/\/volcanes.net\/wp-content\/uploads\/2017\/12\/Avatar2.jpg","width":378,"height":378,"caption":"Grupo Volcanes"},"image":{"@id":"https:\/\/volcanes.net\/#\/schema\/logo\/image\/"},"sameAs":["https:\/\/www.facebook.com\/volcanes.net\/"]},{"@type":"Person","@id":"https:\/\/volcanes.net\/#\/schema\/person\/4bf0f383940966a4abd53f5048c0e6b9","name":"admin","image":{"@type":"ImageObject","inLanguage":"es","@id":"https:\/\/volcanes.net\/#\/schema\/person\/image\/","url":"https:\/\/secure.gravatar.com\/avatar\/ca004e6cba8462b8cb7abc86e382930c?s=96&d=mm&r=g","contentUrl":"https:\/\/secure.gravatar.com\/avatar\/ca004e6cba8462b8cb7abc86e382930c?s=96&d=mm&r=g","caption":"admin"}}]}},"_links":{"self":[{"href":"https:\/\/volcanes.net\/index.php?rest_route=\/wp\/v2\/posts\/5051"}],"collection":[{"href":"https:\/\/volcanes.net\/index.php?rest_route=\/wp\/v2\/posts"}],"about":[{"href":"https:\/\/volcanes.net\/index.php?rest_route=\/wp\/v2\/types\/post"}],"author":[{"embeddable":true,"href":"https:\/\/volcanes.net\/index.php?rest_route=\/wp\/v2\/users\/1"}],"replies":[{"embeddable":true,"href":"https:\/\/volcanes.net\/index.php?rest_route=%2Fwp%2Fv2%2Fcomments&post=5051"}],"version-history":[{"count":2,"href":"https:\/\/volcanes.net\/index.php?rest_route=\/wp\/v2\/posts\/5051\/revisions"}],"predecessor-version":[{"id":5058,"href":"https:\/\/volcanes.net\/index.php?rest_route=\/wp\/v2\/posts\/5051\/revisions\/5058"}],"wp:featuredmedia":[{"embeddable":true,"href":"https:\/\/volcanes.net\/index.php?rest_route=\/wp\/v2\/media\/5057"}],"wp:attachment":[{"href":"https:\/\/volcanes.net\/index.php?rest_route=%2Fwp%2Fv2%2Fmedia&parent=5051"}],"wp:term":[{"taxonomy":"category","embeddable":true,"href":"https:\/\/volcanes.net\/index.php?rest_route=%2Fwp%2Fv2%2Fcategories&post=5051"},{"taxonomy":"post_tag","embeddable":true,"href":"https:\/\/volcanes.net\/index.php?rest_route=%2Fwp%2Fv2%2Ftags&post=5051"}],"curies":[{"name":"wp","href":"https:\/\/api.w.org\/{rel}","templated":true}]}}