{"id":5053,"date":"2019-07-17T20:56:01","date_gmt":"2019-07-18T02:56:01","guid":{"rendered":"http:\/\/volcanes.net\/?p=5053"},"modified":"2019-07-17T20:56:01","modified_gmt":"2019-07-18T02:56:01","slug":"alfredo-del-mazo-entrego-apoyos-forestales-en-el-sur-de-la-entidad","status":"publish","type":"post","link":"https:\/\/volcanes.net\/?p=5053","title":{"rendered":"Alfredo Del Mazo entreg\u00f3 apoyos forestales en el sur de la entidad"},"content":{"rendered":"<div style=\"margin-top: 0px; margin-bottom: 0px;\" class=\"sharethis-inline-share-buttons\" ><\/div><p>El Gobernador Alfredo Del Mazo Maza entreg\u00f3 apoyos forestales de los programas Pago por servicios ambientales hidrol\u00f3gicos, Reforestando Edom\u00e9x y Plantaciones forestales comerciales.<\/p>\n<p>Indic\u00f3 que a trav\u00e9s de estos programas se cuida, preserva y crecen los bosques mexiquenses, lo cual permite evitar la erosi\u00f3n de los suelos y mantener los mantos acu\u00edferos.<\/p>\n<p>\u201cEstos tres programas y varias otras acciones que estamos haciendo para cuidar nuestro medio ambiente, nos han permitido que seamos el \u00fanico estado de todo el pa\u00eds que tiene la capacidad de manejar sus \u00e1reas naturales protegidas, de combatir de manera directa las plagas, de llevar a cabo los manejos de las plantaciones forestales o los manejos responsables de las plantaciones forestales.<\/p>\n<p>\u201cEsto es gracias al buen manejo que se ha hecho del cuidado de nuestros bosques y de nuestro medio ambiente en el Estado de M\u00e9xico\u201d, expres\u00f3.<\/p>\n<p>Luego de entregar apoyos forestales, Alfredo Del Mazo detall\u00f3 que a trav\u00e9s del programa de Pagos por servicios ambientales hidrol\u00f3gicos, quienes cuidan y conservan de los bosques mexiquenses reciben un apoyo de mil 500 pesos por hect\u00e1rea.<\/p>\n<p>Mientras que mediante Reforestando Edom\u00e9x se trabaja en la restauraci\u00f3n de tierras para seguir sembrando \u00e1rboles, para lo cual se les entrega tambi\u00e9n recursos y plantas para realizar la reforestaci\u00f3n.<\/p>\n<p>Agreg\u00f3 que de la mano de esta acci\u00f3n se realiza la campa\u00f1a de reforestaci\u00f3n, la cual tiene como meta llegar a 15 mil hect\u00e1reas, con la finalidad de sembrar m\u00e1s de 16 millones de \u00e1rboles, e inform\u00f3 que actualmente se lleva un avance de casi 6 millones de \u00e1rboles reforestados.<\/p>\n<p>Puntualiz\u00f3 que con el programa de Plantaciones forestales comerciales, los due\u00f1os de predios boscosos pueden aprovechar de manera responsable los recursos del bosque, para la producci\u00f3n de madera, resinas, entre otros productos.<\/p>\n<p>\u201cPrimero que nada agradecerles y reconocerles a quienes hacen esta gran labor, y a quienes la han venido haciendo ya como una forma de cultura de cuidado de nuestros bosques, el d\u00eda de hoy les agradecemos y les reconocemos\u201d, apunt\u00f3.<\/p>\n<p>Del Mazo Maza destac\u00f3 que casi la mitad del territorio del Estado de M\u00e9xico es zona boscosa, adem\u00e1s de que es la \u00fanica entidad del pa\u00eds que cada a\u00f1o crece su masa forestal.<\/p>\n<p>Por tal motivo, dijo, es una gran responsabilidad cuidar estas zonas de afectaciones como la presencia de incendios; al respecto, record\u00f3 la situaci\u00f3n que se vivi\u00f3 durante la contingencia ambiental en las Zonas Metropolitanas del Valle de M\u00e9xico y Valle de Toluca, donde se vieron afectadas m\u00e1s de 13 mil hect\u00e1reas por los incendios, de las cuales el 12 por ciento fueron de superficie boscosa.<\/p>\n<p>En este sentido, agradeci\u00f3 y reconoci\u00f3 el trabajo que llevan a cabo los m\u00e1s de 2 mil 300 combatientes forestales que atienden de manera pronta y arriesgando su vida, los incendios que se presenten.<\/p>\n<p>\u201cEs el \u00fanico estado que gracias a muchos de estos programas, pero, sobre todo, gracias a ustedes a la responsabilidad y al cuidado que le dan a nuestros bosques, es que el Estado de M\u00e9xico es el \u00fanico de todo el pa\u00eds que a\u00f1o con a\u00f1o crece su masa forestal, por eso impulsamos estos programas\u201d, afirm\u00f3.<\/p>\n<p>Recibieron apoyos de estos tres programas forestales habitantes de los municipios de Amanalco, Luvianos, Otzoloapan, Santo Tom\u00e1s, Tejupilco, Valle de Bravo y Zacazonapan.<\/p>\n<p>Por su parte, el Secretario del Medio Ambiente, Jorge Rescala P\u00e9rez, indic\u00f3 que en esta ocasi\u00f3n se entregaron apoyos por m\u00e1s de un mill\u00f3n 300 mil pesos, lo que se traduce en brindar continuidad a la protecci\u00f3n de las masas forestales de la entidad.<\/p>\n<p>A\u00f1adi\u00f3 que la administraci\u00f3n estatal sienta las bases para mantener al Estado de M\u00e9xico como un ejemplo de protecci\u00f3n y desarrollo de los bosques a nivel nacional, por lo cual se desarrollan distintas acciones.<\/p>\n","protected":false},"excerpt":{"rendered":"<p>El Gobernador Alfredo Del Mazo Maza entreg\u00f3 apoyos forestales de los programas Pago por servicios<\/p>\n","protected":false},"author":1,"featured_media":5054,"comment_status":"open","ping_status":"open","sticky":false,"template":"","format":"standard","meta":{"footnotes":""},"categories":[3],"tags":[4],"class_list":["post-5053","post","type-post","status-publish","format-standard","has-post-thumbnail","hentry","category-estatales","tag-gobierno-del-estado-de-mexico"],"yoast_head":"<!-- This site is optimized with the Yoast SEO plugin v25.3 - https:\/\/yoast.com\/wordpress\/plugins\/seo\/ -->\n<title>Alfredo Del Mazo entreg\u00f3 apoyos forestales en el sur de la entidad - Volcanes<\/title>\n<meta name=\"robots\" content=\"index, follow, max-snippet:-1, max-image-preview:large, max-video-preview:-1\" \/>\n<link rel=\"canonical\" href=\"https:\/\/volcanes.net\/?p=5053\" \/>\n<meta property=\"og:locale\" content=\"es_MX\" \/>\n<meta property=\"og:type\" content=\"article\" \/>\n<meta property=\"og:title\" content=\"Alfredo Del Mazo entreg\u00f3 apoyos forestales en el sur de la entidad - Volcanes\" \/>\n<meta property=\"og:description\" content=\"El Gobernador Alfredo Del Mazo Maza entreg\u00f3 apoyos forestales de los programas Pago por servicios\" \/>\n<meta property=\"og:url\" content=\"https:\/\/volcanes.net\/?p=5053\" \/>\n<meta property=\"og:site_name\" content=\"Volcanes\" \/>\n<meta property=\"article:publisher\" content=\"https:\/\/www.facebook.com\/volcanes.net\/\" \/>\n<meta property=\"article:published_time\" content=\"2019-07-18T02:56:01+00:00\" \/>\n<meta property=\"og:image\" content=\"https:\/\/volcanes.net\/wp-content\/uploads\/2019\/07\/alfredo.jpg\" \/>\n\t<meta property=\"og:image:width\" content=\"600\" \/>\n\t<meta property=\"og:image:height\" content=\"398\" \/>\n\t<meta property=\"og:image:type\" content=\"image\/jpeg\" \/>\n<meta name=\"author\" content=\"admin\" \/>\n<meta name=\"twitter:card\" content=\"summary_large_image\" \/>\n<meta name=\"twitter:label1\" content=\"Escrito por\" \/>\n\t<meta name=\"twitter:data1\" content=\"admin\" \/>\n\t<meta name=\"twitter:label2\" content=\"Tiempo de lectura\" \/>\n\t<meta name=\"twitter:data2\" content=\"3 minutos\" \/>\n<script type=\"application\/ld+json\" class=\"yoast-schema-graph\">{\"@context\":\"https:\/\/schema.org\",\"@graph\":[{\"@type\":\"Article\",\"@id\":\"https:\/\/volcanes.net\/?p=5053#article\",\"isPartOf\":{\"@id\":\"https:\/\/volcanes.net\/?p=5053\"},\"author\":{\"name\":\"admin\",\"@id\":\"https:\/\/volcanes.net\/#\/schema\/person\/4bf0f383940966a4abd53f5048c0e6b9\"},\"headline\":\"Alfredo Del Mazo entreg\u00f3 apoyos forestales en el sur de la entidad\",\"datePublished\":\"2019-07-18T02:56:01+00:00\",\"mainEntityOfPage\":{\"@id\":\"https:\/\/volcanes.net\/?p=5053\"},\"wordCount\":666,\"commentCount\":0,\"publisher\":{\"@id\":\"https:\/\/volcanes.net\/#organization\"},\"image\":{\"@id\":\"https:\/\/volcanes.net\/?p=5053#primaryimage\"},\"thumbnailUrl\":\"https:\/\/volcanes.net\/wp-content\/uploads\/2019\/07\/alfredo.jpg\",\"keywords\":[\"Gobierno del Estado de M\u00e9xico\"],\"articleSection\":[\"Estatales\"],\"inLanguage\":\"es\",\"potentialAction\":[{\"@type\":\"CommentAction\",\"name\":\"Comment\",\"target\":[\"https:\/\/volcanes.net\/?p=5053#respond\"]}]},{\"@type\":\"WebPage\",\"@id\":\"https:\/\/volcanes.net\/?p=5053\",\"url\":\"https:\/\/volcanes.net\/?p=5053\",\"name\":\"Alfredo Del Mazo entreg\u00f3 apoyos forestales en el sur de la entidad - Volcanes\",\"isPartOf\":{\"@id\":\"https:\/\/volcanes.net\/#website\"},\"primaryImageOfPage\":{\"@id\":\"https:\/\/volcanes.net\/?p=5053#primaryimage\"},\"image\":{\"@id\":\"https:\/\/volcanes.net\/?p=5053#primaryimage\"},\"thumbnailUrl\":\"https:\/\/volcanes.net\/wp-content\/uploads\/2019\/07\/alfredo.jpg\",\"datePublished\":\"2019-07-18T02:56:01+00:00\",\"breadcrumb\":{\"@id\":\"https:\/\/volcanes.net\/?p=5053#breadcrumb\"},\"inLanguage\":\"es\",\"potentialAction\":[{\"@type\":\"ReadAction\",\"target\":[\"https:\/\/volcanes.net\/?p=5053\"]}]},{\"@type\":\"ImageObject\",\"inLanguage\":\"es\",\"@id\":\"https:\/\/volcanes.net\/?p=5053#primaryimage\",\"url\":\"https:\/\/volcanes.net\/wp-content\/uploads\/2019\/07\/alfredo.jpg\",\"contentUrl\":\"https:\/\/volcanes.net\/wp-content\/uploads\/2019\/07\/alfredo.jpg\",\"width\":600,\"height\":398},{\"@type\":\"BreadcrumbList\",\"@id\":\"https:\/\/volcanes.net\/?p=5053#breadcrumb\",\"itemListElement\":[{\"@type\":\"ListItem\",\"position\":1,\"name\":\"Portada\",\"item\":\"https:\/\/volcanes.net\/\"},{\"@type\":\"ListItem\",\"position\":2,\"name\":\"Alfredo Del Mazo entreg\u00f3 apoyos forestales en el sur de la entidad\"}]},{\"@type\":\"WebSite\",\"@id\":\"https:\/\/volcanes.net\/#website\",\"url\":\"https:\/\/volcanes.net\/\",\"name\":\"Volcanes.Net\",\"description\":\"Periodismo Profesional\",\"publisher\":{\"@id\":\"https:\/\/volcanes.net\/#organization\"},\"potentialAction\":[{\"@type\":\"SearchAction\",\"target\":{\"@type\":\"EntryPoint\",\"urlTemplate\":\"https:\/\/volcanes.net\/?s={search_term_string}\"},\"query-input\":{\"@type\":\"PropertyValueSpecification\",\"valueRequired\":true,\"valueName\":\"search_term_string\"}}],\"inLanguage\":\"es\"},{\"@type\":\"Organization\",\"@id\":\"https:\/\/volcanes.net\/#organization\",\"name\":\"Grupo Volcanes\",\"url\":\"https:\/\/volcanes.net\/\",\"logo\":{\"@type\":\"ImageObject\",\"inLanguage\":\"es\",\"@id\":\"https:\/\/volcanes.net\/#\/schema\/logo\/image\/\",\"url\":\"http:\/\/volcanes.net\/wp-content\/uploads\/2017\/12\/Avatar2.jpg\",\"contentUrl\":\"http:\/\/volcanes.net\/wp-content\/uploads\/2017\/12\/Avatar2.jpg\",\"width\":378,\"height\":378,\"caption\":\"Grupo Volcanes\"},\"image\":{\"@id\":\"https:\/\/volcanes.net\/#\/schema\/logo\/image\/\"},\"sameAs\":[\"https:\/\/www.facebook.com\/volcanes.net\/\"]},{\"@type\":\"Person\",\"@id\":\"https:\/\/volcanes.net\/#\/schema\/person\/4bf0f383940966a4abd53f5048c0e6b9\",\"name\":\"admin\",\"image\":{\"@type\":\"ImageObject\",\"inLanguage\":\"es\",\"@id\":\"https:\/\/volcanes.net\/#\/schema\/person\/image\/\",\"url\":\"https:\/\/secure.gravatar.com\/avatar\/ca004e6cba8462b8cb7abc86e382930c?s=96&d=mm&r=g\",\"contentUrl\":\"https:\/\/secure.gravatar.com\/avatar\/ca004e6cba8462b8cb7abc86e382930c?s=96&d=mm&r=g\",\"caption\":\"admin\"}}]}<\/script>\n<!-- \/ Yoast SEO plugin. -->","yoast_head_json":{"title":"Alfredo Del Mazo entreg\u00f3 apoyos forestales en el sur de la entidad - Volcanes","robots":{"index":"index","follow":"follow","max-snippet":"max-snippet:-1","max-image-preview":"max-image-preview:large","max-video-preview":"max-video-preview:-1"},"canonical":"https:\/\/volcanes.net\/?p=5053","og_locale":"es_MX","og_type":"article","og_title":"Alfredo Del Mazo entreg\u00f3 apoyos forestales en el sur de la entidad - Volcanes","og_description":"El Gobernador Alfredo Del Mazo Maza entreg\u00f3 apoyos forestales de los programas Pago por servicios","og_url":"https:\/\/volcanes.net\/?p=5053","og_site_name":"Volcanes","article_publisher":"https:\/\/www.facebook.com\/volcanes.net\/","article_published_time":"2019-07-18T02:56:01+00:00","og_image":[{"width":600,"height":398,"url":"https:\/\/volcanes.net\/wp-content\/uploads\/2019\/07\/alfredo.jpg","type":"image\/jpeg"}],"author":"admin","twitter_card":"summary_large_image","twitter_misc":{"Escrito por":"admin","Tiempo de lectura":"3 minutos"},"schema":{"@context":"https:\/\/schema.org","@graph":[{"@type":"Article","@id":"https:\/\/volcanes.net\/?p=5053#article","isPartOf":{"@id":"https:\/\/volcanes.net\/?p=5053"},"author":{"name":"admin","@id":"https:\/\/volcanes.net\/#\/schema\/person\/4bf0f383940966a4abd53f5048c0e6b9"},"headline":"Alfredo Del Mazo entreg\u00f3 apoyos forestales en el sur de la entidad","datePublished":"2019-07-18T02:56:01+00:00","mainEntityOfPage":{"@id":"https:\/\/volcanes.net\/?p=5053"},"wordCount":666,"commentCount":0,"publisher":{"@id":"https:\/\/volcanes.net\/#organization"},"image":{"@id":"https:\/\/volcanes.net\/?p=5053#primaryimage"},"thumbnailUrl":"https:\/\/volcanes.net\/wp-content\/uploads\/2019\/07\/alfredo.jpg","keywords":["Gobierno del Estado de M\u00e9xico"],"articleSection":["Estatales"],"inLanguage":"es","potentialAction":[{"@type":"CommentAction","name":"Comment","target":["https:\/\/volcanes.net\/?p=5053#respond"]}]},{"@type":"WebPage","@id":"https:\/\/volcanes.net\/?p=5053","url":"https:\/\/volcanes.net\/?p=5053","name":"Alfredo Del Mazo entreg\u00f3 apoyos forestales en el sur de la entidad - Volcanes","isPartOf":{"@id":"https:\/\/volcanes.net\/#website"},"primaryImageOfPage":{"@id":"https:\/\/volcanes.net\/?p=5053#primaryimage"},"image":{"@id":"https:\/\/volcanes.net\/?p=5053#primaryimage"},"thumbnailUrl":"https:\/\/volcanes.net\/wp-content\/uploads\/2019\/07\/alfredo.jpg","datePublished":"2019-07-18T02:56:01+00:00","breadcrumb":{"@id":"https:\/\/volcanes.net\/?p=5053#breadcrumb"},"inLanguage":"es","potentialAction":[{"@type":"ReadAction","target":["https:\/\/volcanes.net\/?p=5053"]}]},{"@type":"ImageObject","inLanguage":"es","@id":"https:\/\/volcanes.net\/?p=5053#primaryimage","url":"https:\/\/volcanes.net\/wp-content\/uploads\/2019\/07\/alfredo.jpg","contentUrl":"https:\/\/volcanes.net\/wp-content\/uploads\/2019\/07\/alfredo.jpg","width":600,"height":398},{"@type":"BreadcrumbList","@id":"https:\/\/volcanes.net\/?p=5053#breadcrumb","itemListElement":[{"@type":"ListItem","position":1,"name":"Portada","item":"https:\/\/volcanes.net\/"},{"@type":"ListItem","position":2,"name":"Alfredo Del Mazo entreg\u00f3 apoyos forestales en el sur de la entidad"}]},{"@type":"WebSite","@id":"https:\/\/volcanes.net\/#website","url":"https:\/\/volcanes.net\/","name":"Volcanes.Net","description":"Periodismo Profesional","publisher":{"@id":"https:\/\/volcanes.net\/#organization"},"potentialAction":[{"@type":"SearchAction","target":{"@type":"EntryPoint","urlTemplate":"https:\/\/volcanes.net\/?s={search_term_string}"},"query-input":{"@type":"PropertyValueSpecification","valueRequired":true,"valueName":"search_term_string"}}],"inLanguage":"es"},{"@type":"Organization","@id":"https:\/\/volcanes.net\/#organization","name":"Grupo Volcanes","url":"https:\/\/volcanes.net\/","logo":{"@type":"ImageObject","inLanguage":"es","@id":"https:\/\/volcanes.net\/#\/schema\/logo\/image\/","url":"http:\/\/volcanes.net\/wp-content\/uploads\/2017\/12\/Avatar2.jpg","contentUrl":"http:\/\/volcanes.net\/wp-content\/uploads\/2017\/12\/Avatar2.jpg","width":378,"height":378,"caption":"Grupo Volcanes"},"image":{"@id":"https:\/\/volcanes.net\/#\/schema\/logo\/image\/"},"sameAs":["https:\/\/www.facebook.com\/volcanes.net\/"]},{"@type":"Person","@id":"https:\/\/volcanes.net\/#\/schema\/person\/4bf0f383940966a4abd53f5048c0e6b9","name":"admin","image":{"@type":"ImageObject","inLanguage":"es","@id":"https:\/\/volcanes.net\/#\/schema\/person\/image\/","url":"https:\/\/secure.gravatar.com\/avatar\/ca004e6cba8462b8cb7abc86e382930c?s=96&d=mm&r=g","contentUrl":"https:\/\/secure.gravatar.com\/avatar\/ca004e6cba8462b8cb7abc86e382930c?s=96&d=mm&r=g","caption":"admin"}}]}},"_links":{"self":[{"href":"https:\/\/volcanes.net\/index.php?rest_route=\/wp\/v2\/posts\/5053"}],"collection":[{"href":"https:\/\/volcanes.net\/index.php?rest_route=\/wp\/v2\/posts"}],"about":[{"href":"https:\/\/volcanes.net\/index.php?rest_route=\/wp\/v2\/types\/post"}],"author":[{"embeddable":true,"href":"https:\/\/volcanes.net\/index.php?rest_route=\/wp\/v2\/users\/1"}],"replies":[{"embeddable":true,"href":"https:\/\/volcanes.net\/index.php?rest_route=%2Fwp%2Fv2%2Fcomments&post=5053"}],"version-history":[{"count":1,"href":"https:\/\/volcanes.net\/index.php?rest_route=\/wp\/v2\/posts\/5053\/revisions"}],"predecessor-version":[{"id":5055,"href":"https:\/\/volcanes.net\/index.php?rest_route=\/wp\/v2\/posts\/5053\/revisions\/5055"}],"wp:featuredmedia":[{"embeddable":true,"href":"https:\/\/volcanes.net\/index.php?rest_route=\/wp\/v2\/media\/5054"}],"wp:attachment":[{"href":"https:\/\/volcanes.net\/index.php?rest_route=%2Fwp%2Fv2%2Fmedia&parent=5053"}],"wp:term":[{"taxonomy":"category","embeddable":true,"href":"https:\/\/volcanes.net\/index.php?rest_route=%2Fwp%2Fv2%2Fcategories&post=5053"},{"taxonomy":"post_tag","embeddable":true,"href":"https:\/\/volcanes.net\/index.php?rest_route=%2Fwp%2Fv2%2Ftags&post=5053"}],"curies":[{"name":"wp","href":"https:\/\/api.w.org\/{rel}","templated":true}]}}