{"id":5059,"date":"2019-07-18T07:17:44","date_gmt":"2019-07-18T13:17:44","guid":{"rendered":"https:\/\/volcanes.net\/?p=5059"},"modified":"2019-07-18T07:17:55","modified_gmt":"2019-07-18T13:17:55","slug":"anuncia-gobierno-municipal-de-ozumba-que-reforzara-la-seguridad","status":"publish","type":"post","link":"https:\/\/volcanes.net\/?p=5059","title":{"rendered":"Anuncia gobierno municipal de Ozumba que reforzar\u00e1 la seguridad"},"content":{"rendered":"<div style=\"margin-top: 0px; margin-bottom: 0px;\" class=\"sharethis-inline-share-buttons\" ><\/div><p>En el municipio de Ozumba el presidente Valent\u00edn Mart\u00ednez Castillo dio a conocer a trav\u00e9s de un comunicado que respecto al tema de seguridad p\u00fablica obliga al gobierno municipal de Ozumba a seguir coordinando acciones de seguridad en beneficio de la ciudadan\u00eda y as\u00ed poder evitar tragedias.<\/p>\n<p>Adem\u00e1s que lamenta las acciones que acontecen en la regi\u00f3n donde se ha arrebatado la vida a gente digna, honesta y trabajadora por tal motivo, se da a conocer que se han reforzado medidas y acciones que salvaguarden la integridad f\u00edsica de los ozumbenses. Dijo que es importante trabajar de la mano con los comit\u00e9s de vigilancia de participaci\u00f3n ciudadana de los cuales actualmente existen 37 en el municipio de Ozumba, pide el apoyo y estar alerta a cualquier situaci\u00f3n que ponga en riesgo de su integridad f\u00edsica, denunciando de cualquier tipo de acci\u00f3n sospechosa.<\/p>\n<p>En entrevista, el presidente municipal, Valent\u00edn Mart\u00ednez Castillo aclar\u00f3 que fue mentira que el OSFEM mult\u00f3 al gobierno  luego de que se trasladara seguridad p\u00fablica hacia las \u00e1reas de protecci\u00f3n civil para trabajar de manera coordinada.<\/p>\n<p>Explic\u00f3 que el inmueble recibi\u00f3 adecuaciones, destacando la creaci\u00f3n de galeras para que seguridad p\u00fablica y protecci\u00f3n civil ocupe las instalaciones pues ambas van de la mano para poder trabajar juntas, dijo.<\/p>\n<p>Inform\u00f3 que se ha trabajado con protecci\u00f3n civil y seguridad p\u00fablica haciendo grupos de participaci\u00f3n ciudadana, donde se ha atendido las peticiones de los ciudadanos para una mejor seguridad para la gente ozumbenses y su alrededores.<\/p>\n","protected":false},"excerpt":{"rendered":"<p>En el municipio de Ozumba el presidente Valent\u00edn Mart\u00ednez Castillo dio a conocer a trav\u00e9s<\/p>\n","protected":false},"author":1,"featured_media":5062,"comment_status":"open","ping_status":"open","sticky":false,"template":"","format":"standard","meta":{"footnotes":""},"categories":[1],"tags":[14],"class_list":["post-5059","post","type-post","status-publish","format-standard","has-post-thumbnail","hentry","category-municipales","tag-ozumba"],"yoast_head":"<!-- This site is optimized with the Yoast SEO plugin v25.3 - https:\/\/yoast.com\/wordpress\/plugins\/seo\/ -->\n<title>Anuncia gobierno municipal de Ozumba que reforzar\u00e1 la seguridad - Volcanes<\/title>\n<meta name=\"robots\" content=\"index, follow, max-snippet:-1, max-image-preview:large, max-video-preview:-1\" \/>\n<link rel=\"canonical\" href=\"https:\/\/volcanes.net\/?p=5059\" \/>\n<meta property=\"og:locale\" content=\"es_MX\" \/>\n<meta property=\"og:type\" content=\"article\" \/>\n<meta property=\"og:title\" content=\"Anuncia gobierno municipal de Ozumba que reforzar\u00e1 la seguridad - Volcanes\" \/>\n<meta property=\"og:description\" content=\"En el municipio de Ozumba el presidente Valent\u00edn Mart\u00ednez Castillo dio a conocer a trav\u00e9s\" \/>\n<meta property=\"og:url\" content=\"https:\/\/volcanes.net\/?p=5059\" \/>\n<meta property=\"og:site_name\" content=\"Volcanes\" \/>\n<meta property=\"article:publisher\" content=\"https:\/\/www.facebook.com\/volcanes.net\/\" \/>\n<meta property=\"article:published_time\" content=\"2019-07-18T13:17:44+00:00\" \/>\n<meta property=\"article:modified_time\" content=\"2019-07-18T13:17:55+00:00\" \/>\n<meta property=\"og:image\" content=\"https:\/\/volcanes.net\/wp-content\/uploads\/2019\/07\/20190717_145534-400x300.jpg\" \/>\n\t<meta property=\"og:image:width\" content=\"400\" \/>\n\t<meta property=\"og:image:height\" content=\"300\" \/>\n\t<meta property=\"og:image:type\" content=\"image\/jpeg\" \/>\n<meta name=\"author\" content=\"admin\" \/>\n<meta name=\"twitter:card\" content=\"summary_large_image\" \/>\n<meta name=\"twitter:label1\" content=\"Escrito por\" \/>\n\t<meta name=\"twitter:data1\" content=\"admin\" \/>\n\t<meta name=\"twitter:label2\" content=\"Tiempo de lectura\" \/>\n\t<meta name=\"twitter:data2\" content=\"1 minuto\" \/>\n<script type=\"application\/ld+json\" class=\"yoast-schema-graph\">{\"@context\":\"https:\/\/schema.org\",\"@graph\":[{\"@type\":\"Article\",\"@id\":\"https:\/\/volcanes.net\/?p=5059#article\",\"isPartOf\":{\"@id\":\"https:\/\/volcanes.net\/?p=5059\"},\"author\":{\"name\":\"admin\",\"@id\":\"https:\/\/volcanes.net\/#\/schema\/person\/4bf0f383940966a4abd53f5048c0e6b9\"},\"headline\":\"Anuncia gobierno municipal de Ozumba que reforzar\u00e1 la seguridad\",\"datePublished\":\"2019-07-18T13:17:44+00:00\",\"dateModified\":\"2019-07-18T13:17:55+00:00\",\"mainEntityOfPage\":{\"@id\":\"https:\/\/volcanes.net\/?p=5059\"},\"wordCount\":277,\"commentCount\":0,\"publisher\":{\"@id\":\"https:\/\/volcanes.net\/#organization\"},\"image\":{\"@id\":\"https:\/\/volcanes.net\/?p=5059#primaryimage\"},\"thumbnailUrl\":\"https:\/\/volcanes.net\/wp-content\/uploads\/2019\/07\/20190717_145534-400x300.jpg\",\"keywords\":[\"Ozumba\"],\"articleSection\":[\"Municipales\"],\"inLanguage\":\"es\",\"potentialAction\":[{\"@type\":\"CommentAction\",\"name\":\"Comment\",\"target\":[\"https:\/\/volcanes.net\/?p=5059#respond\"]}]},{\"@type\":\"WebPage\",\"@id\":\"https:\/\/volcanes.net\/?p=5059\",\"url\":\"https:\/\/volcanes.net\/?p=5059\",\"name\":\"Anuncia gobierno municipal de Ozumba que reforzar\u00e1 la seguridad - Volcanes\",\"isPartOf\":{\"@id\":\"https:\/\/volcanes.net\/#website\"},\"primaryImageOfPage\":{\"@id\":\"https:\/\/volcanes.net\/?p=5059#primaryimage\"},\"image\":{\"@id\":\"https:\/\/volcanes.net\/?p=5059#primaryimage\"},\"thumbnailUrl\":\"https:\/\/volcanes.net\/wp-content\/uploads\/2019\/07\/20190717_145534-400x300.jpg\",\"datePublished\":\"2019-07-18T13:17:44+00:00\",\"dateModified\":\"2019-07-18T13:17:55+00:00\",\"breadcrumb\":{\"@id\":\"https:\/\/volcanes.net\/?p=5059#breadcrumb\"},\"inLanguage\":\"es\",\"potentialAction\":[{\"@type\":\"ReadAction\",\"target\":[\"https:\/\/volcanes.net\/?p=5059\"]}]},{\"@type\":\"ImageObject\",\"inLanguage\":\"es\",\"@id\":\"https:\/\/volcanes.net\/?p=5059#primaryimage\",\"url\":\"https:\/\/volcanes.net\/wp-content\/uploads\/2019\/07\/20190717_145534-400x300.jpg\",\"contentUrl\":\"https:\/\/volcanes.net\/wp-content\/uploads\/2019\/07\/20190717_145534-400x300.jpg\",\"width\":400,\"height\":300},{\"@type\":\"BreadcrumbList\",\"@id\":\"https:\/\/volcanes.net\/?p=5059#breadcrumb\",\"itemListElement\":[{\"@type\":\"ListItem\",\"position\":1,\"name\":\"Portada\",\"item\":\"https:\/\/volcanes.net\/\"},{\"@type\":\"ListItem\",\"position\":2,\"name\":\"Anuncia gobierno municipal de Ozumba que reforzar\u00e1 la seguridad\"}]},{\"@type\":\"WebSite\",\"@id\":\"https:\/\/volcanes.net\/#website\",\"url\":\"https:\/\/volcanes.net\/\",\"name\":\"Volcanes.Net\",\"description\":\"Periodismo Profesional\",\"publisher\":{\"@id\":\"https:\/\/volcanes.net\/#organization\"},\"potentialAction\":[{\"@type\":\"SearchAction\",\"target\":{\"@type\":\"EntryPoint\",\"urlTemplate\":\"https:\/\/volcanes.net\/?s={search_term_string}\"},\"query-input\":{\"@type\":\"PropertyValueSpecification\",\"valueRequired\":true,\"valueName\":\"search_term_string\"}}],\"inLanguage\":\"es\"},{\"@type\":\"Organization\",\"@id\":\"https:\/\/volcanes.net\/#organization\",\"name\":\"Grupo Volcanes\",\"url\":\"https:\/\/volcanes.net\/\",\"logo\":{\"@type\":\"ImageObject\",\"inLanguage\":\"es\",\"@id\":\"https:\/\/volcanes.net\/#\/schema\/logo\/image\/\",\"url\":\"http:\/\/volcanes.net\/wp-content\/uploads\/2017\/12\/Avatar2.jpg\",\"contentUrl\":\"http:\/\/volcanes.net\/wp-content\/uploads\/2017\/12\/Avatar2.jpg\",\"width\":378,\"height\":378,\"caption\":\"Grupo Volcanes\"},\"image\":{\"@id\":\"https:\/\/volcanes.net\/#\/schema\/logo\/image\/\"},\"sameAs\":[\"https:\/\/www.facebook.com\/volcanes.net\/\"]},{\"@type\":\"Person\",\"@id\":\"https:\/\/volcanes.net\/#\/schema\/person\/4bf0f383940966a4abd53f5048c0e6b9\",\"name\":\"admin\",\"image\":{\"@type\":\"ImageObject\",\"inLanguage\":\"es\",\"@id\":\"https:\/\/volcanes.net\/#\/schema\/person\/image\/\",\"url\":\"https:\/\/secure.gravatar.com\/avatar\/ca004e6cba8462b8cb7abc86e382930c?s=96&d=mm&r=g\",\"contentUrl\":\"https:\/\/secure.gravatar.com\/avatar\/ca004e6cba8462b8cb7abc86e382930c?s=96&d=mm&r=g\",\"caption\":\"admin\"}}]}<\/script>\n<!-- \/ Yoast SEO plugin. -->","yoast_head_json":{"title":"Anuncia gobierno municipal de Ozumba que reforzar\u00e1 la seguridad - Volcanes","robots":{"index":"index","follow":"follow","max-snippet":"max-snippet:-1","max-image-preview":"max-image-preview:large","max-video-preview":"max-video-preview:-1"},"canonical":"https:\/\/volcanes.net\/?p=5059","og_locale":"es_MX","og_type":"article","og_title":"Anuncia gobierno municipal de Ozumba que reforzar\u00e1 la seguridad - Volcanes","og_description":"En el municipio de Ozumba el presidente Valent\u00edn Mart\u00ednez Castillo dio a conocer a trav\u00e9s","og_url":"https:\/\/volcanes.net\/?p=5059","og_site_name":"Volcanes","article_publisher":"https:\/\/www.facebook.com\/volcanes.net\/","article_published_time":"2019-07-18T13:17:44+00:00","article_modified_time":"2019-07-18T13:17:55+00:00","og_image":[{"width":400,"height":300,"url":"https:\/\/volcanes.net\/wp-content\/uploads\/2019\/07\/20190717_145534-400x300.jpg","type":"image\/jpeg"}],"author":"admin","twitter_card":"summary_large_image","twitter_misc":{"Escrito por":"admin","Tiempo de lectura":"1 minuto"},"schema":{"@context":"https:\/\/schema.org","@graph":[{"@type":"Article","@id":"https:\/\/volcanes.net\/?p=5059#article","isPartOf":{"@id":"https:\/\/volcanes.net\/?p=5059"},"author":{"name":"admin","@id":"https:\/\/volcanes.net\/#\/schema\/person\/4bf0f383940966a4abd53f5048c0e6b9"},"headline":"Anuncia gobierno municipal de Ozumba que reforzar\u00e1 la seguridad","datePublished":"2019-07-18T13:17:44+00:00","dateModified":"2019-07-18T13:17:55+00:00","mainEntityOfPage":{"@id":"https:\/\/volcanes.net\/?p=5059"},"wordCount":277,"commentCount":0,"publisher":{"@id":"https:\/\/volcanes.net\/#organization"},"image":{"@id":"https:\/\/volcanes.net\/?p=5059#primaryimage"},"thumbnailUrl":"https:\/\/volcanes.net\/wp-content\/uploads\/2019\/07\/20190717_145534-400x300.jpg","keywords":["Ozumba"],"articleSection":["Municipales"],"inLanguage":"es","potentialAction":[{"@type":"CommentAction","name":"Comment","target":["https:\/\/volcanes.net\/?p=5059#respond"]}]},{"@type":"WebPage","@id":"https:\/\/volcanes.net\/?p=5059","url":"https:\/\/volcanes.net\/?p=5059","name":"Anuncia gobierno municipal de Ozumba que reforzar\u00e1 la seguridad - Volcanes","isPartOf":{"@id":"https:\/\/volcanes.net\/#website"},"primaryImageOfPage":{"@id":"https:\/\/volcanes.net\/?p=5059#primaryimage"},"image":{"@id":"https:\/\/volcanes.net\/?p=5059#primaryimage"},"thumbnailUrl":"https:\/\/volcanes.net\/wp-content\/uploads\/2019\/07\/20190717_145534-400x300.jpg","datePublished":"2019-07-18T13:17:44+00:00","dateModified":"2019-07-18T13:17:55+00:00","breadcrumb":{"@id":"https:\/\/volcanes.net\/?p=5059#breadcrumb"},"inLanguage":"es","potentialAction":[{"@type":"ReadAction","target":["https:\/\/volcanes.net\/?p=5059"]}]},{"@type":"ImageObject","inLanguage":"es","@id":"https:\/\/volcanes.net\/?p=5059#primaryimage","url":"https:\/\/volcanes.net\/wp-content\/uploads\/2019\/07\/20190717_145534-400x300.jpg","contentUrl":"https:\/\/volcanes.net\/wp-content\/uploads\/2019\/07\/20190717_145534-400x300.jpg","width":400,"height":300},{"@type":"BreadcrumbList","@id":"https:\/\/volcanes.net\/?p=5059#breadcrumb","itemListElement":[{"@type":"ListItem","position":1,"name":"Portada","item":"https:\/\/volcanes.net\/"},{"@type":"ListItem","position":2,"name":"Anuncia gobierno municipal de Ozumba que reforzar\u00e1 la seguridad"}]},{"@type":"WebSite","@id":"https:\/\/volcanes.net\/#website","url":"https:\/\/volcanes.net\/","name":"Volcanes.Net","description":"Periodismo Profesional","publisher":{"@id":"https:\/\/volcanes.net\/#organization"},"potentialAction":[{"@type":"SearchAction","target":{"@type":"EntryPoint","urlTemplate":"https:\/\/volcanes.net\/?s={search_term_string}"},"query-input":{"@type":"PropertyValueSpecification","valueRequired":true,"valueName":"search_term_string"}}],"inLanguage":"es"},{"@type":"Organization","@id":"https:\/\/volcanes.net\/#organization","name":"Grupo Volcanes","url":"https:\/\/volcanes.net\/","logo":{"@type":"ImageObject","inLanguage":"es","@id":"https:\/\/volcanes.net\/#\/schema\/logo\/image\/","url":"http:\/\/volcanes.net\/wp-content\/uploads\/2017\/12\/Avatar2.jpg","contentUrl":"http:\/\/volcanes.net\/wp-content\/uploads\/2017\/12\/Avatar2.jpg","width":378,"height":378,"caption":"Grupo Volcanes"},"image":{"@id":"https:\/\/volcanes.net\/#\/schema\/logo\/image\/"},"sameAs":["https:\/\/www.facebook.com\/volcanes.net\/"]},{"@type":"Person","@id":"https:\/\/volcanes.net\/#\/schema\/person\/4bf0f383940966a4abd53f5048c0e6b9","name":"admin","image":{"@type":"ImageObject","inLanguage":"es","@id":"https:\/\/volcanes.net\/#\/schema\/person\/image\/","url":"https:\/\/secure.gravatar.com\/avatar\/ca004e6cba8462b8cb7abc86e382930c?s=96&d=mm&r=g","contentUrl":"https:\/\/secure.gravatar.com\/avatar\/ca004e6cba8462b8cb7abc86e382930c?s=96&d=mm&r=g","caption":"admin"}}]}},"_links":{"self":[{"href":"https:\/\/volcanes.net\/index.php?rest_route=\/wp\/v2\/posts\/5059"}],"collection":[{"href":"https:\/\/volcanes.net\/index.php?rest_route=\/wp\/v2\/posts"}],"about":[{"href":"https:\/\/volcanes.net\/index.php?rest_route=\/wp\/v2\/types\/post"}],"author":[{"embeddable":true,"href":"https:\/\/volcanes.net\/index.php?rest_route=\/wp\/v2\/users\/1"}],"replies":[{"embeddable":true,"href":"https:\/\/volcanes.net\/index.php?rest_route=%2Fwp%2Fv2%2Fcomments&post=5059"}],"version-history":[{"count":2,"href":"https:\/\/volcanes.net\/index.php?rest_route=\/wp\/v2\/posts\/5059\/revisions"}],"predecessor-version":[{"id":5063,"href":"https:\/\/volcanes.net\/index.php?rest_route=\/wp\/v2\/posts\/5059\/revisions\/5063"}],"wp:featuredmedia":[{"embeddable":true,"href":"https:\/\/volcanes.net\/index.php?rest_route=\/wp\/v2\/media\/5062"}],"wp:attachment":[{"href":"https:\/\/volcanes.net\/index.php?rest_route=%2Fwp%2Fv2%2Fmedia&parent=5059"}],"wp:term":[{"taxonomy":"category","embeddable":true,"href":"https:\/\/volcanes.net\/index.php?rest_route=%2Fwp%2Fv2%2Fcategories&post=5059"},{"taxonomy":"post_tag","embeddable":true,"href":"https:\/\/volcanes.net\/index.php?rest_route=%2Fwp%2Fv2%2Ftags&post=5059"}],"curies":[{"name":"wp","href":"https:\/\/api.w.org\/{rel}","templated":true}]}}