{"id":5075,"date":"2019-07-19T17:05:56","date_gmt":"2019-07-19T23:05:56","guid":{"rendered":"http:\/\/volcanes.net\/?p=5075"},"modified":"2019-07-19T17:05:56","modified_gmt":"2019-07-19T23:05:56","slug":"japem-impulsa-la-cultura-de-asistencia-social-entre-los-mexiquenses","status":"publish","type":"post","link":"https:\/\/volcanes.net\/?p=5075","title":{"rendered":"#JAPEM impulsa la cultura de asistencia social entre los mexiquenses?"},"content":{"rendered":"<div style=\"margin-top: 0px; margin-bottom: 0px;\" class=\"sharethis-inline-share-buttons\" ><\/div><p>Ante un grupo de ciudadanos, quienes recibieron asesor\u00eda e informaci\u00f3n para constituir una Instituci\u00f3n de Asistencia Privada (IAP), el Secretario Ejecutivo de la Junta de Asistencia Privada del Estado de M\u00e9xico (JAPEM), Alfonso Naveda Faure, destac\u00f3 que la administraci\u00f3n estatal, encabezada por el Gobernador Alfredo Del Mazo, concibe a las organizaciones sociales como aliados estrat\u00e9gicos en la procuraci\u00f3n del bienestar y el desarrollo social, a favor de las personas con mayores necesidades.<\/p>\n<p>Indic\u00f3 que el creciente inter\u00e9s de los ciudadanos por realizar acciones altruistas de manera legal y organizada \u201ces muestra de la conciencia social y el ambiente de corresponsabilidad entre sociedad y gobierno, que promulga la Secretar\u00eda de Desarrollo Social, a trav\u00e9s de la visi\u00f3n social de Eric Sevilla Montes de Oca, titular de la misma, por ello, la JAPEM, atiende de manera constante a ciudadanos que tienen la intenci\u00f3n de crear una Fundaci\u00f3n o Asociaci\u00f3n que contribuya a disminuir las diversas problem\u00e1ticas sociales\u201d.<\/p>\n<p>Detall\u00f3 que las solicitudes que la JAPEM recibe por parte de los ciudadanos para crear nuevas IAP, son relacionadas a temas de atenci\u00f3n a comunidades en situaci\u00f3n de riesgo, apoyo a la mujer, impulso a j\u00f3venes en el desarrollo de proyectos comunitarios, ayuda a personas con discapacidad o apoyo m\u00e9dico, as\u00ed como, rescate, adopci\u00f3n y esterilizaci\u00f3n de perros y gatos.<\/p>\n<p>Para responder a estas motivaciones altruistas, la JAPEM orienta a quienes desean crear alguna IAP de manera profesional acerca de los aspectos legales, fiscales y de asistencia social; una vez que se constituyen, la Junta les brinda el apoyo necesario para potencializar todos sus recursos, con el objetivo de que obtengan un mayor impacto que se traduzca en beneficios para quienes m\u00e1s lo necesitan.<\/p>\n<p>De igual forma, Naveda Faure se\u00f1al\u00f3 que en la entidad se procura la vinculaci\u00f3n de las IAP con organismos p\u00fablicos y privados, para recibir un mayor n\u00famero de capacitaciones, asesor\u00edas, voluntariado y apoyos para impulsar su labor asistencial.<\/p>\n<p>Cabe destacar que durante el mes de junio se sumaron dos nuevas instituciones: Capacitaci\u00f3n y Desarrollo para la Persona con Discapacidad Visual, IAP. que realiza su labor social en Tlalnepantla, y la Fundaci\u00f3n Fortana, Grupo de Apoyo Oncol\u00f3gico Integral, IAP., ubicada en Toluca, cuyo objetivo es beneficiar con complementos alimentarios a pacientes oncol\u00f3gicos.<\/p>\n","protected":false},"excerpt":{"rendered":"<p>Ante un grupo de ciudadanos, quienes recibieron asesor\u00eda e informaci\u00f3n para constituir una Instituci\u00f3n de<\/p>\n","protected":false},"author":1,"featured_media":5076,"comment_status":"open","ping_status":"open","sticky":false,"template":"","format":"standard","meta":{"footnotes":""},"categories":[1],"tags":[4],"class_list":["post-5075","post","type-post","status-publish","format-standard","has-post-thumbnail","hentry","category-municipales","tag-gobierno-del-estado-de-mexico"],"yoast_head":"<!-- This site is optimized with the Yoast SEO plugin v25.3 - https:\/\/yoast.com\/wordpress\/plugins\/seo\/ -->\n<title>#JAPEM impulsa la cultura de asistencia social entre los mexiquenses? - Volcanes<\/title>\n<meta name=\"robots\" content=\"index, follow, max-snippet:-1, max-image-preview:large, max-video-preview:-1\" \/>\n<link rel=\"canonical\" href=\"https:\/\/volcanes.net\/?p=5075\" \/>\n<meta property=\"og:locale\" content=\"es_MX\" \/>\n<meta property=\"og:type\" content=\"article\" \/>\n<meta property=\"og:title\" content=\"#JAPEM impulsa la cultura de asistencia social entre los mexiquenses? - Volcanes\" \/>\n<meta property=\"og:description\" content=\"Ante un grupo de ciudadanos, quienes recibieron asesor\u00eda e informaci\u00f3n para constituir una Instituci\u00f3n de\" \/>\n<meta property=\"og:url\" content=\"https:\/\/volcanes.net\/?p=5075\" \/>\n<meta property=\"og:site_name\" content=\"Volcanes\" \/>\n<meta property=\"article:publisher\" content=\"https:\/\/www.facebook.com\/volcanes.net\/\" \/>\n<meta property=\"article:published_time\" content=\"2019-07-19T23:05:56+00:00\" \/>\n<meta property=\"og:image\" content=\"https:\/\/volcanes.net\/wp-content\/uploads\/2019\/07\/as.jpg\" \/>\n\t<meta property=\"og:image:width\" content=\"600\" \/>\n\t<meta property=\"og:image:height\" content=\"399\" \/>\n\t<meta property=\"og:image:type\" content=\"image\/jpeg\" \/>\n<meta name=\"author\" content=\"admin\" \/>\n<meta name=\"twitter:card\" content=\"summary_large_image\" \/>\n<meta name=\"twitter:label1\" content=\"Escrito por\" \/>\n\t<meta name=\"twitter:data1\" content=\"admin\" \/>\n\t<meta name=\"twitter:label2\" content=\"Tiempo de lectura\" \/>\n\t<meta name=\"twitter:data2\" content=\"2 minutos\" \/>\n<script type=\"application\/ld+json\" class=\"yoast-schema-graph\">{\"@context\":\"https:\/\/schema.org\",\"@graph\":[{\"@type\":\"Article\",\"@id\":\"https:\/\/volcanes.net\/?p=5075#article\",\"isPartOf\":{\"@id\":\"https:\/\/volcanes.net\/?p=5075\"},\"author\":{\"name\":\"admin\",\"@id\":\"https:\/\/volcanes.net\/#\/schema\/person\/4bf0f383940966a4abd53f5048c0e6b9\"},\"headline\":\"#JAPEM impulsa la cultura de asistencia social entre los mexiquenses?\",\"datePublished\":\"2019-07-19T23:05:56+00:00\",\"mainEntityOfPage\":{\"@id\":\"https:\/\/volcanes.net\/?p=5075\"},\"wordCount\":411,\"commentCount\":0,\"publisher\":{\"@id\":\"https:\/\/volcanes.net\/#organization\"},\"image\":{\"@id\":\"https:\/\/volcanes.net\/?p=5075#primaryimage\"},\"thumbnailUrl\":\"https:\/\/volcanes.net\/wp-content\/uploads\/2019\/07\/as.jpg\",\"keywords\":[\"Gobierno del Estado de M\u00e9xico\"],\"articleSection\":[\"Municipales\"],\"inLanguage\":\"es\",\"potentialAction\":[{\"@type\":\"CommentAction\",\"name\":\"Comment\",\"target\":[\"https:\/\/volcanes.net\/?p=5075#respond\"]}]},{\"@type\":\"WebPage\",\"@id\":\"https:\/\/volcanes.net\/?p=5075\",\"url\":\"https:\/\/volcanes.net\/?p=5075\",\"name\":\"#JAPEM impulsa la cultura de asistencia social entre los mexiquenses? - Volcanes\",\"isPartOf\":{\"@id\":\"https:\/\/volcanes.net\/#website\"},\"primaryImageOfPage\":{\"@id\":\"https:\/\/volcanes.net\/?p=5075#primaryimage\"},\"image\":{\"@id\":\"https:\/\/volcanes.net\/?p=5075#primaryimage\"},\"thumbnailUrl\":\"https:\/\/volcanes.net\/wp-content\/uploads\/2019\/07\/as.jpg\",\"datePublished\":\"2019-07-19T23:05:56+00:00\",\"breadcrumb\":{\"@id\":\"https:\/\/volcanes.net\/?p=5075#breadcrumb\"},\"inLanguage\":\"es\",\"potentialAction\":[{\"@type\":\"ReadAction\",\"target\":[\"https:\/\/volcanes.net\/?p=5075\"]}]},{\"@type\":\"ImageObject\",\"inLanguage\":\"es\",\"@id\":\"https:\/\/volcanes.net\/?p=5075#primaryimage\",\"url\":\"https:\/\/volcanes.net\/wp-content\/uploads\/2019\/07\/as.jpg\",\"contentUrl\":\"https:\/\/volcanes.net\/wp-content\/uploads\/2019\/07\/as.jpg\",\"width\":600,\"height\":399},{\"@type\":\"BreadcrumbList\",\"@id\":\"https:\/\/volcanes.net\/?p=5075#breadcrumb\",\"itemListElement\":[{\"@type\":\"ListItem\",\"position\":1,\"name\":\"Portada\",\"item\":\"https:\/\/volcanes.net\/\"},{\"@type\":\"ListItem\",\"position\":2,\"name\":\"#JAPEM impulsa la cultura de asistencia social entre los mexiquenses?\"}]},{\"@type\":\"WebSite\",\"@id\":\"https:\/\/volcanes.net\/#website\",\"url\":\"https:\/\/volcanes.net\/\",\"name\":\"Volcanes.Net\",\"description\":\"Periodismo Profesional\",\"publisher\":{\"@id\":\"https:\/\/volcanes.net\/#organization\"},\"potentialAction\":[{\"@type\":\"SearchAction\",\"target\":{\"@type\":\"EntryPoint\",\"urlTemplate\":\"https:\/\/volcanes.net\/?s={search_term_string}\"},\"query-input\":{\"@type\":\"PropertyValueSpecification\",\"valueRequired\":true,\"valueName\":\"search_term_string\"}}],\"inLanguage\":\"es\"},{\"@type\":\"Organization\",\"@id\":\"https:\/\/volcanes.net\/#organization\",\"name\":\"Grupo Volcanes\",\"url\":\"https:\/\/volcanes.net\/\",\"logo\":{\"@type\":\"ImageObject\",\"inLanguage\":\"es\",\"@id\":\"https:\/\/volcanes.net\/#\/schema\/logo\/image\/\",\"url\":\"http:\/\/volcanes.net\/wp-content\/uploads\/2017\/12\/Avatar2.jpg\",\"contentUrl\":\"http:\/\/volcanes.net\/wp-content\/uploads\/2017\/12\/Avatar2.jpg\",\"width\":378,\"height\":378,\"caption\":\"Grupo Volcanes\"},\"image\":{\"@id\":\"https:\/\/volcanes.net\/#\/schema\/logo\/image\/\"},\"sameAs\":[\"https:\/\/www.facebook.com\/volcanes.net\/\"]},{\"@type\":\"Person\",\"@id\":\"https:\/\/volcanes.net\/#\/schema\/person\/4bf0f383940966a4abd53f5048c0e6b9\",\"name\":\"admin\",\"image\":{\"@type\":\"ImageObject\",\"inLanguage\":\"es\",\"@id\":\"https:\/\/volcanes.net\/#\/schema\/person\/image\/\",\"url\":\"https:\/\/secure.gravatar.com\/avatar\/ca004e6cba8462b8cb7abc86e382930c?s=96&d=mm&r=g\",\"contentUrl\":\"https:\/\/secure.gravatar.com\/avatar\/ca004e6cba8462b8cb7abc86e382930c?s=96&d=mm&r=g\",\"caption\":\"admin\"}}]}<\/script>\n<!-- \/ Yoast SEO plugin. -->","yoast_head_json":{"title":"#JAPEM impulsa la cultura de asistencia social entre los mexiquenses? - Volcanes","robots":{"index":"index","follow":"follow","max-snippet":"max-snippet:-1","max-image-preview":"max-image-preview:large","max-video-preview":"max-video-preview:-1"},"canonical":"https:\/\/volcanes.net\/?p=5075","og_locale":"es_MX","og_type":"article","og_title":"#JAPEM impulsa la cultura de asistencia social entre los mexiquenses? - Volcanes","og_description":"Ante un grupo de ciudadanos, quienes recibieron asesor\u00eda e informaci\u00f3n para constituir una Instituci\u00f3n de","og_url":"https:\/\/volcanes.net\/?p=5075","og_site_name":"Volcanes","article_publisher":"https:\/\/www.facebook.com\/volcanes.net\/","article_published_time":"2019-07-19T23:05:56+00:00","og_image":[{"width":600,"height":399,"url":"https:\/\/volcanes.net\/wp-content\/uploads\/2019\/07\/as.jpg","type":"image\/jpeg"}],"author":"admin","twitter_card":"summary_large_image","twitter_misc":{"Escrito por":"admin","Tiempo de lectura":"2 minutos"},"schema":{"@context":"https:\/\/schema.org","@graph":[{"@type":"Article","@id":"https:\/\/volcanes.net\/?p=5075#article","isPartOf":{"@id":"https:\/\/volcanes.net\/?p=5075"},"author":{"name":"admin","@id":"https:\/\/volcanes.net\/#\/schema\/person\/4bf0f383940966a4abd53f5048c0e6b9"},"headline":"#JAPEM impulsa la cultura de asistencia social entre los mexiquenses?","datePublished":"2019-07-19T23:05:56+00:00","mainEntityOfPage":{"@id":"https:\/\/volcanes.net\/?p=5075"},"wordCount":411,"commentCount":0,"publisher":{"@id":"https:\/\/volcanes.net\/#organization"},"image":{"@id":"https:\/\/volcanes.net\/?p=5075#primaryimage"},"thumbnailUrl":"https:\/\/volcanes.net\/wp-content\/uploads\/2019\/07\/as.jpg","keywords":["Gobierno del Estado de M\u00e9xico"],"articleSection":["Municipales"],"inLanguage":"es","potentialAction":[{"@type":"CommentAction","name":"Comment","target":["https:\/\/volcanes.net\/?p=5075#respond"]}]},{"@type":"WebPage","@id":"https:\/\/volcanes.net\/?p=5075","url":"https:\/\/volcanes.net\/?p=5075","name":"#JAPEM impulsa la cultura de asistencia social entre los mexiquenses? - Volcanes","isPartOf":{"@id":"https:\/\/volcanes.net\/#website"},"primaryImageOfPage":{"@id":"https:\/\/volcanes.net\/?p=5075#primaryimage"},"image":{"@id":"https:\/\/volcanes.net\/?p=5075#primaryimage"},"thumbnailUrl":"https:\/\/volcanes.net\/wp-content\/uploads\/2019\/07\/as.jpg","datePublished":"2019-07-19T23:05:56+00:00","breadcrumb":{"@id":"https:\/\/volcanes.net\/?p=5075#breadcrumb"},"inLanguage":"es","potentialAction":[{"@type":"ReadAction","target":["https:\/\/volcanes.net\/?p=5075"]}]},{"@type":"ImageObject","inLanguage":"es","@id":"https:\/\/volcanes.net\/?p=5075#primaryimage","url":"https:\/\/volcanes.net\/wp-content\/uploads\/2019\/07\/as.jpg","contentUrl":"https:\/\/volcanes.net\/wp-content\/uploads\/2019\/07\/as.jpg","width":600,"height":399},{"@type":"BreadcrumbList","@id":"https:\/\/volcanes.net\/?p=5075#breadcrumb","itemListElement":[{"@type":"ListItem","position":1,"name":"Portada","item":"https:\/\/volcanes.net\/"},{"@type":"ListItem","position":2,"name":"#JAPEM impulsa la cultura de asistencia social entre los mexiquenses?"}]},{"@type":"WebSite","@id":"https:\/\/volcanes.net\/#website","url":"https:\/\/volcanes.net\/","name":"Volcanes.Net","description":"Periodismo Profesional","publisher":{"@id":"https:\/\/volcanes.net\/#organization"},"potentialAction":[{"@type":"SearchAction","target":{"@type":"EntryPoint","urlTemplate":"https:\/\/volcanes.net\/?s={search_term_string}"},"query-input":{"@type":"PropertyValueSpecification","valueRequired":true,"valueName":"search_term_string"}}],"inLanguage":"es"},{"@type":"Organization","@id":"https:\/\/volcanes.net\/#organization","name":"Grupo Volcanes","url":"https:\/\/volcanes.net\/","logo":{"@type":"ImageObject","inLanguage":"es","@id":"https:\/\/volcanes.net\/#\/schema\/logo\/image\/","url":"http:\/\/volcanes.net\/wp-content\/uploads\/2017\/12\/Avatar2.jpg","contentUrl":"http:\/\/volcanes.net\/wp-content\/uploads\/2017\/12\/Avatar2.jpg","width":378,"height":378,"caption":"Grupo Volcanes"},"image":{"@id":"https:\/\/volcanes.net\/#\/schema\/logo\/image\/"},"sameAs":["https:\/\/www.facebook.com\/volcanes.net\/"]},{"@type":"Person","@id":"https:\/\/volcanes.net\/#\/schema\/person\/4bf0f383940966a4abd53f5048c0e6b9","name":"admin","image":{"@type":"ImageObject","inLanguage":"es","@id":"https:\/\/volcanes.net\/#\/schema\/person\/image\/","url":"https:\/\/secure.gravatar.com\/avatar\/ca004e6cba8462b8cb7abc86e382930c?s=96&d=mm&r=g","contentUrl":"https:\/\/secure.gravatar.com\/avatar\/ca004e6cba8462b8cb7abc86e382930c?s=96&d=mm&r=g","caption":"admin"}}]}},"_links":{"self":[{"href":"https:\/\/volcanes.net\/index.php?rest_route=\/wp\/v2\/posts\/5075"}],"collection":[{"href":"https:\/\/volcanes.net\/index.php?rest_route=\/wp\/v2\/posts"}],"about":[{"href":"https:\/\/volcanes.net\/index.php?rest_route=\/wp\/v2\/types\/post"}],"author":[{"embeddable":true,"href":"https:\/\/volcanes.net\/index.php?rest_route=\/wp\/v2\/users\/1"}],"replies":[{"embeddable":true,"href":"https:\/\/volcanes.net\/index.php?rest_route=%2Fwp%2Fv2%2Fcomments&post=5075"}],"version-history":[{"count":1,"href":"https:\/\/volcanes.net\/index.php?rest_route=\/wp\/v2\/posts\/5075\/revisions"}],"predecessor-version":[{"id":5077,"href":"https:\/\/volcanes.net\/index.php?rest_route=\/wp\/v2\/posts\/5075\/revisions\/5077"}],"wp:featuredmedia":[{"embeddable":true,"href":"https:\/\/volcanes.net\/index.php?rest_route=\/wp\/v2\/media\/5076"}],"wp:attachment":[{"href":"https:\/\/volcanes.net\/index.php?rest_route=%2Fwp%2Fv2%2Fmedia&parent=5075"}],"wp:term":[{"taxonomy":"category","embeddable":true,"href":"https:\/\/volcanes.net\/index.php?rest_route=%2Fwp%2Fv2%2Fcategories&post=5075"},{"taxonomy":"post_tag","embeddable":true,"href":"https:\/\/volcanes.net\/index.php?rest_route=%2Fwp%2Fv2%2Ftags&post=5075"}],"curies":[{"name":"wp","href":"https:\/\/api.w.org\/{rel}","templated":true}]}}