{"id":5098,"date":"2019-07-20T23:31:37","date_gmt":"2019-07-21T05:31:37","guid":{"rendered":"https:\/\/volcanes.net\/?p=5098"},"modified":"2019-07-20T23:42:54","modified_gmt":"2019-07-21T05:42:54","slug":"3-muertos-y-15-lesionados-al-volcar-unidad-de-transporte-publico-luego-de-ser-asaltada","status":"publish","type":"post","link":"https:\/\/volcanes.net\/?p=5098","title":{"rendered":"4 muertos y 14 lesionados, al volcar unidad de transporte p\u00fablico, luego de ser asaltada"},"content":{"rendered":"<div style=\"margin-top: 0px; margin-bottom: 0px;\" class=\"sharethis-inline-share-buttons\" ><\/div><p>Jos\u00e9 Cruz Garc\u00eda O.<\/p>\n<p>4 muertos y 14 lesionados fue el saldo del choque y volcadura de una unidad de transporte p\u00fablico contra un muro de contenci\u00f3n, luego de que estaba siendo asaltada, en la autopista M\u00e9xico-Puebla, en los l\u00edmites del municipio de La Paz y la alcald\u00eda Iztapalapa, a la altura del puente de la Concordia.<\/p>\n<p>Seg\u00fan testigos, el accidente se registr\u00f3, cuando tres sujetos estaban robando a los pasajeros que viajaban a bordo de la unidad , en un momento las cosas salieron de control y los delincuentes le dispararon al ch\u00f3fer, por lo que perdi\u00f3 el control de la unidad A09269F, estrell\u00e1ndose contra el muro que divide los carriles laterales, de los centrales, de la autopista M\u00e9xico-Puebla, en direcci\u00f3n a la CDMX, volcando y dejando esparcidos varios cuerpos.<\/p>\n<p>Al lugar arribaron unidades de los cuerpos de emergencia de Caminos y Puentes Federales, Rescate Municipal de Nezahualc\u00f3yotl, unidades de emergencia de La Paz, as\u00ed como ambulancias particulares , quienes reportaron el fallecimiento de 4 personas y 14 m\u00e1s que resultaron lesionadas, algunas de ellas de gravedad.<\/p>\n<p>Entre los lesionados, al parecer se encontraba 2 de los presuntos asaltantes, qui\u00e9nes quedaron en calidad de detenidos, as\u00ed como un menor de edad, que fue trasladado muy grave, con traumatismo cr\u00e1neo encef\u00e1lico severo a Hospital General de Zona 53, en el municipio de La Paz.<\/p>\n<p>Cabe se\u00f1alar que ninguna unidad de emergencia de la alcald\u00eda de Iztapalapa arribo para atender el accidente, a pesar de haberse registrado en su territorio.<\/p>\n","protected":false},"excerpt":{"rendered":"<p>Jos\u00e9 Cruz Garc\u00eda O. 4 muertos y 14 lesionados fue el saldo del choque y<\/p>\n","protected":false},"author":1,"featured_media":5097,"comment_status":"open","ping_status":"open","sticky":false,"template":"","format":"standard","meta":{"footnotes":""},"categories":[3],"tags":[],"class_list":["post-5098","post","type-post","status-publish","format-standard","has-post-thumbnail","hentry","category-estatales"],"yoast_head":"<!-- This site is optimized with the Yoast SEO plugin v25.3 - https:\/\/yoast.com\/wordpress\/plugins\/seo\/ -->\n<title>4 muertos y 14 lesionados, al volcar unidad de transporte p\u00fablico, luego de ser asaltada - Volcanes<\/title>\n<meta name=\"robots\" content=\"index, follow, max-snippet:-1, max-image-preview:large, max-video-preview:-1\" \/>\n<link rel=\"canonical\" href=\"https:\/\/volcanes.net\/?p=5098\" \/>\n<meta property=\"og:locale\" content=\"es_MX\" \/>\n<meta property=\"og:type\" content=\"article\" \/>\n<meta property=\"og:title\" content=\"4 muertos y 14 lesionados, al volcar unidad de transporte p\u00fablico, luego de ser asaltada - Volcanes\" \/>\n<meta property=\"og:description\" content=\"Jos\u00e9 Cruz Garc\u00eda O. 4 muertos y 14 lesionados fue el saldo del choque y\" \/>\n<meta property=\"og:url\" content=\"https:\/\/volcanes.net\/?p=5098\" \/>\n<meta property=\"og:site_name\" content=\"Volcanes\" \/>\n<meta property=\"article:publisher\" content=\"https:\/\/www.facebook.com\/volcanes.net\/\" \/>\n<meta property=\"article:published_time\" content=\"2019-07-21T05:31:37+00:00\" \/>\n<meta property=\"article:modified_time\" content=\"2019-07-21T05:42:54+00:00\" \/>\n<meta property=\"og:image\" content=\"https:\/\/volcanes.net\/wp-content\/uploads\/2019\/07\/IMG-20190721-WA0001-512x384.jpg\" \/>\n\t<meta property=\"og:image:width\" content=\"512\" \/>\n\t<meta property=\"og:image:height\" content=\"384\" \/>\n\t<meta property=\"og:image:type\" content=\"image\/jpeg\" \/>\n<meta name=\"author\" content=\"admin\" \/>\n<meta name=\"twitter:card\" content=\"summary_large_image\" \/>\n<meta name=\"twitter:label1\" content=\"Escrito por\" \/>\n\t<meta name=\"twitter:data1\" content=\"admin\" \/>\n\t<meta name=\"twitter:label2\" content=\"Tiempo de lectura\" \/>\n\t<meta name=\"twitter:data2\" content=\"1 minuto\" \/>\n<script type=\"application\/ld+json\" class=\"yoast-schema-graph\">{\"@context\":\"https:\/\/schema.org\",\"@graph\":[{\"@type\":\"Article\",\"@id\":\"https:\/\/volcanes.net\/?p=5098#article\",\"isPartOf\":{\"@id\":\"https:\/\/volcanes.net\/?p=5098\"},\"author\":{\"name\":\"admin\",\"@id\":\"https:\/\/volcanes.net\/#\/schema\/person\/4bf0f383940966a4abd53f5048c0e6b9\"},\"headline\":\"4 muertos y 14 lesionados, al volcar unidad de transporte p\u00fablico, luego de ser asaltada\",\"datePublished\":\"2019-07-21T05:31:37+00:00\",\"dateModified\":\"2019-07-21T05:42:54+00:00\",\"mainEntityOfPage\":{\"@id\":\"https:\/\/volcanes.net\/?p=5098\"},\"wordCount\":274,\"commentCount\":0,\"publisher\":{\"@id\":\"https:\/\/volcanes.net\/#organization\"},\"image\":{\"@id\":\"https:\/\/volcanes.net\/?p=5098#primaryimage\"},\"thumbnailUrl\":\"https:\/\/volcanes.net\/wp-content\/uploads\/2019\/07\/IMG-20190721-WA0001-512x384.jpg\",\"articleSection\":[\"Estatales\"],\"inLanguage\":\"es\",\"potentialAction\":[{\"@type\":\"CommentAction\",\"name\":\"Comment\",\"target\":[\"https:\/\/volcanes.net\/?p=5098#respond\"]}]},{\"@type\":\"WebPage\",\"@id\":\"https:\/\/volcanes.net\/?p=5098\",\"url\":\"https:\/\/volcanes.net\/?p=5098\",\"name\":\"4 muertos y 14 lesionados, al volcar unidad de transporte p\u00fablico, luego de ser asaltada - Volcanes\",\"isPartOf\":{\"@id\":\"https:\/\/volcanes.net\/#website\"},\"primaryImageOfPage\":{\"@id\":\"https:\/\/volcanes.net\/?p=5098#primaryimage\"},\"image\":{\"@id\":\"https:\/\/volcanes.net\/?p=5098#primaryimage\"},\"thumbnailUrl\":\"https:\/\/volcanes.net\/wp-content\/uploads\/2019\/07\/IMG-20190721-WA0001-512x384.jpg\",\"datePublished\":\"2019-07-21T05:31:37+00:00\",\"dateModified\":\"2019-07-21T05:42:54+00:00\",\"breadcrumb\":{\"@id\":\"https:\/\/volcanes.net\/?p=5098#breadcrumb\"},\"inLanguage\":\"es\",\"potentialAction\":[{\"@type\":\"ReadAction\",\"target\":[\"https:\/\/volcanes.net\/?p=5098\"]}]},{\"@type\":\"ImageObject\",\"inLanguage\":\"es\",\"@id\":\"https:\/\/volcanes.net\/?p=5098#primaryimage\",\"url\":\"https:\/\/volcanes.net\/wp-content\/uploads\/2019\/07\/IMG-20190721-WA0001-512x384.jpg\",\"contentUrl\":\"https:\/\/volcanes.net\/wp-content\/uploads\/2019\/07\/IMG-20190721-WA0001-512x384.jpg\",\"width\":512,\"height\":384},{\"@type\":\"BreadcrumbList\",\"@id\":\"https:\/\/volcanes.net\/?p=5098#breadcrumb\",\"itemListElement\":[{\"@type\":\"ListItem\",\"position\":1,\"name\":\"Portada\",\"item\":\"https:\/\/volcanes.net\/\"},{\"@type\":\"ListItem\",\"position\":2,\"name\":\"4 muertos y 14 lesionados, al volcar unidad de transporte p\u00fablico, luego de ser asaltada\"}]},{\"@type\":\"WebSite\",\"@id\":\"https:\/\/volcanes.net\/#website\",\"url\":\"https:\/\/volcanes.net\/\",\"name\":\"Volcanes.Net\",\"description\":\"Periodismo Profesional\",\"publisher\":{\"@id\":\"https:\/\/volcanes.net\/#organization\"},\"potentialAction\":[{\"@type\":\"SearchAction\",\"target\":{\"@type\":\"EntryPoint\",\"urlTemplate\":\"https:\/\/volcanes.net\/?s={search_term_string}\"},\"query-input\":{\"@type\":\"PropertyValueSpecification\",\"valueRequired\":true,\"valueName\":\"search_term_string\"}}],\"inLanguage\":\"es\"},{\"@type\":\"Organization\",\"@id\":\"https:\/\/volcanes.net\/#organization\",\"name\":\"Grupo Volcanes\",\"url\":\"https:\/\/volcanes.net\/\",\"logo\":{\"@type\":\"ImageObject\",\"inLanguage\":\"es\",\"@id\":\"https:\/\/volcanes.net\/#\/schema\/logo\/image\/\",\"url\":\"http:\/\/volcanes.net\/wp-content\/uploads\/2017\/12\/Avatar2.jpg\",\"contentUrl\":\"http:\/\/volcanes.net\/wp-content\/uploads\/2017\/12\/Avatar2.jpg\",\"width\":378,\"height\":378,\"caption\":\"Grupo Volcanes\"},\"image\":{\"@id\":\"https:\/\/volcanes.net\/#\/schema\/logo\/image\/\"},\"sameAs\":[\"https:\/\/www.facebook.com\/volcanes.net\/\"]},{\"@type\":\"Person\",\"@id\":\"https:\/\/volcanes.net\/#\/schema\/person\/4bf0f383940966a4abd53f5048c0e6b9\",\"name\":\"admin\",\"image\":{\"@type\":\"ImageObject\",\"inLanguage\":\"es\",\"@id\":\"https:\/\/volcanes.net\/#\/schema\/person\/image\/\",\"url\":\"https:\/\/secure.gravatar.com\/avatar\/ca004e6cba8462b8cb7abc86e382930c?s=96&d=mm&r=g\",\"contentUrl\":\"https:\/\/secure.gravatar.com\/avatar\/ca004e6cba8462b8cb7abc86e382930c?s=96&d=mm&r=g\",\"caption\":\"admin\"}}]}<\/script>\n<!-- \/ Yoast SEO plugin. -->","yoast_head_json":{"title":"4 muertos y 14 lesionados, al volcar unidad de transporte p\u00fablico, luego de ser asaltada - Volcanes","robots":{"index":"index","follow":"follow","max-snippet":"max-snippet:-1","max-image-preview":"max-image-preview:large","max-video-preview":"max-video-preview:-1"},"canonical":"https:\/\/volcanes.net\/?p=5098","og_locale":"es_MX","og_type":"article","og_title":"4 muertos y 14 lesionados, al volcar unidad de transporte p\u00fablico, luego de ser asaltada - Volcanes","og_description":"Jos\u00e9 Cruz Garc\u00eda O. 4 muertos y 14 lesionados fue el saldo del choque y","og_url":"https:\/\/volcanes.net\/?p=5098","og_site_name":"Volcanes","article_publisher":"https:\/\/www.facebook.com\/volcanes.net\/","article_published_time":"2019-07-21T05:31:37+00:00","article_modified_time":"2019-07-21T05:42:54+00:00","og_image":[{"width":512,"height":384,"url":"https:\/\/volcanes.net\/wp-content\/uploads\/2019\/07\/IMG-20190721-WA0001-512x384.jpg","type":"image\/jpeg"}],"author":"admin","twitter_card":"summary_large_image","twitter_misc":{"Escrito por":"admin","Tiempo de lectura":"1 minuto"},"schema":{"@context":"https:\/\/schema.org","@graph":[{"@type":"Article","@id":"https:\/\/volcanes.net\/?p=5098#article","isPartOf":{"@id":"https:\/\/volcanes.net\/?p=5098"},"author":{"name":"admin","@id":"https:\/\/volcanes.net\/#\/schema\/person\/4bf0f383940966a4abd53f5048c0e6b9"},"headline":"4 muertos y 14 lesionados, al volcar unidad de transporte p\u00fablico, luego de ser asaltada","datePublished":"2019-07-21T05:31:37+00:00","dateModified":"2019-07-21T05:42:54+00:00","mainEntityOfPage":{"@id":"https:\/\/volcanes.net\/?p=5098"},"wordCount":274,"commentCount":0,"publisher":{"@id":"https:\/\/volcanes.net\/#organization"},"image":{"@id":"https:\/\/volcanes.net\/?p=5098#primaryimage"},"thumbnailUrl":"https:\/\/volcanes.net\/wp-content\/uploads\/2019\/07\/IMG-20190721-WA0001-512x384.jpg","articleSection":["Estatales"],"inLanguage":"es","potentialAction":[{"@type":"CommentAction","name":"Comment","target":["https:\/\/volcanes.net\/?p=5098#respond"]}]},{"@type":"WebPage","@id":"https:\/\/volcanes.net\/?p=5098","url":"https:\/\/volcanes.net\/?p=5098","name":"4 muertos y 14 lesionados, al volcar unidad de transporte p\u00fablico, luego de ser asaltada - Volcanes","isPartOf":{"@id":"https:\/\/volcanes.net\/#website"},"primaryImageOfPage":{"@id":"https:\/\/volcanes.net\/?p=5098#primaryimage"},"image":{"@id":"https:\/\/volcanes.net\/?p=5098#primaryimage"},"thumbnailUrl":"https:\/\/volcanes.net\/wp-content\/uploads\/2019\/07\/IMG-20190721-WA0001-512x384.jpg","datePublished":"2019-07-21T05:31:37+00:00","dateModified":"2019-07-21T05:42:54+00:00","breadcrumb":{"@id":"https:\/\/volcanes.net\/?p=5098#breadcrumb"},"inLanguage":"es","potentialAction":[{"@type":"ReadAction","target":["https:\/\/volcanes.net\/?p=5098"]}]},{"@type":"ImageObject","inLanguage":"es","@id":"https:\/\/volcanes.net\/?p=5098#primaryimage","url":"https:\/\/volcanes.net\/wp-content\/uploads\/2019\/07\/IMG-20190721-WA0001-512x384.jpg","contentUrl":"https:\/\/volcanes.net\/wp-content\/uploads\/2019\/07\/IMG-20190721-WA0001-512x384.jpg","width":512,"height":384},{"@type":"BreadcrumbList","@id":"https:\/\/volcanes.net\/?p=5098#breadcrumb","itemListElement":[{"@type":"ListItem","position":1,"name":"Portada","item":"https:\/\/volcanes.net\/"},{"@type":"ListItem","position":2,"name":"4 muertos y 14 lesionados, al volcar unidad de transporte p\u00fablico, luego de ser asaltada"}]},{"@type":"WebSite","@id":"https:\/\/volcanes.net\/#website","url":"https:\/\/volcanes.net\/","name":"Volcanes.Net","description":"Periodismo Profesional","publisher":{"@id":"https:\/\/volcanes.net\/#organization"},"potentialAction":[{"@type":"SearchAction","target":{"@type":"EntryPoint","urlTemplate":"https:\/\/volcanes.net\/?s={search_term_string}"},"query-input":{"@type":"PropertyValueSpecification","valueRequired":true,"valueName":"search_term_string"}}],"inLanguage":"es"},{"@type":"Organization","@id":"https:\/\/volcanes.net\/#organization","name":"Grupo Volcanes","url":"https:\/\/volcanes.net\/","logo":{"@type":"ImageObject","inLanguage":"es","@id":"https:\/\/volcanes.net\/#\/schema\/logo\/image\/","url":"http:\/\/volcanes.net\/wp-content\/uploads\/2017\/12\/Avatar2.jpg","contentUrl":"http:\/\/volcanes.net\/wp-content\/uploads\/2017\/12\/Avatar2.jpg","width":378,"height":378,"caption":"Grupo Volcanes"},"image":{"@id":"https:\/\/volcanes.net\/#\/schema\/logo\/image\/"},"sameAs":["https:\/\/www.facebook.com\/volcanes.net\/"]},{"@type":"Person","@id":"https:\/\/volcanes.net\/#\/schema\/person\/4bf0f383940966a4abd53f5048c0e6b9","name":"admin","image":{"@type":"ImageObject","inLanguage":"es","@id":"https:\/\/volcanes.net\/#\/schema\/person\/image\/","url":"https:\/\/secure.gravatar.com\/avatar\/ca004e6cba8462b8cb7abc86e382930c?s=96&d=mm&r=g","contentUrl":"https:\/\/secure.gravatar.com\/avatar\/ca004e6cba8462b8cb7abc86e382930c?s=96&d=mm&r=g","caption":"admin"}}]}},"_links":{"self":[{"href":"https:\/\/volcanes.net\/index.php?rest_route=\/wp\/v2\/posts\/5098"}],"collection":[{"href":"https:\/\/volcanes.net\/index.php?rest_route=\/wp\/v2\/posts"}],"about":[{"href":"https:\/\/volcanes.net\/index.php?rest_route=\/wp\/v2\/types\/post"}],"author":[{"embeddable":true,"href":"https:\/\/volcanes.net\/index.php?rest_route=\/wp\/v2\/users\/1"}],"replies":[{"embeddable":true,"href":"https:\/\/volcanes.net\/index.php?rest_route=%2Fwp%2Fv2%2Fcomments&post=5098"}],"version-history":[{"count":2,"href":"https:\/\/volcanes.net\/index.php?rest_route=\/wp\/v2\/posts\/5098\/revisions"}],"predecessor-version":[{"id":5100,"href":"https:\/\/volcanes.net\/index.php?rest_route=\/wp\/v2\/posts\/5098\/revisions\/5100"}],"wp:featuredmedia":[{"embeddable":true,"href":"https:\/\/volcanes.net\/index.php?rest_route=\/wp\/v2\/media\/5097"}],"wp:attachment":[{"href":"https:\/\/volcanes.net\/index.php?rest_route=%2Fwp%2Fv2%2Fmedia&parent=5098"}],"wp:term":[{"taxonomy":"category","embeddable":true,"href":"https:\/\/volcanes.net\/index.php?rest_route=%2Fwp%2Fv2%2Fcategories&post=5098"},{"taxonomy":"post_tag","embeddable":true,"href":"https:\/\/volcanes.net\/index.php?rest_route=%2Fwp%2Fv2%2Ftags&post=5098"}],"curies":[{"name":"wp","href":"https:\/\/api.w.org\/{rel}","templated":true}]}}