{"id":5130,"date":"2019-07-22T20:21:50","date_gmt":"2019-07-23T02:21:50","guid":{"rendered":"http:\/\/volcanes.net\/?p=5130"},"modified":"2019-07-22T20:21:50","modified_gmt":"2019-07-23T02:21:50","slug":"nino-de-4-anos-pierde-la-vida-luego-de-que-una-camioneta-embistiera-a-bicitaxi-en-amecameca","status":"publish","type":"post","link":"https:\/\/volcanes.net\/?p=5130","title":{"rendered":"Ni\u00f1o de 4 a\u00f1os pierde la vida luego de que una camioneta embistiera a bicitaxi en Amecameca"},"content":{"rendered":"<div style=\"margin-top: 0px; margin-bottom: 0px;\" class=\"sharethis-inline-share-buttons\" ><\/div><p>Amecameca, M\u00e9x, 22 de julio de 2019.- Un ni\u00f1o de 4 a\u00f1os de edad pierde la vida esta tarde, cuando una camioneta embiste a un bicitaxi donde viajaba acompa\u00f1ado por su abuelita, que transitaba por Amecameca; sin embargo, el conductor emprendi\u00f3 la fuga, por lo que la Direcci\u00f3n de Seguridad P\u00fablica a trav\u00e9s del Centro de Mando (C2) busc\u00f3 a trav\u00e9s de las c\u00e1maras al responsable y localiza la camioneta ingresando a un domicilio, pero el sujeto se di\u00f3 a la fuga en otra camioneta. Tras el accidente, registrado entre las calles Xicot\u00e9ncatl y Progreso del municipio de Amecameca, se le da aviso a la polic\u00eda que trav\u00e9s de las c\u00e1maras del C2 y con un operativo encabezado por el Grupo Acero, integrado por uniformados en cuatrimotos y motos, sigue la b\u00fasqueda del presunto responsable del accidente.<\/p>\n<p>Los uniformados se percatan que el hombre ingresa a un domicilio ubicado en la calle Morelos, donde sale por la parte de atr\u00e1s y sube a otra camioneta tipo Voyager color uva, que presuntamente lo estaba esperando y escapa, por lo que la polic\u00eda sigue el operativo de b\u00fasqueda.<\/p>\n<p>Versiones extraoficiales indican que el hombre habr\u00eda viajado hac\u00eda la carretera 115, por lo que se presume que el Gobierno Municipal solicit\u00f3 el apoyo de otros municipios, para capturar al supuesto homicida. Por el accidente, los vecinos dieron aviso a trav\u00e9s de redes sociales y un grupo de personas que tambi\u00e9n se percata donde ingresa la camioneta acudieron al domicilio, para intentar capturar al responsable de la muerte del menor.<\/p>\n<p>Trascendi\u00f3 que la abuelita del menor fue trasladada a un hospital por presentar crisis nerviosa<\/p>\n","protected":false},"excerpt":{"rendered":"<p>Amecameca, M\u00e9x, 22 de julio de 2019.- Un ni\u00f1o de 4 a\u00f1os de edad pierde<\/p>\n","protected":false},"author":1,"featured_media":5131,"comment_status":"open","ping_status":"open","sticky":false,"template":"","format":"standard","meta":{"footnotes":""},"categories":[1],"tags":[7],"class_list":["post-5130","post","type-post","status-publish","format-standard","has-post-thumbnail","hentry","category-municipales","tag-amecameca"],"yoast_head":"<!-- This site is optimized with the Yoast SEO plugin v25.3 - https:\/\/yoast.com\/wordpress\/plugins\/seo\/ -->\n<title>Ni\u00f1o de 4 a\u00f1os pierde la vida luego de que una camioneta embistiera a bicitaxi en Amecameca - Volcanes<\/title>\n<meta name=\"robots\" content=\"index, follow, max-snippet:-1, max-image-preview:large, max-video-preview:-1\" \/>\n<link rel=\"canonical\" href=\"https:\/\/volcanes.net\/?p=5130\" \/>\n<meta property=\"og:locale\" content=\"es_MX\" \/>\n<meta property=\"og:type\" content=\"article\" \/>\n<meta property=\"og:title\" content=\"Ni\u00f1o de 4 a\u00f1os pierde la vida luego de que una camioneta embistiera a bicitaxi en Amecameca - Volcanes\" \/>\n<meta property=\"og:description\" content=\"Amecameca, M\u00e9x, 22 de julio de 2019.- Un ni\u00f1o de 4 a\u00f1os de edad pierde\" \/>\n<meta property=\"og:url\" content=\"https:\/\/volcanes.net\/?p=5130\" \/>\n<meta property=\"og:site_name\" content=\"Volcanes\" \/>\n<meta property=\"article:publisher\" content=\"https:\/\/www.facebook.com\/volcanes.net\/\" \/>\n<meta property=\"article:published_time\" content=\"2019-07-23T02:21:50+00:00\" \/>\n<meta property=\"og:image\" content=\"https:\/\/volcanes.net\/wp-content\/uploads\/2019\/07\/ameca.jpg\" \/>\n\t<meta property=\"og:image:width\" content=\"600\" \/>\n\t<meta property=\"og:image:height\" content=\"339\" \/>\n\t<meta property=\"og:image:type\" content=\"image\/jpeg\" \/>\n<meta name=\"author\" content=\"admin\" \/>\n<meta name=\"twitter:card\" content=\"summary_large_image\" \/>\n<meta name=\"twitter:label1\" content=\"Escrito por\" \/>\n\t<meta name=\"twitter:data1\" content=\"admin\" \/>\n\t<meta name=\"twitter:label2\" content=\"Tiempo de lectura\" \/>\n\t<meta name=\"twitter:data2\" content=\"1 minuto\" \/>\n<script type=\"application\/ld+json\" class=\"yoast-schema-graph\">{\"@context\":\"https:\/\/schema.org\",\"@graph\":[{\"@type\":\"Article\",\"@id\":\"https:\/\/volcanes.net\/?p=5130#article\",\"isPartOf\":{\"@id\":\"https:\/\/volcanes.net\/?p=5130\"},\"author\":{\"name\":\"admin\",\"@id\":\"https:\/\/volcanes.net\/#\/schema\/person\/4bf0f383940966a4abd53f5048c0e6b9\"},\"headline\":\"Ni\u00f1o de 4 a\u00f1os pierde la vida luego de que una camioneta embistiera a bicitaxi en Amecameca\",\"datePublished\":\"2019-07-23T02:21:50+00:00\",\"mainEntityOfPage\":{\"@id\":\"https:\/\/volcanes.net\/?p=5130\"},\"wordCount\":307,\"commentCount\":0,\"publisher\":{\"@id\":\"https:\/\/volcanes.net\/#organization\"},\"image\":{\"@id\":\"https:\/\/volcanes.net\/?p=5130#primaryimage\"},\"thumbnailUrl\":\"https:\/\/volcanes.net\/wp-content\/uploads\/2019\/07\/ameca.jpg\",\"keywords\":[\"Amecameca\"],\"articleSection\":[\"Municipales\"],\"inLanguage\":\"es\",\"potentialAction\":[{\"@type\":\"CommentAction\",\"name\":\"Comment\",\"target\":[\"https:\/\/volcanes.net\/?p=5130#respond\"]}]},{\"@type\":\"WebPage\",\"@id\":\"https:\/\/volcanes.net\/?p=5130\",\"url\":\"https:\/\/volcanes.net\/?p=5130\",\"name\":\"Ni\u00f1o de 4 a\u00f1os pierde la vida luego de que una camioneta embistiera a bicitaxi en Amecameca - Volcanes\",\"isPartOf\":{\"@id\":\"https:\/\/volcanes.net\/#website\"},\"primaryImageOfPage\":{\"@id\":\"https:\/\/volcanes.net\/?p=5130#primaryimage\"},\"image\":{\"@id\":\"https:\/\/volcanes.net\/?p=5130#primaryimage\"},\"thumbnailUrl\":\"https:\/\/volcanes.net\/wp-content\/uploads\/2019\/07\/ameca.jpg\",\"datePublished\":\"2019-07-23T02:21:50+00:00\",\"breadcrumb\":{\"@id\":\"https:\/\/volcanes.net\/?p=5130#breadcrumb\"},\"inLanguage\":\"es\",\"potentialAction\":[{\"@type\":\"ReadAction\",\"target\":[\"https:\/\/volcanes.net\/?p=5130\"]}]},{\"@type\":\"ImageObject\",\"inLanguage\":\"es\",\"@id\":\"https:\/\/volcanes.net\/?p=5130#primaryimage\",\"url\":\"https:\/\/volcanes.net\/wp-content\/uploads\/2019\/07\/ameca.jpg\",\"contentUrl\":\"https:\/\/volcanes.net\/wp-content\/uploads\/2019\/07\/ameca.jpg\",\"width\":600,\"height\":339},{\"@type\":\"BreadcrumbList\",\"@id\":\"https:\/\/volcanes.net\/?p=5130#breadcrumb\",\"itemListElement\":[{\"@type\":\"ListItem\",\"position\":1,\"name\":\"Portada\",\"item\":\"https:\/\/volcanes.net\/\"},{\"@type\":\"ListItem\",\"position\":2,\"name\":\"Ni\u00f1o de 4 a\u00f1os pierde la vida luego de que una camioneta embistiera a bicitaxi en Amecameca\"}]},{\"@type\":\"WebSite\",\"@id\":\"https:\/\/volcanes.net\/#website\",\"url\":\"https:\/\/volcanes.net\/\",\"name\":\"Volcanes.Net\",\"description\":\"Periodismo Profesional\",\"publisher\":{\"@id\":\"https:\/\/volcanes.net\/#organization\"},\"potentialAction\":[{\"@type\":\"SearchAction\",\"target\":{\"@type\":\"EntryPoint\",\"urlTemplate\":\"https:\/\/volcanes.net\/?s={search_term_string}\"},\"query-input\":{\"@type\":\"PropertyValueSpecification\",\"valueRequired\":true,\"valueName\":\"search_term_string\"}}],\"inLanguage\":\"es\"},{\"@type\":\"Organization\",\"@id\":\"https:\/\/volcanes.net\/#organization\",\"name\":\"Grupo Volcanes\",\"url\":\"https:\/\/volcanes.net\/\",\"logo\":{\"@type\":\"ImageObject\",\"inLanguage\":\"es\",\"@id\":\"https:\/\/volcanes.net\/#\/schema\/logo\/image\/\",\"url\":\"http:\/\/volcanes.net\/wp-content\/uploads\/2017\/12\/Avatar2.jpg\",\"contentUrl\":\"http:\/\/volcanes.net\/wp-content\/uploads\/2017\/12\/Avatar2.jpg\",\"width\":378,\"height\":378,\"caption\":\"Grupo Volcanes\"},\"image\":{\"@id\":\"https:\/\/volcanes.net\/#\/schema\/logo\/image\/\"},\"sameAs\":[\"https:\/\/www.facebook.com\/volcanes.net\/\"]},{\"@type\":\"Person\",\"@id\":\"https:\/\/volcanes.net\/#\/schema\/person\/4bf0f383940966a4abd53f5048c0e6b9\",\"name\":\"admin\",\"image\":{\"@type\":\"ImageObject\",\"inLanguage\":\"es\",\"@id\":\"https:\/\/volcanes.net\/#\/schema\/person\/image\/\",\"url\":\"https:\/\/secure.gravatar.com\/avatar\/ca004e6cba8462b8cb7abc86e382930c?s=96&d=mm&r=g\",\"contentUrl\":\"https:\/\/secure.gravatar.com\/avatar\/ca004e6cba8462b8cb7abc86e382930c?s=96&d=mm&r=g\",\"caption\":\"admin\"}}]}<\/script>\n<!-- \/ Yoast SEO plugin. -->","yoast_head_json":{"title":"Ni\u00f1o de 4 a\u00f1os pierde la vida luego de que una camioneta embistiera a bicitaxi en Amecameca - Volcanes","robots":{"index":"index","follow":"follow","max-snippet":"max-snippet:-1","max-image-preview":"max-image-preview:large","max-video-preview":"max-video-preview:-1"},"canonical":"https:\/\/volcanes.net\/?p=5130","og_locale":"es_MX","og_type":"article","og_title":"Ni\u00f1o de 4 a\u00f1os pierde la vida luego de que una camioneta embistiera a bicitaxi en Amecameca - Volcanes","og_description":"Amecameca, M\u00e9x, 22 de julio de 2019.- Un ni\u00f1o de 4 a\u00f1os de edad pierde","og_url":"https:\/\/volcanes.net\/?p=5130","og_site_name":"Volcanes","article_publisher":"https:\/\/www.facebook.com\/volcanes.net\/","article_published_time":"2019-07-23T02:21:50+00:00","og_image":[{"width":600,"height":339,"url":"https:\/\/volcanes.net\/wp-content\/uploads\/2019\/07\/ameca.jpg","type":"image\/jpeg"}],"author":"admin","twitter_card":"summary_large_image","twitter_misc":{"Escrito por":"admin","Tiempo de lectura":"1 minuto"},"schema":{"@context":"https:\/\/schema.org","@graph":[{"@type":"Article","@id":"https:\/\/volcanes.net\/?p=5130#article","isPartOf":{"@id":"https:\/\/volcanes.net\/?p=5130"},"author":{"name":"admin","@id":"https:\/\/volcanes.net\/#\/schema\/person\/4bf0f383940966a4abd53f5048c0e6b9"},"headline":"Ni\u00f1o de 4 a\u00f1os pierde la vida luego de que una camioneta embistiera a bicitaxi en Amecameca","datePublished":"2019-07-23T02:21:50+00:00","mainEntityOfPage":{"@id":"https:\/\/volcanes.net\/?p=5130"},"wordCount":307,"commentCount":0,"publisher":{"@id":"https:\/\/volcanes.net\/#organization"},"image":{"@id":"https:\/\/volcanes.net\/?p=5130#primaryimage"},"thumbnailUrl":"https:\/\/volcanes.net\/wp-content\/uploads\/2019\/07\/ameca.jpg","keywords":["Amecameca"],"articleSection":["Municipales"],"inLanguage":"es","potentialAction":[{"@type":"CommentAction","name":"Comment","target":["https:\/\/volcanes.net\/?p=5130#respond"]}]},{"@type":"WebPage","@id":"https:\/\/volcanes.net\/?p=5130","url":"https:\/\/volcanes.net\/?p=5130","name":"Ni\u00f1o de 4 a\u00f1os pierde la vida luego de que una camioneta embistiera a bicitaxi en Amecameca - Volcanes","isPartOf":{"@id":"https:\/\/volcanes.net\/#website"},"primaryImageOfPage":{"@id":"https:\/\/volcanes.net\/?p=5130#primaryimage"},"image":{"@id":"https:\/\/volcanes.net\/?p=5130#primaryimage"},"thumbnailUrl":"https:\/\/volcanes.net\/wp-content\/uploads\/2019\/07\/ameca.jpg","datePublished":"2019-07-23T02:21:50+00:00","breadcrumb":{"@id":"https:\/\/volcanes.net\/?p=5130#breadcrumb"},"inLanguage":"es","potentialAction":[{"@type":"ReadAction","target":["https:\/\/volcanes.net\/?p=5130"]}]},{"@type":"ImageObject","inLanguage":"es","@id":"https:\/\/volcanes.net\/?p=5130#primaryimage","url":"https:\/\/volcanes.net\/wp-content\/uploads\/2019\/07\/ameca.jpg","contentUrl":"https:\/\/volcanes.net\/wp-content\/uploads\/2019\/07\/ameca.jpg","width":600,"height":339},{"@type":"BreadcrumbList","@id":"https:\/\/volcanes.net\/?p=5130#breadcrumb","itemListElement":[{"@type":"ListItem","position":1,"name":"Portada","item":"https:\/\/volcanes.net\/"},{"@type":"ListItem","position":2,"name":"Ni\u00f1o de 4 a\u00f1os pierde la vida luego de que una camioneta embistiera a bicitaxi en Amecameca"}]},{"@type":"WebSite","@id":"https:\/\/volcanes.net\/#website","url":"https:\/\/volcanes.net\/","name":"Volcanes.Net","description":"Periodismo Profesional","publisher":{"@id":"https:\/\/volcanes.net\/#organization"},"potentialAction":[{"@type":"SearchAction","target":{"@type":"EntryPoint","urlTemplate":"https:\/\/volcanes.net\/?s={search_term_string}"},"query-input":{"@type":"PropertyValueSpecification","valueRequired":true,"valueName":"search_term_string"}}],"inLanguage":"es"},{"@type":"Organization","@id":"https:\/\/volcanes.net\/#organization","name":"Grupo Volcanes","url":"https:\/\/volcanes.net\/","logo":{"@type":"ImageObject","inLanguage":"es","@id":"https:\/\/volcanes.net\/#\/schema\/logo\/image\/","url":"http:\/\/volcanes.net\/wp-content\/uploads\/2017\/12\/Avatar2.jpg","contentUrl":"http:\/\/volcanes.net\/wp-content\/uploads\/2017\/12\/Avatar2.jpg","width":378,"height":378,"caption":"Grupo Volcanes"},"image":{"@id":"https:\/\/volcanes.net\/#\/schema\/logo\/image\/"},"sameAs":["https:\/\/www.facebook.com\/volcanes.net\/"]},{"@type":"Person","@id":"https:\/\/volcanes.net\/#\/schema\/person\/4bf0f383940966a4abd53f5048c0e6b9","name":"admin","image":{"@type":"ImageObject","inLanguage":"es","@id":"https:\/\/volcanes.net\/#\/schema\/person\/image\/","url":"https:\/\/secure.gravatar.com\/avatar\/ca004e6cba8462b8cb7abc86e382930c?s=96&d=mm&r=g","contentUrl":"https:\/\/secure.gravatar.com\/avatar\/ca004e6cba8462b8cb7abc86e382930c?s=96&d=mm&r=g","caption":"admin"}}]}},"_links":{"self":[{"href":"https:\/\/volcanes.net\/index.php?rest_route=\/wp\/v2\/posts\/5130"}],"collection":[{"href":"https:\/\/volcanes.net\/index.php?rest_route=\/wp\/v2\/posts"}],"about":[{"href":"https:\/\/volcanes.net\/index.php?rest_route=\/wp\/v2\/types\/post"}],"author":[{"embeddable":true,"href":"https:\/\/volcanes.net\/index.php?rest_route=\/wp\/v2\/users\/1"}],"replies":[{"embeddable":true,"href":"https:\/\/volcanes.net\/index.php?rest_route=%2Fwp%2Fv2%2Fcomments&post=5130"}],"version-history":[{"count":1,"href":"https:\/\/volcanes.net\/index.php?rest_route=\/wp\/v2\/posts\/5130\/revisions"}],"predecessor-version":[{"id":5132,"href":"https:\/\/volcanes.net\/index.php?rest_route=\/wp\/v2\/posts\/5130\/revisions\/5132"}],"wp:featuredmedia":[{"embeddable":true,"href":"https:\/\/volcanes.net\/index.php?rest_route=\/wp\/v2\/media\/5131"}],"wp:attachment":[{"href":"https:\/\/volcanes.net\/index.php?rest_route=%2Fwp%2Fv2%2Fmedia&parent=5130"}],"wp:term":[{"taxonomy":"category","embeddable":true,"href":"https:\/\/volcanes.net\/index.php?rest_route=%2Fwp%2Fv2%2Fcategories&post=5130"},{"taxonomy":"post_tag","embeddable":true,"href":"https:\/\/volcanes.net\/index.php?rest_route=%2Fwp%2Fv2%2Ftags&post=5130"}],"curies":[{"name":"wp","href":"https:\/\/api.w.org\/{rel}","templated":true}]}}