{"id":5140,"date":"2019-07-23T22:15:28","date_gmt":"2019-07-24T04:15:28","guid":{"rendered":"https:\/\/volcanes.net\/?p=5140"},"modified":"2019-07-23T22:15:49","modified_gmt":"2019-07-24T04:15:49","slug":"anuncian-aumento-a-sindicalizados-en-ozumba","status":"publish","type":"post","link":"https:\/\/volcanes.net\/?p=5140","title":{"rendered":"Anuncian aumento a sindicalizados en Ozumba"},"content":{"rendered":"<div style=\"margin-top: 0px; margin-bottom: 0px;\" class=\"sharethis-inline-share-buttons\" ><\/div><p>Ozumba, Estado de M\u00e9xico En el municipio de Ozumba se hizo entrega de chalecos institucionales a los trabajadores del SUTEYM de la administraci\u00f3n ozumbense y de la regi\u00f3n, la ma\u00f1ana de este lunes.<\/p>\n<p>Enfatiz\u00f3 el Alcalde Valent\u00edn Mart\u00ednez Castillo, que se ha firmado el convenio con el sindicato, luego de no hacerse por casi 5 a\u00f1os por lo que anunci\u00f3 un aumento salarial del 16 por ciento a partir del 2020.<\/p>\n<p>Dijo que es un reconocimiento por la entrega y la trayectoria de los trabajadores, &#8220;pues no es sencillo, han dejado su vida en el servicio p\u00fablico incluso por el tiempo que no han podido dedicar a su familia, pues esto significa una muestra de agradecimiento por el tiempo y la dedicaci\u00f3n que le ponen a su trabajo.<\/p>\n<p>A este acto asisti\u00f3 el secretario general del SUTEYM, Herminio Cahue Calder\u00f3n quien es una persona &#8220;responsable&#8221; y muy &#8220;querida&#8221;, afirm\u00f3 el presidente municipal. Dijo que es un gran orgullo que el secretario estuviera presente<br \/>\nEn Ozumba.<\/p>\n<p>Recalc\u00f3 el alcalde que los Suteymistas est\u00e1n trabajando muy comprometidos y est\u00e1n cumpliendo con la poblaci\u00f3n.<br \/>\nEnfatiz\u00f3 que siempre ha visto a los sindicalizados como amigos, pues con ello le ha permitido trabajar con la gente del sindicato especialmente con los trabajadores del municipio de Ozumba, que son personas trabajadoras, dedicadas, y entregadas a su labor.<\/p>\n","protected":false},"excerpt":{"rendered":"<p>Ozumba, Estado de M\u00e9xico En el municipio de Ozumba se hizo entrega de chalecos institucionales<\/p>\n","protected":false},"author":1,"featured_media":5148,"comment_status":"open","ping_status":"open","sticky":false,"template":"","format":"standard","meta":{"footnotes":""},"categories":[1],"tags":[14],"class_list":["post-5140","post","type-post","status-publish","format-standard","has-post-thumbnail","hentry","category-municipales","tag-ozumba"],"yoast_head":"<!-- This site is optimized with the Yoast SEO plugin v25.3 - https:\/\/yoast.com\/wordpress\/plugins\/seo\/ -->\n<title>Anuncian aumento a sindicalizados en Ozumba - Volcanes<\/title>\n<meta name=\"robots\" content=\"index, follow, max-snippet:-1, max-image-preview:large, max-video-preview:-1\" \/>\n<link rel=\"canonical\" href=\"https:\/\/volcanes.net\/?p=5140\" \/>\n<meta property=\"og:locale\" content=\"es_MX\" \/>\n<meta property=\"og:type\" content=\"article\" \/>\n<meta property=\"og:title\" content=\"Anuncian aumento a sindicalizados en Ozumba - Volcanes\" \/>\n<meta property=\"og:description\" content=\"Ozumba, Estado de M\u00e9xico En el municipio de Ozumba se hizo entrega de chalecos institucionales\" \/>\n<meta property=\"og:url\" content=\"https:\/\/volcanes.net\/?p=5140\" \/>\n<meta property=\"og:site_name\" content=\"Volcanes\" \/>\n<meta property=\"article:publisher\" content=\"https:\/\/www.facebook.com\/volcanes.net\/\" \/>\n<meta property=\"article:published_time\" content=\"2019-07-24T04:15:28+00:00\" \/>\n<meta property=\"article:modified_time\" content=\"2019-07-24T04:15:49+00:00\" \/>\n<meta property=\"og:image\" content=\"https:\/\/volcanes.net\/wp-content\/uploads\/2019\/07\/20190723_123640-1024x332.jpg\" \/>\n\t<meta property=\"og:image:width\" content=\"1024\" \/>\n\t<meta property=\"og:image:height\" content=\"332\" \/>\n\t<meta property=\"og:image:type\" content=\"image\/jpeg\" \/>\n<meta name=\"author\" content=\"admin\" \/>\n<meta name=\"twitter:card\" content=\"summary_large_image\" \/>\n<meta name=\"twitter:label1\" content=\"Escrito por\" \/>\n\t<meta name=\"twitter:data1\" content=\"admin\" \/>\n\t<meta name=\"twitter:label2\" content=\"Tiempo de lectura\" \/>\n\t<meta name=\"twitter:data2\" content=\"1 minuto\" \/>\n<script type=\"application\/ld+json\" class=\"yoast-schema-graph\">{\"@context\":\"https:\/\/schema.org\",\"@graph\":[{\"@type\":\"Article\",\"@id\":\"https:\/\/volcanes.net\/?p=5140#article\",\"isPartOf\":{\"@id\":\"https:\/\/volcanes.net\/?p=5140\"},\"author\":{\"name\":\"admin\",\"@id\":\"https:\/\/volcanes.net\/#\/schema\/person\/4bf0f383940966a4abd53f5048c0e6b9\"},\"headline\":\"Anuncian aumento a sindicalizados en Ozumba\",\"datePublished\":\"2019-07-24T04:15:28+00:00\",\"dateModified\":\"2019-07-24T04:15:49+00:00\",\"mainEntityOfPage\":{\"@id\":\"https:\/\/volcanes.net\/?p=5140\"},\"wordCount\":237,\"commentCount\":0,\"publisher\":{\"@id\":\"https:\/\/volcanes.net\/#organization\"},\"image\":{\"@id\":\"https:\/\/volcanes.net\/?p=5140#primaryimage\"},\"thumbnailUrl\":\"https:\/\/volcanes.net\/wp-content\/uploads\/2019\/07\/20190723_123640-1024x332.jpg\",\"keywords\":[\"Ozumba\"],\"articleSection\":[\"Municipales\"],\"inLanguage\":\"es\",\"potentialAction\":[{\"@type\":\"CommentAction\",\"name\":\"Comment\",\"target\":[\"https:\/\/volcanes.net\/?p=5140#respond\"]}]},{\"@type\":\"WebPage\",\"@id\":\"https:\/\/volcanes.net\/?p=5140\",\"url\":\"https:\/\/volcanes.net\/?p=5140\",\"name\":\"Anuncian aumento a sindicalizados en Ozumba - Volcanes\",\"isPartOf\":{\"@id\":\"https:\/\/volcanes.net\/#website\"},\"primaryImageOfPage\":{\"@id\":\"https:\/\/volcanes.net\/?p=5140#primaryimage\"},\"image\":{\"@id\":\"https:\/\/volcanes.net\/?p=5140#primaryimage\"},\"thumbnailUrl\":\"https:\/\/volcanes.net\/wp-content\/uploads\/2019\/07\/20190723_123640-1024x332.jpg\",\"datePublished\":\"2019-07-24T04:15:28+00:00\",\"dateModified\":\"2019-07-24T04:15:49+00:00\",\"breadcrumb\":{\"@id\":\"https:\/\/volcanes.net\/?p=5140#breadcrumb\"},\"inLanguage\":\"es\",\"potentialAction\":[{\"@type\":\"ReadAction\",\"target\":[\"https:\/\/volcanes.net\/?p=5140\"]}]},{\"@type\":\"ImageObject\",\"inLanguage\":\"es\",\"@id\":\"https:\/\/volcanes.net\/?p=5140#primaryimage\",\"url\":\"https:\/\/volcanes.net\/wp-content\/uploads\/2019\/07\/20190723_123640-1024x332.jpg\",\"contentUrl\":\"https:\/\/volcanes.net\/wp-content\/uploads\/2019\/07\/20190723_123640-1024x332.jpg\",\"width\":1024,\"height\":332},{\"@type\":\"BreadcrumbList\",\"@id\":\"https:\/\/volcanes.net\/?p=5140#breadcrumb\",\"itemListElement\":[{\"@type\":\"ListItem\",\"position\":1,\"name\":\"Portada\",\"item\":\"https:\/\/volcanes.net\/\"},{\"@type\":\"ListItem\",\"position\":2,\"name\":\"Anuncian aumento a sindicalizados en Ozumba\"}]},{\"@type\":\"WebSite\",\"@id\":\"https:\/\/volcanes.net\/#website\",\"url\":\"https:\/\/volcanes.net\/\",\"name\":\"Volcanes.Net\",\"description\":\"Periodismo Profesional\",\"publisher\":{\"@id\":\"https:\/\/volcanes.net\/#organization\"},\"potentialAction\":[{\"@type\":\"SearchAction\",\"target\":{\"@type\":\"EntryPoint\",\"urlTemplate\":\"https:\/\/volcanes.net\/?s={search_term_string}\"},\"query-input\":{\"@type\":\"PropertyValueSpecification\",\"valueRequired\":true,\"valueName\":\"search_term_string\"}}],\"inLanguage\":\"es\"},{\"@type\":\"Organization\",\"@id\":\"https:\/\/volcanes.net\/#organization\",\"name\":\"Grupo Volcanes\",\"url\":\"https:\/\/volcanes.net\/\",\"logo\":{\"@type\":\"ImageObject\",\"inLanguage\":\"es\",\"@id\":\"https:\/\/volcanes.net\/#\/schema\/logo\/image\/\",\"url\":\"http:\/\/volcanes.net\/wp-content\/uploads\/2017\/12\/Avatar2.jpg\",\"contentUrl\":\"http:\/\/volcanes.net\/wp-content\/uploads\/2017\/12\/Avatar2.jpg\",\"width\":378,\"height\":378,\"caption\":\"Grupo Volcanes\"},\"image\":{\"@id\":\"https:\/\/volcanes.net\/#\/schema\/logo\/image\/\"},\"sameAs\":[\"https:\/\/www.facebook.com\/volcanes.net\/\"]},{\"@type\":\"Person\",\"@id\":\"https:\/\/volcanes.net\/#\/schema\/person\/4bf0f383940966a4abd53f5048c0e6b9\",\"name\":\"admin\",\"image\":{\"@type\":\"ImageObject\",\"inLanguage\":\"es\",\"@id\":\"https:\/\/volcanes.net\/#\/schema\/person\/image\/\",\"url\":\"https:\/\/secure.gravatar.com\/avatar\/ca004e6cba8462b8cb7abc86e382930c?s=96&d=mm&r=g\",\"contentUrl\":\"https:\/\/secure.gravatar.com\/avatar\/ca004e6cba8462b8cb7abc86e382930c?s=96&d=mm&r=g\",\"caption\":\"admin\"}}]}<\/script>\n<!-- \/ Yoast SEO plugin. -->","yoast_head_json":{"title":"Anuncian aumento a sindicalizados en Ozumba - Volcanes","robots":{"index":"index","follow":"follow","max-snippet":"max-snippet:-1","max-image-preview":"max-image-preview:large","max-video-preview":"max-video-preview:-1"},"canonical":"https:\/\/volcanes.net\/?p=5140","og_locale":"es_MX","og_type":"article","og_title":"Anuncian aumento a sindicalizados en Ozumba - Volcanes","og_description":"Ozumba, Estado de M\u00e9xico En el municipio de Ozumba se hizo entrega de chalecos institucionales","og_url":"https:\/\/volcanes.net\/?p=5140","og_site_name":"Volcanes","article_publisher":"https:\/\/www.facebook.com\/volcanes.net\/","article_published_time":"2019-07-24T04:15:28+00:00","article_modified_time":"2019-07-24T04:15:49+00:00","og_image":[{"width":1024,"height":332,"url":"https:\/\/volcanes.net\/wp-content\/uploads\/2019\/07\/20190723_123640-1024x332.jpg","type":"image\/jpeg"}],"author":"admin","twitter_card":"summary_large_image","twitter_misc":{"Escrito por":"admin","Tiempo de lectura":"1 minuto"},"schema":{"@context":"https:\/\/schema.org","@graph":[{"@type":"Article","@id":"https:\/\/volcanes.net\/?p=5140#article","isPartOf":{"@id":"https:\/\/volcanes.net\/?p=5140"},"author":{"name":"admin","@id":"https:\/\/volcanes.net\/#\/schema\/person\/4bf0f383940966a4abd53f5048c0e6b9"},"headline":"Anuncian aumento a sindicalizados en Ozumba","datePublished":"2019-07-24T04:15:28+00:00","dateModified":"2019-07-24T04:15:49+00:00","mainEntityOfPage":{"@id":"https:\/\/volcanes.net\/?p=5140"},"wordCount":237,"commentCount":0,"publisher":{"@id":"https:\/\/volcanes.net\/#organization"},"image":{"@id":"https:\/\/volcanes.net\/?p=5140#primaryimage"},"thumbnailUrl":"https:\/\/volcanes.net\/wp-content\/uploads\/2019\/07\/20190723_123640-1024x332.jpg","keywords":["Ozumba"],"articleSection":["Municipales"],"inLanguage":"es","potentialAction":[{"@type":"CommentAction","name":"Comment","target":["https:\/\/volcanes.net\/?p=5140#respond"]}]},{"@type":"WebPage","@id":"https:\/\/volcanes.net\/?p=5140","url":"https:\/\/volcanes.net\/?p=5140","name":"Anuncian aumento a sindicalizados en Ozumba - Volcanes","isPartOf":{"@id":"https:\/\/volcanes.net\/#website"},"primaryImageOfPage":{"@id":"https:\/\/volcanes.net\/?p=5140#primaryimage"},"image":{"@id":"https:\/\/volcanes.net\/?p=5140#primaryimage"},"thumbnailUrl":"https:\/\/volcanes.net\/wp-content\/uploads\/2019\/07\/20190723_123640-1024x332.jpg","datePublished":"2019-07-24T04:15:28+00:00","dateModified":"2019-07-24T04:15:49+00:00","breadcrumb":{"@id":"https:\/\/volcanes.net\/?p=5140#breadcrumb"},"inLanguage":"es","potentialAction":[{"@type":"ReadAction","target":["https:\/\/volcanes.net\/?p=5140"]}]},{"@type":"ImageObject","inLanguage":"es","@id":"https:\/\/volcanes.net\/?p=5140#primaryimage","url":"https:\/\/volcanes.net\/wp-content\/uploads\/2019\/07\/20190723_123640-1024x332.jpg","contentUrl":"https:\/\/volcanes.net\/wp-content\/uploads\/2019\/07\/20190723_123640-1024x332.jpg","width":1024,"height":332},{"@type":"BreadcrumbList","@id":"https:\/\/volcanes.net\/?p=5140#breadcrumb","itemListElement":[{"@type":"ListItem","position":1,"name":"Portada","item":"https:\/\/volcanes.net\/"},{"@type":"ListItem","position":2,"name":"Anuncian aumento a sindicalizados en Ozumba"}]},{"@type":"WebSite","@id":"https:\/\/volcanes.net\/#website","url":"https:\/\/volcanes.net\/","name":"Volcanes.Net","description":"Periodismo Profesional","publisher":{"@id":"https:\/\/volcanes.net\/#organization"},"potentialAction":[{"@type":"SearchAction","target":{"@type":"EntryPoint","urlTemplate":"https:\/\/volcanes.net\/?s={search_term_string}"},"query-input":{"@type":"PropertyValueSpecification","valueRequired":true,"valueName":"search_term_string"}}],"inLanguage":"es"},{"@type":"Organization","@id":"https:\/\/volcanes.net\/#organization","name":"Grupo Volcanes","url":"https:\/\/volcanes.net\/","logo":{"@type":"ImageObject","inLanguage":"es","@id":"https:\/\/volcanes.net\/#\/schema\/logo\/image\/","url":"http:\/\/volcanes.net\/wp-content\/uploads\/2017\/12\/Avatar2.jpg","contentUrl":"http:\/\/volcanes.net\/wp-content\/uploads\/2017\/12\/Avatar2.jpg","width":378,"height":378,"caption":"Grupo Volcanes"},"image":{"@id":"https:\/\/volcanes.net\/#\/schema\/logo\/image\/"},"sameAs":["https:\/\/www.facebook.com\/volcanes.net\/"]},{"@type":"Person","@id":"https:\/\/volcanes.net\/#\/schema\/person\/4bf0f383940966a4abd53f5048c0e6b9","name":"admin","image":{"@type":"ImageObject","inLanguage":"es","@id":"https:\/\/volcanes.net\/#\/schema\/person\/image\/","url":"https:\/\/secure.gravatar.com\/avatar\/ca004e6cba8462b8cb7abc86e382930c?s=96&d=mm&r=g","contentUrl":"https:\/\/secure.gravatar.com\/avatar\/ca004e6cba8462b8cb7abc86e382930c?s=96&d=mm&r=g","caption":"admin"}}]}},"_links":{"self":[{"href":"https:\/\/volcanes.net\/index.php?rest_route=\/wp\/v2\/posts\/5140"}],"collection":[{"href":"https:\/\/volcanes.net\/index.php?rest_route=\/wp\/v2\/posts"}],"about":[{"href":"https:\/\/volcanes.net\/index.php?rest_route=\/wp\/v2\/types\/post"}],"author":[{"embeddable":true,"href":"https:\/\/volcanes.net\/index.php?rest_route=\/wp\/v2\/users\/1"}],"replies":[{"embeddable":true,"href":"https:\/\/volcanes.net\/index.php?rest_route=%2Fwp%2Fv2%2Fcomments&post=5140"}],"version-history":[{"count":2,"href":"https:\/\/volcanes.net\/index.php?rest_route=\/wp\/v2\/posts\/5140\/revisions"}],"predecessor-version":[{"id":5149,"href":"https:\/\/volcanes.net\/index.php?rest_route=\/wp\/v2\/posts\/5140\/revisions\/5149"}],"wp:featuredmedia":[{"embeddable":true,"href":"https:\/\/volcanes.net\/index.php?rest_route=\/wp\/v2\/media\/5148"}],"wp:attachment":[{"href":"https:\/\/volcanes.net\/index.php?rest_route=%2Fwp%2Fv2%2Fmedia&parent=5140"}],"wp:term":[{"taxonomy":"category","embeddable":true,"href":"https:\/\/volcanes.net\/index.php?rest_route=%2Fwp%2Fv2%2Fcategories&post=5140"},{"taxonomy":"post_tag","embeddable":true,"href":"https:\/\/volcanes.net\/index.php?rest_route=%2Fwp%2Fv2%2Ftags&post=5140"}],"curies":[{"name":"wp","href":"https:\/\/api.w.org\/{rel}","templated":true}]}}