{"id":517,"date":"2018-01-17T14:39:53","date_gmt":"2018-01-17T14:39:53","guid":{"rendered":"http:\/\/volcanes.net\/?p=517"},"modified":"2018-01-17T14:39:53","modified_gmt":"2018-01-17T14:39:53","slug":"consolida-uaem-lazos-academicos-y-cientificos-con-el-mundo","status":"publish","type":"post","link":"https:\/\/volcanes.net\/?p=517","title":{"rendered":"Consolida UAEM lazos acad\u00e9micos y cient\u00edficos con el mundo"},"content":{"rendered":"<div style=\"margin-top: 0px; margin-bottom: 0px;\" class=\"sharethis-inline-share-buttons\" ><\/div><p class=\"x_MsoNormal\"><span lang=\"ES-MX\">Al realizar movilidad acad\u00e9mica, los universitarios derrumban obst\u00e1culos econ\u00f3micos, geogr\u00e1ficos, hist\u00f3ricos y culturales, sostuvo el rector de la Universidad Aut\u00f3noma del Estado de M\u00e9xico, Alfredo Barrera Baca.<\/span><\/p>\n<p class=\"x_MsoNormal\"><span lang=\"ES-MX\">Durante la entrega de 32 becas de movilidad internacional y 10 de movilidad nacional, as\u00ed como instrumentos a la Banda Universitaria de Marcha de Toluca, por parte de la Fundaci\u00f3n UAEM\u00e9x, el rector manifest\u00f3 que estos apoyos permiten a esta casa de estudios consolidar su internacionalizaci\u00f3n y lazos acad\u00e9micos y cient\u00edficos con el mundo.<\/span><\/p>\n<p class=\"x_MsoNormal\"><span lang=\"ES-MX\">Acompa\u00f1ado por el presidente de la Fundaci\u00f3n UAEM\u00e9x, Humberto Ben\u00edtez Trevi\u00f1o; las titulares de las secretar\u00edas de Extensi\u00f3n y Vinculaci\u00f3n, Jannet Valero Vilchis, y Cooperaci\u00f3n Internacional, Mar\u00eda del Pilar Ampudia Garc\u00eda, el rector asegur\u00f3 que \u201cmediante el apoyo para la entrega de becas, empresas y egresados fomentan la corresponsabilidad de los universitarios\u201d.<\/span><\/p>\n<p class=\"x_MsoNormal\"><span lang=\"ES-MX\">Indic\u00f3 que en medio de las dificultades econ\u00f3micas que enfrenta el pa\u00eds, resulta alentador el n\u00famero de incentivos que los j\u00f3venes reciben para formarse acad\u00e9micamente en otras partes del mundo y otras instituciones de educaci\u00f3n superior del pa\u00eds.<\/span><\/p>\n<p class=\"x_MsoNormal\"><span lang=\"ES-MX\">Subray\u00f3 que con base en el Plan Rector de Desarrollo Institucional 2017-2021, la UAEM se integrar\u00e1 plena y activamente a la sociedad del conocimiento. \u201cEs fundamental aprender con el mundo para contar con una universidad formidable\u201d.<\/span><\/p>\n<p class=\"x_MsoNormal\"><span lang=\"ES-MX\">A los universitarios beneficiados con estos apoyos, Alfredo Barrera Baca les asegur\u00f3 que \u201cla movilidad acad\u00e9mica es una exigencia de nuestros d\u00edas para aprender del otro y expandir nuestras posibilidades sin restricciones para construir en la globalizaci\u00f3n,<\/span><span lang=\"ES-MX\">\u00a0una oportunidad inagotable de realizaci\u00f3n personal y profesional\u201d.<\/span><\/p>\n<p class=\"x_MsoNormal\"><span lang=\"ES-MX\">Humberto Ben\u00edtez Trevi\u00f1o destac\u00f3 que la Fundaci\u00f3n UAEM\u00e9x es un instrumento de la m\u00e1xima casa de estudios mexiquense, una de las mejores instituciones de educaci\u00f3n superior del pa\u00eds, para alcanzar la innovaci\u00f3n y excelencia.<\/span><\/p>\n<p class=\"x_MsoNormal\"><span lang=\"ES-MX\">\u201cLos universitarios beneficiados con estas becas inician una experiencia en el extranjero o en otro estado de nuestro pa\u00eds y a la par, adquieren el compromiso de investigar, de buscar el conocimiento, incluso cuando hayan terminado sus estudios formales\u201d, concluy\u00f3.<\/span><\/p>\n","protected":false},"excerpt":{"rendered":"<p>Al realizar movilidad acad\u00e9mica, los universitarios derrumban obst\u00e1culos econ\u00f3micos, geogr\u00e1ficos, hist\u00f3ricos y culturales, sostuvo el<\/p>\n","protected":false},"author":1,"featured_media":508,"comment_status":"open","ping_status":"open","sticky":false,"template":"","format":"standard","meta":{"footnotes":""},"categories":[1],"tags":[25,24],"class_list":["post-517","post","type-post","status-publish","format-standard","has-post-thumbnail","hentry","category-municipales","tag-uaem","tag-uaemex"],"yoast_head":"<!-- This site is optimized with the Yoast SEO plugin v25.3 - https:\/\/yoast.com\/wordpress\/plugins\/seo\/ -->\n<title>Consolida UAEM lazos acad\u00e9micos y cient\u00edficos con el mundo - Volcanes<\/title>\n<meta name=\"robots\" content=\"index, follow, max-snippet:-1, max-image-preview:large, max-video-preview:-1\" \/>\n<link rel=\"canonical\" href=\"https:\/\/volcanes.net\/?p=517\" \/>\n<meta property=\"og:locale\" content=\"es_MX\" \/>\n<meta property=\"og:type\" content=\"article\" \/>\n<meta property=\"og:title\" content=\"Consolida UAEM lazos acad\u00e9micos y cient\u00edficos con el mundo - Volcanes\" \/>\n<meta property=\"og:description\" content=\"Al realizar movilidad acad\u00e9mica, los universitarios derrumban obst\u00e1culos econ\u00f3micos, geogr\u00e1ficos, hist\u00f3ricos y culturales, sostuvo el\" \/>\n<meta property=\"og:url\" content=\"https:\/\/volcanes.net\/?p=517\" \/>\n<meta property=\"og:site_name\" content=\"Volcanes\" \/>\n<meta property=\"article:publisher\" content=\"https:\/\/www.facebook.com\/volcanes.net\/\" \/>\n<meta property=\"article:published_time\" content=\"2018-01-17T14:39:53+00:00\" \/>\n<meta property=\"og:image\" content=\"https:\/\/volcanes.net\/wp-content\/uploads\/2018\/01\/comun-046-2.jpg\" \/>\n\t<meta property=\"og:image:width\" content=\"400\" \/>\n\t<meta property=\"og:image:height\" content=\"200\" \/>\n\t<meta property=\"og:image:type\" content=\"image\/jpeg\" \/>\n<meta name=\"author\" content=\"admin\" \/>\n<meta name=\"twitter:card\" content=\"summary_large_image\" \/>\n<meta name=\"twitter:label1\" content=\"Escrito por\" \/>\n\t<meta name=\"twitter:data1\" content=\"admin\" \/>\n\t<meta name=\"twitter:label2\" content=\"Tiempo de lectura\" \/>\n\t<meta name=\"twitter:data2\" content=\"2 minutos\" \/>\n<script type=\"application\/ld+json\" class=\"yoast-schema-graph\">{\"@context\":\"https:\/\/schema.org\",\"@graph\":[{\"@type\":\"Article\",\"@id\":\"https:\/\/volcanes.net\/?p=517#article\",\"isPartOf\":{\"@id\":\"https:\/\/volcanes.net\/?p=517\"},\"author\":{\"name\":\"admin\",\"@id\":\"https:\/\/volcanes.net\/#\/schema\/person\/4bf0f383940966a4abd53f5048c0e6b9\"},\"headline\":\"Consolida UAEM lazos acad\u00e9micos y cient\u00edficos con el mundo\",\"datePublished\":\"2018-01-17T14:39:53+00:00\",\"mainEntityOfPage\":{\"@id\":\"https:\/\/volcanes.net\/?p=517\"},\"wordCount\":378,\"commentCount\":0,\"publisher\":{\"@id\":\"https:\/\/volcanes.net\/#organization\"},\"image\":{\"@id\":\"https:\/\/volcanes.net\/?p=517#primaryimage\"},\"thumbnailUrl\":\"https:\/\/volcanes.net\/wp-content\/uploads\/2018\/01\/comun-046-2.jpg\",\"keywords\":[\"UAEM\",\"UAEMEX\"],\"articleSection\":[\"Municipales\"],\"inLanguage\":\"es\",\"potentialAction\":[{\"@type\":\"CommentAction\",\"name\":\"Comment\",\"target\":[\"https:\/\/volcanes.net\/?p=517#respond\"]}]},{\"@type\":\"WebPage\",\"@id\":\"https:\/\/volcanes.net\/?p=517\",\"url\":\"https:\/\/volcanes.net\/?p=517\",\"name\":\"Consolida UAEM lazos acad\u00e9micos y cient\u00edficos con el mundo - Volcanes\",\"isPartOf\":{\"@id\":\"https:\/\/volcanes.net\/#website\"},\"primaryImageOfPage\":{\"@id\":\"https:\/\/volcanes.net\/?p=517#primaryimage\"},\"image\":{\"@id\":\"https:\/\/volcanes.net\/?p=517#primaryimage\"},\"thumbnailUrl\":\"https:\/\/volcanes.net\/wp-content\/uploads\/2018\/01\/comun-046-2.jpg\",\"datePublished\":\"2018-01-17T14:39:53+00:00\",\"breadcrumb\":{\"@id\":\"https:\/\/volcanes.net\/?p=517#breadcrumb\"},\"inLanguage\":\"es\",\"potentialAction\":[{\"@type\":\"ReadAction\",\"target\":[\"https:\/\/volcanes.net\/?p=517\"]}]},{\"@type\":\"ImageObject\",\"inLanguage\":\"es\",\"@id\":\"https:\/\/volcanes.net\/?p=517#primaryimage\",\"url\":\"https:\/\/volcanes.net\/wp-content\/uploads\/2018\/01\/comun-046-2.jpg\",\"contentUrl\":\"https:\/\/volcanes.net\/wp-content\/uploads\/2018\/01\/comun-046-2.jpg\",\"width\":400,\"height\":200},{\"@type\":\"BreadcrumbList\",\"@id\":\"https:\/\/volcanes.net\/?p=517#breadcrumb\",\"itemListElement\":[{\"@type\":\"ListItem\",\"position\":1,\"name\":\"Portada\",\"item\":\"https:\/\/volcanes.net\/\"},{\"@type\":\"ListItem\",\"position\":2,\"name\":\"Consolida UAEM lazos acad\u00e9micos y cient\u00edficos con el mundo\"}]},{\"@type\":\"WebSite\",\"@id\":\"https:\/\/volcanes.net\/#website\",\"url\":\"https:\/\/volcanes.net\/\",\"name\":\"Volcanes.Net\",\"description\":\"Periodismo Profesional\",\"publisher\":{\"@id\":\"https:\/\/volcanes.net\/#organization\"},\"potentialAction\":[{\"@type\":\"SearchAction\",\"target\":{\"@type\":\"EntryPoint\",\"urlTemplate\":\"https:\/\/volcanes.net\/?s={search_term_string}\"},\"query-input\":{\"@type\":\"PropertyValueSpecification\",\"valueRequired\":true,\"valueName\":\"search_term_string\"}}],\"inLanguage\":\"es\"},{\"@type\":\"Organization\",\"@id\":\"https:\/\/volcanes.net\/#organization\",\"name\":\"Grupo Volcanes\",\"url\":\"https:\/\/volcanes.net\/\",\"logo\":{\"@type\":\"ImageObject\",\"inLanguage\":\"es\",\"@id\":\"https:\/\/volcanes.net\/#\/schema\/logo\/image\/\",\"url\":\"http:\/\/volcanes.net\/wp-content\/uploads\/2017\/12\/Avatar2.jpg\",\"contentUrl\":\"http:\/\/volcanes.net\/wp-content\/uploads\/2017\/12\/Avatar2.jpg\",\"width\":378,\"height\":378,\"caption\":\"Grupo Volcanes\"},\"image\":{\"@id\":\"https:\/\/volcanes.net\/#\/schema\/logo\/image\/\"},\"sameAs\":[\"https:\/\/www.facebook.com\/volcanes.net\/\"]},{\"@type\":\"Person\",\"@id\":\"https:\/\/volcanes.net\/#\/schema\/person\/4bf0f383940966a4abd53f5048c0e6b9\",\"name\":\"admin\",\"image\":{\"@type\":\"ImageObject\",\"inLanguage\":\"es\",\"@id\":\"https:\/\/volcanes.net\/#\/schema\/person\/image\/\",\"url\":\"https:\/\/secure.gravatar.com\/avatar\/ca004e6cba8462b8cb7abc86e382930c?s=96&d=mm&r=g\",\"contentUrl\":\"https:\/\/secure.gravatar.com\/avatar\/ca004e6cba8462b8cb7abc86e382930c?s=96&d=mm&r=g\",\"caption\":\"admin\"}}]}<\/script>\n<!-- \/ Yoast SEO plugin. -->","yoast_head_json":{"title":"Consolida UAEM lazos acad\u00e9micos y cient\u00edficos con el mundo - Volcanes","robots":{"index":"index","follow":"follow","max-snippet":"max-snippet:-1","max-image-preview":"max-image-preview:large","max-video-preview":"max-video-preview:-1"},"canonical":"https:\/\/volcanes.net\/?p=517","og_locale":"es_MX","og_type":"article","og_title":"Consolida UAEM lazos acad\u00e9micos y cient\u00edficos con el mundo - Volcanes","og_description":"Al realizar movilidad acad\u00e9mica, los universitarios derrumban obst\u00e1culos econ\u00f3micos, geogr\u00e1ficos, hist\u00f3ricos y culturales, sostuvo el","og_url":"https:\/\/volcanes.net\/?p=517","og_site_name":"Volcanes","article_publisher":"https:\/\/www.facebook.com\/volcanes.net\/","article_published_time":"2018-01-17T14:39:53+00:00","og_image":[{"width":400,"height":200,"url":"https:\/\/volcanes.net\/wp-content\/uploads\/2018\/01\/comun-046-2.jpg","type":"image\/jpeg"}],"author":"admin","twitter_card":"summary_large_image","twitter_misc":{"Escrito por":"admin","Tiempo de lectura":"2 minutos"},"schema":{"@context":"https:\/\/schema.org","@graph":[{"@type":"Article","@id":"https:\/\/volcanes.net\/?p=517#article","isPartOf":{"@id":"https:\/\/volcanes.net\/?p=517"},"author":{"name":"admin","@id":"https:\/\/volcanes.net\/#\/schema\/person\/4bf0f383940966a4abd53f5048c0e6b9"},"headline":"Consolida UAEM lazos acad\u00e9micos y cient\u00edficos con el mundo","datePublished":"2018-01-17T14:39:53+00:00","mainEntityOfPage":{"@id":"https:\/\/volcanes.net\/?p=517"},"wordCount":378,"commentCount":0,"publisher":{"@id":"https:\/\/volcanes.net\/#organization"},"image":{"@id":"https:\/\/volcanes.net\/?p=517#primaryimage"},"thumbnailUrl":"https:\/\/volcanes.net\/wp-content\/uploads\/2018\/01\/comun-046-2.jpg","keywords":["UAEM","UAEMEX"],"articleSection":["Municipales"],"inLanguage":"es","potentialAction":[{"@type":"CommentAction","name":"Comment","target":["https:\/\/volcanes.net\/?p=517#respond"]}]},{"@type":"WebPage","@id":"https:\/\/volcanes.net\/?p=517","url":"https:\/\/volcanes.net\/?p=517","name":"Consolida UAEM lazos acad\u00e9micos y cient\u00edficos con el mundo - Volcanes","isPartOf":{"@id":"https:\/\/volcanes.net\/#website"},"primaryImageOfPage":{"@id":"https:\/\/volcanes.net\/?p=517#primaryimage"},"image":{"@id":"https:\/\/volcanes.net\/?p=517#primaryimage"},"thumbnailUrl":"https:\/\/volcanes.net\/wp-content\/uploads\/2018\/01\/comun-046-2.jpg","datePublished":"2018-01-17T14:39:53+00:00","breadcrumb":{"@id":"https:\/\/volcanes.net\/?p=517#breadcrumb"},"inLanguage":"es","potentialAction":[{"@type":"ReadAction","target":["https:\/\/volcanes.net\/?p=517"]}]},{"@type":"ImageObject","inLanguage":"es","@id":"https:\/\/volcanes.net\/?p=517#primaryimage","url":"https:\/\/volcanes.net\/wp-content\/uploads\/2018\/01\/comun-046-2.jpg","contentUrl":"https:\/\/volcanes.net\/wp-content\/uploads\/2018\/01\/comun-046-2.jpg","width":400,"height":200},{"@type":"BreadcrumbList","@id":"https:\/\/volcanes.net\/?p=517#breadcrumb","itemListElement":[{"@type":"ListItem","position":1,"name":"Portada","item":"https:\/\/volcanes.net\/"},{"@type":"ListItem","position":2,"name":"Consolida UAEM lazos acad\u00e9micos y cient\u00edficos con el mundo"}]},{"@type":"WebSite","@id":"https:\/\/volcanes.net\/#website","url":"https:\/\/volcanes.net\/","name":"Volcanes.Net","description":"Periodismo Profesional","publisher":{"@id":"https:\/\/volcanes.net\/#organization"},"potentialAction":[{"@type":"SearchAction","target":{"@type":"EntryPoint","urlTemplate":"https:\/\/volcanes.net\/?s={search_term_string}"},"query-input":{"@type":"PropertyValueSpecification","valueRequired":true,"valueName":"search_term_string"}}],"inLanguage":"es"},{"@type":"Organization","@id":"https:\/\/volcanes.net\/#organization","name":"Grupo Volcanes","url":"https:\/\/volcanes.net\/","logo":{"@type":"ImageObject","inLanguage":"es","@id":"https:\/\/volcanes.net\/#\/schema\/logo\/image\/","url":"http:\/\/volcanes.net\/wp-content\/uploads\/2017\/12\/Avatar2.jpg","contentUrl":"http:\/\/volcanes.net\/wp-content\/uploads\/2017\/12\/Avatar2.jpg","width":378,"height":378,"caption":"Grupo Volcanes"},"image":{"@id":"https:\/\/volcanes.net\/#\/schema\/logo\/image\/"},"sameAs":["https:\/\/www.facebook.com\/volcanes.net\/"]},{"@type":"Person","@id":"https:\/\/volcanes.net\/#\/schema\/person\/4bf0f383940966a4abd53f5048c0e6b9","name":"admin","image":{"@type":"ImageObject","inLanguage":"es","@id":"https:\/\/volcanes.net\/#\/schema\/person\/image\/","url":"https:\/\/secure.gravatar.com\/avatar\/ca004e6cba8462b8cb7abc86e382930c?s=96&d=mm&r=g","contentUrl":"https:\/\/secure.gravatar.com\/avatar\/ca004e6cba8462b8cb7abc86e382930c?s=96&d=mm&r=g","caption":"admin"}}]}},"_links":{"self":[{"href":"https:\/\/volcanes.net\/index.php?rest_route=\/wp\/v2\/posts\/517"}],"collection":[{"href":"https:\/\/volcanes.net\/index.php?rest_route=\/wp\/v2\/posts"}],"about":[{"href":"https:\/\/volcanes.net\/index.php?rest_route=\/wp\/v2\/types\/post"}],"author":[{"embeddable":true,"href":"https:\/\/volcanes.net\/index.php?rest_route=\/wp\/v2\/users\/1"}],"replies":[{"embeddable":true,"href":"https:\/\/volcanes.net\/index.php?rest_route=%2Fwp%2Fv2%2Fcomments&post=517"}],"version-history":[{"count":1,"href":"https:\/\/volcanes.net\/index.php?rest_route=\/wp\/v2\/posts\/517\/revisions"}],"predecessor-version":[{"id":518,"href":"https:\/\/volcanes.net\/index.php?rest_route=\/wp\/v2\/posts\/517\/revisions\/518"}],"wp:featuredmedia":[{"embeddable":true,"href":"https:\/\/volcanes.net\/index.php?rest_route=\/wp\/v2\/media\/508"}],"wp:attachment":[{"href":"https:\/\/volcanes.net\/index.php?rest_route=%2Fwp%2Fv2%2Fmedia&parent=517"}],"wp:term":[{"taxonomy":"category","embeddable":true,"href":"https:\/\/volcanes.net\/index.php?rest_route=%2Fwp%2Fv2%2Fcategories&post=517"},{"taxonomy":"post_tag","embeddable":true,"href":"https:\/\/volcanes.net\/index.php?rest_route=%2Fwp%2Fv2%2Ftags&post=517"}],"curies":[{"name":"wp","href":"https:\/\/api.w.org\/{rel}","templated":true}]}}