{"id":5188,"date":"2019-07-30T18:50:12","date_gmt":"2019-07-31T00:50:12","guid":{"rendered":"http:\/\/volcanes.net\/?p=5188"},"modified":"2019-07-30T18:50:12","modified_gmt":"2019-07-31T00:50:12","slug":"continua-en-amecameca-programa-cero-baches","status":"publish","type":"post","link":"https:\/\/volcanes.net\/?p=5188","title":{"rendered":"Contin\u00faa en Amecameca Programa Cero Baches"},"content":{"rendered":"<div style=\"margin-top: 0px; margin-bottom: 0px;\" class=\"sharethis-inline-share-buttons\" ><\/div><p>Se priorizan calles y avenidas que alimentan la ruta de evacuaci\u00f3n del Plan Operativo Popocat\u00e9petl.<\/p>\n<p>Con la compra de maquinaria se redujo hasta en un 45 por ciento el gasto en bacheo.<\/p>\n<p>Luego de informar que como parte del Programa Cero Baches se han aplicado 190 toneladas de asfalto en calles y avenidas del municipio, el Presidente Municipal Miguel \u00c1ngel Salom\u00f3n Cort\u00e9s se\u00f1al\u00f3 que son prioridad aquellas vialidades que confluyen en la ruta de evacuaci\u00f3n del Plan Operativo Popocat\u00e9petl.<\/p>\n<p>Entrevistado durante un recorrido de supervisi\u00f3n el Alcalde adelant\u00f3 que a\u00fan faltan por aplicar otras 170 toneladas de asfalto; y reiter\u00f3 que con este programa se contribuye a la seguridad del municipio debido a que se agiliza de manera considerable el tr\u00e1fico de unidades policiacas.<\/p>\n<p>Tambi\u00e9n subray\u00f3 que con la compra de un rodillo, una bailarina y una cortadora, se redujeron los costos por bacheo hasta en un 45 por ciento, y se agilizaron de manera considerable ya que ahora lo realizan trabajadores municipales.<\/p>\n<p>Adem\u00e1s, sostuvo que este programa forma parte del Programa Integral de Movilidad, que contempla 185 acciones entre ellas el bacheo, no realizaremos trabajos aislados, sino que cada uno sea un eslab\u00f3n que enlace al otro hasta lograr las metas establecidas, dijo.<\/p>\n<p>Finalmente sostuvo que existe la confianza que al mejorar la imagen urbana de Amecameca, se garantiza la inversi\u00f3n externa y tambi\u00e9n se impulsa el desarrollo econ\u00f3mico municipal<\/p>\n","protected":false},"excerpt":{"rendered":"<p>Se priorizan calles y avenidas que alimentan la ruta de evacuaci\u00f3n del Plan Operativo Popocat\u00e9petl.<\/p>\n","protected":false},"author":1,"featured_media":5189,"comment_status":"open","ping_status":"open","sticky":false,"template":"","format":"standard","meta":{"footnotes":""},"categories":[1],"tags":[7],"class_list":["post-5188","post","type-post","status-publish","format-standard","has-post-thumbnail","hentry","category-municipales","tag-amecameca"],"yoast_head":"<!-- This site is optimized with the Yoast SEO plugin v25.3 - https:\/\/yoast.com\/wordpress\/plugins\/seo\/ -->\n<title>Contin\u00faa en Amecameca Programa Cero Baches - Volcanes<\/title>\n<meta name=\"robots\" content=\"index, follow, max-snippet:-1, max-image-preview:large, max-video-preview:-1\" \/>\n<link rel=\"canonical\" href=\"https:\/\/volcanes.net\/?p=5188\" \/>\n<meta property=\"og:locale\" content=\"es_MX\" \/>\n<meta property=\"og:type\" content=\"article\" \/>\n<meta property=\"og:title\" content=\"Contin\u00faa en Amecameca Programa Cero Baches - Volcanes\" \/>\n<meta property=\"og:description\" content=\"Se priorizan calles y avenidas que alimentan la ruta de evacuaci\u00f3n del Plan Operativo Popocat\u00e9petl.\" \/>\n<meta property=\"og:url\" content=\"https:\/\/volcanes.net\/?p=5188\" \/>\n<meta property=\"og:site_name\" content=\"Volcanes\" \/>\n<meta property=\"article:publisher\" content=\"https:\/\/www.facebook.com\/volcanes.net\/\" \/>\n<meta property=\"article:published_time\" content=\"2019-07-31T00:50:12+00:00\" \/>\n<meta property=\"og:image\" content=\"https:\/\/volcanes.net\/wp-content\/uploads\/2019\/07\/67404861_418734965516991_1786359688195997696_n.jpg\" \/>\n\t<meta property=\"og:image:width\" content=\"600\" \/>\n\t<meta property=\"og:image:height\" content=\"450\" \/>\n\t<meta property=\"og:image:type\" content=\"image\/jpeg\" \/>\n<meta name=\"author\" content=\"admin\" \/>\n<meta name=\"twitter:card\" content=\"summary_large_image\" \/>\n<meta name=\"twitter:label1\" content=\"Escrito por\" \/>\n\t<meta name=\"twitter:data1\" content=\"admin\" \/>\n\t<meta name=\"twitter:label2\" content=\"Tiempo de lectura\" \/>\n\t<meta name=\"twitter:data2\" content=\"1 minuto\" \/>\n<script type=\"application\/ld+json\" class=\"yoast-schema-graph\">{\"@context\":\"https:\/\/schema.org\",\"@graph\":[{\"@type\":\"Article\",\"@id\":\"https:\/\/volcanes.net\/?p=5188#article\",\"isPartOf\":{\"@id\":\"https:\/\/volcanes.net\/?p=5188\"},\"author\":{\"name\":\"admin\",\"@id\":\"https:\/\/volcanes.net\/#\/schema\/person\/4bf0f383940966a4abd53f5048c0e6b9\"},\"headline\":\"Contin\u00faa en Amecameca Programa Cero Baches\",\"datePublished\":\"2019-07-31T00:50:12+00:00\",\"mainEntityOfPage\":{\"@id\":\"https:\/\/volcanes.net\/?p=5188\"},\"wordCount\":249,\"commentCount\":0,\"publisher\":{\"@id\":\"https:\/\/volcanes.net\/#organization\"},\"image\":{\"@id\":\"https:\/\/volcanes.net\/?p=5188#primaryimage\"},\"thumbnailUrl\":\"https:\/\/volcanes.net\/wp-content\/uploads\/2019\/07\/67404861_418734965516991_1786359688195997696_n.jpg\",\"keywords\":[\"Amecameca\"],\"articleSection\":[\"Municipales\"],\"inLanguage\":\"es\",\"potentialAction\":[{\"@type\":\"CommentAction\",\"name\":\"Comment\",\"target\":[\"https:\/\/volcanes.net\/?p=5188#respond\"]}]},{\"@type\":\"WebPage\",\"@id\":\"https:\/\/volcanes.net\/?p=5188\",\"url\":\"https:\/\/volcanes.net\/?p=5188\",\"name\":\"Contin\u00faa en Amecameca Programa Cero Baches - Volcanes\",\"isPartOf\":{\"@id\":\"https:\/\/volcanes.net\/#website\"},\"primaryImageOfPage\":{\"@id\":\"https:\/\/volcanes.net\/?p=5188#primaryimage\"},\"image\":{\"@id\":\"https:\/\/volcanes.net\/?p=5188#primaryimage\"},\"thumbnailUrl\":\"https:\/\/volcanes.net\/wp-content\/uploads\/2019\/07\/67404861_418734965516991_1786359688195997696_n.jpg\",\"datePublished\":\"2019-07-31T00:50:12+00:00\",\"breadcrumb\":{\"@id\":\"https:\/\/volcanes.net\/?p=5188#breadcrumb\"},\"inLanguage\":\"es\",\"potentialAction\":[{\"@type\":\"ReadAction\",\"target\":[\"https:\/\/volcanes.net\/?p=5188\"]}]},{\"@type\":\"ImageObject\",\"inLanguage\":\"es\",\"@id\":\"https:\/\/volcanes.net\/?p=5188#primaryimage\",\"url\":\"https:\/\/volcanes.net\/wp-content\/uploads\/2019\/07\/67404861_418734965516991_1786359688195997696_n.jpg\",\"contentUrl\":\"https:\/\/volcanes.net\/wp-content\/uploads\/2019\/07\/67404861_418734965516991_1786359688195997696_n.jpg\",\"width\":600,\"height\":450},{\"@type\":\"BreadcrumbList\",\"@id\":\"https:\/\/volcanes.net\/?p=5188#breadcrumb\",\"itemListElement\":[{\"@type\":\"ListItem\",\"position\":1,\"name\":\"Portada\",\"item\":\"https:\/\/volcanes.net\/\"},{\"@type\":\"ListItem\",\"position\":2,\"name\":\"Contin\u00faa en Amecameca Programa Cero Baches\"}]},{\"@type\":\"WebSite\",\"@id\":\"https:\/\/volcanes.net\/#website\",\"url\":\"https:\/\/volcanes.net\/\",\"name\":\"Volcanes.Net\",\"description\":\"Periodismo Profesional\",\"publisher\":{\"@id\":\"https:\/\/volcanes.net\/#organization\"},\"potentialAction\":[{\"@type\":\"SearchAction\",\"target\":{\"@type\":\"EntryPoint\",\"urlTemplate\":\"https:\/\/volcanes.net\/?s={search_term_string}\"},\"query-input\":{\"@type\":\"PropertyValueSpecification\",\"valueRequired\":true,\"valueName\":\"search_term_string\"}}],\"inLanguage\":\"es\"},{\"@type\":\"Organization\",\"@id\":\"https:\/\/volcanes.net\/#organization\",\"name\":\"Grupo Volcanes\",\"url\":\"https:\/\/volcanes.net\/\",\"logo\":{\"@type\":\"ImageObject\",\"inLanguage\":\"es\",\"@id\":\"https:\/\/volcanes.net\/#\/schema\/logo\/image\/\",\"url\":\"http:\/\/volcanes.net\/wp-content\/uploads\/2017\/12\/Avatar2.jpg\",\"contentUrl\":\"http:\/\/volcanes.net\/wp-content\/uploads\/2017\/12\/Avatar2.jpg\",\"width\":378,\"height\":378,\"caption\":\"Grupo Volcanes\"},\"image\":{\"@id\":\"https:\/\/volcanes.net\/#\/schema\/logo\/image\/\"},\"sameAs\":[\"https:\/\/www.facebook.com\/volcanes.net\/\"]},{\"@type\":\"Person\",\"@id\":\"https:\/\/volcanes.net\/#\/schema\/person\/4bf0f383940966a4abd53f5048c0e6b9\",\"name\":\"admin\",\"image\":{\"@type\":\"ImageObject\",\"inLanguage\":\"es\",\"@id\":\"https:\/\/volcanes.net\/#\/schema\/person\/image\/\",\"url\":\"https:\/\/secure.gravatar.com\/avatar\/ca004e6cba8462b8cb7abc86e382930c?s=96&d=mm&r=g\",\"contentUrl\":\"https:\/\/secure.gravatar.com\/avatar\/ca004e6cba8462b8cb7abc86e382930c?s=96&d=mm&r=g\",\"caption\":\"admin\"}}]}<\/script>\n<!-- \/ Yoast SEO plugin. -->","yoast_head_json":{"title":"Contin\u00faa en Amecameca Programa Cero Baches - Volcanes","robots":{"index":"index","follow":"follow","max-snippet":"max-snippet:-1","max-image-preview":"max-image-preview:large","max-video-preview":"max-video-preview:-1"},"canonical":"https:\/\/volcanes.net\/?p=5188","og_locale":"es_MX","og_type":"article","og_title":"Contin\u00faa en Amecameca Programa Cero Baches - Volcanes","og_description":"Se priorizan calles y avenidas que alimentan la ruta de evacuaci\u00f3n del Plan Operativo Popocat\u00e9petl.","og_url":"https:\/\/volcanes.net\/?p=5188","og_site_name":"Volcanes","article_publisher":"https:\/\/www.facebook.com\/volcanes.net\/","article_published_time":"2019-07-31T00:50:12+00:00","og_image":[{"width":600,"height":450,"url":"https:\/\/volcanes.net\/wp-content\/uploads\/2019\/07\/67404861_418734965516991_1786359688195997696_n.jpg","type":"image\/jpeg"}],"author":"admin","twitter_card":"summary_large_image","twitter_misc":{"Escrito por":"admin","Tiempo de lectura":"1 minuto"},"schema":{"@context":"https:\/\/schema.org","@graph":[{"@type":"Article","@id":"https:\/\/volcanes.net\/?p=5188#article","isPartOf":{"@id":"https:\/\/volcanes.net\/?p=5188"},"author":{"name":"admin","@id":"https:\/\/volcanes.net\/#\/schema\/person\/4bf0f383940966a4abd53f5048c0e6b9"},"headline":"Contin\u00faa en Amecameca Programa Cero Baches","datePublished":"2019-07-31T00:50:12+00:00","mainEntityOfPage":{"@id":"https:\/\/volcanes.net\/?p=5188"},"wordCount":249,"commentCount":0,"publisher":{"@id":"https:\/\/volcanes.net\/#organization"},"image":{"@id":"https:\/\/volcanes.net\/?p=5188#primaryimage"},"thumbnailUrl":"https:\/\/volcanes.net\/wp-content\/uploads\/2019\/07\/67404861_418734965516991_1786359688195997696_n.jpg","keywords":["Amecameca"],"articleSection":["Municipales"],"inLanguage":"es","potentialAction":[{"@type":"CommentAction","name":"Comment","target":["https:\/\/volcanes.net\/?p=5188#respond"]}]},{"@type":"WebPage","@id":"https:\/\/volcanes.net\/?p=5188","url":"https:\/\/volcanes.net\/?p=5188","name":"Contin\u00faa en Amecameca Programa Cero Baches - Volcanes","isPartOf":{"@id":"https:\/\/volcanes.net\/#website"},"primaryImageOfPage":{"@id":"https:\/\/volcanes.net\/?p=5188#primaryimage"},"image":{"@id":"https:\/\/volcanes.net\/?p=5188#primaryimage"},"thumbnailUrl":"https:\/\/volcanes.net\/wp-content\/uploads\/2019\/07\/67404861_418734965516991_1786359688195997696_n.jpg","datePublished":"2019-07-31T00:50:12+00:00","breadcrumb":{"@id":"https:\/\/volcanes.net\/?p=5188#breadcrumb"},"inLanguage":"es","potentialAction":[{"@type":"ReadAction","target":["https:\/\/volcanes.net\/?p=5188"]}]},{"@type":"ImageObject","inLanguage":"es","@id":"https:\/\/volcanes.net\/?p=5188#primaryimage","url":"https:\/\/volcanes.net\/wp-content\/uploads\/2019\/07\/67404861_418734965516991_1786359688195997696_n.jpg","contentUrl":"https:\/\/volcanes.net\/wp-content\/uploads\/2019\/07\/67404861_418734965516991_1786359688195997696_n.jpg","width":600,"height":450},{"@type":"BreadcrumbList","@id":"https:\/\/volcanes.net\/?p=5188#breadcrumb","itemListElement":[{"@type":"ListItem","position":1,"name":"Portada","item":"https:\/\/volcanes.net\/"},{"@type":"ListItem","position":2,"name":"Contin\u00faa en Amecameca Programa Cero Baches"}]},{"@type":"WebSite","@id":"https:\/\/volcanes.net\/#website","url":"https:\/\/volcanes.net\/","name":"Volcanes.Net","description":"Periodismo Profesional","publisher":{"@id":"https:\/\/volcanes.net\/#organization"},"potentialAction":[{"@type":"SearchAction","target":{"@type":"EntryPoint","urlTemplate":"https:\/\/volcanes.net\/?s={search_term_string}"},"query-input":{"@type":"PropertyValueSpecification","valueRequired":true,"valueName":"search_term_string"}}],"inLanguage":"es"},{"@type":"Organization","@id":"https:\/\/volcanes.net\/#organization","name":"Grupo Volcanes","url":"https:\/\/volcanes.net\/","logo":{"@type":"ImageObject","inLanguage":"es","@id":"https:\/\/volcanes.net\/#\/schema\/logo\/image\/","url":"http:\/\/volcanes.net\/wp-content\/uploads\/2017\/12\/Avatar2.jpg","contentUrl":"http:\/\/volcanes.net\/wp-content\/uploads\/2017\/12\/Avatar2.jpg","width":378,"height":378,"caption":"Grupo Volcanes"},"image":{"@id":"https:\/\/volcanes.net\/#\/schema\/logo\/image\/"},"sameAs":["https:\/\/www.facebook.com\/volcanes.net\/"]},{"@type":"Person","@id":"https:\/\/volcanes.net\/#\/schema\/person\/4bf0f383940966a4abd53f5048c0e6b9","name":"admin","image":{"@type":"ImageObject","inLanguage":"es","@id":"https:\/\/volcanes.net\/#\/schema\/person\/image\/","url":"https:\/\/secure.gravatar.com\/avatar\/ca004e6cba8462b8cb7abc86e382930c?s=96&d=mm&r=g","contentUrl":"https:\/\/secure.gravatar.com\/avatar\/ca004e6cba8462b8cb7abc86e382930c?s=96&d=mm&r=g","caption":"admin"}}]}},"_links":{"self":[{"href":"https:\/\/volcanes.net\/index.php?rest_route=\/wp\/v2\/posts\/5188"}],"collection":[{"href":"https:\/\/volcanes.net\/index.php?rest_route=\/wp\/v2\/posts"}],"about":[{"href":"https:\/\/volcanes.net\/index.php?rest_route=\/wp\/v2\/types\/post"}],"author":[{"embeddable":true,"href":"https:\/\/volcanes.net\/index.php?rest_route=\/wp\/v2\/users\/1"}],"replies":[{"embeddable":true,"href":"https:\/\/volcanes.net\/index.php?rest_route=%2Fwp%2Fv2%2Fcomments&post=5188"}],"version-history":[{"count":1,"href":"https:\/\/volcanes.net\/index.php?rest_route=\/wp\/v2\/posts\/5188\/revisions"}],"predecessor-version":[{"id":5190,"href":"https:\/\/volcanes.net\/index.php?rest_route=\/wp\/v2\/posts\/5188\/revisions\/5190"}],"wp:featuredmedia":[{"embeddable":true,"href":"https:\/\/volcanes.net\/index.php?rest_route=\/wp\/v2\/media\/5189"}],"wp:attachment":[{"href":"https:\/\/volcanes.net\/index.php?rest_route=%2Fwp%2Fv2%2Fmedia&parent=5188"}],"wp:term":[{"taxonomy":"category","embeddable":true,"href":"https:\/\/volcanes.net\/index.php?rest_route=%2Fwp%2Fv2%2Fcategories&post=5188"},{"taxonomy":"post_tag","embeddable":true,"href":"https:\/\/volcanes.net\/index.php?rest_route=%2Fwp%2Fv2%2Ftags&post=5188"}],"curies":[{"name":"wp","href":"https:\/\/api.w.org\/{rel}","templated":true}]}}