{"id":5243,"date":"2019-08-11T10:31:46","date_gmt":"2019-08-11T16:31:46","guid":{"rendered":"http:\/\/volcanes.net\/?p=5243"},"modified":"2019-08-11T10:31:46","modified_gmt":"2019-08-11T16:31:46","slug":"inauguran-el-primer-festival-cultural-de-la-nuez-de-castilla-en-amecameca","status":"publish","type":"post","link":"https:\/\/volcanes.net\/?p=5243","title":{"rendered":"Inauguran el primer festival cultural de la nuez de Castilla en #Amecameca"},"content":{"rendered":"<div style=\"margin-top: 0px; margin-bottom: 0px;\" class=\"sharethis-inline-share-buttons\" ><\/div><p>Amecameca, Estado de M\u00e9xico.- En el municipio de Amecameca se realiz\u00f3 la inauguraci\u00f3n del primer Festival Cultural de la Nuez de Castilla en Amecameca, inform\u00f3 el presidente Miguel \u00c1ngel Salom\u00f3n Cort\u00e9s, que Amecameca fue el \u00fanico municipio del estado de M\u00e9xico que logr\u00f3 recibir dinero para la celebraci\u00f3n de este festival.<\/p>\n<p>Indic\u00f3 que logr\u00f3 recibir 315 mil pesos del programa PROFEST para la celebraci\u00f3n de este Festival.<\/p>\n<p>Abund\u00f3 que la celebraci\u00f3n del primer festival de la nuez de Castilla ayudar\u00e1 a reactivar la econom\u00eda familiar y sobre todo para promover el arte y las tradiciones entre la poblaci\u00f3n. A la vez mencion\u00f3 que este 1er. Festival Cultural de la Nuez de Castilla, se celebrar\u00e1 del 10 al 18 de agosto<\/p>\n<p>Invit\u00f3 a los visitantes a disfrutar de la nuez de castilla y de los productos que se elaboran con el fruto del nogal: como los chiles en nogada, helados y pan, entre otros productos.<\/p>\n<p>Asegur\u00f3 que la seguridad est\u00e1 garantizada, ya que se la logrado una coordinaci\u00f3n con las diferentes estancias de gobienro, abund\u00f3 en que la guardia nacional realiza recorridos por todo el primer cuadro de Amecameca<\/p>\n","protected":false},"excerpt":{"rendered":"<p>Amecameca, Estado de M\u00e9xico.- En el municipio de Amecameca se realiz\u00f3 la inauguraci\u00f3n del primer<\/p>\n","protected":false},"author":1,"featured_media":5244,"comment_status":"open","ping_status":"open","sticky":false,"template":"","format":"standard","meta":{"footnotes":""},"categories":[1],"tags":[7],"class_list":["post-5243","post","type-post","status-publish","format-standard","has-post-thumbnail","hentry","category-municipales","tag-amecameca"],"yoast_head":"<!-- This site is optimized with the Yoast SEO plugin v25.3 - https:\/\/yoast.com\/wordpress\/plugins\/seo\/ -->\n<title>Inauguran el primer festival cultural de la nuez de Castilla en #Amecameca - Volcanes<\/title>\n<meta name=\"robots\" content=\"index, follow, max-snippet:-1, max-image-preview:large, max-video-preview:-1\" \/>\n<link rel=\"canonical\" href=\"https:\/\/volcanes.net\/?p=5243\" \/>\n<meta property=\"og:locale\" content=\"es_MX\" \/>\n<meta property=\"og:type\" content=\"article\" \/>\n<meta property=\"og:title\" content=\"Inauguran el primer festival cultural de la nuez de Castilla en #Amecameca - Volcanes\" \/>\n<meta property=\"og:description\" content=\"Amecameca, Estado de M\u00e9xico.- En el municipio de Amecameca se realiz\u00f3 la inauguraci\u00f3n del primer\" \/>\n<meta property=\"og:url\" content=\"https:\/\/volcanes.net\/?p=5243\" \/>\n<meta property=\"og:site_name\" content=\"Volcanes\" \/>\n<meta property=\"article:publisher\" content=\"https:\/\/www.facebook.com\/volcanes.net\/\" \/>\n<meta property=\"article:published_time\" content=\"2019-08-11T16:31:46+00:00\" \/>\n<meta property=\"og:image\" content=\"https:\/\/volcanes.net\/wp-content\/uploads\/2019\/08\/67968383_366035080963539_5023361932283871232_n.jpg\" \/>\n\t<meta property=\"og:image:width\" content=\"600\" \/>\n\t<meta property=\"og:image:height\" content=\"300\" \/>\n\t<meta property=\"og:image:type\" content=\"image\/jpeg\" \/>\n<meta name=\"author\" content=\"admin\" \/>\n<meta name=\"twitter:card\" content=\"summary_large_image\" \/>\n<meta name=\"twitter:label1\" content=\"Escrito por\" \/>\n\t<meta name=\"twitter:data1\" content=\"admin\" \/>\n\t<meta name=\"twitter:label2\" content=\"Tiempo de lectura\" \/>\n\t<meta name=\"twitter:data2\" content=\"1 minuto\" \/>\n<script type=\"application\/ld+json\" class=\"yoast-schema-graph\">{\"@context\":\"https:\/\/schema.org\",\"@graph\":[{\"@type\":\"Article\",\"@id\":\"https:\/\/volcanes.net\/?p=5243#article\",\"isPartOf\":{\"@id\":\"https:\/\/volcanes.net\/?p=5243\"},\"author\":{\"name\":\"admin\",\"@id\":\"https:\/\/volcanes.net\/#\/schema\/person\/4bf0f383940966a4abd53f5048c0e6b9\"},\"headline\":\"Inauguran el primer festival cultural de la nuez de Castilla en #Amecameca\",\"datePublished\":\"2019-08-11T16:31:46+00:00\",\"mainEntityOfPage\":{\"@id\":\"https:\/\/volcanes.net\/?p=5243\"},\"wordCount\":209,\"commentCount\":0,\"publisher\":{\"@id\":\"https:\/\/volcanes.net\/#organization\"},\"image\":{\"@id\":\"https:\/\/volcanes.net\/?p=5243#primaryimage\"},\"thumbnailUrl\":\"https:\/\/volcanes.net\/wp-content\/uploads\/2019\/08\/67968383_366035080963539_5023361932283871232_n.jpg\",\"keywords\":[\"Amecameca\"],\"articleSection\":[\"Municipales\"],\"inLanguage\":\"es\",\"potentialAction\":[{\"@type\":\"CommentAction\",\"name\":\"Comment\",\"target\":[\"https:\/\/volcanes.net\/?p=5243#respond\"]}]},{\"@type\":\"WebPage\",\"@id\":\"https:\/\/volcanes.net\/?p=5243\",\"url\":\"https:\/\/volcanes.net\/?p=5243\",\"name\":\"Inauguran el primer festival cultural de la nuez de Castilla en #Amecameca - Volcanes\",\"isPartOf\":{\"@id\":\"https:\/\/volcanes.net\/#website\"},\"primaryImageOfPage\":{\"@id\":\"https:\/\/volcanes.net\/?p=5243#primaryimage\"},\"image\":{\"@id\":\"https:\/\/volcanes.net\/?p=5243#primaryimage\"},\"thumbnailUrl\":\"https:\/\/volcanes.net\/wp-content\/uploads\/2019\/08\/67968383_366035080963539_5023361932283871232_n.jpg\",\"datePublished\":\"2019-08-11T16:31:46+00:00\",\"breadcrumb\":{\"@id\":\"https:\/\/volcanes.net\/?p=5243#breadcrumb\"},\"inLanguage\":\"es\",\"potentialAction\":[{\"@type\":\"ReadAction\",\"target\":[\"https:\/\/volcanes.net\/?p=5243\"]}]},{\"@type\":\"ImageObject\",\"inLanguage\":\"es\",\"@id\":\"https:\/\/volcanes.net\/?p=5243#primaryimage\",\"url\":\"https:\/\/volcanes.net\/wp-content\/uploads\/2019\/08\/67968383_366035080963539_5023361932283871232_n.jpg\",\"contentUrl\":\"https:\/\/volcanes.net\/wp-content\/uploads\/2019\/08\/67968383_366035080963539_5023361932283871232_n.jpg\",\"width\":600,\"height\":300},{\"@type\":\"BreadcrumbList\",\"@id\":\"https:\/\/volcanes.net\/?p=5243#breadcrumb\",\"itemListElement\":[{\"@type\":\"ListItem\",\"position\":1,\"name\":\"Portada\",\"item\":\"https:\/\/volcanes.net\/\"},{\"@type\":\"ListItem\",\"position\":2,\"name\":\"Inauguran el primer festival cultural de la nuez de Castilla en #Amecameca\"}]},{\"@type\":\"WebSite\",\"@id\":\"https:\/\/volcanes.net\/#website\",\"url\":\"https:\/\/volcanes.net\/\",\"name\":\"Volcanes.Net\",\"description\":\"Periodismo Profesional\",\"publisher\":{\"@id\":\"https:\/\/volcanes.net\/#organization\"},\"potentialAction\":[{\"@type\":\"SearchAction\",\"target\":{\"@type\":\"EntryPoint\",\"urlTemplate\":\"https:\/\/volcanes.net\/?s={search_term_string}\"},\"query-input\":{\"@type\":\"PropertyValueSpecification\",\"valueRequired\":true,\"valueName\":\"search_term_string\"}}],\"inLanguage\":\"es\"},{\"@type\":\"Organization\",\"@id\":\"https:\/\/volcanes.net\/#organization\",\"name\":\"Grupo Volcanes\",\"url\":\"https:\/\/volcanes.net\/\",\"logo\":{\"@type\":\"ImageObject\",\"inLanguage\":\"es\",\"@id\":\"https:\/\/volcanes.net\/#\/schema\/logo\/image\/\",\"url\":\"http:\/\/volcanes.net\/wp-content\/uploads\/2017\/12\/Avatar2.jpg\",\"contentUrl\":\"http:\/\/volcanes.net\/wp-content\/uploads\/2017\/12\/Avatar2.jpg\",\"width\":378,\"height\":378,\"caption\":\"Grupo Volcanes\"},\"image\":{\"@id\":\"https:\/\/volcanes.net\/#\/schema\/logo\/image\/\"},\"sameAs\":[\"https:\/\/www.facebook.com\/volcanes.net\/\"]},{\"@type\":\"Person\",\"@id\":\"https:\/\/volcanes.net\/#\/schema\/person\/4bf0f383940966a4abd53f5048c0e6b9\",\"name\":\"admin\",\"image\":{\"@type\":\"ImageObject\",\"inLanguage\":\"es\",\"@id\":\"https:\/\/volcanes.net\/#\/schema\/person\/image\/\",\"url\":\"https:\/\/secure.gravatar.com\/avatar\/ca004e6cba8462b8cb7abc86e382930c?s=96&d=mm&r=g\",\"contentUrl\":\"https:\/\/secure.gravatar.com\/avatar\/ca004e6cba8462b8cb7abc86e382930c?s=96&d=mm&r=g\",\"caption\":\"admin\"}}]}<\/script>\n<!-- \/ Yoast SEO plugin. -->","yoast_head_json":{"title":"Inauguran el primer festival cultural de la nuez de Castilla en #Amecameca - Volcanes","robots":{"index":"index","follow":"follow","max-snippet":"max-snippet:-1","max-image-preview":"max-image-preview:large","max-video-preview":"max-video-preview:-1"},"canonical":"https:\/\/volcanes.net\/?p=5243","og_locale":"es_MX","og_type":"article","og_title":"Inauguran el primer festival cultural de la nuez de Castilla en #Amecameca - Volcanes","og_description":"Amecameca, Estado de M\u00e9xico.- En el municipio de Amecameca se realiz\u00f3 la inauguraci\u00f3n del primer","og_url":"https:\/\/volcanes.net\/?p=5243","og_site_name":"Volcanes","article_publisher":"https:\/\/www.facebook.com\/volcanes.net\/","article_published_time":"2019-08-11T16:31:46+00:00","og_image":[{"width":600,"height":300,"url":"https:\/\/volcanes.net\/wp-content\/uploads\/2019\/08\/67968383_366035080963539_5023361932283871232_n.jpg","type":"image\/jpeg"}],"author":"admin","twitter_card":"summary_large_image","twitter_misc":{"Escrito por":"admin","Tiempo de lectura":"1 minuto"},"schema":{"@context":"https:\/\/schema.org","@graph":[{"@type":"Article","@id":"https:\/\/volcanes.net\/?p=5243#article","isPartOf":{"@id":"https:\/\/volcanes.net\/?p=5243"},"author":{"name":"admin","@id":"https:\/\/volcanes.net\/#\/schema\/person\/4bf0f383940966a4abd53f5048c0e6b9"},"headline":"Inauguran el primer festival cultural de la nuez de Castilla en #Amecameca","datePublished":"2019-08-11T16:31:46+00:00","mainEntityOfPage":{"@id":"https:\/\/volcanes.net\/?p=5243"},"wordCount":209,"commentCount":0,"publisher":{"@id":"https:\/\/volcanes.net\/#organization"},"image":{"@id":"https:\/\/volcanes.net\/?p=5243#primaryimage"},"thumbnailUrl":"https:\/\/volcanes.net\/wp-content\/uploads\/2019\/08\/67968383_366035080963539_5023361932283871232_n.jpg","keywords":["Amecameca"],"articleSection":["Municipales"],"inLanguage":"es","potentialAction":[{"@type":"CommentAction","name":"Comment","target":["https:\/\/volcanes.net\/?p=5243#respond"]}]},{"@type":"WebPage","@id":"https:\/\/volcanes.net\/?p=5243","url":"https:\/\/volcanes.net\/?p=5243","name":"Inauguran el primer festival cultural de la nuez de Castilla en #Amecameca - Volcanes","isPartOf":{"@id":"https:\/\/volcanes.net\/#website"},"primaryImageOfPage":{"@id":"https:\/\/volcanes.net\/?p=5243#primaryimage"},"image":{"@id":"https:\/\/volcanes.net\/?p=5243#primaryimage"},"thumbnailUrl":"https:\/\/volcanes.net\/wp-content\/uploads\/2019\/08\/67968383_366035080963539_5023361932283871232_n.jpg","datePublished":"2019-08-11T16:31:46+00:00","breadcrumb":{"@id":"https:\/\/volcanes.net\/?p=5243#breadcrumb"},"inLanguage":"es","potentialAction":[{"@type":"ReadAction","target":["https:\/\/volcanes.net\/?p=5243"]}]},{"@type":"ImageObject","inLanguage":"es","@id":"https:\/\/volcanes.net\/?p=5243#primaryimage","url":"https:\/\/volcanes.net\/wp-content\/uploads\/2019\/08\/67968383_366035080963539_5023361932283871232_n.jpg","contentUrl":"https:\/\/volcanes.net\/wp-content\/uploads\/2019\/08\/67968383_366035080963539_5023361932283871232_n.jpg","width":600,"height":300},{"@type":"BreadcrumbList","@id":"https:\/\/volcanes.net\/?p=5243#breadcrumb","itemListElement":[{"@type":"ListItem","position":1,"name":"Portada","item":"https:\/\/volcanes.net\/"},{"@type":"ListItem","position":2,"name":"Inauguran el primer festival cultural de la nuez de Castilla en #Amecameca"}]},{"@type":"WebSite","@id":"https:\/\/volcanes.net\/#website","url":"https:\/\/volcanes.net\/","name":"Volcanes.Net","description":"Periodismo Profesional","publisher":{"@id":"https:\/\/volcanes.net\/#organization"},"potentialAction":[{"@type":"SearchAction","target":{"@type":"EntryPoint","urlTemplate":"https:\/\/volcanes.net\/?s={search_term_string}"},"query-input":{"@type":"PropertyValueSpecification","valueRequired":true,"valueName":"search_term_string"}}],"inLanguage":"es"},{"@type":"Organization","@id":"https:\/\/volcanes.net\/#organization","name":"Grupo Volcanes","url":"https:\/\/volcanes.net\/","logo":{"@type":"ImageObject","inLanguage":"es","@id":"https:\/\/volcanes.net\/#\/schema\/logo\/image\/","url":"http:\/\/volcanes.net\/wp-content\/uploads\/2017\/12\/Avatar2.jpg","contentUrl":"http:\/\/volcanes.net\/wp-content\/uploads\/2017\/12\/Avatar2.jpg","width":378,"height":378,"caption":"Grupo Volcanes"},"image":{"@id":"https:\/\/volcanes.net\/#\/schema\/logo\/image\/"},"sameAs":["https:\/\/www.facebook.com\/volcanes.net\/"]},{"@type":"Person","@id":"https:\/\/volcanes.net\/#\/schema\/person\/4bf0f383940966a4abd53f5048c0e6b9","name":"admin","image":{"@type":"ImageObject","inLanguage":"es","@id":"https:\/\/volcanes.net\/#\/schema\/person\/image\/","url":"https:\/\/secure.gravatar.com\/avatar\/ca004e6cba8462b8cb7abc86e382930c?s=96&d=mm&r=g","contentUrl":"https:\/\/secure.gravatar.com\/avatar\/ca004e6cba8462b8cb7abc86e382930c?s=96&d=mm&r=g","caption":"admin"}}]}},"_links":{"self":[{"href":"https:\/\/volcanes.net\/index.php?rest_route=\/wp\/v2\/posts\/5243"}],"collection":[{"href":"https:\/\/volcanes.net\/index.php?rest_route=\/wp\/v2\/posts"}],"about":[{"href":"https:\/\/volcanes.net\/index.php?rest_route=\/wp\/v2\/types\/post"}],"author":[{"embeddable":true,"href":"https:\/\/volcanes.net\/index.php?rest_route=\/wp\/v2\/users\/1"}],"replies":[{"embeddable":true,"href":"https:\/\/volcanes.net\/index.php?rest_route=%2Fwp%2Fv2%2Fcomments&post=5243"}],"version-history":[{"count":1,"href":"https:\/\/volcanes.net\/index.php?rest_route=\/wp\/v2\/posts\/5243\/revisions"}],"predecessor-version":[{"id":5245,"href":"https:\/\/volcanes.net\/index.php?rest_route=\/wp\/v2\/posts\/5243\/revisions\/5245"}],"wp:featuredmedia":[{"embeddable":true,"href":"https:\/\/volcanes.net\/index.php?rest_route=\/wp\/v2\/media\/5244"}],"wp:attachment":[{"href":"https:\/\/volcanes.net\/index.php?rest_route=%2Fwp%2Fv2%2Fmedia&parent=5243"}],"wp:term":[{"taxonomy":"category","embeddable":true,"href":"https:\/\/volcanes.net\/index.php?rest_route=%2Fwp%2Fv2%2Fcategories&post=5243"},{"taxonomy":"post_tag","embeddable":true,"href":"https:\/\/volcanes.net\/index.php?rest_route=%2Fwp%2Fv2%2Ftags&post=5243"}],"curies":[{"name":"wp","href":"https:\/\/api.w.org\/{rel}","templated":true}]}}