{"id":525,"date":"2018-01-17T14:46:56","date_gmt":"2018-01-17T14:46:56","guid":{"rendered":"http:\/\/volcanes.net\/?p=525"},"modified":"2018-01-17T14:46:56","modified_gmt":"2018-01-17T14:46:56","slug":"seguridad-en-la-ciudad-de-mexico-prioridad-de-gobiernos-federal-y-local","status":"publish","type":"post","link":"https:\/\/volcanes.net\/?p=525","title":{"rendered":"Seguridad en la Ciudad de M\u00e9xico, prioridad de gobiernos federal y local"},"content":{"rendered":"<div style=\"margin-top: 0px; margin-bottom: 0px;\" class=\"sharethis-inline-share-buttons\" ><\/div><p>El secretario de Gobernaci\u00f3n, Alfonso Navarrete Prida, y el jefe de Gobierno, Miguel \u00c1ngel Mancera, coincidieron en que el combate a la delincuencia es una prioridad de las autoridades federales y locales, y muestra de ello es el reciente operativo realizado en Nuevo Le\u00f3n y en la Ciudad de M\u00e9xico.<\/p>\n<p>En la reuni\u00f3n privada celebrada en el Antiguo Palacio de Cobi\u00e1n, donde dialogaron tambi\u00e9n sobre el proceso electoral en marcha en la Ciudad de M\u00e9xico, Navarrete Prida dijo que derivado del trabajo coordinado entre los niveles de gobierno, la sociedad deber\u00e1 empezar a ver los resultados del combate a la inseguridad.<\/p>\n<p>Entrevistado al t\u00e9rmino del encuentro, el responsable de la pol\u00edtica interna del pa\u00eds dej\u00f3 claro que la inseguridad no se resuelve con discursos sino con hechos, por ello adelant\u00f3 que \u201chabr\u00e1 una realineaci\u00f3n de las capacidades que tiene el Estado y sus niveles de gobierno con resultados concretos\u201d.<\/p>\n<p>Ejemplo de ello, indic\u00f3, fue la detenci\u00f3n \u201ccon una extraordinaria colaboraci\u00f3n y coordinaci\u00f3n del segundo al mando del que denominaban el \u201cOjos\u201d, como la liberaci\u00f3n ayer, en apoyo al gobierno de Veracruz, de una mujer con detenci\u00f3n de cuatro miembros de una organizaci\u00f3n, entre ellos su l\u00edder\u201d.<\/p>\n<p>Adem\u00e1s, la liberaci\u00f3n en Hidalgo de una mujer, que deriv\u00f3 en la detenci\u00f3n de tres personas involucradas en el secuestro y el aseguramiento de 95 kilos de kristal, en Sonora, adem\u00e1s de la detenci\u00f3n de dos personas que permite continuar una s\u00f3lida investigaci\u00f3n.<\/p>\n<p>Entonces, insisto Navarrete Prida, no es un tema de discursos, es un tema de hechos y hay que informarlo a la sociedad.<\/p>\n<p>A pregunta expresa, el funcionario federal expuso que \u201cla sociedad debe empezar a ver resultados (\u2026) desde luego en un tema que es estructural. Aqu\u00ed no se vino a inventar nada, no es para improvisar sino para ser m\u00e1s eficaz en lo que le ha costado tanto trabajo a M\u00e9xico construir\u201d.<\/p>\n<p>Se trata, a\u00f1adi\u00f3 de dar resultados que permitan reducir los \u00edndices de delincuencia y, sobre todo que la gente efectivamente lo sienta.<\/p>\n<p>En torno a \u00bfcu\u00e1l es la prioridad del gobierno?: pol\u00edtica o seguridad, coment\u00f3 que ambas son prioridad y no se excluyen, dado que \u00e9sta \u00faltima permite que la sociedad est\u00e9 en paz y tranquila, mientras que la pol\u00edtica, \u201ccon gobernabilidad democr\u00e1tica, permite que los \u00f3rdenes de gobierno trabajen en favor de la gente\u201d.<\/p>\n<p>Por otra parte y al ser cuestionado sobre la presunta venta de los televisores que fueron entregados durante el llamado \u201capag\u00f3n anal\u00f3gico\u201d, el titular de la Segob, confi\u00f3 en que ese asunto est\u00e9 en manos de las autoridades de procuraci\u00f3n de justicia, y \u201csi hay delito que perseguir, se castigue, se sancione y se le pueda decir a la gente qu\u00e9 ocurri\u00f3\u201d.<\/p>\n<p>A su vez, el jefe de gobierno Miguel \u00c1ngel Mancera indic\u00f3 que durante el encuentro con el secretario de Gobernaci\u00f3n dialogaron sobre temas de seguridad y, de manera particular, sobre la agenda en la materia al interior de la Comisi\u00f3n Nacional de Gobernadores (Conago).<\/p>\n<p>\u201cPlaticamos lo que tenemos pendiente y se acord\u00f3 en el Consejo Nacional de Seguridad y que es la ley que agrava las penas para la portaci\u00f3n ilegal de armas de fuego\u201d.<\/p>\n<p>Otro de los temas fue lo referente a las reuniones que llevar\u00e1 a cabo la Conago con Navarrete Prida para abordar temas puntuales como la desaparici\u00f3n forzada, identificaci\u00f3n de cad\u00e1veres, tema donde hay un avance puntual \u201cy hay compromisos que adoptamos los gobiernos de los estados y que actualizaremos al se\u00f1or secretario de Gobernaci\u00f3n\u201d.<\/p>\n<p>Adem\u00e1s, lo referente a los diferentes protocolos en temas de seguridad y una reuni\u00f3n con los encargados de derechos humanos de los estados.<\/p>\n","protected":false},"excerpt":{"rendered":"<p>El secretario de Gobernaci\u00f3n, Alfonso Navarrete Prida, y el jefe de Gobierno, Miguel \u00c1ngel Mancera,<\/p>\n","protected":false},"author":1,"featured_media":512,"comment_status":"open","ping_status":"open","sticky":false,"template":"","format":"standard","meta":{"footnotes":""},"categories":[1],"tags":[28],"class_list":["post-525","post","type-post","status-publish","format-standard","has-post-thumbnail","hentry","category-municipales","tag-cdmx"],"yoast_head":"<!-- This site is optimized with the Yoast SEO plugin v25.3 - https:\/\/yoast.com\/wordpress\/plugins\/seo\/ -->\n<title>Seguridad en la Ciudad de M\u00e9xico, prioridad de gobiernos federal y local - Volcanes<\/title>\n<meta name=\"robots\" content=\"index, follow, max-snippet:-1, max-image-preview:large, max-video-preview:-1\" \/>\n<link rel=\"canonical\" href=\"https:\/\/volcanes.net\/?p=525\" \/>\n<meta property=\"og:locale\" content=\"es_MX\" \/>\n<meta property=\"og:type\" content=\"article\" \/>\n<meta property=\"og:title\" content=\"Seguridad en la Ciudad de M\u00e9xico, prioridad de gobiernos federal y local - Volcanes\" \/>\n<meta property=\"og:description\" content=\"El secretario de Gobernaci\u00f3n, Alfonso Navarrete Prida, y el jefe de Gobierno, Miguel \u00c1ngel Mancera,\" \/>\n<meta property=\"og:url\" content=\"https:\/\/volcanes.net\/?p=525\" \/>\n<meta property=\"og:site_name\" content=\"Volcanes\" \/>\n<meta property=\"article:publisher\" content=\"https:\/\/www.facebook.com\/volcanes.net\/\" \/>\n<meta property=\"article:published_time\" content=\"2018-01-17T14:46:56+00:00\" \/>\n<meta property=\"og:image\" content=\"https:\/\/volcanes.net\/wp-content\/uploads\/2018\/01\/navarrete-mancera.jpg\" \/>\n\t<meta property=\"og:image:width\" content=\"400\" \/>\n\t<meta property=\"og:image:height\" content=\"200\" \/>\n\t<meta property=\"og:image:type\" content=\"image\/jpeg\" \/>\n<meta name=\"author\" content=\"admin\" \/>\n<meta name=\"twitter:card\" content=\"summary_large_image\" \/>\n<meta name=\"twitter:label1\" content=\"Escrito por\" \/>\n\t<meta name=\"twitter:data1\" content=\"admin\" \/>\n\t<meta name=\"twitter:label2\" content=\"Tiempo de lectura\" \/>\n\t<meta name=\"twitter:data2\" content=\"3 minutos\" \/>\n<script type=\"application\/ld+json\" class=\"yoast-schema-graph\">{\"@context\":\"https:\/\/schema.org\",\"@graph\":[{\"@type\":\"Article\",\"@id\":\"https:\/\/volcanes.net\/?p=525#article\",\"isPartOf\":{\"@id\":\"https:\/\/volcanes.net\/?p=525\"},\"author\":{\"name\":\"admin\",\"@id\":\"https:\/\/volcanes.net\/#\/schema\/person\/4bf0f383940966a4abd53f5048c0e6b9\"},\"headline\":\"Seguridad en la Ciudad de M\u00e9xico, prioridad de gobiernos federal y local\",\"datePublished\":\"2018-01-17T14:46:56+00:00\",\"mainEntityOfPage\":{\"@id\":\"https:\/\/volcanes.net\/?p=525\"},\"wordCount\":657,\"commentCount\":0,\"publisher\":{\"@id\":\"https:\/\/volcanes.net\/#organization\"},\"image\":{\"@id\":\"https:\/\/volcanes.net\/?p=525#primaryimage\"},\"thumbnailUrl\":\"https:\/\/volcanes.net\/wp-content\/uploads\/2018\/01\/navarrete-mancera.jpg\",\"keywords\":[\"CDMX\"],\"articleSection\":[\"Municipales\"],\"inLanguage\":\"es\",\"potentialAction\":[{\"@type\":\"CommentAction\",\"name\":\"Comment\",\"target\":[\"https:\/\/volcanes.net\/?p=525#respond\"]}]},{\"@type\":\"WebPage\",\"@id\":\"https:\/\/volcanes.net\/?p=525\",\"url\":\"https:\/\/volcanes.net\/?p=525\",\"name\":\"Seguridad en la Ciudad de M\u00e9xico, prioridad de gobiernos federal y local - Volcanes\",\"isPartOf\":{\"@id\":\"https:\/\/volcanes.net\/#website\"},\"primaryImageOfPage\":{\"@id\":\"https:\/\/volcanes.net\/?p=525#primaryimage\"},\"image\":{\"@id\":\"https:\/\/volcanes.net\/?p=525#primaryimage\"},\"thumbnailUrl\":\"https:\/\/volcanes.net\/wp-content\/uploads\/2018\/01\/navarrete-mancera.jpg\",\"datePublished\":\"2018-01-17T14:46:56+00:00\",\"breadcrumb\":{\"@id\":\"https:\/\/volcanes.net\/?p=525#breadcrumb\"},\"inLanguage\":\"es\",\"potentialAction\":[{\"@type\":\"ReadAction\",\"target\":[\"https:\/\/volcanes.net\/?p=525\"]}]},{\"@type\":\"ImageObject\",\"inLanguage\":\"es\",\"@id\":\"https:\/\/volcanes.net\/?p=525#primaryimage\",\"url\":\"https:\/\/volcanes.net\/wp-content\/uploads\/2018\/01\/navarrete-mancera.jpg\",\"contentUrl\":\"https:\/\/volcanes.net\/wp-content\/uploads\/2018\/01\/navarrete-mancera.jpg\",\"width\":400,\"height\":200},{\"@type\":\"BreadcrumbList\",\"@id\":\"https:\/\/volcanes.net\/?p=525#breadcrumb\",\"itemListElement\":[{\"@type\":\"ListItem\",\"position\":1,\"name\":\"Portada\",\"item\":\"https:\/\/volcanes.net\/\"},{\"@type\":\"ListItem\",\"position\":2,\"name\":\"Seguridad en la Ciudad de M\u00e9xico, prioridad de gobiernos federal y local\"}]},{\"@type\":\"WebSite\",\"@id\":\"https:\/\/volcanes.net\/#website\",\"url\":\"https:\/\/volcanes.net\/\",\"name\":\"Volcanes.Net\",\"description\":\"Periodismo Profesional\",\"publisher\":{\"@id\":\"https:\/\/volcanes.net\/#organization\"},\"potentialAction\":[{\"@type\":\"SearchAction\",\"target\":{\"@type\":\"EntryPoint\",\"urlTemplate\":\"https:\/\/volcanes.net\/?s={search_term_string}\"},\"query-input\":{\"@type\":\"PropertyValueSpecification\",\"valueRequired\":true,\"valueName\":\"search_term_string\"}}],\"inLanguage\":\"es\"},{\"@type\":\"Organization\",\"@id\":\"https:\/\/volcanes.net\/#organization\",\"name\":\"Grupo Volcanes\",\"url\":\"https:\/\/volcanes.net\/\",\"logo\":{\"@type\":\"ImageObject\",\"inLanguage\":\"es\",\"@id\":\"https:\/\/volcanes.net\/#\/schema\/logo\/image\/\",\"url\":\"http:\/\/volcanes.net\/wp-content\/uploads\/2017\/12\/Avatar2.jpg\",\"contentUrl\":\"http:\/\/volcanes.net\/wp-content\/uploads\/2017\/12\/Avatar2.jpg\",\"width\":378,\"height\":378,\"caption\":\"Grupo Volcanes\"},\"image\":{\"@id\":\"https:\/\/volcanes.net\/#\/schema\/logo\/image\/\"},\"sameAs\":[\"https:\/\/www.facebook.com\/volcanes.net\/\"]},{\"@type\":\"Person\",\"@id\":\"https:\/\/volcanes.net\/#\/schema\/person\/4bf0f383940966a4abd53f5048c0e6b9\",\"name\":\"admin\",\"image\":{\"@type\":\"ImageObject\",\"inLanguage\":\"es\",\"@id\":\"https:\/\/volcanes.net\/#\/schema\/person\/image\/\",\"url\":\"https:\/\/secure.gravatar.com\/avatar\/ca004e6cba8462b8cb7abc86e382930c?s=96&d=mm&r=g\",\"contentUrl\":\"https:\/\/secure.gravatar.com\/avatar\/ca004e6cba8462b8cb7abc86e382930c?s=96&d=mm&r=g\",\"caption\":\"admin\"}}]}<\/script>\n<!-- \/ Yoast SEO plugin. -->","yoast_head_json":{"title":"Seguridad en la Ciudad de M\u00e9xico, prioridad de gobiernos federal y local - Volcanes","robots":{"index":"index","follow":"follow","max-snippet":"max-snippet:-1","max-image-preview":"max-image-preview:large","max-video-preview":"max-video-preview:-1"},"canonical":"https:\/\/volcanes.net\/?p=525","og_locale":"es_MX","og_type":"article","og_title":"Seguridad en la Ciudad de M\u00e9xico, prioridad de gobiernos federal y local - Volcanes","og_description":"El secretario de Gobernaci\u00f3n, Alfonso Navarrete Prida, y el jefe de Gobierno, Miguel \u00c1ngel Mancera,","og_url":"https:\/\/volcanes.net\/?p=525","og_site_name":"Volcanes","article_publisher":"https:\/\/www.facebook.com\/volcanes.net\/","article_published_time":"2018-01-17T14:46:56+00:00","og_image":[{"width":400,"height":200,"url":"https:\/\/volcanes.net\/wp-content\/uploads\/2018\/01\/navarrete-mancera.jpg","type":"image\/jpeg"}],"author":"admin","twitter_card":"summary_large_image","twitter_misc":{"Escrito por":"admin","Tiempo de lectura":"3 minutos"},"schema":{"@context":"https:\/\/schema.org","@graph":[{"@type":"Article","@id":"https:\/\/volcanes.net\/?p=525#article","isPartOf":{"@id":"https:\/\/volcanes.net\/?p=525"},"author":{"name":"admin","@id":"https:\/\/volcanes.net\/#\/schema\/person\/4bf0f383940966a4abd53f5048c0e6b9"},"headline":"Seguridad en la Ciudad de M\u00e9xico, prioridad de gobiernos federal y local","datePublished":"2018-01-17T14:46:56+00:00","mainEntityOfPage":{"@id":"https:\/\/volcanes.net\/?p=525"},"wordCount":657,"commentCount":0,"publisher":{"@id":"https:\/\/volcanes.net\/#organization"},"image":{"@id":"https:\/\/volcanes.net\/?p=525#primaryimage"},"thumbnailUrl":"https:\/\/volcanes.net\/wp-content\/uploads\/2018\/01\/navarrete-mancera.jpg","keywords":["CDMX"],"articleSection":["Municipales"],"inLanguage":"es","potentialAction":[{"@type":"CommentAction","name":"Comment","target":["https:\/\/volcanes.net\/?p=525#respond"]}]},{"@type":"WebPage","@id":"https:\/\/volcanes.net\/?p=525","url":"https:\/\/volcanes.net\/?p=525","name":"Seguridad en la Ciudad de M\u00e9xico, prioridad de gobiernos federal y local - Volcanes","isPartOf":{"@id":"https:\/\/volcanes.net\/#website"},"primaryImageOfPage":{"@id":"https:\/\/volcanes.net\/?p=525#primaryimage"},"image":{"@id":"https:\/\/volcanes.net\/?p=525#primaryimage"},"thumbnailUrl":"https:\/\/volcanes.net\/wp-content\/uploads\/2018\/01\/navarrete-mancera.jpg","datePublished":"2018-01-17T14:46:56+00:00","breadcrumb":{"@id":"https:\/\/volcanes.net\/?p=525#breadcrumb"},"inLanguage":"es","potentialAction":[{"@type":"ReadAction","target":["https:\/\/volcanes.net\/?p=525"]}]},{"@type":"ImageObject","inLanguage":"es","@id":"https:\/\/volcanes.net\/?p=525#primaryimage","url":"https:\/\/volcanes.net\/wp-content\/uploads\/2018\/01\/navarrete-mancera.jpg","contentUrl":"https:\/\/volcanes.net\/wp-content\/uploads\/2018\/01\/navarrete-mancera.jpg","width":400,"height":200},{"@type":"BreadcrumbList","@id":"https:\/\/volcanes.net\/?p=525#breadcrumb","itemListElement":[{"@type":"ListItem","position":1,"name":"Portada","item":"https:\/\/volcanes.net\/"},{"@type":"ListItem","position":2,"name":"Seguridad en la Ciudad de M\u00e9xico, prioridad de gobiernos federal y local"}]},{"@type":"WebSite","@id":"https:\/\/volcanes.net\/#website","url":"https:\/\/volcanes.net\/","name":"Volcanes.Net","description":"Periodismo Profesional","publisher":{"@id":"https:\/\/volcanes.net\/#organization"},"potentialAction":[{"@type":"SearchAction","target":{"@type":"EntryPoint","urlTemplate":"https:\/\/volcanes.net\/?s={search_term_string}"},"query-input":{"@type":"PropertyValueSpecification","valueRequired":true,"valueName":"search_term_string"}}],"inLanguage":"es"},{"@type":"Organization","@id":"https:\/\/volcanes.net\/#organization","name":"Grupo Volcanes","url":"https:\/\/volcanes.net\/","logo":{"@type":"ImageObject","inLanguage":"es","@id":"https:\/\/volcanes.net\/#\/schema\/logo\/image\/","url":"http:\/\/volcanes.net\/wp-content\/uploads\/2017\/12\/Avatar2.jpg","contentUrl":"http:\/\/volcanes.net\/wp-content\/uploads\/2017\/12\/Avatar2.jpg","width":378,"height":378,"caption":"Grupo Volcanes"},"image":{"@id":"https:\/\/volcanes.net\/#\/schema\/logo\/image\/"},"sameAs":["https:\/\/www.facebook.com\/volcanes.net\/"]},{"@type":"Person","@id":"https:\/\/volcanes.net\/#\/schema\/person\/4bf0f383940966a4abd53f5048c0e6b9","name":"admin","image":{"@type":"ImageObject","inLanguage":"es","@id":"https:\/\/volcanes.net\/#\/schema\/person\/image\/","url":"https:\/\/secure.gravatar.com\/avatar\/ca004e6cba8462b8cb7abc86e382930c?s=96&d=mm&r=g","contentUrl":"https:\/\/secure.gravatar.com\/avatar\/ca004e6cba8462b8cb7abc86e382930c?s=96&d=mm&r=g","caption":"admin"}}]}},"_links":{"self":[{"href":"https:\/\/volcanes.net\/index.php?rest_route=\/wp\/v2\/posts\/525"}],"collection":[{"href":"https:\/\/volcanes.net\/index.php?rest_route=\/wp\/v2\/posts"}],"about":[{"href":"https:\/\/volcanes.net\/index.php?rest_route=\/wp\/v2\/types\/post"}],"author":[{"embeddable":true,"href":"https:\/\/volcanes.net\/index.php?rest_route=\/wp\/v2\/users\/1"}],"replies":[{"embeddable":true,"href":"https:\/\/volcanes.net\/index.php?rest_route=%2Fwp%2Fv2%2Fcomments&post=525"}],"version-history":[{"count":1,"href":"https:\/\/volcanes.net\/index.php?rest_route=\/wp\/v2\/posts\/525\/revisions"}],"predecessor-version":[{"id":526,"href":"https:\/\/volcanes.net\/index.php?rest_route=\/wp\/v2\/posts\/525\/revisions\/526"}],"wp:featuredmedia":[{"embeddable":true,"href":"https:\/\/volcanes.net\/index.php?rest_route=\/wp\/v2\/media\/512"}],"wp:attachment":[{"href":"https:\/\/volcanes.net\/index.php?rest_route=%2Fwp%2Fv2%2Fmedia&parent=525"}],"wp:term":[{"taxonomy":"category","embeddable":true,"href":"https:\/\/volcanes.net\/index.php?rest_route=%2Fwp%2Fv2%2Fcategories&post=525"},{"taxonomy":"post_tag","embeddable":true,"href":"https:\/\/volcanes.net\/index.php?rest_route=%2Fwp%2Fv2%2Ftags&post=525"}],"curies":[{"name":"wp","href":"https:\/\/api.w.org\/{rel}","templated":true}]}}