{"id":527,"date":"2018-01-17T14:48:38","date_gmt":"2018-01-17T14:48:38","guid":{"rendered":"http:\/\/volcanes.net\/?p=527"},"modified":"2018-01-17T14:48:38","modified_gmt":"2018-01-17T14:48:38","slug":"asumen-cargos-nuevos-funcionarios-de-la-pgr","status":"publish","type":"post","link":"https:\/\/volcanes.net\/?p=527","title":{"rendered":"Asumen cargos nuevos funcionarios de la PGR"},"content":{"rendered":"<div style=\"margin-top: 0px; margin-bottom: 0px;\" class=\"sharethis-inline-share-buttons\" ><\/div><p>El subprocurador Jur\u00eddico y de Asuntos Internacionales, en suplencia del Procurador General de la Rep\u00fablica, Alberto El\u00edas Beltr\u00e1n, tom\u00f3 protesta de ley al subprocurador de Control Regional, Procedimientos Penales y Amparo, Roberto Ochoa Romero.<\/p>\n<p>Asimismo design\u00f3 al titular de la coordinaci\u00f3n de Planeaci\u00f3n, Desarrollo e Innovaci\u00f3n Institucional, Pablo Gonz\u00e1lez Manterola; al coordinador de Supervisi\u00f3n y Control Regional, Pedro Guevara P\u00e9rez; y al director general de Comunicaci\u00f3n Social, Rafael Lugo S\u00e1nchez.<\/p>\n<p>En un comunicado, la PGR inform\u00f3 que el subprocurador Ochoa Romero es licenciado en Derecho por la Universidad Iberoamericana y obtuvo los grados de maestro y doctor en Derecho en la Universidad Complutense de Madrid, Espa\u00f1a.<\/p>\n<p>En el \u00e1mbito acad\u00e9mico ha desarrollado actividades de investigaci\u00f3n y docencia en el Instituto de Investigaciones Jur\u00eddicas de la Universidad Nacional Aut\u00f3noma de M\u00e9xico (UNAM).<\/p>\n<p>Tambi\u00e9n se ha desempe\u00f1ado como profesor en el Instituto Nacional de Ciencias Penales (Inacipe) y en la Escuela Libre de Derecho; ha impartido cursos y conferencias en distintas instituciones p\u00fablicas y privadas del pa\u00eds y en el extranjero; y es autor y coautor de diversas obras en materia penal y procesal penal.<\/p>\n<p>En la administraci\u00f3n p\u00fablica ha sido asesor del Subprocurador de Procedimientos Penales \u201cC\u201d de la PGR; Fiscal Especial en la Unidad Especializada en Investigaci\u00f3n de Secuestros y Coordinador General de la misma unidad en la entonces Subprocuradur\u00eda de Investigaci\u00f3n Especializada en Delincuencia Organizada (SIEDO).<\/p>\n<p>Gonz\u00e1lez Manterola es licenciado en Ciencias Pol\u00edticas y Administraci\u00f3n P\u00fablica por la Universidad Iberoamericana; maestro en Negocios Internacionales por la University of Manchester Institute of Science and Technology; y maestro en Gobiernos Comparados por la London School of Economics and Political Science.<\/p>\n<p>Ha sido titular de la Unidad de Seguridad Nacional de la Secretar\u00eda de Hacienda y Cr\u00e9dito P\u00fablico; administrador general de Planeaci\u00f3n del Servicio de Administraci\u00f3n Tributaria; y director general de Pol\u00edtica de Telecomunicaciones de la Secretar\u00eda de Comunicaciones y Transportes.<\/p>\n<p>Tambi\u00e9n se ha desempe\u00f1ado como agregado de la Secretar\u00eda de Gobernaci\u00f3n y, posteriormente, de la de Seguridad P\u00fablica en la Embajada de M\u00e9xico en Estados Unidos; y director general del Registro Nacional de Poblaci\u00f3n e Identificaci\u00f3n Personal, entre otros cargos.<\/p>\n<p>En tanto Pedro Guevara P\u00e9rez es licenciado en Derecho por la UNAM, y cuenta con maestr\u00edas en Ciencias Penales y en Ciencias Penales con Especializaci\u00f3n en Ciencia Jur\u00eddico Penal por el Inacipe.<\/p>\n<p>Se ha desempe\u00f1ado en la PGR como director general de Control de Procesos Penales y Amparo en Materia de Delincuencia Organizada de la SEIDO; y delegado de la PGR en Estado de M\u00e9xico, Aguascalientes y Baja California Sur, entre otros cargos.<\/p>\n<p>A Rafael Lugo S\u00e1nchez, director general de Comunicaci\u00f3n Social, lo defini\u00f3 como un comunicador con amplia experiencia en la materia tanto en los planos nacional como internacional.<\/p>\n<p>Ha fungido como director general de Comunicaci\u00f3n Social de la Secretar\u00eda de Relaciones Exteriores, director general de Canal 11, as\u00ed como director de Noticias en diversos medios incluido el Canal 11 y director de la cadena Bloomberg TV en M\u00e9xico.<\/p>\n<p>Rafael Lugo es egresado de la licenciatura de Ciencias de la Comunicaci\u00f3n del Instituto Tecnol\u00f3gico y de Estudios Superiores de Monterrey (ITESM) y curs\u00f3 la licenciatura en Lengua y Literatura Hisp\u00e1nicas en la Universidad Nacional Aut\u00f3noma de M\u00e9xico (UNAM).<\/p>\n","protected":false},"excerpt":{"rendered":"<p>El subprocurador Jur\u00eddico y de Asuntos Internacionales, en suplencia del Procurador General de la Rep\u00fablica,<\/p>\n","protected":false},"author":1,"featured_media":514,"comment_status":"open","ping_status":"open","sticky":false,"template":"","format":"standard","meta":{"footnotes":""},"categories":[1],"tags":[29],"class_list":["post-527","post","type-post","status-publish","format-standard","has-post-thumbnail","hentry","category-municipales","tag-pgr"],"yoast_head":"<!-- This site is optimized with the Yoast SEO plugin v25.3 - https:\/\/yoast.com\/wordpress\/plugins\/seo\/ -->\n<title>Asumen cargos nuevos funcionarios de la PGR - Volcanes<\/title>\n<meta name=\"robots\" content=\"index, follow, max-snippet:-1, max-image-preview:large, max-video-preview:-1\" \/>\n<link rel=\"canonical\" href=\"https:\/\/volcanes.net\/?p=527\" \/>\n<meta property=\"og:locale\" content=\"es_MX\" \/>\n<meta property=\"og:type\" content=\"article\" \/>\n<meta property=\"og:title\" content=\"Asumen cargos nuevos funcionarios de la PGR - Volcanes\" \/>\n<meta property=\"og:description\" content=\"El subprocurador Jur\u00eddico y de Asuntos Internacionales, en suplencia del Procurador General de la Rep\u00fablica,\" \/>\n<meta property=\"og:url\" content=\"https:\/\/volcanes.net\/?p=527\" \/>\n<meta property=\"og:site_name\" content=\"Volcanes\" \/>\n<meta property=\"article:publisher\" content=\"https:\/\/www.facebook.com\/volcanes.net\/\" \/>\n<meta property=\"article:published_time\" content=\"2018-01-17T14:48:38+00:00\" \/>\n<meta property=\"og:image\" content=\"https:\/\/volcanes.net\/wp-content\/uploads\/2018\/01\/pgr.jpg\" \/>\n\t<meta property=\"og:image:width\" content=\"400\" \/>\n\t<meta property=\"og:image:height\" content=\"200\" \/>\n\t<meta property=\"og:image:type\" content=\"image\/jpeg\" \/>\n<meta name=\"author\" content=\"admin\" \/>\n<meta name=\"twitter:card\" content=\"summary_large_image\" \/>\n<meta name=\"twitter:label1\" content=\"Escrito por\" \/>\n\t<meta name=\"twitter:data1\" content=\"admin\" \/>\n\t<meta name=\"twitter:label2\" content=\"Tiempo de lectura\" \/>\n\t<meta name=\"twitter:data2\" content=\"3 minutos\" \/>\n<script type=\"application\/ld+json\" class=\"yoast-schema-graph\">{\"@context\":\"https:\/\/schema.org\",\"@graph\":[{\"@type\":\"Article\",\"@id\":\"https:\/\/volcanes.net\/?p=527#article\",\"isPartOf\":{\"@id\":\"https:\/\/volcanes.net\/?p=527\"},\"author\":{\"name\":\"admin\",\"@id\":\"https:\/\/volcanes.net\/#\/schema\/person\/4bf0f383940966a4abd53f5048c0e6b9\"},\"headline\":\"Asumen cargos nuevos funcionarios de la PGR\",\"datePublished\":\"2018-01-17T14:48:38+00:00\",\"mainEntityOfPage\":{\"@id\":\"https:\/\/volcanes.net\/?p=527\"},\"wordCount\":595,\"commentCount\":0,\"publisher\":{\"@id\":\"https:\/\/volcanes.net\/#organization\"},\"image\":{\"@id\":\"https:\/\/volcanes.net\/?p=527#primaryimage\"},\"thumbnailUrl\":\"https:\/\/volcanes.net\/wp-content\/uploads\/2018\/01\/pgr.jpg\",\"keywords\":[\"PGR\"],\"articleSection\":[\"Municipales\"],\"inLanguage\":\"es\",\"potentialAction\":[{\"@type\":\"CommentAction\",\"name\":\"Comment\",\"target\":[\"https:\/\/volcanes.net\/?p=527#respond\"]}]},{\"@type\":\"WebPage\",\"@id\":\"https:\/\/volcanes.net\/?p=527\",\"url\":\"https:\/\/volcanes.net\/?p=527\",\"name\":\"Asumen cargos nuevos funcionarios de la PGR - Volcanes\",\"isPartOf\":{\"@id\":\"https:\/\/volcanes.net\/#website\"},\"primaryImageOfPage\":{\"@id\":\"https:\/\/volcanes.net\/?p=527#primaryimage\"},\"image\":{\"@id\":\"https:\/\/volcanes.net\/?p=527#primaryimage\"},\"thumbnailUrl\":\"https:\/\/volcanes.net\/wp-content\/uploads\/2018\/01\/pgr.jpg\",\"datePublished\":\"2018-01-17T14:48:38+00:00\",\"breadcrumb\":{\"@id\":\"https:\/\/volcanes.net\/?p=527#breadcrumb\"},\"inLanguage\":\"es\",\"potentialAction\":[{\"@type\":\"ReadAction\",\"target\":[\"https:\/\/volcanes.net\/?p=527\"]}]},{\"@type\":\"ImageObject\",\"inLanguage\":\"es\",\"@id\":\"https:\/\/volcanes.net\/?p=527#primaryimage\",\"url\":\"https:\/\/volcanes.net\/wp-content\/uploads\/2018\/01\/pgr.jpg\",\"contentUrl\":\"https:\/\/volcanes.net\/wp-content\/uploads\/2018\/01\/pgr.jpg\",\"width\":400,\"height\":200},{\"@type\":\"BreadcrumbList\",\"@id\":\"https:\/\/volcanes.net\/?p=527#breadcrumb\",\"itemListElement\":[{\"@type\":\"ListItem\",\"position\":1,\"name\":\"Portada\",\"item\":\"https:\/\/volcanes.net\/\"},{\"@type\":\"ListItem\",\"position\":2,\"name\":\"Asumen cargos nuevos funcionarios de la PGR\"}]},{\"@type\":\"WebSite\",\"@id\":\"https:\/\/volcanes.net\/#website\",\"url\":\"https:\/\/volcanes.net\/\",\"name\":\"Volcanes.Net\",\"description\":\"Periodismo Profesional\",\"publisher\":{\"@id\":\"https:\/\/volcanes.net\/#organization\"},\"potentialAction\":[{\"@type\":\"SearchAction\",\"target\":{\"@type\":\"EntryPoint\",\"urlTemplate\":\"https:\/\/volcanes.net\/?s={search_term_string}\"},\"query-input\":{\"@type\":\"PropertyValueSpecification\",\"valueRequired\":true,\"valueName\":\"search_term_string\"}}],\"inLanguage\":\"es\"},{\"@type\":\"Organization\",\"@id\":\"https:\/\/volcanes.net\/#organization\",\"name\":\"Grupo Volcanes\",\"url\":\"https:\/\/volcanes.net\/\",\"logo\":{\"@type\":\"ImageObject\",\"inLanguage\":\"es\",\"@id\":\"https:\/\/volcanes.net\/#\/schema\/logo\/image\/\",\"url\":\"http:\/\/volcanes.net\/wp-content\/uploads\/2017\/12\/Avatar2.jpg\",\"contentUrl\":\"http:\/\/volcanes.net\/wp-content\/uploads\/2017\/12\/Avatar2.jpg\",\"width\":378,\"height\":378,\"caption\":\"Grupo Volcanes\"},\"image\":{\"@id\":\"https:\/\/volcanes.net\/#\/schema\/logo\/image\/\"},\"sameAs\":[\"https:\/\/www.facebook.com\/volcanes.net\/\"]},{\"@type\":\"Person\",\"@id\":\"https:\/\/volcanes.net\/#\/schema\/person\/4bf0f383940966a4abd53f5048c0e6b9\",\"name\":\"admin\",\"image\":{\"@type\":\"ImageObject\",\"inLanguage\":\"es\",\"@id\":\"https:\/\/volcanes.net\/#\/schema\/person\/image\/\",\"url\":\"https:\/\/secure.gravatar.com\/avatar\/ca004e6cba8462b8cb7abc86e382930c?s=96&d=mm&r=g\",\"contentUrl\":\"https:\/\/secure.gravatar.com\/avatar\/ca004e6cba8462b8cb7abc86e382930c?s=96&d=mm&r=g\",\"caption\":\"admin\"}}]}<\/script>\n<!-- \/ Yoast SEO plugin. -->","yoast_head_json":{"title":"Asumen cargos nuevos funcionarios de la PGR - Volcanes","robots":{"index":"index","follow":"follow","max-snippet":"max-snippet:-1","max-image-preview":"max-image-preview:large","max-video-preview":"max-video-preview:-1"},"canonical":"https:\/\/volcanes.net\/?p=527","og_locale":"es_MX","og_type":"article","og_title":"Asumen cargos nuevos funcionarios de la PGR - Volcanes","og_description":"El subprocurador Jur\u00eddico y de Asuntos Internacionales, en suplencia del Procurador General de la Rep\u00fablica,","og_url":"https:\/\/volcanes.net\/?p=527","og_site_name":"Volcanes","article_publisher":"https:\/\/www.facebook.com\/volcanes.net\/","article_published_time":"2018-01-17T14:48:38+00:00","og_image":[{"width":400,"height":200,"url":"https:\/\/volcanes.net\/wp-content\/uploads\/2018\/01\/pgr.jpg","type":"image\/jpeg"}],"author":"admin","twitter_card":"summary_large_image","twitter_misc":{"Escrito por":"admin","Tiempo de lectura":"3 minutos"},"schema":{"@context":"https:\/\/schema.org","@graph":[{"@type":"Article","@id":"https:\/\/volcanes.net\/?p=527#article","isPartOf":{"@id":"https:\/\/volcanes.net\/?p=527"},"author":{"name":"admin","@id":"https:\/\/volcanes.net\/#\/schema\/person\/4bf0f383940966a4abd53f5048c0e6b9"},"headline":"Asumen cargos nuevos funcionarios de la PGR","datePublished":"2018-01-17T14:48:38+00:00","mainEntityOfPage":{"@id":"https:\/\/volcanes.net\/?p=527"},"wordCount":595,"commentCount":0,"publisher":{"@id":"https:\/\/volcanes.net\/#organization"},"image":{"@id":"https:\/\/volcanes.net\/?p=527#primaryimage"},"thumbnailUrl":"https:\/\/volcanes.net\/wp-content\/uploads\/2018\/01\/pgr.jpg","keywords":["PGR"],"articleSection":["Municipales"],"inLanguage":"es","potentialAction":[{"@type":"CommentAction","name":"Comment","target":["https:\/\/volcanes.net\/?p=527#respond"]}]},{"@type":"WebPage","@id":"https:\/\/volcanes.net\/?p=527","url":"https:\/\/volcanes.net\/?p=527","name":"Asumen cargos nuevos funcionarios de la PGR - Volcanes","isPartOf":{"@id":"https:\/\/volcanes.net\/#website"},"primaryImageOfPage":{"@id":"https:\/\/volcanes.net\/?p=527#primaryimage"},"image":{"@id":"https:\/\/volcanes.net\/?p=527#primaryimage"},"thumbnailUrl":"https:\/\/volcanes.net\/wp-content\/uploads\/2018\/01\/pgr.jpg","datePublished":"2018-01-17T14:48:38+00:00","breadcrumb":{"@id":"https:\/\/volcanes.net\/?p=527#breadcrumb"},"inLanguage":"es","potentialAction":[{"@type":"ReadAction","target":["https:\/\/volcanes.net\/?p=527"]}]},{"@type":"ImageObject","inLanguage":"es","@id":"https:\/\/volcanes.net\/?p=527#primaryimage","url":"https:\/\/volcanes.net\/wp-content\/uploads\/2018\/01\/pgr.jpg","contentUrl":"https:\/\/volcanes.net\/wp-content\/uploads\/2018\/01\/pgr.jpg","width":400,"height":200},{"@type":"BreadcrumbList","@id":"https:\/\/volcanes.net\/?p=527#breadcrumb","itemListElement":[{"@type":"ListItem","position":1,"name":"Portada","item":"https:\/\/volcanes.net\/"},{"@type":"ListItem","position":2,"name":"Asumen cargos nuevos funcionarios de la PGR"}]},{"@type":"WebSite","@id":"https:\/\/volcanes.net\/#website","url":"https:\/\/volcanes.net\/","name":"Volcanes.Net","description":"Periodismo Profesional","publisher":{"@id":"https:\/\/volcanes.net\/#organization"},"potentialAction":[{"@type":"SearchAction","target":{"@type":"EntryPoint","urlTemplate":"https:\/\/volcanes.net\/?s={search_term_string}"},"query-input":{"@type":"PropertyValueSpecification","valueRequired":true,"valueName":"search_term_string"}}],"inLanguage":"es"},{"@type":"Organization","@id":"https:\/\/volcanes.net\/#organization","name":"Grupo Volcanes","url":"https:\/\/volcanes.net\/","logo":{"@type":"ImageObject","inLanguage":"es","@id":"https:\/\/volcanes.net\/#\/schema\/logo\/image\/","url":"http:\/\/volcanes.net\/wp-content\/uploads\/2017\/12\/Avatar2.jpg","contentUrl":"http:\/\/volcanes.net\/wp-content\/uploads\/2017\/12\/Avatar2.jpg","width":378,"height":378,"caption":"Grupo Volcanes"},"image":{"@id":"https:\/\/volcanes.net\/#\/schema\/logo\/image\/"},"sameAs":["https:\/\/www.facebook.com\/volcanes.net\/"]},{"@type":"Person","@id":"https:\/\/volcanes.net\/#\/schema\/person\/4bf0f383940966a4abd53f5048c0e6b9","name":"admin","image":{"@type":"ImageObject","inLanguage":"es","@id":"https:\/\/volcanes.net\/#\/schema\/person\/image\/","url":"https:\/\/secure.gravatar.com\/avatar\/ca004e6cba8462b8cb7abc86e382930c?s=96&d=mm&r=g","contentUrl":"https:\/\/secure.gravatar.com\/avatar\/ca004e6cba8462b8cb7abc86e382930c?s=96&d=mm&r=g","caption":"admin"}}]}},"_links":{"self":[{"href":"https:\/\/volcanes.net\/index.php?rest_route=\/wp\/v2\/posts\/527"}],"collection":[{"href":"https:\/\/volcanes.net\/index.php?rest_route=\/wp\/v2\/posts"}],"about":[{"href":"https:\/\/volcanes.net\/index.php?rest_route=\/wp\/v2\/types\/post"}],"author":[{"embeddable":true,"href":"https:\/\/volcanes.net\/index.php?rest_route=\/wp\/v2\/users\/1"}],"replies":[{"embeddable":true,"href":"https:\/\/volcanes.net\/index.php?rest_route=%2Fwp%2Fv2%2Fcomments&post=527"}],"version-history":[{"count":1,"href":"https:\/\/volcanes.net\/index.php?rest_route=\/wp\/v2\/posts\/527\/revisions"}],"predecessor-version":[{"id":528,"href":"https:\/\/volcanes.net\/index.php?rest_route=\/wp\/v2\/posts\/527\/revisions\/528"}],"wp:featuredmedia":[{"embeddable":true,"href":"https:\/\/volcanes.net\/index.php?rest_route=\/wp\/v2\/media\/514"}],"wp:attachment":[{"href":"https:\/\/volcanes.net\/index.php?rest_route=%2Fwp%2Fv2%2Fmedia&parent=527"}],"wp:term":[{"taxonomy":"category","embeddable":true,"href":"https:\/\/volcanes.net\/index.php?rest_route=%2Fwp%2Fv2%2Fcategories&post=527"},{"taxonomy":"post_tag","embeddable":true,"href":"https:\/\/volcanes.net\/index.php?rest_route=%2Fwp%2Fv2%2Ftags&post=527"}],"curies":[{"name":"wp","href":"https:\/\/api.w.org\/{rel}","templated":true}]}}