{"id":5271,"date":"2019-08-14T07:15:00","date_gmt":"2019-08-14T13:15:00","guid":{"rendered":"http:\/\/volcanes.net\/?p=5271"},"modified":"2019-08-14T07:15:00","modified_gmt":"2019-08-14T13:15:00","slug":"muestra-ixtapaluca-rincones-turisticos","status":"publish","type":"post","link":"https:\/\/volcanes.net\/?p=5271","title":{"rendered":"Muestra #Ixtapaluca rincones tur\u00edsticos"},"content":{"rendered":"<div style=\"margin-top: 0px; margin-bottom: 0px;\" class=\"sharethis-inline-share-buttons\" ><\/div><div id=\"ppPrt7-8uz_SinglePostMediaTop_MediaPost__0_0__type_MediaPost\" class=\" flex_vbox\">\n<div id=\"5d53a7f14971436eff48db74ppPrt7-8uz_SinglePostMediaTop_MediaPost__0_0_mediaText\" class=\"s_usaAWRichTextClickableSkin\" data-packed=\"false\" data-proxy-name=\"MediaLabel\" data-width=\"675\">\n<div id=\"5d53a7f14971436eff48db74ppPrt7-8uz_SinglePostMediaTop_MediaPost__0_0_mediaTextrichTextContainer\" class=\"s_usaAWRichTextClickableSkin_richTextContainer s_usaAWRichTextClickableSkinrichTextContainer\">\n<p class=\"font_8\">En los cursos de verano se visitaron las cascadas de R\u00edo Fr\u00edo, las magueyeras de Coatepec y zonas arqueol\u00f3gicas<\/p>\n<p class=\"font_8\">IXTAPALUCA, M\u00e9x.- Con una asistencia de\u00a0 aproximadamente mil asistentes, durante tres semanas, concluy\u00f3 el programa Turisteando que tuvo como principal objetivo que los ni\u00f1os, ni\u00f1as y padres de familia conocieran los atractivos tur\u00edsticos\u00a0 de Ixtapaluca, actividades que se realizan cada verano a trav\u00e9s de la subdirecci\u00f3n de Turismo.<\/p>\n<p class=\"font_8\">\n<p class=\"font_8\">Entre los lugares que visitaron destacan\u00a0 el truchero de R\u00edo Fr\u00edo y su cascada, la zona arqueol\u00f3gica de Acozac, Tlapacoya y el Cerro del Elefante, la escuela de clavados de la alberca ol\u00edmpica de San Buenaventura,\u00a0 la iglesia y museo de Coatepec, as\u00ed como las magueyeras donde degustaron las pulcaletas.<\/p>\n<div id=\"innercomp_txtMedialc4\" class=\"s_heNoSkinPhoto\" title=\"\" data-is-responsive=\"false\" data-display-mode=\"fitWidthStrict\" data-content-padding-horizontal=\"0\" data-content-padding-vertical=\"0\" data-exact-height=\"449.4148244473342\">\n<div id=\"innercomp_txtMedialc4link\" class=\"s_heNoSkinPhotolink\">\n<div id=\"innercomp_txtMedialc4img\" class=\"s_heNoSkinPhotoimg\" data-has-bg-scroll-effect=\"\" data-style=\"\" data-image-info=\"{&quot;imageData&quot;:{&quot;type&quot;:&quot;Image&quot;,&quot;uri&quot;:&quot;3ec576_bbe3ccc940434dffa58a8a085b20c878~mv2.jpg&quot;,&quot;title&quot;:&quot;&quot;,&quot;width&quot;:769,&quot;height&quot;:512},&quot;displayMode&quot;:&quot;fitWidth&quot;}\"><\/div>\n<\/div>\n<\/div>\n<p class=\"font_8\">Los ni\u00f1os y ni\u00f1as participaron en actividades l\u00fadicas, juegos y manualidades que les permiti\u00f3\u00a0 explorar su imaginaci\u00f3n y creatividad, siempre en un ambiente cordial\u00a0 donde interactuaron\u00a0 e hicieron nuevos amigos\u00a0 y amigas.<\/p>\n<p class=\"font_8\">Ello sin dejar a un lado las visitas que\u00a0 realizaron\u00a0 a la Escuela de Bellas Artes, ubicada en el Cerro del Tejolote, donde conocieron las opciones\u00a0 para integrarse a una de las actividades y licenciaturas que se ah\u00ed se ofrecen para\u00a0 que en el futuro\u00a0 quien gusta del arte\u00a0 se puedan incorporar.<\/p>\n<p class=\"font_8\">\n<p class=\"font_8\">Tambi\u00e9n se realizaron visitas al Aviario m\u00e1s grande de Am\u00e9rica Latina, El Nido, que se ubica en este municipio y donde conocieron\u00a0 diferentes especies.<\/p>\n<p class=\"font_8\">Los fines de semana\u00a0 se dio la oportunidad a los padres de familia de acompa\u00f1ar a sus hijos e hijas para los paseos, como por ejemplo que conocieran el parque\u00a0 eco tur\u00edstico\u00a0 de \u00c1vila Camacho y pudieran apreciar el maravilloso espect\u00e1culo\u00a0 que ofrecen las luci\u00e9rnagas en esta temporada. Y donde concluy\u00f3\u00a0 el programa de este a\u00f1o.<\/p>\n<\/div>\n<\/div>\n<\/div>\n<div id=\"ppPrt7-8uz_SinglePostMediaTop_MediaPost__0_0_def_22_true\" class=\" flex_vbox\"><\/div>\n","protected":false},"excerpt":{"rendered":"<p>En los cursos de verano se visitaron las cascadas de R\u00edo Fr\u00edo, las magueyeras de<\/p>\n","protected":false},"author":1,"featured_media":5272,"comment_status":"open","ping_status":"open","sticky":false,"template":"","format":"standard","meta":{"footnotes":""},"categories":[1],"tags":[6],"class_list":["post-5271","post","type-post","status-publish","format-standard","has-post-thumbnail","hentry","category-municipales","tag-ixtapaluca"],"yoast_head":"<!-- This site is optimized with the Yoast SEO plugin v25.3 - https:\/\/yoast.com\/wordpress\/plugins\/seo\/ -->\n<title>Muestra #Ixtapaluca rincones tur\u00edsticos - Volcanes<\/title>\n<meta name=\"robots\" content=\"index, follow, max-snippet:-1, max-image-preview:large, max-video-preview:-1\" \/>\n<link rel=\"canonical\" href=\"https:\/\/volcanes.net\/?p=5271\" \/>\n<meta property=\"og:locale\" content=\"es_MX\" \/>\n<meta property=\"og:type\" content=\"article\" \/>\n<meta property=\"og:title\" content=\"Muestra #Ixtapaluca rincones tur\u00edsticos - Volcanes\" \/>\n<meta property=\"og:description\" content=\"En los cursos de verano se visitaron las cascadas de R\u00edo Fr\u00edo, las magueyeras de\" \/>\n<meta property=\"og:url\" content=\"https:\/\/volcanes.net\/?p=5271\" \/>\n<meta property=\"og:site_name\" content=\"Volcanes\" \/>\n<meta property=\"article:publisher\" content=\"https:\/\/www.facebook.com\/volcanes.net\/\" \/>\n<meta property=\"article:published_time\" content=\"2019-08-14T13:15:00+00:00\" \/>\n<meta property=\"og:image\" content=\"https:\/\/volcanes.net\/wp-content\/uploads\/2019\/08\/safe_image-9.jpg\" \/>\n\t<meta property=\"og:image:width\" content=\"540\" \/>\n\t<meta property=\"og:image:height\" content=\"281\" \/>\n\t<meta property=\"og:image:type\" content=\"image\/jpeg\" \/>\n<meta name=\"author\" content=\"admin\" \/>\n<meta name=\"twitter:card\" content=\"summary_large_image\" \/>\n<meta name=\"twitter:label1\" content=\"Escrito por\" \/>\n\t<meta name=\"twitter:data1\" content=\"admin\" \/>\n\t<meta name=\"twitter:label2\" content=\"Tiempo de lectura\" \/>\n\t<meta name=\"twitter:data2\" content=\"2 minutos\" \/>\n<script type=\"application\/ld+json\" class=\"yoast-schema-graph\">{\"@context\":\"https:\/\/schema.org\",\"@graph\":[{\"@type\":\"Article\",\"@id\":\"https:\/\/volcanes.net\/?p=5271#article\",\"isPartOf\":{\"@id\":\"https:\/\/volcanes.net\/?p=5271\"},\"author\":{\"name\":\"admin\",\"@id\":\"https:\/\/volcanes.net\/#\/schema\/person\/4bf0f383940966a4abd53f5048c0e6b9\"},\"headline\":\"Muestra #Ixtapaluca rincones tur\u00edsticos\",\"datePublished\":\"2019-08-14T13:15:00+00:00\",\"mainEntityOfPage\":{\"@id\":\"https:\/\/volcanes.net\/?p=5271\"},\"wordCount\":312,\"commentCount\":0,\"publisher\":{\"@id\":\"https:\/\/volcanes.net\/#organization\"},\"image\":{\"@id\":\"https:\/\/volcanes.net\/?p=5271#primaryimage\"},\"thumbnailUrl\":\"https:\/\/volcanes.net\/wp-content\/uploads\/2019\/08\/safe_image-9.jpg\",\"keywords\":[\"Ixtapaluca\"],\"articleSection\":[\"Municipales\"],\"inLanguage\":\"es\",\"potentialAction\":[{\"@type\":\"CommentAction\",\"name\":\"Comment\",\"target\":[\"https:\/\/volcanes.net\/?p=5271#respond\"]}]},{\"@type\":\"WebPage\",\"@id\":\"https:\/\/volcanes.net\/?p=5271\",\"url\":\"https:\/\/volcanes.net\/?p=5271\",\"name\":\"Muestra #Ixtapaluca rincones tur\u00edsticos - Volcanes\",\"isPartOf\":{\"@id\":\"https:\/\/volcanes.net\/#website\"},\"primaryImageOfPage\":{\"@id\":\"https:\/\/volcanes.net\/?p=5271#primaryimage\"},\"image\":{\"@id\":\"https:\/\/volcanes.net\/?p=5271#primaryimage\"},\"thumbnailUrl\":\"https:\/\/volcanes.net\/wp-content\/uploads\/2019\/08\/safe_image-9.jpg\",\"datePublished\":\"2019-08-14T13:15:00+00:00\",\"breadcrumb\":{\"@id\":\"https:\/\/volcanes.net\/?p=5271#breadcrumb\"},\"inLanguage\":\"es\",\"potentialAction\":[{\"@type\":\"ReadAction\",\"target\":[\"https:\/\/volcanes.net\/?p=5271\"]}]},{\"@type\":\"ImageObject\",\"inLanguage\":\"es\",\"@id\":\"https:\/\/volcanes.net\/?p=5271#primaryimage\",\"url\":\"https:\/\/volcanes.net\/wp-content\/uploads\/2019\/08\/safe_image-9.jpg\",\"contentUrl\":\"https:\/\/volcanes.net\/wp-content\/uploads\/2019\/08\/safe_image-9.jpg\",\"width\":540,\"height\":281},{\"@type\":\"BreadcrumbList\",\"@id\":\"https:\/\/volcanes.net\/?p=5271#breadcrumb\",\"itemListElement\":[{\"@type\":\"ListItem\",\"position\":1,\"name\":\"Portada\",\"item\":\"https:\/\/volcanes.net\/\"},{\"@type\":\"ListItem\",\"position\":2,\"name\":\"Muestra #Ixtapaluca rincones tur\u00edsticos\"}]},{\"@type\":\"WebSite\",\"@id\":\"https:\/\/volcanes.net\/#website\",\"url\":\"https:\/\/volcanes.net\/\",\"name\":\"Volcanes.Net\",\"description\":\"Periodismo Profesional\",\"publisher\":{\"@id\":\"https:\/\/volcanes.net\/#organization\"},\"potentialAction\":[{\"@type\":\"SearchAction\",\"target\":{\"@type\":\"EntryPoint\",\"urlTemplate\":\"https:\/\/volcanes.net\/?s={search_term_string}\"},\"query-input\":{\"@type\":\"PropertyValueSpecification\",\"valueRequired\":true,\"valueName\":\"search_term_string\"}}],\"inLanguage\":\"es\"},{\"@type\":\"Organization\",\"@id\":\"https:\/\/volcanes.net\/#organization\",\"name\":\"Grupo Volcanes\",\"url\":\"https:\/\/volcanes.net\/\",\"logo\":{\"@type\":\"ImageObject\",\"inLanguage\":\"es\",\"@id\":\"https:\/\/volcanes.net\/#\/schema\/logo\/image\/\",\"url\":\"http:\/\/volcanes.net\/wp-content\/uploads\/2017\/12\/Avatar2.jpg\",\"contentUrl\":\"http:\/\/volcanes.net\/wp-content\/uploads\/2017\/12\/Avatar2.jpg\",\"width\":378,\"height\":378,\"caption\":\"Grupo Volcanes\"},\"image\":{\"@id\":\"https:\/\/volcanes.net\/#\/schema\/logo\/image\/\"},\"sameAs\":[\"https:\/\/www.facebook.com\/volcanes.net\/\"]},{\"@type\":\"Person\",\"@id\":\"https:\/\/volcanes.net\/#\/schema\/person\/4bf0f383940966a4abd53f5048c0e6b9\",\"name\":\"admin\",\"image\":{\"@type\":\"ImageObject\",\"inLanguage\":\"es\",\"@id\":\"https:\/\/volcanes.net\/#\/schema\/person\/image\/\",\"url\":\"https:\/\/secure.gravatar.com\/avatar\/ca004e6cba8462b8cb7abc86e382930c?s=96&d=mm&r=g\",\"contentUrl\":\"https:\/\/secure.gravatar.com\/avatar\/ca004e6cba8462b8cb7abc86e382930c?s=96&d=mm&r=g\",\"caption\":\"admin\"}}]}<\/script>\n<!-- \/ Yoast SEO plugin. -->","yoast_head_json":{"title":"Muestra #Ixtapaluca rincones tur\u00edsticos - Volcanes","robots":{"index":"index","follow":"follow","max-snippet":"max-snippet:-1","max-image-preview":"max-image-preview:large","max-video-preview":"max-video-preview:-1"},"canonical":"https:\/\/volcanes.net\/?p=5271","og_locale":"es_MX","og_type":"article","og_title":"Muestra #Ixtapaluca rincones tur\u00edsticos - Volcanes","og_description":"En los cursos de verano se visitaron las cascadas de R\u00edo Fr\u00edo, las magueyeras de","og_url":"https:\/\/volcanes.net\/?p=5271","og_site_name":"Volcanes","article_publisher":"https:\/\/www.facebook.com\/volcanes.net\/","article_published_time":"2019-08-14T13:15:00+00:00","og_image":[{"width":540,"height":281,"url":"https:\/\/volcanes.net\/wp-content\/uploads\/2019\/08\/safe_image-9.jpg","type":"image\/jpeg"}],"author":"admin","twitter_card":"summary_large_image","twitter_misc":{"Escrito por":"admin","Tiempo de lectura":"2 minutos"},"schema":{"@context":"https:\/\/schema.org","@graph":[{"@type":"Article","@id":"https:\/\/volcanes.net\/?p=5271#article","isPartOf":{"@id":"https:\/\/volcanes.net\/?p=5271"},"author":{"name":"admin","@id":"https:\/\/volcanes.net\/#\/schema\/person\/4bf0f383940966a4abd53f5048c0e6b9"},"headline":"Muestra #Ixtapaluca rincones tur\u00edsticos","datePublished":"2019-08-14T13:15:00+00:00","mainEntityOfPage":{"@id":"https:\/\/volcanes.net\/?p=5271"},"wordCount":312,"commentCount":0,"publisher":{"@id":"https:\/\/volcanes.net\/#organization"},"image":{"@id":"https:\/\/volcanes.net\/?p=5271#primaryimage"},"thumbnailUrl":"https:\/\/volcanes.net\/wp-content\/uploads\/2019\/08\/safe_image-9.jpg","keywords":["Ixtapaluca"],"articleSection":["Municipales"],"inLanguage":"es","potentialAction":[{"@type":"CommentAction","name":"Comment","target":["https:\/\/volcanes.net\/?p=5271#respond"]}]},{"@type":"WebPage","@id":"https:\/\/volcanes.net\/?p=5271","url":"https:\/\/volcanes.net\/?p=5271","name":"Muestra #Ixtapaluca rincones tur\u00edsticos - Volcanes","isPartOf":{"@id":"https:\/\/volcanes.net\/#website"},"primaryImageOfPage":{"@id":"https:\/\/volcanes.net\/?p=5271#primaryimage"},"image":{"@id":"https:\/\/volcanes.net\/?p=5271#primaryimage"},"thumbnailUrl":"https:\/\/volcanes.net\/wp-content\/uploads\/2019\/08\/safe_image-9.jpg","datePublished":"2019-08-14T13:15:00+00:00","breadcrumb":{"@id":"https:\/\/volcanes.net\/?p=5271#breadcrumb"},"inLanguage":"es","potentialAction":[{"@type":"ReadAction","target":["https:\/\/volcanes.net\/?p=5271"]}]},{"@type":"ImageObject","inLanguage":"es","@id":"https:\/\/volcanes.net\/?p=5271#primaryimage","url":"https:\/\/volcanes.net\/wp-content\/uploads\/2019\/08\/safe_image-9.jpg","contentUrl":"https:\/\/volcanes.net\/wp-content\/uploads\/2019\/08\/safe_image-9.jpg","width":540,"height":281},{"@type":"BreadcrumbList","@id":"https:\/\/volcanes.net\/?p=5271#breadcrumb","itemListElement":[{"@type":"ListItem","position":1,"name":"Portada","item":"https:\/\/volcanes.net\/"},{"@type":"ListItem","position":2,"name":"Muestra #Ixtapaluca rincones tur\u00edsticos"}]},{"@type":"WebSite","@id":"https:\/\/volcanes.net\/#website","url":"https:\/\/volcanes.net\/","name":"Volcanes.Net","description":"Periodismo Profesional","publisher":{"@id":"https:\/\/volcanes.net\/#organization"},"potentialAction":[{"@type":"SearchAction","target":{"@type":"EntryPoint","urlTemplate":"https:\/\/volcanes.net\/?s={search_term_string}"},"query-input":{"@type":"PropertyValueSpecification","valueRequired":true,"valueName":"search_term_string"}}],"inLanguage":"es"},{"@type":"Organization","@id":"https:\/\/volcanes.net\/#organization","name":"Grupo Volcanes","url":"https:\/\/volcanes.net\/","logo":{"@type":"ImageObject","inLanguage":"es","@id":"https:\/\/volcanes.net\/#\/schema\/logo\/image\/","url":"http:\/\/volcanes.net\/wp-content\/uploads\/2017\/12\/Avatar2.jpg","contentUrl":"http:\/\/volcanes.net\/wp-content\/uploads\/2017\/12\/Avatar2.jpg","width":378,"height":378,"caption":"Grupo Volcanes"},"image":{"@id":"https:\/\/volcanes.net\/#\/schema\/logo\/image\/"},"sameAs":["https:\/\/www.facebook.com\/volcanes.net\/"]},{"@type":"Person","@id":"https:\/\/volcanes.net\/#\/schema\/person\/4bf0f383940966a4abd53f5048c0e6b9","name":"admin","image":{"@type":"ImageObject","inLanguage":"es","@id":"https:\/\/volcanes.net\/#\/schema\/person\/image\/","url":"https:\/\/secure.gravatar.com\/avatar\/ca004e6cba8462b8cb7abc86e382930c?s=96&d=mm&r=g","contentUrl":"https:\/\/secure.gravatar.com\/avatar\/ca004e6cba8462b8cb7abc86e382930c?s=96&d=mm&r=g","caption":"admin"}}]}},"_links":{"self":[{"href":"https:\/\/volcanes.net\/index.php?rest_route=\/wp\/v2\/posts\/5271"}],"collection":[{"href":"https:\/\/volcanes.net\/index.php?rest_route=\/wp\/v2\/posts"}],"about":[{"href":"https:\/\/volcanes.net\/index.php?rest_route=\/wp\/v2\/types\/post"}],"author":[{"embeddable":true,"href":"https:\/\/volcanes.net\/index.php?rest_route=\/wp\/v2\/users\/1"}],"replies":[{"embeddable":true,"href":"https:\/\/volcanes.net\/index.php?rest_route=%2Fwp%2Fv2%2Fcomments&post=5271"}],"version-history":[{"count":1,"href":"https:\/\/volcanes.net\/index.php?rest_route=\/wp\/v2\/posts\/5271\/revisions"}],"predecessor-version":[{"id":5273,"href":"https:\/\/volcanes.net\/index.php?rest_route=\/wp\/v2\/posts\/5271\/revisions\/5273"}],"wp:featuredmedia":[{"embeddable":true,"href":"https:\/\/volcanes.net\/index.php?rest_route=\/wp\/v2\/media\/5272"}],"wp:attachment":[{"href":"https:\/\/volcanes.net\/index.php?rest_route=%2Fwp%2Fv2%2Fmedia&parent=5271"}],"wp:term":[{"taxonomy":"category","embeddable":true,"href":"https:\/\/volcanes.net\/index.php?rest_route=%2Fwp%2Fv2%2Fcategories&post=5271"},{"taxonomy":"post_tag","embeddable":true,"href":"https:\/\/volcanes.net\/index.php?rest_route=%2Fwp%2Fv2%2Ftags&post=5271"}],"curies":[{"name":"wp","href":"https:\/\/api.w.org\/{rel}","templated":true}]}}