{"id":5281,"date":"2019-08-15T14:00:47","date_gmt":"2019-08-15T20:00:47","guid":{"rendered":"http:\/\/volcanes.net\/?p=5281"},"modified":"2019-08-15T14:00:47","modified_gmt":"2019-08-15T20:00:47","slug":"mejora-la-seguridad-en-valle-de-chalco-con-arribo-de-la-guardia-nacional","status":"publish","type":"post","link":"https:\/\/volcanes.net\/?p=5281","title":{"rendered":"Mejora la Seguridad en #Valle de Chalco con arribo de la Guardia Nacional."},"content":{"rendered":"<div style=\"margin-top: 0px; margin-bottom: 0px;\" class=\"sharethis-inline-share-buttons\" ><\/div><p>Jos\u00e9 Cruz Garc\u00eda O<\/p>\n<p>A tres meses del inicio de operativos coordinados entre las Polic\u00edas Municipal, Estatal, Ministerial y La Guardia Nacional, la inseguridad ha disminuido considerablemente en Valle de Chalco Solidaridad, en el Estado de M\u00e9xico.<\/p>\n<p>Seg\u00fan inform\u00f3 el Comisario de Seguridad P\u00fablica de Valle de Chalco, Alfonso Vel\u00e1zquez Agui\u00f1aga, los resultados en los \u00faltimos meses han sido m\u00e1s que favorables&#8230;<\/p>\n<p><b>&#8220;En toda la relaci\u00f3n que se lleva en el Estado de M\u00e9xico, el municipio de Valle de Chalco, est\u00e1ba en el lugar n\u00famero 16 y ahorita ya estamos en el lugar n\u00famero 36, en tres meses&#8230; Nosotros pretendemos que para fin de a\u00f1o andemos por ah\u00ed de lugar 80 si se puede un poquito m\u00e1s estar\u00eda mucho mejor.&#8221;<\/b><\/p>\n<p>Por lo general los operativos se realizan en convoy tres veces al d\u00eda en puntos alternos, sobre todo en aquellos lugares con mayor incidencia delictiva.<\/p>\n<p>Para la ciudadan\u00eda, la presencia de la Guardia Nacional les provoca mayor seguridad y confianza, as\u00ed mismo la consideran necesaria&#8230;<\/p>\n<p><b>&#8220;Es necesaria la Guardia para que siempre est\u00e9 vigilando todas las calles, sino la delincuencia sigue en pie, \u00bfSe sienten ustedes m\u00e1s seguros? Claro que s\u00ed siempre&#8221;.<\/b> as\u00ed lo se\u00f1al\u00f3 el se\u00f1or Santiago Garc\u00eda, vecino de la colonia Av\u00e1ndaro.<\/p>\n<p>Desde el pasado mes de junio un agrupamiento de la guardia nacional tiene base permanente en este municipio de Valle de Chalco y se pretende incrementar el n\u00famero de efectivos en las pr\u00f3ximas semanas<\/p>\n","protected":false},"excerpt":{"rendered":"<p>Jos\u00e9 Cruz Garc\u00eda O A tres meses del inicio de operativos coordinados entre las Polic\u00edas<\/p>\n","protected":false},"author":1,"featured_media":5282,"comment_status":"open","ping_status":"open","sticky":false,"template":"","format":"standard","meta":{"footnotes":""},"categories":[1],"tags":[5],"class_list":["post-5281","post","type-post","status-publish","format-standard","has-post-thumbnail","hentry","category-municipales","tag-valle-de-chalco"],"yoast_head":"<!-- This site is optimized with the Yoast SEO plugin v25.3 - https:\/\/yoast.com\/wordpress\/plugins\/seo\/ -->\n<title>Mejora la Seguridad en #Valle de Chalco con arribo de la Guardia Nacional. - Volcanes<\/title>\n<meta name=\"robots\" content=\"index, follow, max-snippet:-1, max-image-preview:large, max-video-preview:-1\" \/>\n<link rel=\"canonical\" href=\"https:\/\/volcanes.net\/?p=5281\" \/>\n<meta property=\"og:locale\" content=\"es_MX\" \/>\n<meta property=\"og:type\" content=\"article\" \/>\n<meta property=\"og:title\" content=\"Mejora la Seguridad en #Valle de Chalco con arribo de la Guardia Nacional. - Volcanes\" \/>\n<meta property=\"og:description\" content=\"Jos\u00e9 Cruz Garc\u00eda O A tres meses del inicio de operativos coordinados entre las Polic\u00edas\" \/>\n<meta property=\"og:url\" content=\"https:\/\/volcanes.net\/?p=5281\" \/>\n<meta property=\"og:site_name\" content=\"Volcanes\" \/>\n<meta property=\"article:publisher\" content=\"https:\/\/www.facebook.com\/volcanes.net\/\" \/>\n<meta property=\"article:published_time\" content=\"2019-08-15T20:00:47+00:00\" \/>\n<meta property=\"og:image\" content=\"https:\/\/volcanes.net\/wp-content\/uploads\/2019\/08\/68686029_340204080215784_5898554105453871104_n.jpg\" \/>\n\t<meta property=\"og:image:width\" content=\"600\" \/>\n\t<meta property=\"og:image:height\" content=\"236\" \/>\n\t<meta property=\"og:image:type\" content=\"image\/jpeg\" \/>\n<meta name=\"author\" content=\"admin\" \/>\n<meta name=\"twitter:card\" content=\"summary_large_image\" \/>\n<meta name=\"twitter:label1\" content=\"Escrito por\" \/>\n\t<meta name=\"twitter:data1\" content=\"admin\" \/>\n\t<meta name=\"twitter:label2\" content=\"Tiempo de lectura\" \/>\n\t<meta name=\"twitter:data2\" content=\"1 minuto\" \/>\n<script type=\"application\/ld+json\" class=\"yoast-schema-graph\">{\"@context\":\"https:\/\/schema.org\",\"@graph\":[{\"@type\":\"Article\",\"@id\":\"https:\/\/volcanes.net\/?p=5281#article\",\"isPartOf\":{\"@id\":\"https:\/\/volcanes.net\/?p=5281\"},\"author\":{\"name\":\"admin\",\"@id\":\"https:\/\/volcanes.net\/#\/schema\/person\/4bf0f383940966a4abd53f5048c0e6b9\"},\"headline\":\"Mejora la Seguridad en #Valle de Chalco con arribo de la Guardia Nacional.\",\"datePublished\":\"2019-08-15T20:00:47+00:00\",\"mainEntityOfPage\":{\"@id\":\"https:\/\/volcanes.net\/?p=5281\"},\"wordCount\":273,\"commentCount\":0,\"publisher\":{\"@id\":\"https:\/\/volcanes.net\/#organization\"},\"image\":{\"@id\":\"https:\/\/volcanes.net\/?p=5281#primaryimage\"},\"thumbnailUrl\":\"https:\/\/volcanes.net\/wp-content\/uploads\/2019\/08\/68686029_340204080215784_5898554105453871104_n.jpg\",\"keywords\":[\"Valle de Chalco\"],\"articleSection\":[\"Municipales\"],\"inLanguage\":\"es\",\"potentialAction\":[{\"@type\":\"CommentAction\",\"name\":\"Comment\",\"target\":[\"https:\/\/volcanes.net\/?p=5281#respond\"]}]},{\"@type\":\"WebPage\",\"@id\":\"https:\/\/volcanes.net\/?p=5281\",\"url\":\"https:\/\/volcanes.net\/?p=5281\",\"name\":\"Mejora la Seguridad en #Valle de Chalco con arribo de la Guardia Nacional. - Volcanes\",\"isPartOf\":{\"@id\":\"https:\/\/volcanes.net\/#website\"},\"primaryImageOfPage\":{\"@id\":\"https:\/\/volcanes.net\/?p=5281#primaryimage\"},\"image\":{\"@id\":\"https:\/\/volcanes.net\/?p=5281#primaryimage\"},\"thumbnailUrl\":\"https:\/\/volcanes.net\/wp-content\/uploads\/2019\/08\/68686029_340204080215784_5898554105453871104_n.jpg\",\"datePublished\":\"2019-08-15T20:00:47+00:00\",\"breadcrumb\":{\"@id\":\"https:\/\/volcanes.net\/?p=5281#breadcrumb\"},\"inLanguage\":\"es\",\"potentialAction\":[{\"@type\":\"ReadAction\",\"target\":[\"https:\/\/volcanes.net\/?p=5281\"]}]},{\"@type\":\"ImageObject\",\"inLanguage\":\"es\",\"@id\":\"https:\/\/volcanes.net\/?p=5281#primaryimage\",\"url\":\"https:\/\/volcanes.net\/wp-content\/uploads\/2019\/08\/68686029_340204080215784_5898554105453871104_n.jpg\",\"contentUrl\":\"https:\/\/volcanes.net\/wp-content\/uploads\/2019\/08\/68686029_340204080215784_5898554105453871104_n.jpg\",\"width\":600,\"height\":236},{\"@type\":\"BreadcrumbList\",\"@id\":\"https:\/\/volcanes.net\/?p=5281#breadcrumb\",\"itemListElement\":[{\"@type\":\"ListItem\",\"position\":1,\"name\":\"Portada\",\"item\":\"https:\/\/volcanes.net\/\"},{\"@type\":\"ListItem\",\"position\":2,\"name\":\"Mejora la Seguridad en #Valle de Chalco con arribo de la Guardia Nacional.\"}]},{\"@type\":\"WebSite\",\"@id\":\"https:\/\/volcanes.net\/#website\",\"url\":\"https:\/\/volcanes.net\/\",\"name\":\"Volcanes.Net\",\"description\":\"Periodismo Profesional\",\"publisher\":{\"@id\":\"https:\/\/volcanes.net\/#organization\"},\"potentialAction\":[{\"@type\":\"SearchAction\",\"target\":{\"@type\":\"EntryPoint\",\"urlTemplate\":\"https:\/\/volcanes.net\/?s={search_term_string}\"},\"query-input\":{\"@type\":\"PropertyValueSpecification\",\"valueRequired\":true,\"valueName\":\"search_term_string\"}}],\"inLanguage\":\"es\"},{\"@type\":\"Organization\",\"@id\":\"https:\/\/volcanes.net\/#organization\",\"name\":\"Grupo Volcanes\",\"url\":\"https:\/\/volcanes.net\/\",\"logo\":{\"@type\":\"ImageObject\",\"inLanguage\":\"es\",\"@id\":\"https:\/\/volcanes.net\/#\/schema\/logo\/image\/\",\"url\":\"http:\/\/volcanes.net\/wp-content\/uploads\/2017\/12\/Avatar2.jpg\",\"contentUrl\":\"http:\/\/volcanes.net\/wp-content\/uploads\/2017\/12\/Avatar2.jpg\",\"width\":378,\"height\":378,\"caption\":\"Grupo Volcanes\"},\"image\":{\"@id\":\"https:\/\/volcanes.net\/#\/schema\/logo\/image\/\"},\"sameAs\":[\"https:\/\/www.facebook.com\/volcanes.net\/\"]},{\"@type\":\"Person\",\"@id\":\"https:\/\/volcanes.net\/#\/schema\/person\/4bf0f383940966a4abd53f5048c0e6b9\",\"name\":\"admin\",\"image\":{\"@type\":\"ImageObject\",\"inLanguage\":\"es\",\"@id\":\"https:\/\/volcanes.net\/#\/schema\/person\/image\/\",\"url\":\"https:\/\/secure.gravatar.com\/avatar\/ca004e6cba8462b8cb7abc86e382930c?s=96&d=mm&r=g\",\"contentUrl\":\"https:\/\/secure.gravatar.com\/avatar\/ca004e6cba8462b8cb7abc86e382930c?s=96&d=mm&r=g\",\"caption\":\"admin\"}}]}<\/script>\n<!-- \/ Yoast SEO plugin. -->","yoast_head_json":{"title":"Mejora la Seguridad en #Valle de Chalco con arribo de la Guardia Nacional. - Volcanes","robots":{"index":"index","follow":"follow","max-snippet":"max-snippet:-1","max-image-preview":"max-image-preview:large","max-video-preview":"max-video-preview:-1"},"canonical":"https:\/\/volcanes.net\/?p=5281","og_locale":"es_MX","og_type":"article","og_title":"Mejora la Seguridad en #Valle de Chalco con arribo de la Guardia Nacional. - Volcanes","og_description":"Jos\u00e9 Cruz Garc\u00eda O A tres meses del inicio de operativos coordinados entre las Polic\u00edas","og_url":"https:\/\/volcanes.net\/?p=5281","og_site_name":"Volcanes","article_publisher":"https:\/\/www.facebook.com\/volcanes.net\/","article_published_time":"2019-08-15T20:00:47+00:00","og_image":[{"width":600,"height":236,"url":"https:\/\/volcanes.net\/wp-content\/uploads\/2019\/08\/68686029_340204080215784_5898554105453871104_n.jpg","type":"image\/jpeg"}],"author":"admin","twitter_card":"summary_large_image","twitter_misc":{"Escrito por":"admin","Tiempo de lectura":"1 minuto"},"schema":{"@context":"https:\/\/schema.org","@graph":[{"@type":"Article","@id":"https:\/\/volcanes.net\/?p=5281#article","isPartOf":{"@id":"https:\/\/volcanes.net\/?p=5281"},"author":{"name":"admin","@id":"https:\/\/volcanes.net\/#\/schema\/person\/4bf0f383940966a4abd53f5048c0e6b9"},"headline":"Mejora la Seguridad en #Valle de Chalco con arribo de la Guardia Nacional.","datePublished":"2019-08-15T20:00:47+00:00","mainEntityOfPage":{"@id":"https:\/\/volcanes.net\/?p=5281"},"wordCount":273,"commentCount":0,"publisher":{"@id":"https:\/\/volcanes.net\/#organization"},"image":{"@id":"https:\/\/volcanes.net\/?p=5281#primaryimage"},"thumbnailUrl":"https:\/\/volcanes.net\/wp-content\/uploads\/2019\/08\/68686029_340204080215784_5898554105453871104_n.jpg","keywords":["Valle de Chalco"],"articleSection":["Municipales"],"inLanguage":"es","potentialAction":[{"@type":"CommentAction","name":"Comment","target":["https:\/\/volcanes.net\/?p=5281#respond"]}]},{"@type":"WebPage","@id":"https:\/\/volcanes.net\/?p=5281","url":"https:\/\/volcanes.net\/?p=5281","name":"Mejora la Seguridad en #Valle de Chalco con arribo de la Guardia Nacional. - Volcanes","isPartOf":{"@id":"https:\/\/volcanes.net\/#website"},"primaryImageOfPage":{"@id":"https:\/\/volcanes.net\/?p=5281#primaryimage"},"image":{"@id":"https:\/\/volcanes.net\/?p=5281#primaryimage"},"thumbnailUrl":"https:\/\/volcanes.net\/wp-content\/uploads\/2019\/08\/68686029_340204080215784_5898554105453871104_n.jpg","datePublished":"2019-08-15T20:00:47+00:00","breadcrumb":{"@id":"https:\/\/volcanes.net\/?p=5281#breadcrumb"},"inLanguage":"es","potentialAction":[{"@type":"ReadAction","target":["https:\/\/volcanes.net\/?p=5281"]}]},{"@type":"ImageObject","inLanguage":"es","@id":"https:\/\/volcanes.net\/?p=5281#primaryimage","url":"https:\/\/volcanes.net\/wp-content\/uploads\/2019\/08\/68686029_340204080215784_5898554105453871104_n.jpg","contentUrl":"https:\/\/volcanes.net\/wp-content\/uploads\/2019\/08\/68686029_340204080215784_5898554105453871104_n.jpg","width":600,"height":236},{"@type":"BreadcrumbList","@id":"https:\/\/volcanes.net\/?p=5281#breadcrumb","itemListElement":[{"@type":"ListItem","position":1,"name":"Portada","item":"https:\/\/volcanes.net\/"},{"@type":"ListItem","position":2,"name":"Mejora la Seguridad en #Valle de Chalco con arribo de la Guardia Nacional."}]},{"@type":"WebSite","@id":"https:\/\/volcanes.net\/#website","url":"https:\/\/volcanes.net\/","name":"Volcanes.Net","description":"Periodismo Profesional","publisher":{"@id":"https:\/\/volcanes.net\/#organization"},"potentialAction":[{"@type":"SearchAction","target":{"@type":"EntryPoint","urlTemplate":"https:\/\/volcanes.net\/?s={search_term_string}"},"query-input":{"@type":"PropertyValueSpecification","valueRequired":true,"valueName":"search_term_string"}}],"inLanguage":"es"},{"@type":"Organization","@id":"https:\/\/volcanes.net\/#organization","name":"Grupo Volcanes","url":"https:\/\/volcanes.net\/","logo":{"@type":"ImageObject","inLanguage":"es","@id":"https:\/\/volcanes.net\/#\/schema\/logo\/image\/","url":"http:\/\/volcanes.net\/wp-content\/uploads\/2017\/12\/Avatar2.jpg","contentUrl":"http:\/\/volcanes.net\/wp-content\/uploads\/2017\/12\/Avatar2.jpg","width":378,"height":378,"caption":"Grupo Volcanes"},"image":{"@id":"https:\/\/volcanes.net\/#\/schema\/logo\/image\/"},"sameAs":["https:\/\/www.facebook.com\/volcanes.net\/"]},{"@type":"Person","@id":"https:\/\/volcanes.net\/#\/schema\/person\/4bf0f383940966a4abd53f5048c0e6b9","name":"admin","image":{"@type":"ImageObject","inLanguage":"es","@id":"https:\/\/volcanes.net\/#\/schema\/person\/image\/","url":"https:\/\/secure.gravatar.com\/avatar\/ca004e6cba8462b8cb7abc86e382930c?s=96&d=mm&r=g","contentUrl":"https:\/\/secure.gravatar.com\/avatar\/ca004e6cba8462b8cb7abc86e382930c?s=96&d=mm&r=g","caption":"admin"}}]}},"_links":{"self":[{"href":"https:\/\/volcanes.net\/index.php?rest_route=\/wp\/v2\/posts\/5281"}],"collection":[{"href":"https:\/\/volcanes.net\/index.php?rest_route=\/wp\/v2\/posts"}],"about":[{"href":"https:\/\/volcanes.net\/index.php?rest_route=\/wp\/v2\/types\/post"}],"author":[{"embeddable":true,"href":"https:\/\/volcanes.net\/index.php?rest_route=\/wp\/v2\/users\/1"}],"replies":[{"embeddable":true,"href":"https:\/\/volcanes.net\/index.php?rest_route=%2Fwp%2Fv2%2Fcomments&post=5281"}],"version-history":[{"count":1,"href":"https:\/\/volcanes.net\/index.php?rest_route=\/wp\/v2\/posts\/5281\/revisions"}],"predecessor-version":[{"id":5283,"href":"https:\/\/volcanes.net\/index.php?rest_route=\/wp\/v2\/posts\/5281\/revisions\/5283"}],"wp:featuredmedia":[{"embeddable":true,"href":"https:\/\/volcanes.net\/index.php?rest_route=\/wp\/v2\/media\/5282"}],"wp:attachment":[{"href":"https:\/\/volcanes.net\/index.php?rest_route=%2Fwp%2Fv2%2Fmedia&parent=5281"}],"wp:term":[{"taxonomy":"category","embeddable":true,"href":"https:\/\/volcanes.net\/index.php?rest_route=%2Fwp%2Fv2%2Fcategories&post=5281"},{"taxonomy":"post_tag","embeddable":true,"href":"https:\/\/volcanes.net\/index.php?rest_route=%2Fwp%2Fv2%2Ftags&post=5281"}],"curies":[{"name":"wp","href":"https:\/\/api.w.org\/{rel}","templated":true}]}}