{"id":5285,"date":"2019-08-15T14:04:47","date_gmt":"2019-08-15T20:04:47","guid":{"rendered":"http:\/\/volcanes.net\/?p=5285"},"modified":"2019-08-15T14:04:47","modified_gmt":"2019-08-15T20:04:47","slug":"emite-volcan-popocatepetl-162-exhalaciones-acompanadas-de-vapor-de-agua-gases-volcanicos-y-ligeras-cantidades-de-ceniza-continua-semaforo-en-amarillofase2","status":"publish","type":"post","link":"https:\/\/volcanes.net\/?p=5285","title":{"rendered":"Emite volc\u00e1n #popocat\u00e9petl 162 exhalaciones acompa\u00f1adas de vapor de agua, gases volc\u00e1nicos y ligeras cantidades de ceniza. contin\u00faa sem\u00e1foro en #amarillofase2"},"content":{"rendered":"<div style=\"margin-top: 0px; margin-bottom: 0px;\" class=\"sharethis-inline-share-buttons\" ><\/div><p>Estado de M\u00e9xico, 15 de agosto de 2019.<\/p>\n<p>En las \u00faltimas 24 horas, por medio de los sistemas de monitoreo del volc\u00e1n Popocat\u00e9petl, se identificaron 162 exhalaciones, acompa\u00f1adas de vapor de agua, gases volc\u00e1nicos y ligeras cantidades de ceniza. Adem\u00e1s, se registraron 13 explosiones el d\u00eda de hoy a las 00:34, 1:00, 1:45, 1:47, 2:08, 2:27, 2:33, 3:20, 3:39, 5:56, 6:44, 8:10 y 8:27 horas. Asimismo, se contabilizaron 711 minutos de tremor de baja amplitud.<\/p>\n<p>Desde hoy por la ma\u00f1ana y al momento de este reporte se observa el volc\u00e1n con emisi\u00f3n de gas al Oeste-Noroeste.<\/p>\n<p>El Cenapred mantiene una vigilancia estrecha ante cualquier evento y en caso de alg\u00fan cambio en los par\u00e1metros de monitoreo se reportar\u00e1 oportunamente. Tambi\u00e9n exhorta a NO ACERCARSE al volc\u00e1n ni al cr\u00e1ter, por el peligro que implica la ca\u00edda de fragmentos bal\u00edsticos.<\/p>\n<p>El Sem\u00e1foro de Alerta Volc\u00e1nica del Popocat\u00e9petl se encuentra en AMARILLO FASE 2. Los escenarios previstos para esta fase son que contin\u00fae la actividad explosiva de escala baja a intermedia, lluvias de ceniza leves a moderadas en poblaciones cercanas, posibilidad de flujos pirocl\u00e1sticos y flujos de lodo de corto alcance.<\/p>\n<p>Las recomendaciones para la poblaci\u00f3n ante esta actividad son no hacer caso a rumores y estar atentos a la informaci\u00f3n que emita la Coordinaci\u00f3n Nacional de Protecci\u00f3n Civil por sus canales y cuentas oficiales www.gob.mx\/cenapred y @CNPC_MX.<\/p>\n<p>Asimismo, se le recomienda elevar la atenci\u00f3n a los avisos de las autoridades de su localidad. A las autoridades de Protecci\u00f3n Civil, mantener sus procedimientos preventivos, de acuerdo con sus planes operativos.<\/p>\n<p>La Coordinaci\u00f3n General de Protecci\u00f3n Civil del Estado de M\u00e9xico invita a la poblaci\u00f3n en general a mantenerse informados a trav\u00e9s de los sitios oficiales http:\/\/cgproteccioncivil.edomex.gob.mx, www.gob.mx\/proteccion-civil y www.gob.mx\/cenapred, as\u00ed como en los n\u00fameros telef\u00f3nicos para reportar emergencias 01800-713-4147 y 911.<\/p>\n<p>Fuente: Centro Nacional de Prevenci\u00f3n de Desastres (Cenapred). Coordinaci\u00f3n General de Protecci\u00f3n Civil del Estado de M\u00e9xico.<\/p>\n","protected":false},"excerpt":{"rendered":"<p>Estado de M\u00e9xico, 15 de agosto de 2019. En las \u00faltimas 24 horas, por medio<\/p>\n","protected":false},"author":1,"featured_media":5286,"comment_status":"open","ping_status":"open","sticky":false,"template":"","format":"standard","meta":{"footnotes":""},"categories":[1],"tags":[],"class_list":["post-5285","post","type-post","status-publish","format-standard","has-post-thumbnail","hentry","category-municipales"],"yoast_head":"<!-- This site is optimized with the Yoast SEO plugin v25.3 - https:\/\/yoast.com\/wordpress\/plugins\/seo\/ -->\n<title>Emite volc\u00e1n #popocat\u00e9petl 162 exhalaciones acompa\u00f1adas de vapor de agua, gases volc\u00e1nicos y ligeras cantidades de ceniza. contin\u00faa sem\u00e1foro en #amarillofase2 - Volcanes<\/title>\n<meta name=\"robots\" content=\"index, follow, max-snippet:-1, max-image-preview:large, max-video-preview:-1\" \/>\n<link rel=\"canonical\" href=\"https:\/\/volcanes.net\/?p=5285\" \/>\n<meta property=\"og:locale\" content=\"es_MX\" \/>\n<meta property=\"og:type\" content=\"article\" \/>\n<meta property=\"og:title\" content=\"Emite volc\u00e1n #popocat\u00e9petl 162 exhalaciones acompa\u00f1adas de vapor de agua, gases volc\u00e1nicos y ligeras cantidades de ceniza. contin\u00faa sem\u00e1foro en #amarillofase2 - Volcanes\" \/>\n<meta property=\"og:description\" content=\"Estado de M\u00e9xico, 15 de agosto de 2019. En las \u00faltimas 24 horas, por medio\" \/>\n<meta property=\"og:url\" content=\"https:\/\/volcanes.net\/?p=5285\" \/>\n<meta property=\"og:site_name\" content=\"Volcanes\" \/>\n<meta property=\"article:publisher\" content=\"https:\/\/www.facebook.com\/volcanes.net\/\" \/>\n<meta property=\"article:published_time\" content=\"2019-08-15T20:04:47+00:00\" \/>\n<meta property=\"og:image\" content=\"https:\/\/volcanes.net\/wp-content\/uploads\/2019\/08\/images-1-1.jpg\" \/>\n\t<meta property=\"og:image:width\" content=\"600\" \/>\n\t<meta property=\"og:image:height\" content=\"373\" \/>\n\t<meta property=\"og:image:type\" content=\"image\/jpeg\" \/>\n<meta name=\"author\" content=\"admin\" \/>\n<meta name=\"twitter:card\" content=\"summary_large_image\" \/>\n<meta name=\"twitter:label1\" content=\"Escrito por\" \/>\n\t<meta name=\"twitter:data1\" content=\"admin\" \/>\n\t<meta name=\"twitter:label2\" content=\"Tiempo de lectura\" \/>\n\t<meta name=\"twitter:data2\" content=\"2 minutos\" \/>\n<script type=\"application\/ld+json\" class=\"yoast-schema-graph\">{\"@context\":\"https:\/\/schema.org\",\"@graph\":[{\"@type\":\"Article\",\"@id\":\"https:\/\/volcanes.net\/?p=5285#article\",\"isPartOf\":{\"@id\":\"https:\/\/volcanes.net\/?p=5285\"},\"author\":{\"name\":\"admin\",\"@id\":\"https:\/\/volcanes.net\/#\/schema\/person\/4bf0f383940966a4abd53f5048c0e6b9\"},\"headline\":\"Emite volc\u00e1n #popocat\u00e9petl 162 exhalaciones acompa\u00f1adas de vapor de agua, gases volc\u00e1nicos y ligeras cantidades de ceniza. contin\u00faa sem\u00e1foro en #amarillofase2\",\"datePublished\":\"2019-08-15T20:04:47+00:00\",\"mainEntityOfPage\":{\"@id\":\"https:\/\/volcanes.net\/?p=5285\"},\"wordCount\":375,\"commentCount\":0,\"publisher\":{\"@id\":\"https:\/\/volcanes.net\/#organization\"},\"image\":{\"@id\":\"https:\/\/volcanes.net\/?p=5285#primaryimage\"},\"thumbnailUrl\":\"https:\/\/volcanes.net\/wp-content\/uploads\/2019\/08\/images-1-1.jpg\",\"articleSection\":[\"Municipales\"],\"inLanguage\":\"es\",\"potentialAction\":[{\"@type\":\"CommentAction\",\"name\":\"Comment\",\"target\":[\"https:\/\/volcanes.net\/?p=5285#respond\"]}]},{\"@type\":\"WebPage\",\"@id\":\"https:\/\/volcanes.net\/?p=5285\",\"url\":\"https:\/\/volcanes.net\/?p=5285\",\"name\":\"Emite volc\u00e1n #popocat\u00e9petl 162 exhalaciones acompa\u00f1adas de vapor de agua, gases volc\u00e1nicos y ligeras cantidades de ceniza. contin\u00faa sem\u00e1foro en #amarillofase2 - Volcanes\",\"isPartOf\":{\"@id\":\"https:\/\/volcanes.net\/#website\"},\"primaryImageOfPage\":{\"@id\":\"https:\/\/volcanes.net\/?p=5285#primaryimage\"},\"image\":{\"@id\":\"https:\/\/volcanes.net\/?p=5285#primaryimage\"},\"thumbnailUrl\":\"https:\/\/volcanes.net\/wp-content\/uploads\/2019\/08\/images-1-1.jpg\",\"datePublished\":\"2019-08-15T20:04:47+00:00\",\"breadcrumb\":{\"@id\":\"https:\/\/volcanes.net\/?p=5285#breadcrumb\"},\"inLanguage\":\"es\",\"potentialAction\":[{\"@type\":\"ReadAction\",\"target\":[\"https:\/\/volcanes.net\/?p=5285\"]}]},{\"@type\":\"ImageObject\",\"inLanguage\":\"es\",\"@id\":\"https:\/\/volcanes.net\/?p=5285#primaryimage\",\"url\":\"https:\/\/volcanes.net\/wp-content\/uploads\/2019\/08\/images-1-1.jpg\",\"contentUrl\":\"https:\/\/volcanes.net\/wp-content\/uploads\/2019\/08\/images-1-1.jpg\",\"width\":600,\"height\":373},{\"@type\":\"BreadcrumbList\",\"@id\":\"https:\/\/volcanes.net\/?p=5285#breadcrumb\",\"itemListElement\":[{\"@type\":\"ListItem\",\"position\":1,\"name\":\"Portada\",\"item\":\"https:\/\/volcanes.net\/\"},{\"@type\":\"ListItem\",\"position\":2,\"name\":\"Emite volc\u00e1n #popocat\u00e9petl 162 exhalaciones acompa\u00f1adas de vapor de agua, gases volc\u00e1nicos y ligeras cantidades de ceniza. contin\u00faa sem\u00e1foro en #amarillofase2\"}]},{\"@type\":\"WebSite\",\"@id\":\"https:\/\/volcanes.net\/#website\",\"url\":\"https:\/\/volcanes.net\/\",\"name\":\"Volcanes.Net\",\"description\":\"Periodismo Profesional\",\"publisher\":{\"@id\":\"https:\/\/volcanes.net\/#organization\"},\"potentialAction\":[{\"@type\":\"SearchAction\",\"target\":{\"@type\":\"EntryPoint\",\"urlTemplate\":\"https:\/\/volcanes.net\/?s={search_term_string}\"},\"query-input\":{\"@type\":\"PropertyValueSpecification\",\"valueRequired\":true,\"valueName\":\"search_term_string\"}}],\"inLanguage\":\"es\"},{\"@type\":\"Organization\",\"@id\":\"https:\/\/volcanes.net\/#organization\",\"name\":\"Grupo Volcanes\",\"url\":\"https:\/\/volcanes.net\/\",\"logo\":{\"@type\":\"ImageObject\",\"inLanguage\":\"es\",\"@id\":\"https:\/\/volcanes.net\/#\/schema\/logo\/image\/\",\"url\":\"http:\/\/volcanes.net\/wp-content\/uploads\/2017\/12\/Avatar2.jpg\",\"contentUrl\":\"http:\/\/volcanes.net\/wp-content\/uploads\/2017\/12\/Avatar2.jpg\",\"width\":378,\"height\":378,\"caption\":\"Grupo Volcanes\"},\"image\":{\"@id\":\"https:\/\/volcanes.net\/#\/schema\/logo\/image\/\"},\"sameAs\":[\"https:\/\/www.facebook.com\/volcanes.net\/\"]},{\"@type\":\"Person\",\"@id\":\"https:\/\/volcanes.net\/#\/schema\/person\/4bf0f383940966a4abd53f5048c0e6b9\",\"name\":\"admin\",\"image\":{\"@type\":\"ImageObject\",\"inLanguage\":\"es\",\"@id\":\"https:\/\/volcanes.net\/#\/schema\/person\/image\/\",\"url\":\"https:\/\/secure.gravatar.com\/avatar\/ca004e6cba8462b8cb7abc86e382930c?s=96&d=mm&r=g\",\"contentUrl\":\"https:\/\/secure.gravatar.com\/avatar\/ca004e6cba8462b8cb7abc86e382930c?s=96&d=mm&r=g\",\"caption\":\"admin\"}}]}<\/script>\n<!-- \/ Yoast SEO plugin. -->","yoast_head_json":{"title":"Emite volc\u00e1n #popocat\u00e9petl 162 exhalaciones acompa\u00f1adas de vapor de agua, gases volc\u00e1nicos y ligeras cantidades de ceniza. contin\u00faa sem\u00e1foro en #amarillofase2 - Volcanes","robots":{"index":"index","follow":"follow","max-snippet":"max-snippet:-1","max-image-preview":"max-image-preview:large","max-video-preview":"max-video-preview:-1"},"canonical":"https:\/\/volcanes.net\/?p=5285","og_locale":"es_MX","og_type":"article","og_title":"Emite volc\u00e1n #popocat\u00e9petl 162 exhalaciones acompa\u00f1adas de vapor de agua, gases volc\u00e1nicos y ligeras cantidades de ceniza. contin\u00faa sem\u00e1foro en #amarillofase2 - Volcanes","og_description":"Estado de M\u00e9xico, 15 de agosto de 2019. En las \u00faltimas 24 horas, por medio","og_url":"https:\/\/volcanes.net\/?p=5285","og_site_name":"Volcanes","article_publisher":"https:\/\/www.facebook.com\/volcanes.net\/","article_published_time":"2019-08-15T20:04:47+00:00","og_image":[{"width":600,"height":373,"url":"https:\/\/volcanes.net\/wp-content\/uploads\/2019\/08\/images-1-1.jpg","type":"image\/jpeg"}],"author":"admin","twitter_card":"summary_large_image","twitter_misc":{"Escrito por":"admin","Tiempo de lectura":"2 minutos"},"schema":{"@context":"https:\/\/schema.org","@graph":[{"@type":"Article","@id":"https:\/\/volcanes.net\/?p=5285#article","isPartOf":{"@id":"https:\/\/volcanes.net\/?p=5285"},"author":{"name":"admin","@id":"https:\/\/volcanes.net\/#\/schema\/person\/4bf0f383940966a4abd53f5048c0e6b9"},"headline":"Emite volc\u00e1n #popocat\u00e9petl 162 exhalaciones acompa\u00f1adas de vapor de agua, gases volc\u00e1nicos y ligeras cantidades de ceniza. contin\u00faa sem\u00e1foro en #amarillofase2","datePublished":"2019-08-15T20:04:47+00:00","mainEntityOfPage":{"@id":"https:\/\/volcanes.net\/?p=5285"},"wordCount":375,"commentCount":0,"publisher":{"@id":"https:\/\/volcanes.net\/#organization"},"image":{"@id":"https:\/\/volcanes.net\/?p=5285#primaryimage"},"thumbnailUrl":"https:\/\/volcanes.net\/wp-content\/uploads\/2019\/08\/images-1-1.jpg","articleSection":["Municipales"],"inLanguage":"es","potentialAction":[{"@type":"CommentAction","name":"Comment","target":["https:\/\/volcanes.net\/?p=5285#respond"]}]},{"@type":"WebPage","@id":"https:\/\/volcanes.net\/?p=5285","url":"https:\/\/volcanes.net\/?p=5285","name":"Emite volc\u00e1n #popocat\u00e9petl 162 exhalaciones acompa\u00f1adas de vapor de agua, gases volc\u00e1nicos y ligeras cantidades de ceniza. contin\u00faa sem\u00e1foro en #amarillofase2 - Volcanes","isPartOf":{"@id":"https:\/\/volcanes.net\/#website"},"primaryImageOfPage":{"@id":"https:\/\/volcanes.net\/?p=5285#primaryimage"},"image":{"@id":"https:\/\/volcanes.net\/?p=5285#primaryimage"},"thumbnailUrl":"https:\/\/volcanes.net\/wp-content\/uploads\/2019\/08\/images-1-1.jpg","datePublished":"2019-08-15T20:04:47+00:00","breadcrumb":{"@id":"https:\/\/volcanes.net\/?p=5285#breadcrumb"},"inLanguage":"es","potentialAction":[{"@type":"ReadAction","target":["https:\/\/volcanes.net\/?p=5285"]}]},{"@type":"ImageObject","inLanguage":"es","@id":"https:\/\/volcanes.net\/?p=5285#primaryimage","url":"https:\/\/volcanes.net\/wp-content\/uploads\/2019\/08\/images-1-1.jpg","contentUrl":"https:\/\/volcanes.net\/wp-content\/uploads\/2019\/08\/images-1-1.jpg","width":600,"height":373},{"@type":"BreadcrumbList","@id":"https:\/\/volcanes.net\/?p=5285#breadcrumb","itemListElement":[{"@type":"ListItem","position":1,"name":"Portada","item":"https:\/\/volcanes.net\/"},{"@type":"ListItem","position":2,"name":"Emite volc\u00e1n #popocat\u00e9petl 162 exhalaciones acompa\u00f1adas de vapor de agua, gases volc\u00e1nicos y ligeras cantidades de ceniza. contin\u00faa sem\u00e1foro en #amarillofase2"}]},{"@type":"WebSite","@id":"https:\/\/volcanes.net\/#website","url":"https:\/\/volcanes.net\/","name":"Volcanes.Net","description":"Periodismo Profesional","publisher":{"@id":"https:\/\/volcanes.net\/#organization"},"potentialAction":[{"@type":"SearchAction","target":{"@type":"EntryPoint","urlTemplate":"https:\/\/volcanes.net\/?s={search_term_string}"},"query-input":{"@type":"PropertyValueSpecification","valueRequired":true,"valueName":"search_term_string"}}],"inLanguage":"es"},{"@type":"Organization","@id":"https:\/\/volcanes.net\/#organization","name":"Grupo Volcanes","url":"https:\/\/volcanes.net\/","logo":{"@type":"ImageObject","inLanguage":"es","@id":"https:\/\/volcanes.net\/#\/schema\/logo\/image\/","url":"http:\/\/volcanes.net\/wp-content\/uploads\/2017\/12\/Avatar2.jpg","contentUrl":"http:\/\/volcanes.net\/wp-content\/uploads\/2017\/12\/Avatar2.jpg","width":378,"height":378,"caption":"Grupo Volcanes"},"image":{"@id":"https:\/\/volcanes.net\/#\/schema\/logo\/image\/"},"sameAs":["https:\/\/www.facebook.com\/volcanes.net\/"]},{"@type":"Person","@id":"https:\/\/volcanes.net\/#\/schema\/person\/4bf0f383940966a4abd53f5048c0e6b9","name":"admin","image":{"@type":"ImageObject","inLanguage":"es","@id":"https:\/\/volcanes.net\/#\/schema\/person\/image\/","url":"https:\/\/secure.gravatar.com\/avatar\/ca004e6cba8462b8cb7abc86e382930c?s=96&d=mm&r=g","contentUrl":"https:\/\/secure.gravatar.com\/avatar\/ca004e6cba8462b8cb7abc86e382930c?s=96&d=mm&r=g","caption":"admin"}}]}},"_links":{"self":[{"href":"https:\/\/volcanes.net\/index.php?rest_route=\/wp\/v2\/posts\/5285"}],"collection":[{"href":"https:\/\/volcanes.net\/index.php?rest_route=\/wp\/v2\/posts"}],"about":[{"href":"https:\/\/volcanes.net\/index.php?rest_route=\/wp\/v2\/types\/post"}],"author":[{"embeddable":true,"href":"https:\/\/volcanes.net\/index.php?rest_route=\/wp\/v2\/users\/1"}],"replies":[{"embeddable":true,"href":"https:\/\/volcanes.net\/index.php?rest_route=%2Fwp%2Fv2%2Fcomments&post=5285"}],"version-history":[{"count":1,"href":"https:\/\/volcanes.net\/index.php?rest_route=\/wp\/v2\/posts\/5285\/revisions"}],"predecessor-version":[{"id":5287,"href":"https:\/\/volcanes.net\/index.php?rest_route=\/wp\/v2\/posts\/5285\/revisions\/5287"}],"wp:featuredmedia":[{"embeddable":true,"href":"https:\/\/volcanes.net\/index.php?rest_route=\/wp\/v2\/media\/5286"}],"wp:attachment":[{"href":"https:\/\/volcanes.net\/index.php?rest_route=%2Fwp%2Fv2%2Fmedia&parent=5285"}],"wp:term":[{"taxonomy":"category","embeddable":true,"href":"https:\/\/volcanes.net\/index.php?rest_route=%2Fwp%2Fv2%2Fcategories&post=5285"},{"taxonomy":"post_tag","embeddable":true,"href":"https:\/\/volcanes.net\/index.php?rest_route=%2Fwp%2Fv2%2Ftags&post=5285"}],"curies":[{"name":"wp","href":"https:\/\/api.w.org\/{rel}","templated":true}]}}