{"id":5297,"date":"2019-08-19T11:03:47","date_gmt":"2019-08-19T17:03:47","guid":{"rendered":"http:\/\/volcanes.net\/?p=5297"},"modified":"2019-08-19T11:03:47","modified_gmt":"2019-08-19T17:03:47","slug":"da-edil-miguel-angel-salomon-cortes-banderazo-de-inicio-a-3-obras-en-san-pedro-nexapa","status":"publish","type":"post","link":"https:\/\/volcanes.net\/?p=5297","title":{"rendered":"Da Edil Miguel \u00c1ngel Salom\u00f3n Cort\u00e9s banderazo  de inicio a 3 obras en San Pedro Nexapa."},"content":{"rendered":"<div style=\"margin-top: 0px; margin-bottom: 0px;\" class=\"sharethis-inline-share-buttons\" ><\/div><p>Con una inversi\u00f3n superior a los 800 mil pesos, provenientes del programa FISM, el Presidente Municipal Miguel \u00c1ngel Salom\u00f3n Cort\u00e9s dio el banderazo de arranque de tres obras de introducci\u00f3n de drenaje sanitario en la Delegaci\u00f3n de San Pedro Nexapa.<\/p>\n<p>El Alcalde, acompa\u00f1ado de los integrantes del cuerpo edilicio, de los delegados municipales y de vecinos de las calles Ayuntamiento, Sat\u00e9lite\u00a0 y Divisi\u00f3n, record\u00f3 como en los recorridos por esta delegaci\u00f3n los vecinos le solicitaron el drenaje.<\/p>\n<p>Durante su intervenci\u00f3n el Edil les inform\u00f3 a\u00a0 los presentes que ser\u00e1n poco m\u00e1s de 500 personas beneficiadas con la construcci\u00f3n del drenaje sanitario, adem\u00e1s de que \u201cmejorar\u00e1 en mucho la calidad de salud de quienes viven en esa zona\u201d.<\/p>\n<p>Luego de dar el banderazo de inicio el presidente sostuvo que ninguna delegaci\u00f3n, por m\u00e1s lejos que se encuentre, dejar\u00e1 de recibir los beneficios que el gobierno gestiona o recibe; \u201csabemos que en esta tierra viven hombres y mujeres con una riqueza ancestral, orgullosos de su origen y empe\u00f1ados en darles a sus hijos un mejor futuro\u201d.<\/p>\n<p>Asimismo el Alcalde refrend\u00f3 su compromiso de que las obras que se realicen en la localidad, se realizar\u00e1n con la mayor calidad posible y en el tiempo exacto.<\/p>\n<p>&nbsp;<\/p>\n<p>&nbsp;<\/p>\n","protected":false},"excerpt":{"rendered":"<p>Con una inversi\u00f3n superior a los 800 mil pesos, provenientes del programa FISM, el Presidente<\/p>\n","protected":false},"author":1,"featured_media":5298,"comment_status":"open","ping_status":"open","sticky":false,"template":"","format":"standard","meta":{"footnotes":""},"categories":[1],"tags":[7],"class_list":["post-5297","post","type-post","status-publish","format-standard","has-post-thumbnail","hentry","category-municipales","tag-amecameca"],"yoast_head":"<!-- This site is optimized with the Yoast SEO plugin v25.3 - https:\/\/yoast.com\/wordpress\/plugins\/seo\/ -->\n<title>Da Edil Miguel \u00c1ngel Salom\u00f3n Cort\u00e9s banderazo de inicio a 3 obras en San Pedro Nexapa. - Volcanes<\/title>\n<meta name=\"robots\" content=\"index, follow, max-snippet:-1, max-image-preview:large, max-video-preview:-1\" \/>\n<link rel=\"canonical\" href=\"https:\/\/volcanes.net\/?p=5297\" \/>\n<meta property=\"og:locale\" content=\"es_MX\" \/>\n<meta property=\"og:type\" content=\"article\" \/>\n<meta property=\"og:title\" content=\"Da Edil Miguel \u00c1ngel Salom\u00f3n Cort\u00e9s banderazo de inicio a 3 obras en San Pedro Nexapa. - Volcanes\" \/>\n<meta property=\"og:description\" content=\"Con una inversi\u00f3n superior a los 800 mil pesos, provenientes del programa FISM, el Presidente\" \/>\n<meta property=\"og:url\" content=\"https:\/\/volcanes.net\/?p=5297\" \/>\n<meta property=\"og:site_name\" content=\"Volcanes\" \/>\n<meta property=\"article:publisher\" content=\"https:\/\/www.facebook.com\/volcanes.net\/\" \/>\n<meta property=\"article:published_time\" content=\"2019-08-19T17:03:47+00:00\" \/>\n<meta property=\"og:image\" content=\"https:\/\/volcanes.net\/wp-content\/uploads\/2019\/08\/fc1882c0-8993-4c68-a307-7043c8980b23.jpg\" \/>\n\t<meta property=\"og:image:width\" content=\"600\" \/>\n\t<meta property=\"og:image:height\" content=\"546\" \/>\n\t<meta property=\"og:image:type\" content=\"image\/jpeg\" \/>\n<meta name=\"author\" content=\"admin\" \/>\n<meta name=\"twitter:card\" content=\"summary_large_image\" \/>\n<meta name=\"twitter:label1\" content=\"Escrito por\" \/>\n\t<meta name=\"twitter:data1\" content=\"admin\" \/>\n\t<meta name=\"twitter:label2\" content=\"Tiempo de lectura\" \/>\n\t<meta name=\"twitter:data2\" content=\"1 minuto\" \/>\n<script type=\"application\/ld+json\" class=\"yoast-schema-graph\">{\"@context\":\"https:\/\/schema.org\",\"@graph\":[{\"@type\":\"Article\",\"@id\":\"https:\/\/volcanes.net\/?p=5297#article\",\"isPartOf\":{\"@id\":\"https:\/\/volcanes.net\/?p=5297\"},\"author\":{\"name\":\"admin\",\"@id\":\"https:\/\/volcanes.net\/#\/schema\/person\/4bf0f383940966a4abd53f5048c0e6b9\"},\"headline\":\"Da Edil Miguel \u00c1ngel Salom\u00f3n Cort\u00e9s banderazo de inicio a 3 obras en San Pedro Nexapa.\",\"datePublished\":\"2019-08-19T17:03:47+00:00\",\"mainEntityOfPage\":{\"@id\":\"https:\/\/volcanes.net\/?p=5297\"},\"wordCount\":237,\"commentCount\":0,\"publisher\":{\"@id\":\"https:\/\/volcanes.net\/#organization\"},\"image\":{\"@id\":\"https:\/\/volcanes.net\/?p=5297#primaryimage\"},\"thumbnailUrl\":\"https:\/\/volcanes.net\/wp-content\/uploads\/2019\/08\/fc1882c0-8993-4c68-a307-7043c8980b23.jpg\",\"keywords\":[\"Amecameca\"],\"articleSection\":[\"Municipales\"],\"inLanguage\":\"es\",\"potentialAction\":[{\"@type\":\"CommentAction\",\"name\":\"Comment\",\"target\":[\"https:\/\/volcanes.net\/?p=5297#respond\"]}]},{\"@type\":\"WebPage\",\"@id\":\"https:\/\/volcanes.net\/?p=5297\",\"url\":\"https:\/\/volcanes.net\/?p=5297\",\"name\":\"Da Edil Miguel \u00c1ngel Salom\u00f3n Cort\u00e9s banderazo de inicio a 3 obras en San Pedro Nexapa. - Volcanes\",\"isPartOf\":{\"@id\":\"https:\/\/volcanes.net\/#website\"},\"primaryImageOfPage\":{\"@id\":\"https:\/\/volcanes.net\/?p=5297#primaryimage\"},\"image\":{\"@id\":\"https:\/\/volcanes.net\/?p=5297#primaryimage\"},\"thumbnailUrl\":\"https:\/\/volcanes.net\/wp-content\/uploads\/2019\/08\/fc1882c0-8993-4c68-a307-7043c8980b23.jpg\",\"datePublished\":\"2019-08-19T17:03:47+00:00\",\"breadcrumb\":{\"@id\":\"https:\/\/volcanes.net\/?p=5297#breadcrumb\"},\"inLanguage\":\"es\",\"potentialAction\":[{\"@type\":\"ReadAction\",\"target\":[\"https:\/\/volcanes.net\/?p=5297\"]}]},{\"@type\":\"ImageObject\",\"inLanguage\":\"es\",\"@id\":\"https:\/\/volcanes.net\/?p=5297#primaryimage\",\"url\":\"https:\/\/volcanes.net\/wp-content\/uploads\/2019\/08\/fc1882c0-8993-4c68-a307-7043c8980b23.jpg\",\"contentUrl\":\"https:\/\/volcanes.net\/wp-content\/uploads\/2019\/08\/fc1882c0-8993-4c68-a307-7043c8980b23.jpg\",\"width\":600,\"height\":546},{\"@type\":\"BreadcrumbList\",\"@id\":\"https:\/\/volcanes.net\/?p=5297#breadcrumb\",\"itemListElement\":[{\"@type\":\"ListItem\",\"position\":1,\"name\":\"Portada\",\"item\":\"https:\/\/volcanes.net\/\"},{\"@type\":\"ListItem\",\"position\":2,\"name\":\"Da Edil Miguel \u00c1ngel Salom\u00f3n Cort\u00e9s banderazo de inicio a 3 obras en San Pedro Nexapa.\"}]},{\"@type\":\"WebSite\",\"@id\":\"https:\/\/volcanes.net\/#website\",\"url\":\"https:\/\/volcanes.net\/\",\"name\":\"Volcanes.Net\",\"description\":\"Periodismo Profesional\",\"publisher\":{\"@id\":\"https:\/\/volcanes.net\/#organization\"},\"potentialAction\":[{\"@type\":\"SearchAction\",\"target\":{\"@type\":\"EntryPoint\",\"urlTemplate\":\"https:\/\/volcanes.net\/?s={search_term_string}\"},\"query-input\":{\"@type\":\"PropertyValueSpecification\",\"valueRequired\":true,\"valueName\":\"search_term_string\"}}],\"inLanguage\":\"es\"},{\"@type\":\"Organization\",\"@id\":\"https:\/\/volcanes.net\/#organization\",\"name\":\"Grupo Volcanes\",\"url\":\"https:\/\/volcanes.net\/\",\"logo\":{\"@type\":\"ImageObject\",\"inLanguage\":\"es\",\"@id\":\"https:\/\/volcanes.net\/#\/schema\/logo\/image\/\",\"url\":\"http:\/\/volcanes.net\/wp-content\/uploads\/2017\/12\/Avatar2.jpg\",\"contentUrl\":\"http:\/\/volcanes.net\/wp-content\/uploads\/2017\/12\/Avatar2.jpg\",\"width\":378,\"height\":378,\"caption\":\"Grupo Volcanes\"},\"image\":{\"@id\":\"https:\/\/volcanes.net\/#\/schema\/logo\/image\/\"},\"sameAs\":[\"https:\/\/www.facebook.com\/volcanes.net\/\"]},{\"@type\":\"Person\",\"@id\":\"https:\/\/volcanes.net\/#\/schema\/person\/4bf0f383940966a4abd53f5048c0e6b9\",\"name\":\"admin\",\"image\":{\"@type\":\"ImageObject\",\"inLanguage\":\"es\",\"@id\":\"https:\/\/volcanes.net\/#\/schema\/person\/image\/\",\"url\":\"https:\/\/secure.gravatar.com\/avatar\/ca004e6cba8462b8cb7abc86e382930c?s=96&d=mm&r=g\",\"contentUrl\":\"https:\/\/secure.gravatar.com\/avatar\/ca004e6cba8462b8cb7abc86e382930c?s=96&d=mm&r=g\",\"caption\":\"admin\"}}]}<\/script>\n<!-- \/ Yoast SEO plugin. -->","yoast_head_json":{"title":"Da Edil Miguel \u00c1ngel Salom\u00f3n Cort\u00e9s banderazo de inicio a 3 obras en San Pedro Nexapa. - Volcanes","robots":{"index":"index","follow":"follow","max-snippet":"max-snippet:-1","max-image-preview":"max-image-preview:large","max-video-preview":"max-video-preview:-1"},"canonical":"https:\/\/volcanes.net\/?p=5297","og_locale":"es_MX","og_type":"article","og_title":"Da Edil Miguel \u00c1ngel Salom\u00f3n Cort\u00e9s banderazo de inicio a 3 obras en San Pedro Nexapa. - Volcanes","og_description":"Con una inversi\u00f3n superior a los 800 mil pesos, provenientes del programa FISM, el Presidente","og_url":"https:\/\/volcanes.net\/?p=5297","og_site_name":"Volcanes","article_publisher":"https:\/\/www.facebook.com\/volcanes.net\/","article_published_time":"2019-08-19T17:03:47+00:00","og_image":[{"width":600,"height":546,"url":"https:\/\/volcanes.net\/wp-content\/uploads\/2019\/08\/fc1882c0-8993-4c68-a307-7043c8980b23.jpg","type":"image\/jpeg"}],"author":"admin","twitter_card":"summary_large_image","twitter_misc":{"Escrito por":"admin","Tiempo de lectura":"1 minuto"},"schema":{"@context":"https:\/\/schema.org","@graph":[{"@type":"Article","@id":"https:\/\/volcanes.net\/?p=5297#article","isPartOf":{"@id":"https:\/\/volcanes.net\/?p=5297"},"author":{"name":"admin","@id":"https:\/\/volcanes.net\/#\/schema\/person\/4bf0f383940966a4abd53f5048c0e6b9"},"headline":"Da Edil Miguel \u00c1ngel Salom\u00f3n Cort\u00e9s banderazo de inicio a 3 obras en San Pedro Nexapa.","datePublished":"2019-08-19T17:03:47+00:00","mainEntityOfPage":{"@id":"https:\/\/volcanes.net\/?p=5297"},"wordCount":237,"commentCount":0,"publisher":{"@id":"https:\/\/volcanes.net\/#organization"},"image":{"@id":"https:\/\/volcanes.net\/?p=5297#primaryimage"},"thumbnailUrl":"https:\/\/volcanes.net\/wp-content\/uploads\/2019\/08\/fc1882c0-8993-4c68-a307-7043c8980b23.jpg","keywords":["Amecameca"],"articleSection":["Municipales"],"inLanguage":"es","potentialAction":[{"@type":"CommentAction","name":"Comment","target":["https:\/\/volcanes.net\/?p=5297#respond"]}]},{"@type":"WebPage","@id":"https:\/\/volcanes.net\/?p=5297","url":"https:\/\/volcanes.net\/?p=5297","name":"Da Edil Miguel \u00c1ngel Salom\u00f3n Cort\u00e9s banderazo de inicio a 3 obras en San Pedro Nexapa. - Volcanes","isPartOf":{"@id":"https:\/\/volcanes.net\/#website"},"primaryImageOfPage":{"@id":"https:\/\/volcanes.net\/?p=5297#primaryimage"},"image":{"@id":"https:\/\/volcanes.net\/?p=5297#primaryimage"},"thumbnailUrl":"https:\/\/volcanes.net\/wp-content\/uploads\/2019\/08\/fc1882c0-8993-4c68-a307-7043c8980b23.jpg","datePublished":"2019-08-19T17:03:47+00:00","breadcrumb":{"@id":"https:\/\/volcanes.net\/?p=5297#breadcrumb"},"inLanguage":"es","potentialAction":[{"@type":"ReadAction","target":["https:\/\/volcanes.net\/?p=5297"]}]},{"@type":"ImageObject","inLanguage":"es","@id":"https:\/\/volcanes.net\/?p=5297#primaryimage","url":"https:\/\/volcanes.net\/wp-content\/uploads\/2019\/08\/fc1882c0-8993-4c68-a307-7043c8980b23.jpg","contentUrl":"https:\/\/volcanes.net\/wp-content\/uploads\/2019\/08\/fc1882c0-8993-4c68-a307-7043c8980b23.jpg","width":600,"height":546},{"@type":"BreadcrumbList","@id":"https:\/\/volcanes.net\/?p=5297#breadcrumb","itemListElement":[{"@type":"ListItem","position":1,"name":"Portada","item":"https:\/\/volcanes.net\/"},{"@type":"ListItem","position":2,"name":"Da Edil Miguel \u00c1ngel Salom\u00f3n Cort\u00e9s banderazo de inicio a 3 obras en San Pedro Nexapa."}]},{"@type":"WebSite","@id":"https:\/\/volcanes.net\/#website","url":"https:\/\/volcanes.net\/","name":"Volcanes.Net","description":"Periodismo Profesional","publisher":{"@id":"https:\/\/volcanes.net\/#organization"},"potentialAction":[{"@type":"SearchAction","target":{"@type":"EntryPoint","urlTemplate":"https:\/\/volcanes.net\/?s={search_term_string}"},"query-input":{"@type":"PropertyValueSpecification","valueRequired":true,"valueName":"search_term_string"}}],"inLanguage":"es"},{"@type":"Organization","@id":"https:\/\/volcanes.net\/#organization","name":"Grupo Volcanes","url":"https:\/\/volcanes.net\/","logo":{"@type":"ImageObject","inLanguage":"es","@id":"https:\/\/volcanes.net\/#\/schema\/logo\/image\/","url":"http:\/\/volcanes.net\/wp-content\/uploads\/2017\/12\/Avatar2.jpg","contentUrl":"http:\/\/volcanes.net\/wp-content\/uploads\/2017\/12\/Avatar2.jpg","width":378,"height":378,"caption":"Grupo Volcanes"},"image":{"@id":"https:\/\/volcanes.net\/#\/schema\/logo\/image\/"},"sameAs":["https:\/\/www.facebook.com\/volcanes.net\/"]},{"@type":"Person","@id":"https:\/\/volcanes.net\/#\/schema\/person\/4bf0f383940966a4abd53f5048c0e6b9","name":"admin","image":{"@type":"ImageObject","inLanguage":"es","@id":"https:\/\/volcanes.net\/#\/schema\/person\/image\/","url":"https:\/\/secure.gravatar.com\/avatar\/ca004e6cba8462b8cb7abc86e382930c?s=96&d=mm&r=g","contentUrl":"https:\/\/secure.gravatar.com\/avatar\/ca004e6cba8462b8cb7abc86e382930c?s=96&d=mm&r=g","caption":"admin"}}]}},"_links":{"self":[{"href":"https:\/\/volcanes.net\/index.php?rest_route=\/wp\/v2\/posts\/5297"}],"collection":[{"href":"https:\/\/volcanes.net\/index.php?rest_route=\/wp\/v2\/posts"}],"about":[{"href":"https:\/\/volcanes.net\/index.php?rest_route=\/wp\/v2\/types\/post"}],"author":[{"embeddable":true,"href":"https:\/\/volcanes.net\/index.php?rest_route=\/wp\/v2\/users\/1"}],"replies":[{"embeddable":true,"href":"https:\/\/volcanes.net\/index.php?rest_route=%2Fwp%2Fv2%2Fcomments&post=5297"}],"version-history":[{"count":1,"href":"https:\/\/volcanes.net\/index.php?rest_route=\/wp\/v2\/posts\/5297\/revisions"}],"predecessor-version":[{"id":5299,"href":"https:\/\/volcanes.net\/index.php?rest_route=\/wp\/v2\/posts\/5297\/revisions\/5299"}],"wp:featuredmedia":[{"embeddable":true,"href":"https:\/\/volcanes.net\/index.php?rest_route=\/wp\/v2\/media\/5298"}],"wp:attachment":[{"href":"https:\/\/volcanes.net\/index.php?rest_route=%2Fwp%2Fv2%2Fmedia&parent=5297"}],"wp:term":[{"taxonomy":"category","embeddable":true,"href":"https:\/\/volcanes.net\/index.php?rest_route=%2Fwp%2Fv2%2Fcategories&post=5297"},{"taxonomy":"post_tag","embeddable":true,"href":"https:\/\/volcanes.net\/index.php?rest_route=%2Fwp%2Fv2%2Ftags&post=5297"}],"curies":[{"name":"wp","href":"https:\/\/api.w.org\/{rel}","templated":true}]}}