{"id":5305,"date":"2019-08-19T18:21:58","date_gmt":"2019-08-20T00:21:58","guid":{"rendered":"http:\/\/volcanes.net\/?p=5305"},"modified":"2019-08-19T18:21:58","modified_gmt":"2019-08-20T00:21:58","slug":"casi-60-mil-personas-acuden-al-primer-festival-cultural-de-la-nuez-de-castilla","status":"publish","type":"post","link":"https:\/\/volcanes.net\/?p=5305","title":{"rendered":"Casi 60 mil personas acuden al #Primer Festival Cultural de la Nuez de Castilla"},"content":{"rendered":"<div style=\"margin-top: 0px; margin-bottom: 0px;\" class=\"sharethis-inline-share-buttons\" ><\/div><p>Amecameca, Estado de M\u00e9xico a 18 de agosto de 2019.- Con la asistencia de casi 60 mil personas, el Primer Festival Cultural de la Nuez de Castilla rebas\u00f3 toda expectativa, al convertirse en la festividad con la mayor concurrencia y derrama econ\u00f3mica de los \u00faltimos a\u00f1os.<\/p>\n<p>Luego de clausurar esta festividad, el Presidente Municipal Miguel \u00c1ngel Salom\u00f3n Cort\u00e9s, inform\u00f3 que las presentaciones del grupo \u201cElefante\u201d, del DJ Uzielito, el comediante \u201cEl Coste\u00f1o\u201d, la Guelaguetza, Triciclos Circus Band, la Orquesta La T\u00edpica, la Orquesta Sinf\u00f3nica de Tlayacapan, entre otros, despertaron el inter\u00e9s de los habitantes y visitantes al Foro Principal del Festival.<\/p>\n<p>Detall\u00f3 que la participaci\u00f3n de los artistas nativos del municipio o de la regi\u00f3n fue muy bien recibida\u00a0 porque se reconoci\u00f3 el talento local, \u201ctuvimos j\u00f3venes con trayectorias impresionantes, que han viajado al extranjero, expuesto su arte en escenarios internacionales y que son de Amecameca, fue un orgullo poder apoyarlos y proyectarlos en este festival\u201d, dijo el Edil.<\/p>\n<p>Explic\u00f3 que los asistentes al festival tambi\u00e9n pudieron disfrutar de la gastronom\u00eda de la temporada, encabezada por los chiles en nogada; adem\u00e1s de los dulces, panes, licores, galletas, raspados, helados, entre otros productos elaborados con nuez<\/p>\n<p>P\u00fablicamente agradeci\u00f3 el apoyo que los Integrantes del Cabildo le dieron para poder celebrar el Primer Festival Cultural de la Nuez de Castilla, y se\u00f1al\u00f3 \u201cquiero reconocer el compromiso del Cabildo, que est\u00e1 muy por encima de intereses particulares, lo \u00fanico que nos importa es el bienestar de los amecamequenses\u201d. Finalmente hizo el compromiso de gestionar m\u00e1s recursos para fomentar los actos culturales en todas sus disciplinas.<\/p>\n","protected":false},"excerpt":{"rendered":"<p>Amecameca, Estado de M\u00e9xico a 18 de agosto de 2019.- Con la asistencia de casi<\/p>\n","protected":false},"author":1,"featured_media":5306,"comment_status":"open","ping_status":"open","sticky":false,"template":"","format":"standard","meta":{"footnotes":""},"categories":[1],"tags":[7],"class_list":["post-5305","post","type-post","status-publish","format-standard","has-post-thumbnail","hentry","category-municipales","tag-amecameca"],"yoast_head":"<!-- This site is optimized with the Yoast SEO plugin v25.3 - https:\/\/yoast.com\/wordpress\/plugins\/seo\/ -->\n<title>Casi 60 mil personas acuden al #Primer Festival Cultural de la Nuez de Castilla - Volcanes<\/title>\n<meta name=\"robots\" content=\"index, follow, max-snippet:-1, max-image-preview:large, max-video-preview:-1\" \/>\n<link rel=\"canonical\" href=\"https:\/\/volcanes.net\/?p=5305\" \/>\n<meta property=\"og:locale\" content=\"es_MX\" \/>\n<meta property=\"og:type\" content=\"article\" \/>\n<meta property=\"og:title\" content=\"Casi 60 mil personas acuden al #Primer Festival Cultural de la Nuez de Castilla - Volcanes\" \/>\n<meta property=\"og:description\" content=\"Amecameca, Estado de M\u00e9xico a 18 de agosto de 2019.- Con la asistencia de casi\" \/>\n<meta property=\"og:url\" content=\"https:\/\/volcanes.net\/?p=5305\" \/>\n<meta property=\"og:site_name\" content=\"Volcanes\" \/>\n<meta property=\"article:publisher\" content=\"https:\/\/www.facebook.com\/volcanes.net\/\" \/>\n<meta property=\"article:published_time\" content=\"2019-08-20T00:21:58+00:00\" \/>\n<meta property=\"og:image\" content=\"https:\/\/volcanes.net\/wp-content\/uploads\/2019\/08\/69682138_531384974335677_1597944128665026560_n.jpg\" \/>\n\t<meta property=\"og:image:width\" content=\"600\" \/>\n\t<meta property=\"og:image:height\" content=\"450\" \/>\n\t<meta property=\"og:image:type\" content=\"image\/jpeg\" \/>\n<meta name=\"author\" content=\"admin\" \/>\n<meta name=\"twitter:card\" content=\"summary_large_image\" \/>\n<meta name=\"twitter:label1\" content=\"Escrito por\" \/>\n\t<meta name=\"twitter:data1\" content=\"admin\" \/>\n\t<meta name=\"twitter:label2\" content=\"Tiempo de lectura\" \/>\n\t<meta name=\"twitter:data2\" content=\"1 minuto\" \/>\n<script type=\"application\/ld+json\" class=\"yoast-schema-graph\">{\"@context\":\"https:\/\/schema.org\",\"@graph\":[{\"@type\":\"Article\",\"@id\":\"https:\/\/volcanes.net\/?p=5305#article\",\"isPartOf\":{\"@id\":\"https:\/\/volcanes.net\/?p=5305\"},\"author\":{\"name\":\"admin\",\"@id\":\"https:\/\/volcanes.net\/#\/schema\/person\/4bf0f383940966a4abd53f5048c0e6b9\"},\"headline\":\"Casi 60 mil personas acuden al #Primer Festival Cultural de la Nuez de Castilla\",\"datePublished\":\"2019-08-20T00:21:58+00:00\",\"mainEntityOfPage\":{\"@id\":\"https:\/\/volcanes.net\/?p=5305\"},\"wordCount\":291,\"commentCount\":0,\"publisher\":{\"@id\":\"https:\/\/volcanes.net\/#organization\"},\"image\":{\"@id\":\"https:\/\/volcanes.net\/?p=5305#primaryimage\"},\"thumbnailUrl\":\"https:\/\/volcanes.net\/wp-content\/uploads\/2019\/08\/69682138_531384974335677_1597944128665026560_n.jpg\",\"keywords\":[\"Amecameca\"],\"articleSection\":[\"Municipales\"],\"inLanguage\":\"es\",\"potentialAction\":[{\"@type\":\"CommentAction\",\"name\":\"Comment\",\"target\":[\"https:\/\/volcanes.net\/?p=5305#respond\"]}]},{\"@type\":\"WebPage\",\"@id\":\"https:\/\/volcanes.net\/?p=5305\",\"url\":\"https:\/\/volcanes.net\/?p=5305\",\"name\":\"Casi 60 mil personas acuden al #Primer Festival Cultural de la Nuez de Castilla - Volcanes\",\"isPartOf\":{\"@id\":\"https:\/\/volcanes.net\/#website\"},\"primaryImageOfPage\":{\"@id\":\"https:\/\/volcanes.net\/?p=5305#primaryimage\"},\"image\":{\"@id\":\"https:\/\/volcanes.net\/?p=5305#primaryimage\"},\"thumbnailUrl\":\"https:\/\/volcanes.net\/wp-content\/uploads\/2019\/08\/69682138_531384974335677_1597944128665026560_n.jpg\",\"datePublished\":\"2019-08-20T00:21:58+00:00\",\"breadcrumb\":{\"@id\":\"https:\/\/volcanes.net\/?p=5305#breadcrumb\"},\"inLanguage\":\"es\",\"potentialAction\":[{\"@type\":\"ReadAction\",\"target\":[\"https:\/\/volcanes.net\/?p=5305\"]}]},{\"@type\":\"ImageObject\",\"inLanguage\":\"es\",\"@id\":\"https:\/\/volcanes.net\/?p=5305#primaryimage\",\"url\":\"https:\/\/volcanes.net\/wp-content\/uploads\/2019\/08\/69682138_531384974335677_1597944128665026560_n.jpg\",\"contentUrl\":\"https:\/\/volcanes.net\/wp-content\/uploads\/2019\/08\/69682138_531384974335677_1597944128665026560_n.jpg\",\"width\":600,\"height\":450},{\"@type\":\"BreadcrumbList\",\"@id\":\"https:\/\/volcanes.net\/?p=5305#breadcrumb\",\"itemListElement\":[{\"@type\":\"ListItem\",\"position\":1,\"name\":\"Portada\",\"item\":\"https:\/\/volcanes.net\/\"},{\"@type\":\"ListItem\",\"position\":2,\"name\":\"Casi 60 mil personas acuden al #Primer Festival Cultural de la Nuez de Castilla\"}]},{\"@type\":\"WebSite\",\"@id\":\"https:\/\/volcanes.net\/#website\",\"url\":\"https:\/\/volcanes.net\/\",\"name\":\"Volcanes.Net\",\"description\":\"Periodismo Profesional\",\"publisher\":{\"@id\":\"https:\/\/volcanes.net\/#organization\"},\"potentialAction\":[{\"@type\":\"SearchAction\",\"target\":{\"@type\":\"EntryPoint\",\"urlTemplate\":\"https:\/\/volcanes.net\/?s={search_term_string}\"},\"query-input\":{\"@type\":\"PropertyValueSpecification\",\"valueRequired\":true,\"valueName\":\"search_term_string\"}}],\"inLanguage\":\"es\"},{\"@type\":\"Organization\",\"@id\":\"https:\/\/volcanes.net\/#organization\",\"name\":\"Grupo Volcanes\",\"url\":\"https:\/\/volcanes.net\/\",\"logo\":{\"@type\":\"ImageObject\",\"inLanguage\":\"es\",\"@id\":\"https:\/\/volcanes.net\/#\/schema\/logo\/image\/\",\"url\":\"http:\/\/volcanes.net\/wp-content\/uploads\/2017\/12\/Avatar2.jpg\",\"contentUrl\":\"http:\/\/volcanes.net\/wp-content\/uploads\/2017\/12\/Avatar2.jpg\",\"width\":378,\"height\":378,\"caption\":\"Grupo Volcanes\"},\"image\":{\"@id\":\"https:\/\/volcanes.net\/#\/schema\/logo\/image\/\"},\"sameAs\":[\"https:\/\/www.facebook.com\/volcanes.net\/\"]},{\"@type\":\"Person\",\"@id\":\"https:\/\/volcanes.net\/#\/schema\/person\/4bf0f383940966a4abd53f5048c0e6b9\",\"name\":\"admin\",\"image\":{\"@type\":\"ImageObject\",\"inLanguage\":\"es\",\"@id\":\"https:\/\/volcanes.net\/#\/schema\/person\/image\/\",\"url\":\"https:\/\/secure.gravatar.com\/avatar\/ca004e6cba8462b8cb7abc86e382930c?s=96&d=mm&r=g\",\"contentUrl\":\"https:\/\/secure.gravatar.com\/avatar\/ca004e6cba8462b8cb7abc86e382930c?s=96&d=mm&r=g\",\"caption\":\"admin\"}}]}<\/script>\n<!-- \/ Yoast SEO plugin. -->","yoast_head_json":{"title":"Casi 60 mil personas acuden al #Primer Festival Cultural de la Nuez de Castilla - Volcanes","robots":{"index":"index","follow":"follow","max-snippet":"max-snippet:-1","max-image-preview":"max-image-preview:large","max-video-preview":"max-video-preview:-1"},"canonical":"https:\/\/volcanes.net\/?p=5305","og_locale":"es_MX","og_type":"article","og_title":"Casi 60 mil personas acuden al #Primer Festival Cultural de la Nuez de Castilla - Volcanes","og_description":"Amecameca, Estado de M\u00e9xico a 18 de agosto de 2019.- Con la asistencia de casi","og_url":"https:\/\/volcanes.net\/?p=5305","og_site_name":"Volcanes","article_publisher":"https:\/\/www.facebook.com\/volcanes.net\/","article_published_time":"2019-08-20T00:21:58+00:00","og_image":[{"width":600,"height":450,"url":"https:\/\/volcanes.net\/wp-content\/uploads\/2019\/08\/69682138_531384974335677_1597944128665026560_n.jpg","type":"image\/jpeg"}],"author":"admin","twitter_card":"summary_large_image","twitter_misc":{"Escrito por":"admin","Tiempo de lectura":"1 minuto"},"schema":{"@context":"https:\/\/schema.org","@graph":[{"@type":"Article","@id":"https:\/\/volcanes.net\/?p=5305#article","isPartOf":{"@id":"https:\/\/volcanes.net\/?p=5305"},"author":{"name":"admin","@id":"https:\/\/volcanes.net\/#\/schema\/person\/4bf0f383940966a4abd53f5048c0e6b9"},"headline":"Casi 60 mil personas acuden al #Primer Festival Cultural de la Nuez de Castilla","datePublished":"2019-08-20T00:21:58+00:00","mainEntityOfPage":{"@id":"https:\/\/volcanes.net\/?p=5305"},"wordCount":291,"commentCount":0,"publisher":{"@id":"https:\/\/volcanes.net\/#organization"},"image":{"@id":"https:\/\/volcanes.net\/?p=5305#primaryimage"},"thumbnailUrl":"https:\/\/volcanes.net\/wp-content\/uploads\/2019\/08\/69682138_531384974335677_1597944128665026560_n.jpg","keywords":["Amecameca"],"articleSection":["Municipales"],"inLanguage":"es","potentialAction":[{"@type":"CommentAction","name":"Comment","target":["https:\/\/volcanes.net\/?p=5305#respond"]}]},{"@type":"WebPage","@id":"https:\/\/volcanes.net\/?p=5305","url":"https:\/\/volcanes.net\/?p=5305","name":"Casi 60 mil personas acuden al #Primer Festival Cultural de la Nuez de Castilla - Volcanes","isPartOf":{"@id":"https:\/\/volcanes.net\/#website"},"primaryImageOfPage":{"@id":"https:\/\/volcanes.net\/?p=5305#primaryimage"},"image":{"@id":"https:\/\/volcanes.net\/?p=5305#primaryimage"},"thumbnailUrl":"https:\/\/volcanes.net\/wp-content\/uploads\/2019\/08\/69682138_531384974335677_1597944128665026560_n.jpg","datePublished":"2019-08-20T00:21:58+00:00","breadcrumb":{"@id":"https:\/\/volcanes.net\/?p=5305#breadcrumb"},"inLanguage":"es","potentialAction":[{"@type":"ReadAction","target":["https:\/\/volcanes.net\/?p=5305"]}]},{"@type":"ImageObject","inLanguage":"es","@id":"https:\/\/volcanes.net\/?p=5305#primaryimage","url":"https:\/\/volcanes.net\/wp-content\/uploads\/2019\/08\/69682138_531384974335677_1597944128665026560_n.jpg","contentUrl":"https:\/\/volcanes.net\/wp-content\/uploads\/2019\/08\/69682138_531384974335677_1597944128665026560_n.jpg","width":600,"height":450},{"@type":"BreadcrumbList","@id":"https:\/\/volcanes.net\/?p=5305#breadcrumb","itemListElement":[{"@type":"ListItem","position":1,"name":"Portada","item":"https:\/\/volcanes.net\/"},{"@type":"ListItem","position":2,"name":"Casi 60 mil personas acuden al #Primer Festival Cultural de la Nuez de Castilla"}]},{"@type":"WebSite","@id":"https:\/\/volcanes.net\/#website","url":"https:\/\/volcanes.net\/","name":"Volcanes.Net","description":"Periodismo Profesional","publisher":{"@id":"https:\/\/volcanes.net\/#organization"},"potentialAction":[{"@type":"SearchAction","target":{"@type":"EntryPoint","urlTemplate":"https:\/\/volcanes.net\/?s={search_term_string}"},"query-input":{"@type":"PropertyValueSpecification","valueRequired":true,"valueName":"search_term_string"}}],"inLanguage":"es"},{"@type":"Organization","@id":"https:\/\/volcanes.net\/#organization","name":"Grupo Volcanes","url":"https:\/\/volcanes.net\/","logo":{"@type":"ImageObject","inLanguage":"es","@id":"https:\/\/volcanes.net\/#\/schema\/logo\/image\/","url":"http:\/\/volcanes.net\/wp-content\/uploads\/2017\/12\/Avatar2.jpg","contentUrl":"http:\/\/volcanes.net\/wp-content\/uploads\/2017\/12\/Avatar2.jpg","width":378,"height":378,"caption":"Grupo Volcanes"},"image":{"@id":"https:\/\/volcanes.net\/#\/schema\/logo\/image\/"},"sameAs":["https:\/\/www.facebook.com\/volcanes.net\/"]},{"@type":"Person","@id":"https:\/\/volcanes.net\/#\/schema\/person\/4bf0f383940966a4abd53f5048c0e6b9","name":"admin","image":{"@type":"ImageObject","inLanguage":"es","@id":"https:\/\/volcanes.net\/#\/schema\/person\/image\/","url":"https:\/\/secure.gravatar.com\/avatar\/ca004e6cba8462b8cb7abc86e382930c?s=96&d=mm&r=g","contentUrl":"https:\/\/secure.gravatar.com\/avatar\/ca004e6cba8462b8cb7abc86e382930c?s=96&d=mm&r=g","caption":"admin"}}]}},"_links":{"self":[{"href":"https:\/\/volcanes.net\/index.php?rest_route=\/wp\/v2\/posts\/5305"}],"collection":[{"href":"https:\/\/volcanes.net\/index.php?rest_route=\/wp\/v2\/posts"}],"about":[{"href":"https:\/\/volcanes.net\/index.php?rest_route=\/wp\/v2\/types\/post"}],"author":[{"embeddable":true,"href":"https:\/\/volcanes.net\/index.php?rest_route=\/wp\/v2\/users\/1"}],"replies":[{"embeddable":true,"href":"https:\/\/volcanes.net\/index.php?rest_route=%2Fwp%2Fv2%2Fcomments&post=5305"}],"version-history":[{"count":1,"href":"https:\/\/volcanes.net\/index.php?rest_route=\/wp\/v2\/posts\/5305\/revisions"}],"predecessor-version":[{"id":5307,"href":"https:\/\/volcanes.net\/index.php?rest_route=\/wp\/v2\/posts\/5305\/revisions\/5307"}],"wp:featuredmedia":[{"embeddable":true,"href":"https:\/\/volcanes.net\/index.php?rest_route=\/wp\/v2\/media\/5306"}],"wp:attachment":[{"href":"https:\/\/volcanes.net\/index.php?rest_route=%2Fwp%2Fv2%2Fmedia&parent=5305"}],"wp:term":[{"taxonomy":"category","embeddable":true,"href":"https:\/\/volcanes.net\/index.php?rest_route=%2Fwp%2Fv2%2Fcategories&post=5305"},{"taxonomy":"post_tag","embeddable":true,"href":"https:\/\/volcanes.net\/index.php?rest_route=%2Fwp%2Fv2%2Ftags&post=5305"}],"curies":[{"name":"wp","href":"https:\/\/api.w.org\/{rel}","templated":true}]}}