{"id":5314,"date":"2019-08-22T21:16:43","date_gmt":"2019-08-23T03:16:43","guid":{"rendered":"http:\/\/volcanes.net\/?p=5314"},"modified":"2019-08-22T21:16:43","modified_gmt":"2019-08-23T03:16:43","slug":"garantiza-gobernador-alfredo-del-mazo-que-todos-los-alumnos-de-preescolar-primaria-y-secundaria-del-edomex-contaran-con-su-paquete-de-utiles-para-el-nuevo-ciclo-escolar-que-inicia-el-proximo-lunes","status":"publish","type":"post","link":"https:\/\/volcanes.net\/?p=5314","title":{"rendered":"Garantiza Gobernador Alfredo Del Mazo que todos los alumnos de preescolar, primaria y secundaria del #Edom\u00e9x contar\u00e1n con su paquete de \u00fatiles para el nuevo ciclo escolar, que inicia el pr\u00f3ximo lunes 26 de agosto."},"content":{"rendered":"<div style=\"margin-top: 0px; margin-bottom: 0px;\" class=\"sharethis-inline-share-buttons\" ><\/div><p>Tlalmanalco, Estado de M\u00e9xico, 22 de agosto de 2019.<\/p>\n<p>Para apoyar a las familias con los gastos relacionados con el inicio del pr\u00f3ximo ciclo escolar, el Gobernador Alfredo Del Mazo Maza inform\u00f3 que la administraci\u00f3n estatal otorgar\u00e1 paquetes de \u00fatiles escolares de forma gratuita, a los alumnos de preescolar, primaria y secundaria del Estado de M\u00e9xico.<\/p>\n<p>Durante la entrega de tarjetas del Salario rosa, en el municipio de Tlalmanalco, el mandatario estatal asegur\u00f3 que este incentivo tambi\u00e9n tiene la finalidad de que los estudiantes no abandonen la escuela por falta de recursos.<\/p>\n<p>\u201cTenemos una buena noticia porque les vamos a dar para todos los ni\u00f1os y ni\u00f1as de preescolar, de primaria y de secundaria, sus \u00fatiles escolares de manera gratuita para que puedan seguir estudiando y ustedes no tengan que gastar en \u00fatiles escolares, inviertan en otra cosa, pero los \u00fatiles escolares se los vamos a dar para que ustedes cuenten con ese apoyo\u201d, garantiz\u00f3.<\/p>\n<p>En el mensaje que dirigi\u00f3 a las cerca de 6 mil beneficiarias del Salario rosa, reunidas en el Parque Ecotur\u00edstico \u201cLa Escondida\u201d, en este municipio, Del Mazo Maza destac\u00f3 que el Gobierno estatal trabaja para fortalecer la econom\u00eda de las familias, e indic\u00f3 que \u00e9ste es un programa dirigido espec\u00edficamente a las jefas de familia, ya que el apoyo que ellas reciben lo canalizan a mejorar las condiciones de vida en sus hogares, y cada una decide en qu\u00e9 invertir los recursos que recibe.<\/p>\n<p>\u201cLa mujer, la ama de casa siempre piensa en c\u00f3mo sacar adelante a la familia y por eso naci\u00f3 el programa del Salario rosa y hoy lo hacemos realidad para ustedes, lo hacemos realidad porque les prometimos que \u00edbamos a apoyar a la mujer, y en especial a las amas de casa y hoy, con este programa, ustedes van a poder tener un apoyo que les permita invertirlo en lo que ustedes quieran\u201d, apunt\u00f3.<\/p>\n<p>Luego de entregar tarjetas de este programa, as\u00ed como constancias por conclusi\u00f3n de cursos de capacitaci\u00f3n, el Gobernador explic\u00f3 que el Salario rosa, adem\u00e1s de entregar un est\u00edmulo de 2 mil 400 pesos bimestrales, tambi\u00e9n ofrece la alternativa de tomar uno de los m\u00e1s de 20 cursos de capacitaci\u00f3n para el trabajo, que a la fecha han tomado m\u00e1s de 48 mil beneficiarias.<\/p>\n<p>Tambi\u00e9n reconoci\u00f3 la dedicaci\u00f3n con la cual las amas de casa se esfuerzan para sacar adelante a sus hijos, y consider\u00f3 que el esfuerzo que hacen merece un reconocimiento, el cual reciben a trav\u00e9s de esta estrategia social.<\/p>\n<p>\u201cMuchas de ustedes todos los d\u00edas est\u00e1n trabajando y sacrific\u00e1ndose para sacar adelante a su familia, por eso, el programa del Salario rosa est\u00e1 dirigido a las mujeres, porque son ustedes las que logran que la familia salga adelante y las que siempre est\u00e1n pensando en sus hijos y c\u00f3mo ayudarles\u201d, expres\u00f3.<\/p>\n<p>A este evento se dieron cita jefas de familia de los municipios de Amecameca, Atlautla, Ayapango, Chalco, Cocotitl\u00e1n, Ecatzingo, Juchitepec, Ozumba, Temamatla, Tenango del Aire, Tepetlixpa, Tlalmanalco y Valle de Chalco Solidaridad.<\/p>\n","protected":false},"excerpt":{"rendered":"<p>Tlalmanalco, Estado de M\u00e9xico, 22 de agosto de 2019. Para apoyar a las familias con<\/p>\n","protected":false},"author":1,"featured_media":5315,"comment_status":"open","ping_status":"open","sticky":false,"template":"","format":"standard","meta":{"footnotes":""},"categories":[1],"tags":[81],"class_list":["post-5314","post","type-post","status-publish","format-standard","has-post-thumbnail","hentry","category-municipales","tag-tlalmanalco"],"yoast_head":"<!-- This site is optimized with the Yoast SEO plugin v25.3 - https:\/\/yoast.com\/wordpress\/plugins\/seo\/ -->\n<title>Garantiza Gobernador Alfredo Del Mazo que todos los alumnos de preescolar, primaria y secundaria del #Edom\u00e9x contar\u00e1n con su paquete de \u00fatiles para el nuevo ciclo escolar, que inicia el pr\u00f3ximo lunes 26 de agosto. - Volcanes<\/title>\n<meta name=\"robots\" content=\"index, follow, max-snippet:-1, max-image-preview:large, max-video-preview:-1\" \/>\n<link rel=\"canonical\" href=\"https:\/\/volcanes.net\/?p=5314\" \/>\n<meta property=\"og:locale\" content=\"es_MX\" \/>\n<meta property=\"og:type\" content=\"article\" \/>\n<meta property=\"og:title\" content=\"Garantiza Gobernador Alfredo Del Mazo que todos los alumnos de preescolar, primaria y secundaria del #Edom\u00e9x contar\u00e1n con su paquete de \u00fatiles para el nuevo ciclo escolar, que inicia el pr\u00f3ximo lunes 26 de agosto. - Volcanes\" \/>\n<meta property=\"og:description\" content=\"Tlalmanalco, Estado de M\u00e9xico, 22 de agosto de 2019. Para apoyar a las familias con\" \/>\n<meta property=\"og:url\" content=\"https:\/\/volcanes.net\/?p=5314\" \/>\n<meta property=\"og:site_name\" content=\"Volcanes\" \/>\n<meta property=\"article:publisher\" content=\"https:\/\/www.facebook.com\/volcanes.net\/\" \/>\n<meta property=\"article:published_time\" content=\"2019-08-23T03:16:43+00:00\" \/>\n<meta property=\"og:image\" content=\"https:\/\/volcanes.net\/wp-content\/uploads\/2019\/08\/WhatsApp-Image-2019-08-22-at-1.30.57-PM.jpeg\" \/>\n\t<meta property=\"og:image:width\" content=\"600\" \/>\n\t<meta property=\"og:image:height\" content=\"927\" \/>\n\t<meta property=\"og:image:type\" content=\"image\/jpeg\" \/>\n<meta name=\"author\" content=\"admin\" \/>\n<meta name=\"twitter:card\" content=\"summary_large_image\" \/>\n<meta name=\"twitter:label1\" content=\"Escrito por\" \/>\n\t<meta name=\"twitter:data1\" content=\"admin\" \/>\n\t<meta name=\"twitter:label2\" content=\"Tiempo de lectura\" \/>\n\t<meta name=\"twitter:data2\" content=\"3 minutos\" \/>\n<script type=\"application\/ld+json\" class=\"yoast-schema-graph\">{\"@context\":\"https:\/\/schema.org\",\"@graph\":[{\"@type\":\"Article\",\"@id\":\"https:\/\/volcanes.net\/?p=5314#article\",\"isPartOf\":{\"@id\":\"https:\/\/volcanes.net\/?p=5314\"},\"author\":{\"name\":\"admin\",\"@id\":\"https:\/\/volcanes.net\/#\/schema\/person\/4bf0f383940966a4abd53f5048c0e6b9\"},\"headline\":\"Garantiza Gobernador Alfredo Del Mazo que todos los alumnos de preescolar, primaria y secundaria del #Edom\u00e9x contar\u00e1n con su paquete de \u00fatiles para el nuevo ciclo escolar, que inicia el pr\u00f3ximo lunes 26 de agosto.\",\"datePublished\":\"2019-08-23T03:16:43+00:00\",\"mainEntityOfPage\":{\"@id\":\"https:\/\/volcanes.net\/?p=5314\"},\"wordCount\":556,\"commentCount\":0,\"publisher\":{\"@id\":\"https:\/\/volcanes.net\/#organization\"},\"image\":{\"@id\":\"https:\/\/volcanes.net\/?p=5314#primaryimage\"},\"thumbnailUrl\":\"https:\/\/volcanes.net\/wp-content\/uploads\/2019\/08\/WhatsApp-Image-2019-08-22-at-1.30.57-PM.jpeg\",\"keywords\":[\"Tlalmanalco\"],\"articleSection\":[\"Municipales\"],\"inLanguage\":\"es\",\"potentialAction\":[{\"@type\":\"CommentAction\",\"name\":\"Comment\",\"target\":[\"https:\/\/volcanes.net\/?p=5314#respond\"]}]},{\"@type\":\"WebPage\",\"@id\":\"https:\/\/volcanes.net\/?p=5314\",\"url\":\"https:\/\/volcanes.net\/?p=5314\",\"name\":\"Garantiza Gobernador Alfredo Del Mazo que todos los alumnos de preescolar, primaria y secundaria del #Edom\u00e9x contar\u00e1n con su paquete de \u00fatiles para el nuevo ciclo escolar, que inicia el pr\u00f3ximo lunes 26 de agosto. - Volcanes\",\"isPartOf\":{\"@id\":\"https:\/\/volcanes.net\/#website\"},\"primaryImageOfPage\":{\"@id\":\"https:\/\/volcanes.net\/?p=5314#primaryimage\"},\"image\":{\"@id\":\"https:\/\/volcanes.net\/?p=5314#primaryimage\"},\"thumbnailUrl\":\"https:\/\/volcanes.net\/wp-content\/uploads\/2019\/08\/WhatsApp-Image-2019-08-22-at-1.30.57-PM.jpeg\",\"datePublished\":\"2019-08-23T03:16:43+00:00\",\"breadcrumb\":{\"@id\":\"https:\/\/volcanes.net\/?p=5314#breadcrumb\"},\"inLanguage\":\"es\",\"potentialAction\":[{\"@type\":\"ReadAction\",\"target\":[\"https:\/\/volcanes.net\/?p=5314\"]}]},{\"@type\":\"ImageObject\",\"inLanguage\":\"es\",\"@id\":\"https:\/\/volcanes.net\/?p=5314#primaryimage\",\"url\":\"https:\/\/volcanes.net\/wp-content\/uploads\/2019\/08\/WhatsApp-Image-2019-08-22-at-1.30.57-PM.jpeg\",\"contentUrl\":\"https:\/\/volcanes.net\/wp-content\/uploads\/2019\/08\/WhatsApp-Image-2019-08-22-at-1.30.57-PM.jpeg\",\"width\":600,\"height\":927},{\"@type\":\"BreadcrumbList\",\"@id\":\"https:\/\/volcanes.net\/?p=5314#breadcrumb\",\"itemListElement\":[{\"@type\":\"ListItem\",\"position\":1,\"name\":\"Portada\",\"item\":\"https:\/\/volcanes.net\/\"},{\"@type\":\"ListItem\",\"position\":2,\"name\":\"Garantiza Gobernador Alfredo Del Mazo que todos los alumnos de preescolar, primaria y secundaria del #Edom\u00e9x contar\u00e1n con su paquete de \u00fatiles para el nuevo ciclo escolar, que inicia el pr\u00f3ximo lunes 26 de agosto.\"}]},{\"@type\":\"WebSite\",\"@id\":\"https:\/\/volcanes.net\/#website\",\"url\":\"https:\/\/volcanes.net\/\",\"name\":\"Volcanes.Net\",\"description\":\"Periodismo Profesional\",\"publisher\":{\"@id\":\"https:\/\/volcanes.net\/#organization\"},\"potentialAction\":[{\"@type\":\"SearchAction\",\"target\":{\"@type\":\"EntryPoint\",\"urlTemplate\":\"https:\/\/volcanes.net\/?s={search_term_string}\"},\"query-input\":{\"@type\":\"PropertyValueSpecification\",\"valueRequired\":true,\"valueName\":\"search_term_string\"}}],\"inLanguage\":\"es\"},{\"@type\":\"Organization\",\"@id\":\"https:\/\/volcanes.net\/#organization\",\"name\":\"Grupo Volcanes\",\"url\":\"https:\/\/volcanes.net\/\",\"logo\":{\"@type\":\"ImageObject\",\"inLanguage\":\"es\",\"@id\":\"https:\/\/volcanes.net\/#\/schema\/logo\/image\/\",\"url\":\"http:\/\/volcanes.net\/wp-content\/uploads\/2017\/12\/Avatar2.jpg\",\"contentUrl\":\"http:\/\/volcanes.net\/wp-content\/uploads\/2017\/12\/Avatar2.jpg\",\"width\":378,\"height\":378,\"caption\":\"Grupo Volcanes\"},\"image\":{\"@id\":\"https:\/\/volcanes.net\/#\/schema\/logo\/image\/\"},\"sameAs\":[\"https:\/\/www.facebook.com\/volcanes.net\/\"]},{\"@type\":\"Person\",\"@id\":\"https:\/\/volcanes.net\/#\/schema\/person\/4bf0f383940966a4abd53f5048c0e6b9\",\"name\":\"admin\",\"image\":{\"@type\":\"ImageObject\",\"inLanguage\":\"es\",\"@id\":\"https:\/\/volcanes.net\/#\/schema\/person\/image\/\",\"url\":\"https:\/\/secure.gravatar.com\/avatar\/ca004e6cba8462b8cb7abc86e382930c?s=96&d=mm&r=g\",\"contentUrl\":\"https:\/\/secure.gravatar.com\/avatar\/ca004e6cba8462b8cb7abc86e382930c?s=96&d=mm&r=g\",\"caption\":\"admin\"}}]}<\/script>\n<!-- \/ Yoast SEO plugin. -->","yoast_head_json":{"title":"Garantiza Gobernador Alfredo Del Mazo que todos los alumnos de preescolar, primaria y secundaria del #Edom\u00e9x contar\u00e1n con su paquete de \u00fatiles para el nuevo ciclo escolar, que inicia el pr\u00f3ximo lunes 26 de agosto. - Volcanes","robots":{"index":"index","follow":"follow","max-snippet":"max-snippet:-1","max-image-preview":"max-image-preview:large","max-video-preview":"max-video-preview:-1"},"canonical":"https:\/\/volcanes.net\/?p=5314","og_locale":"es_MX","og_type":"article","og_title":"Garantiza Gobernador Alfredo Del Mazo que todos los alumnos de preescolar, primaria y secundaria del #Edom\u00e9x contar\u00e1n con su paquete de \u00fatiles para el nuevo ciclo escolar, que inicia el pr\u00f3ximo lunes 26 de agosto. - Volcanes","og_description":"Tlalmanalco, Estado de M\u00e9xico, 22 de agosto de 2019. Para apoyar a las familias con","og_url":"https:\/\/volcanes.net\/?p=5314","og_site_name":"Volcanes","article_publisher":"https:\/\/www.facebook.com\/volcanes.net\/","article_published_time":"2019-08-23T03:16:43+00:00","og_image":[{"width":600,"height":927,"url":"https:\/\/volcanes.net\/wp-content\/uploads\/2019\/08\/WhatsApp-Image-2019-08-22-at-1.30.57-PM.jpeg","type":"image\/jpeg"}],"author":"admin","twitter_card":"summary_large_image","twitter_misc":{"Escrito por":"admin","Tiempo de lectura":"3 minutos"},"schema":{"@context":"https:\/\/schema.org","@graph":[{"@type":"Article","@id":"https:\/\/volcanes.net\/?p=5314#article","isPartOf":{"@id":"https:\/\/volcanes.net\/?p=5314"},"author":{"name":"admin","@id":"https:\/\/volcanes.net\/#\/schema\/person\/4bf0f383940966a4abd53f5048c0e6b9"},"headline":"Garantiza Gobernador Alfredo Del Mazo que todos los alumnos de preescolar, primaria y secundaria del #Edom\u00e9x contar\u00e1n con su paquete de \u00fatiles para el nuevo ciclo escolar, que inicia el pr\u00f3ximo lunes 26 de agosto.","datePublished":"2019-08-23T03:16:43+00:00","mainEntityOfPage":{"@id":"https:\/\/volcanes.net\/?p=5314"},"wordCount":556,"commentCount":0,"publisher":{"@id":"https:\/\/volcanes.net\/#organization"},"image":{"@id":"https:\/\/volcanes.net\/?p=5314#primaryimage"},"thumbnailUrl":"https:\/\/volcanes.net\/wp-content\/uploads\/2019\/08\/WhatsApp-Image-2019-08-22-at-1.30.57-PM.jpeg","keywords":["Tlalmanalco"],"articleSection":["Municipales"],"inLanguage":"es","potentialAction":[{"@type":"CommentAction","name":"Comment","target":["https:\/\/volcanes.net\/?p=5314#respond"]}]},{"@type":"WebPage","@id":"https:\/\/volcanes.net\/?p=5314","url":"https:\/\/volcanes.net\/?p=5314","name":"Garantiza Gobernador Alfredo Del Mazo que todos los alumnos de preescolar, primaria y secundaria del #Edom\u00e9x contar\u00e1n con su paquete de \u00fatiles para el nuevo ciclo escolar, que inicia el pr\u00f3ximo lunes 26 de agosto. - Volcanes","isPartOf":{"@id":"https:\/\/volcanes.net\/#website"},"primaryImageOfPage":{"@id":"https:\/\/volcanes.net\/?p=5314#primaryimage"},"image":{"@id":"https:\/\/volcanes.net\/?p=5314#primaryimage"},"thumbnailUrl":"https:\/\/volcanes.net\/wp-content\/uploads\/2019\/08\/WhatsApp-Image-2019-08-22-at-1.30.57-PM.jpeg","datePublished":"2019-08-23T03:16:43+00:00","breadcrumb":{"@id":"https:\/\/volcanes.net\/?p=5314#breadcrumb"},"inLanguage":"es","potentialAction":[{"@type":"ReadAction","target":["https:\/\/volcanes.net\/?p=5314"]}]},{"@type":"ImageObject","inLanguage":"es","@id":"https:\/\/volcanes.net\/?p=5314#primaryimage","url":"https:\/\/volcanes.net\/wp-content\/uploads\/2019\/08\/WhatsApp-Image-2019-08-22-at-1.30.57-PM.jpeg","contentUrl":"https:\/\/volcanes.net\/wp-content\/uploads\/2019\/08\/WhatsApp-Image-2019-08-22-at-1.30.57-PM.jpeg","width":600,"height":927},{"@type":"BreadcrumbList","@id":"https:\/\/volcanes.net\/?p=5314#breadcrumb","itemListElement":[{"@type":"ListItem","position":1,"name":"Portada","item":"https:\/\/volcanes.net\/"},{"@type":"ListItem","position":2,"name":"Garantiza Gobernador Alfredo Del Mazo que todos los alumnos de preescolar, primaria y secundaria del #Edom\u00e9x contar\u00e1n con su paquete de \u00fatiles para el nuevo ciclo escolar, que inicia el pr\u00f3ximo lunes 26 de agosto."}]},{"@type":"WebSite","@id":"https:\/\/volcanes.net\/#website","url":"https:\/\/volcanes.net\/","name":"Volcanes.Net","description":"Periodismo Profesional","publisher":{"@id":"https:\/\/volcanes.net\/#organization"},"potentialAction":[{"@type":"SearchAction","target":{"@type":"EntryPoint","urlTemplate":"https:\/\/volcanes.net\/?s={search_term_string}"},"query-input":{"@type":"PropertyValueSpecification","valueRequired":true,"valueName":"search_term_string"}}],"inLanguage":"es"},{"@type":"Organization","@id":"https:\/\/volcanes.net\/#organization","name":"Grupo Volcanes","url":"https:\/\/volcanes.net\/","logo":{"@type":"ImageObject","inLanguage":"es","@id":"https:\/\/volcanes.net\/#\/schema\/logo\/image\/","url":"http:\/\/volcanes.net\/wp-content\/uploads\/2017\/12\/Avatar2.jpg","contentUrl":"http:\/\/volcanes.net\/wp-content\/uploads\/2017\/12\/Avatar2.jpg","width":378,"height":378,"caption":"Grupo Volcanes"},"image":{"@id":"https:\/\/volcanes.net\/#\/schema\/logo\/image\/"},"sameAs":["https:\/\/www.facebook.com\/volcanes.net\/"]},{"@type":"Person","@id":"https:\/\/volcanes.net\/#\/schema\/person\/4bf0f383940966a4abd53f5048c0e6b9","name":"admin","image":{"@type":"ImageObject","inLanguage":"es","@id":"https:\/\/volcanes.net\/#\/schema\/person\/image\/","url":"https:\/\/secure.gravatar.com\/avatar\/ca004e6cba8462b8cb7abc86e382930c?s=96&d=mm&r=g","contentUrl":"https:\/\/secure.gravatar.com\/avatar\/ca004e6cba8462b8cb7abc86e382930c?s=96&d=mm&r=g","caption":"admin"}}]}},"_links":{"self":[{"href":"https:\/\/volcanes.net\/index.php?rest_route=\/wp\/v2\/posts\/5314"}],"collection":[{"href":"https:\/\/volcanes.net\/index.php?rest_route=\/wp\/v2\/posts"}],"about":[{"href":"https:\/\/volcanes.net\/index.php?rest_route=\/wp\/v2\/types\/post"}],"author":[{"embeddable":true,"href":"https:\/\/volcanes.net\/index.php?rest_route=\/wp\/v2\/users\/1"}],"replies":[{"embeddable":true,"href":"https:\/\/volcanes.net\/index.php?rest_route=%2Fwp%2Fv2%2Fcomments&post=5314"}],"version-history":[{"count":1,"href":"https:\/\/volcanes.net\/index.php?rest_route=\/wp\/v2\/posts\/5314\/revisions"}],"predecessor-version":[{"id":5316,"href":"https:\/\/volcanes.net\/index.php?rest_route=\/wp\/v2\/posts\/5314\/revisions\/5316"}],"wp:featuredmedia":[{"embeddable":true,"href":"https:\/\/volcanes.net\/index.php?rest_route=\/wp\/v2\/media\/5315"}],"wp:attachment":[{"href":"https:\/\/volcanes.net\/index.php?rest_route=%2Fwp%2Fv2%2Fmedia&parent=5314"}],"wp:term":[{"taxonomy":"category","embeddable":true,"href":"https:\/\/volcanes.net\/index.php?rest_route=%2Fwp%2Fv2%2Fcategories&post=5314"},{"taxonomy":"post_tag","embeddable":true,"href":"https:\/\/volcanes.net\/index.php?rest_route=%2Fwp%2Fv2%2Ftags&post=5314"}],"curies":[{"name":"wp","href":"https:\/\/api.w.org\/{rel}","templated":true}]}}