{"id":5362,"date":"2019-08-30T00:17:25","date_gmt":"2019-08-30T06:17:25","guid":{"rendered":"http:\/\/volcanes.net\/?p=5362"},"modified":"2019-08-30T00:17:25","modified_gmt":"2019-08-30T06:17:25","slug":"incentiva-gem-el-desarrollo-social-con-infraestructura-y-equipamiento-urbano-en-tenango-de-aire","status":"publish","type":"post","link":"https:\/\/volcanes.net\/?p=5362","title":{"rendered":"Incentiva GEM el desarrollo social con infraestructura y equipamiento urbano en Tenango de Aire"},"content":{"rendered":"<div style=\"margin-top: 0px; margin-bottom: 0px;\" class=\"sharethis-inline-share-buttons\" ><\/div><p><i>ponen en marcha la construcci\u00f3n de pisos firmes, la ampliaci\u00f3n de la electrificaci\u00f3n en las calles 8 de septiembre, Juan Aldama e Ignacio Allende y pavimentaci\u00f3n de la calle de Cayehualco, de Tenango del Aire.<\/i><br \/>\n\u2022 <i>Destacan que es prioridad recorrer comunidades y acercarse con los habitantes para conocer sus principales necesidades.<\/i><\/p>\n<p><b>Tenango del Aire, Estado de M\u00e9xico, 29 de agosto de 2019.<\/b> Fomentar la construcci\u00f3n de obras de infraestructura y equipamiento urbano que conlleven a un mayor desarrollo social de las comunidades del Estado de M\u00e9xico, es una de las metas trazadas por la actual administraci\u00f3n que encabeza el Gobernador Alfredo Del Mazo Maza.<\/p>\n<p>Por lo anterior, la Subsecretaria de Desarrollo Regional Valle de M\u00e9xico Zona Oriente, Roc\u00edo D\u00edaz Montoya, junto con el Presidente municipal de Tenango del Aire, Roberto \u00c1vila Ventura, dieron el arranque para la realizaci\u00f3n de obras en la Delegaci\u00f3n de San Mateo Tepopula, las cuales favorecer\u00e1n la calidad de vida de la poblaci\u00f3n.<\/p>\n<p>Entre las acciones, en las que habr\u00e1 de ejercerse una inversi\u00f3n superior a los 3 millones de pesos, destacan la construcci\u00f3n de pisos firmes, la ampliaci\u00f3n de electrificaci\u00f3n en las calles 8 de septiembre, Juan Aldama e Ignacio Allende, as\u00ed como la pavimentaci\u00f3n con concreto hidr\u00e1ulico en la calle de Cayehualco.<\/p>\n<p>Roc\u00edo D\u00edaz explic\u00f3 que el Secretario de Desarrollo Social, Eric Sevilla Montes de Oca, ha establecido como tarea prioritaria recorrer las comunidades y tener acercamiento con los habitantes para conocer sus principales necesidades y enriquecer las acciones y programas que impulsen el crecimiento productivo de las localidades y de la sociedad.<\/p>\n<p>Por ello, subray\u00f3 que la actual administraci\u00f3n estatal se enfoca en trabajar en todo el territorio mexiquense, incluso las localidades m\u00e1s alejadas, y de ah\u00ed la importancia de que los tres \u00f3rdenes de gobierno, federal, estatal y municipal, trabajen de manera coordinada para multiplicar los beneficios hacia la sociedad, sobre todo a los sectores m\u00e1s vulnerables.<\/p>\n<p>A\u00f1adi\u00f3 que es donde los resultados se configuran, mediante la aplicaci\u00f3n de recursos econ\u00f3micos, que se derivan del Fondo de Infraestructura Social Municipal (FISM) y del Fondo de Aportaciones para Infraestructura Social (FAIS), entre otros programas.<\/p>\n","protected":false},"excerpt":{"rendered":"<p>ponen en marcha la construcci\u00f3n de pisos firmes, la ampliaci\u00f3n de la electrificaci\u00f3n en las<\/p>\n","protected":false},"author":1,"featured_media":5364,"comment_status":"open","ping_status":"open","sticky":false,"template":"","format":"standard","meta":{"footnotes":""},"categories":[1],"tags":[17],"class_list":["post-5362","post","type-post","status-publish","format-standard","has-post-thumbnail","hentry","category-municipales","tag-tenango-del-aire"],"yoast_head":"<!-- This site is optimized with the Yoast SEO plugin v25.3 - https:\/\/yoast.com\/wordpress\/plugins\/seo\/ -->\n<title>Incentiva GEM el desarrollo social con infraestructura y equipamiento urbano en Tenango de Aire - Volcanes<\/title>\n<meta name=\"robots\" content=\"index, follow, max-snippet:-1, max-image-preview:large, max-video-preview:-1\" \/>\n<link rel=\"canonical\" href=\"https:\/\/volcanes.net\/?p=5362\" \/>\n<meta property=\"og:locale\" content=\"es_MX\" \/>\n<meta property=\"og:type\" content=\"article\" \/>\n<meta property=\"og:title\" content=\"Incentiva GEM el desarrollo social con infraestructura y equipamiento urbano en Tenango de Aire - Volcanes\" \/>\n<meta property=\"og:description\" content=\"ponen en marcha la construcci\u00f3n de pisos firmes, la ampliaci\u00f3n de la electrificaci\u00f3n en las\" \/>\n<meta property=\"og:url\" content=\"https:\/\/volcanes.net\/?p=5362\" \/>\n<meta property=\"og:site_name\" content=\"Volcanes\" \/>\n<meta property=\"article:publisher\" content=\"https:\/\/www.facebook.com\/volcanes.net\/\" \/>\n<meta property=\"article:published_time\" content=\"2019-08-30T06:17:25+00:00\" \/>\n<meta property=\"og:image\" content=\"https:\/\/volcanes.net\/wp-content\/uploads\/2019\/08\/69498973_227546888177538_7610321498892402688_n.jpg\" \/>\n\t<meta property=\"og:image:width\" content=\"600\" \/>\n\t<meta property=\"og:image:height\" content=\"400\" \/>\n\t<meta property=\"og:image:type\" content=\"image\/jpeg\" \/>\n<meta name=\"author\" content=\"admin\" \/>\n<meta name=\"twitter:card\" content=\"summary_large_image\" \/>\n<meta name=\"twitter:label1\" content=\"Escrito por\" \/>\n\t<meta name=\"twitter:data1\" content=\"admin\" \/>\n\t<meta name=\"twitter:label2\" content=\"Tiempo de lectura\" \/>\n\t<meta name=\"twitter:data2\" content=\"2 minutos\" \/>\n<script type=\"application\/ld+json\" class=\"yoast-schema-graph\">{\"@context\":\"https:\/\/schema.org\",\"@graph\":[{\"@type\":\"Article\",\"@id\":\"https:\/\/volcanes.net\/?p=5362#article\",\"isPartOf\":{\"@id\":\"https:\/\/volcanes.net\/?p=5362\"},\"author\":{\"name\":\"admin\",\"@id\":\"https:\/\/volcanes.net\/#\/schema\/person\/4bf0f383940966a4abd53f5048c0e6b9\"},\"headline\":\"Incentiva GEM el desarrollo social con infraestructura y equipamiento urbano en Tenango de Aire\",\"datePublished\":\"2019-08-30T06:17:25+00:00\",\"mainEntityOfPage\":{\"@id\":\"https:\/\/volcanes.net\/?p=5362\"},\"wordCount\":389,\"commentCount\":0,\"publisher\":{\"@id\":\"https:\/\/volcanes.net\/#organization\"},\"image\":{\"@id\":\"https:\/\/volcanes.net\/?p=5362#primaryimage\"},\"thumbnailUrl\":\"https:\/\/volcanes.net\/wp-content\/uploads\/2019\/08\/69498973_227546888177538_7610321498892402688_n.jpg\",\"keywords\":[\"Tenango del Aire\"],\"articleSection\":[\"Municipales\"],\"inLanguage\":\"es\",\"potentialAction\":[{\"@type\":\"CommentAction\",\"name\":\"Comment\",\"target\":[\"https:\/\/volcanes.net\/?p=5362#respond\"]}]},{\"@type\":\"WebPage\",\"@id\":\"https:\/\/volcanes.net\/?p=5362\",\"url\":\"https:\/\/volcanes.net\/?p=5362\",\"name\":\"Incentiva GEM el desarrollo social con infraestructura y equipamiento urbano en Tenango de Aire - Volcanes\",\"isPartOf\":{\"@id\":\"https:\/\/volcanes.net\/#website\"},\"primaryImageOfPage\":{\"@id\":\"https:\/\/volcanes.net\/?p=5362#primaryimage\"},\"image\":{\"@id\":\"https:\/\/volcanes.net\/?p=5362#primaryimage\"},\"thumbnailUrl\":\"https:\/\/volcanes.net\/wp-content\/uploads\/2019\/08\/69498973_227546888177538_7610321498892402688_n.jpg\",\"datePublished\":\"2019-08-30T06:17:25+00:00\",\"breadcrumb\":{\"@id\":\"https:\/\/volcanes.net\/?p=5362#breadcrumb\"},\"inLanguage\":\"es\",\"potentialAction\":[{\"@type\":\"ReadAction\",\"target\":[\"https:\/\/volcanes.net\/?p=5362\"]}]},{\"@type\":\"ImageObject\",\"inLanguage\":\"es\",\"@id\":\"https:\/\/volcanes.net\/?p=5362#primaryimage\",\"url\":\"https:\/\/volcanes.net\/wp-content\/uploads\/2019\/08\/69498973_227546888177538_7610321498892402688_n.jpg\",\"contentUrl\":\"https:\/\/volcanes.net\/wp-content\/uploads\/2019\/08\/69498973_227546888177538_7610321498892402688_n.jpg\",\"width\":600,\"height\":400},{\"@type\":\"BreadcrumbList\",\"@id\":\"https:\/\/volcanes.net\/?p=5362#breadcrumb\",\"itemListElement\":[{\"@type\":\"ListItem\",\"position\":1,\"name\":\"Portada\",\"item\":\"https:\/\/volcanes.net\/\"},{\"@type\":\"ListItem\",\"position\":2,\"name\":\"Incentiva GEM el desarrollo social con infraestructura y equipamiento urbano en Tenango de Aire\"}]},{\"@type\":\"WebSite\",\"@id\":\"https:\/\/volcanes.net\/#website\",\"url\":\"https:\/\/volcanes.net\/\",\"name\":\"Volcanes.Net\",\"description\":\"Periodismo Profesional\",\"publisher\":{\"@id\":\"https:\/\/volcanes.net\/#organization\"},\"potentialAction\":[{\"@type\":\"SearchAction\",\"target\":{\"@type\":\"EntryPoint\",\"urlTemplate\":\"https:\/\/volcanes.net\/?s={search_term_string}\"},\"query-input\":{\"@type\":\"PropertyValueSpecification\",\"valueRequired\":true,\"valueName\":\"search_term_string\"}}],\"inLanguage\":\"es\"},{\"@type\":\"Organization\",\"@id\":\"https:\/\/volcanes.net\/#organization\",\"name\":\"Grupo Volcanes\",\"url\":\"https:\/\/volcanes.net\/\",\"logo\":{\"@type\":\"ImageObject\",\"inLanguage\":\"es\",\"@id\":\"https:\/\/volcanes.net\/#\/schema\/logo\/image\/\",\"url\":\"http:\/\/volcanes.net\/wp-content\/uploads\/2017\/12\/Avatar2.jpg\",\"contentUrl\":\"http:\/\/volcanes.net\/wp-content\/uploads\/2017\/12\/Avatar2.jpg\",\"width\":378,\"height\":378,\"caption\":\"Grupo Volcanes\"},\"image\":{\"@id\":\"https:\/\/volcanes.net\/#\/schema\/logo\/image\/\"},\"sameAs\":[\"https:\/\/www.facebook.com\/volcanes.net\/\"]},{\"@type\":\"Person\",\"@id\":\"https:\/\/volcanes.net\/#\/schema\/person\/4bf0f383940966a4abd53f5048c0e6b9\",\"name\":\"admin\",\"image\":{\"@type\":\"ImageObject\",\"inLanguage\":\"es\",\"@id\":\"https:\/\/volcanes.net\/#\/schema\/person\/image\/\",\"url\":\"https:\/\/secure.gravatar.com\/avatar\/ca004e6cba8462b8cb7abc86e382930c?s=96&d=mm&r=g\",\"contentUrl\":\"https:\/\/secure.gravatar.com\/avatar\/ca004e6cba8462b8cb7abc86e382930c?s=96&d=mm&r=g\",\"caption\":\"admin\"}}]}<\/script>\n<!-- \/ Yoast SEO plugin. -->","yoast_head_json":{"title":"Incentiva GEM el desarrollo social con infraestructura y equipamiento urbano en Tenango de Aire - Volcanes","robots":{"index":"index","follow":"follow","max-snippet":"max-snippet:-1","max-image-preview":"max-image-preview:large","max-video-preview":"max-video-preview:-1"},"canonical":"https:\/\/volcanes.net\/?p=5362","og_locale":"es_MX","og_type":"article","og_title":"Incentiva GEM el desarrollo social con infraestructura y equipamiento urbano en Tenango de Aire - Volcanes","og_description":"ponen en marcha la construcci\u00f3n de pisos firmes, la ampliaci\u00f3n de la electrificaci\u00f3n en las","og_url":"https:\/\/volcanes.net\/?p=5362","og_site_name":"Volcanes","article_publisher":"https:\/\/www.facebook.com\/volcanes.net\/","article_published_time":"2019-08-30T06:17:25+00:00","og_image":[{"width":600,"height":400,"url":"https:\/\/volcanes.net\/wp-content\/uploads\/2019\/08\/69498973_227546888177538_7610321498892402688_n.jpg","type":"image\/jpeg"}],"author":"admin","twitter_card":"summary_large_image","twitter_misc":{"Escrito por":"admin","Tiempo de lectura":"2 minutos"},"schema":{"@context":"https:\/\/schema.org","@graph":[{"@type":"Article","@id":"https:\/\/volcanes.net\/?p=5362#article","isPartOf":{"@id":"https:\/\/volcanes.net\/?p=5362"},"author":{"name":"admin","@id":"https:\/\/volcanes.net\/#\/schema\/person\/4bf0f383940966a4abd53f5048c0e6b9"},"headline":"Incentiva GEM el desarrollo social con infraestructura y equipamiento urbano en Tenango de Aire","datePublished":"2019-08-30T06:17:25+00:00","mainEntityOfPage":{"@id":"https:\/\/volcanes.net\/?p=5362"},"wordCount":389,"commentCount":0,"publisher":{"@id":"https:\/\/volcanes.net\/#organization"},"image":{"@id":"https:\/\/volcanes.net\/?p=5362#primaryimage"},"thumbnailUrl":"https:\/\/volcanes.net\/wp-content\/uploads\/2019\/08\/69498973_227546888177538_7610321498892402688_n.jpg","keywords":["Tenango del Aire"],"articleSection":["Municipales"],"inLanguage":"es","potentialAction":[{"@type":"CommentAction","name":"Comment","target":["https:\/\/volcanes.net\/?p=5362#respond"]}]},{"@type":"WebPage","@id":"https:\/\/volcanes.net\/?p=5362","url":"https:\/\/volcanes.net\/?p=5362","name":"Incentiva GEM el desarrollo social con infraestructura y equipamiento urbano en Tenango de Aire - Volcanes","isPartOf":{"@id":"https:\/\/volcanes.net\/#website"},"primaryImageOfPage":{"@id":"https:\/\/volcanes.net\/?p=5362#primaryimage"},"image":{"@id":"https:\/\/volcanes.net\/?p=5362#primaryimage"},"thumbnailUrl":"https:\/\/volcanes.net\/wp-content\/uploads\/2019\/08\/69498973_227546888177538_7610321498892402688_n.jpg","datePublished":"2019-08-30T06:17:25+00:00","breadcrumb":{"@id":"https:\/\/volcanes.net\/?p=5362#breadcrumb"},"inLanguage":"es","potentialAction":[{"@type":"ReadAction","target":["https:\/\/volcanes.net\/?p=5362"]}]},{"@type":"ImageObject","inLanguage":"es","@id":"https:\/\/volcanes.net\/?p=5362#primaryimage","url":"https:\/\/volcanes.net\/wp-content\/uploads\/2019\/08\/69498973_227546888177538_7610321498892402688_n.jpg","contentUrl":"https:\/\/volcanes.net\/wp-content\/uploads\/2019\/08\/69498973_227546888177538_7610321498892402688_n.jpg","width":600,"height":400},{"@type":"BreadcrumbList","@id":"https:\/\/volcanes.net\/?p=5362#breadcrumb","itemListElement":[{"@type":"ListItem","position":1,"name":"Portada","item":"https:\/\/volcanes.net\/"},{"@type":"ListItem","position":2,"name":"Incentiva GEM el desarrollo social con infraestructura y equipamiento urbano en Tenango de Aire"}]},{"@type":"WebSite","@id":"https:\/\/volcanes.net\/#website","url":"https:\/\/volcanes.net\/","name":"Volcanes.Net","description":"Periodismo Profesional","publisher":{"@id":"https:\/\/volcanes.net\/#organization"},"potentialAction":[{"@type":"SearchAction","target":{"@type":"EntryPoint","urlTemplate":"https:\/\/volcanes.net\/?s={search_term_string}"},"query-input":{"@type":"PropertyValueSpecification","valueRequired":true,"valueName":"search_term_string"}}],"inLanguage":"es"},{"@type":"Organization","@id":"https:\/\/volcanes.net\/#organization","name":"Grupo Volcanes","url":"https:\/\/volcanes.net\/","logo":{"@type":"ImageObject","inLanguage":"es","@id":"https:\/\/volcanes.net\/#\/schema\/logo\/image\/","url":"http:\/\/volcanes.net\/wp-content\/uploads\/2017\/12\/Avatar2.jpg","contentUrl":"http:\/\/volcanes.net\/wp-content\/uploads\/2017\/12\/Avatar2.jpg","width":378,"height":378,"caption":"Grupo Volcanes"},"image":{"@id":"https:\/\/volcanes.net\/#\/schema\/logo\/image\/"},"sameAs":["https:\/\/www.facebook.com\/volcanes.net\/"]},{"@type":"Person","@id":"https:\/\/volcanes.net\/#\/schema\/person\/4bf0f383940966a4abd53f5048c0e6b9","name":"admin","image":{"@type":"ImageObject","inLanguage":"es","@id":"https:\/\/volcanes.net\/#\/schema\/person\/image\/","url":"https:\/\/secure.gravatar.com\/avatar\/ca004e6cba8462b8cb7abc86e382930c?s=96&d=mm&r=g","contentUrl":"https:\/\/secure.gravatar.com\/avatar\/ca004e6cba8462b8cb7abc86e382930c?s=96&d=mm&r=g","caption":"admin"}}]}},"_links":{"self":[{"href":"https:\/\/volcanes.net\/index.php?rest_route=\/wp\/v2\/posts\/5362"}],"collection":[{"href":"https:\/\/volcanes.net\/index.php?rest_route=\/wp\/v2\/posts"}],"about":[{"href":"https:\/\/volcanes.net\/index.php?rest_route=\/wp\/v2\/types\/post"}],"author":[{"embeddable":true,"href":"https:\/\/volcanes.net\/index.php?rest_route=\/wp\/v2\/users\/1"}],"replies":[{"embeddable":true,"href":"https:\/\/volcanes.net\/index.php?rest_route=%2Fwp%2Fv2%2Fcomments&post=5362"}],"version-history":[{"count":1,"href":"https:\/\/volcanes.net\/index.php?rest_route=\/wp\/v2\/posts\/5362\/revisions"}],"predecessor-version":[{"id":5365,"href":"https:\/\/volcanes.net\/index.php?rest_route=\/wp\/v2\/posts\/5362\/revisions\/5365"}],"wp:featuredmedia":[{"embeddable":true,"href":"https:\/\/volcanes.net\/index.php?rest_route=\/wp\/v2\/media\/5364"}],"wp:attachment":[{"href":"https:\/\/volcanes.net\/index.php?rest_route=%2Fwp%2Fv2%2Fmedia&parent=5362"}],"wp:term":[{"taxonomy":"category","embeddable":true,"href":"https:\/\/volcanes.net\/index.php?rest_route=%2Fwp%2Fv2%2Fcategories&post=5362"},{"taxonomy":"post_tag","embeddable":true,"href":"https:\/\/volcanes.net\/index.php?rest_route=%2Fwp%2Fv2%2Ftags&post=5362"}],"curies":[{"name":"wp","href":"https:\/\/api.w.org\/{rel}","templated":true}]}}