{"id":538,"date":"2018-01-17T15:02:06","date_gmt":"2018-01-17T15:02:06","guid":{"rendered":"http:\/\/volcanes.net\/?p=538"},"modified":"2018-01-17T15:02:06","modified_gmt":"2018-01-17T15:02:06","slug":"concluye-el-pri-estatal-evaluacion-de-militantes-sobre-sus-documentos-basicos","status":"publish","type":"post","link":"https:\/\/volcanes.net\/?p=538","title":{"rendered":"Concluye el PRI Estatal evaluaci\u00f3n de militantes sobre sus documentos b\u00e1sicos"},"content":{"rendered":"<div style=\"margin-top: 0px; margin-bottom: 0px;\" class=\"sharethis-inline-share-buttons\" ><\/div><ul>\n<li style=\"font-weight: 400\"><em>El Presidente del Comit\u00e9 Directivo Estatal, Ernesto Nemer asegur\u00f3 que el partido tiene a la militancia m\u00e1s preparada por el pleno conocimiento de sus estatutos.<\/em><\/li>\n<li style=\"font-weight: 400\"><em>Los\u00a0<\/em><em>interesados en participar en el proceso de selecci\u00f3n y postulaci\u00f3n de candidatos a diputados locales y miembros de los ayuntamientos deber\u00e1n\u00a0<\/em><em>acreditar esta evaluaci\u00f3n para presentar su constancia que es un requisito en la Convocatoria.<\/em><\/li>\n<\/ul>\n<p style=\"font-weight: 400\"><strong>Toluca, Estado de M\u00e9xico a 1<\/strong><strong>6<\/strong><strong>\u00a0de enero de 2018.-<\/strong>\u00a0El\u00a0PRI\u00a0del Estado de M\u00e9xico, a trav\u00e9s del Instituto de Formaci\u00f3n Pol\u00edtica \u201cJes\u00fas Reyes Heroles\u201d\u00a0en su filial estatal, concluy\u00f3 este lunes\u00a0la\u00a0evaluaci\u00f3n de los militantes interesados en obtener su acreditaci\u00f3n de Documentos B\u00e1sicos del Partido, el cual es un requisito para quienes est\u00e1n interesados en participar en el proceso de Postulaci\u00f3n\u00a0y Selecci\u00f3n de candidatos a Diputados\u00a0Locales y miembros de los 125 ayuntamientos,\u00a0para el proceso electoral del pr\u00f3ximo 1 de julio.<\/p>\n<p style=\"font-weight: 400\">\n<p style=\"font-weight: 400\">En cumplimiento de las instrucciones del Presidente del Comit\u00e9 Directivo Estatal, Ernesto Nemer Alvarez, realiz\u00f3 la aplicaci\u00f3n de\u00a0ex\u00e1menes relacionada con conocimientos sobre los\u00a0Documentos\u00a0B\u00e1sicos los d\u00edas 12, 13, 14 y 15 de enero en la sede estatal,\u00a0en la que participaron los militantes interesados de los 125 municipios.<\/p>\n<p style=\"font-weight: 400\">\n<p style=\"font-weight: 400\">Nemer Alvarez subray\u00f3 que el Revolucionario Institucional realizar\u00e1 un proceso transparente, objetivo y apegado a la legalidad, con la finalidad de que s\u00f3lo las mejores mujeres y hombres, con una trayectoria personal y profesional intachable, tengan el privilegio de representar al partido en las boletas electorales.<\/p>\n<p style=\"font-weight: 400\">\n<p style=\"font-weight: 400\">Como parte de esta selecci\u00f3n, destac\u00f3, la capacitaci\u00f3n tiene una importancia crucial, ya que permite que los aspirantes\u00a0cuenten con\u00a0los conocimientos\u00a0necesarios\u00a0no s\u00f3lo\u00a0para buscar un cargo de elecci\u00f3n popular, sino principalmente que tengan las herramientas y valores partidistas para ser servidores p\u00fablicos de excelencia.<\/p>\n<p style=\"font-weight: 400\">\n<p style=\"font-weight: 400\">Previo a esta evaluaci\u00f3n, el Instituto llev\u00f3 a cabo una capacitaci\u00f3n a la militancia en los Comit\u00e9s Municipales, con el objetivo de prepararlos para presentar este examen.<\/p>\n<p style=\"font-weight: 400\">\n<p style=\"font-weight: 400\">Vamos\u00a0a buscar los perfiles que garanticen el triunfo de nuestro partido, pero sobre todo\u00a0aquellos que se conviertan en gobernantes\u00a0responsables y capaces para\u00a0responder\u00a0las demandas de los mexiquenses,\u00a0afirm\u00f3 Nemer Alvarez.<\/p>\n<p style=\"font-weight: 400\">\n<p style=\"font-weight: 400\">La evaluaci\u00f3n y publicaci\u00f3n de los resultados de los ex\u00e1menes estar\u00e1 a cargo del Instituto de Formaci\u00f3n Pol\u00edtica \u201cJes\u00fas Reyes Heroles\u201d, los cuales podr\u00e1n ser consultados a partir del 20 de enero en la p\u00e1gina oficial de este\u00a0Instituto, a trav\u00e9s de los folios\u00a0que fueron entregados a los postulantes.<\/p>\n","protected":false},"excerpt":{"rendered":"<p>El Presidente del Comit\u00e9 Directivo Estatal, Ernesto Nemer asegur\u00f3 que el partido tiene a la<\/p>\n","protected":false},"author":1,"featured_media":539,"comment_status":"open","ping_status":"open","sticky":false,"template":"","format":"standard","meta":{"footnotes":""},"categories":[3],"tags":[10,46],"class_list":["post-538","post","type-post","status-publish","format-standard","has-post-thumbnail","hentry","category-estatales","tag-pri","tag-volcanes"],"yoast_head":"<!-- This site is optimized with the Yoast SEO plugin v25.3 - https:\/\/yoast.com\/wordpress\/plugins\/seo\/ -->\n<title>Concluye el PRI Estatal evaluaci\u00f3n de militantes sobre sus documentos b\u00e1sicos - Volcanes<\/title>\n<meta name=\"robots\" content=\"index, follow, max-snippet:-1, max-image-preview:large, max-video-preview:-1\" \/>\n<link rel=\"canonical\" href=\"https:\/\/volcanes.net\/?p=538\" \/>\n<meta property=\"og:locale\" content=\"es_MX\" \/>\n<meta property=\"og:type\" content=\"article\" \/>\n<meta property=\"og:title\" content=\"Concluye el PRI Estatal evaluaci\u00f3n de militantes sobre sus documentos b\u00e1sicos - Volcanes\" \/>\n<meta property=\"og:description\" content=\"El Presidente del Comit\u00e9 Directivo Estatal, Ernesto Nemer asegur\u00f3 que el partido tiene a la\" \/>\n<meta property=\"og:url\" content=\"https:\/\/volcanes.net\/?p=538\" \/>\n<meta property=\"og:site_name\" content=\"Volcanes\" \/>\n<meta property=\"article:publisher\" content=\"https:\/\/www.facebook.com\/volcanes.net\/\" \/>\n<meta property=\"article:published_time\" content=\"2018-01-17T15:02:06+00:00\" \/>\n<meta property=\"og:image\" content=\"https:\/\/volcanes.net\/wp-content\/uploads\/2018\/01\/6243749312_IMG_7202.jpg\" \/>\n\t<meta property=\"og:image:width\" content=\"448\" \/>\n\t<meta property=\"og:image:height\" content=\"299\" \/>\n\t<meta property=\"og:image:type\" content=\"image\/jpeg\" \/>\n<meta name=\"author\" content=\"admin\" \/>\n<meta name=\"twitter:card\" content=\"summary_large_image\" \/>\n<meta name=\"twitter:label1\" content=\"Escrito por\" \/>\n\t<meta name=\"twitter:data1\" content=\"admin\" \/>\n\t<meta name=\"twitter:label2\" content=\"Tiempo de lectura\" \/>\n\t<meta name=\"twitter:data2\" content=\"2 minutos\" \/>\n<script type=\"application\/ld+json\" class=\"yoast-schema-graph\">{\"@context\":\"https:\/\/schema.org\",\"@graph\":[{\"@type\":\"Article\",\"@id\":\"https:\/\/volcanes.net\/?p=538#article\",\"isPartOf\":{\"@id\":\"https:\/\/volcanes.net\/?p=538\"},\"author\":{\"name\":\"admin\",\"@id\":\"https:\/\/volcanes.net\/#\/schema\/person\/4bf0f383940966a4abd53f5048c0e6b9\"},\"headline\":\"Concluye el PRI Estatal evaluaci\u00f3n de militantes sobre sus documentos b\u00e1sicos\",\"datePublished\":\"2018-01-17T15:02:06+00:00\",\"mainEntityOfPage\":{\"@id\":\"https:\/\/volcanes.net\/?p=538\"},\"wordCount\":445,\"commentCount\":0,\"publisher\":{\"@id\":\"https:\/\/volcanes.net\/#organization\"},\"image\":{\"@id\":\"https:\/\/volcanes.net\/?p=538#primaryimage\"},\"thumbnailUrl\":\"https:\/\/volcanes.net\/wp-content\/uploads\/2018\/01\/6243749312_IMG_7202.jpg\",\"keywords\":[\"PRI\",\"Volcanes\"],\"articleSection\":[\"Estatales\"],\"inLanguage\":\"es\",\"potentialAction\":[{\"@type\":\"CommentAction\",\"name\":\"Comment\",\"target\":[\"https:\/\/volcanes.net\/?p=538#respond\"]}]},{\"@type\":\"WebPage\",\"@id\":\"https:\/\/volcanes.net\/?p=538\",\"url\":\"https:\/\/volcanes.net\/?p=538\",\"name\":\"Concluye el PRI Estatal evaluaci\u00f3n de militantes sobre sus documentos b\u00e1sicos - Volcanes\",\"isPartOf\":{\"@id\":\"https:\/\/volcanes.net\/#website\"},\"primaryImageOfPage\":{\"@id\":\"https:\/\/volcanes.net\/?p=538#primaryimage\"},\"image\":{\"@id\":\"https:\/\/volcanes.net\/?p=538#primaryimage\"},\"thumbnailUrl\":\"https:\/\/volcanes.net\/wp-content\/uploads\/2018\/01\/6243749312_IMG_7202.jpg\",\"datePublished\":\"2018-01-17T15:02:06+00:00\",\"breadcrumb\":{\"@id\":\"https:\/\/volcanes.net\/?p=538#breadcrumb\"},\"inLanguage\":\"es\",\"potentialAction\":[{\"@type\":\"ReadAction\",\"target\":[\"https:\/\/volcanes.net\/?p=538\"]}]},{\"@type\":\"ImageObject\",\"inLanguage\":\"es\",\"@id\":\"https:\/\/volcanes.net\/?p=538#primaryimage\",\"url\":\"https:\/\/volcanes.net\/wp-content\/uploads\/2018\/01\/6243749312_IMG_7202.jpg\",\"contentUrl\":\"https:\/\/volcanes.net\/wp-content\/uploads\/2018\/01\/6243749312_IMG_7202.jpg\",\"width\":448,\"height\":299},{\"@type\":\"BreadcrumbList\",\"@id\":\"https:\/\/volcanes.net\/?p=538#breadcrumb\",\"itemListElement\":[{\"@type\":\"ListItem\",\"position\":1,\"name\":\"Portada\",\"item\":\"https:\/\/volcanes.net\/\"},{\"@type\":\"ListItem\",\"position\":2,\"name\":\"Concluye el PRI Estatal evaluaci\u00f3n de militantes sobre sus documentos b\u00e1sicos\"}]},{\"@type\":\"WebSite\",\"@id\":\"https:\/\/volcanes.net\/#website\",\"url\":\"https:\/\/volcanes.net\/\",\"name\":\"Volcanes.Net\",\"description\":\"Periodismo Profesional\",\"publisher\":{\"@id\":\"https:\/\/volcanes.net\/#organization\"},\"potentialAction\":[{\"@type\":\"SearchAction\",\"target\":{\"@type\":\"EntryPoint\",\"urlTemplate\":\"https:\/\/volcanes.net\/?s={search_term_string}\"},\"query-input\":{\"@type\":\"PropertyValueSpecification\",\"valueRequired\":true,\"valueName\":\"search_term_string\"}}],\"inLanguage\":\"es\"},{\"@type\":\"Organization\",\"@id\":\"https:\/\/volcanes.net\/#organization\",\"name\":\"Grupo Volcanes\",\"url\":\"https:\/\/volcanes.net\/\",\"logo\":{\"@type\":\"ImageObject\",\"inLanguage\":\"es\",\"@id\":\"https:\/\/volcanes.net\/#\/schema\/logo\/image\/\",\"url\":\"http:\/\/volcanes.net\/wp-content\/uploads\/2017\/12\/Avatar2.jpg\",\"contentUrl\":\"http:\/\/volcanes.net\/wp-content\/uploads\/2017\/12\/Avatar2.jpg\",\"width\":378,\"height\":378,\"caption\":\"Grupo Volcanes\"},\"image\":{\"@id\":\"https:\/\/volcanes.net\/#\/schema\/logo\/image\/\"},\"sameAs\":[\"https:\/\/www.facebook.com\/volcanes.net\/\"]},{\"@type\":\"Person\",\"@id\":\"https:\/\/volcanes.net\/#\/schema\/person\/4bf0f383940966a4abd53f5048c0e6b9\",\"name\":\"admin\",\"image\":{\"@type\":\"ImageObject\",\"inLanguage\":\"es\",\"@id\":\"https:\/\/volcanes.net\/#\/schema\/person\/image\/\",\"url\":\"https:\/\/secure.gravatar.com\/avatar\/ca004e6cba8462b8cb7abc86e382930c?s=96&d=mm&r=g\",\"contentUrl\":\"https:\/\/secure.gravatar.com\/avatar\/ca004e6cba8462b8cb7abc86e382930c?s=96&d=mm&r=g\",\"caption\":\"admin\"}}]}<\/script>\n<!-- \/ Yoast SEO plugin. -->","yoast_head_json":{"title":"Concluye el PRI Estatal evaluaci\u00f3n de militantes sobre sus documentos b\u00e1sicos - Volcanes","robots":{"index":"index","follow":"follow","max-snippet":"max-snippet:-1","max-image-preview":"max-image-preview:large","max-video-preview":"max-video-preview:-1"},"canonical":"https:\/\/volcanes.net\/?p=538","og_locale":"es_MX","og_type":"article","og_title":"Concluye el PRI Estatal evaluaci\u00f3n de militantes sobre sus documentos b\u00e1sicos - Volcanes","og_description":"El Presidente del Comit\u00e9 Directivo Estatal, Ernesto Nemer asegur\u00f3 que el partido tiene a la","og_url":"https:\/\/volcanes.net\/?p=538","og_site_name":"Volcanes","article_publisher":"https:\/\/www.facebook.com\/volcanes.net\/","article_published_time":"2018-01-17T15:02:06+00:00","og_image":[{"width":448,"height":299,"url":"https:\/\/volcanes.net\/wp-content\/uploads\/2018\/01\/6243749312_IMG_7202.jpg","type":"image\/jpeg"}],"author":"admin","twitter_card":"summary_large_image","twitter_misc":{"Escrito por":"admin","Tiempo de lectura":"2 minutos"},"schema":{"@context":"https:\/\/schema.org","@graph":[{"@type":"Article","@id":"https:\/\/volcanes.net\/?p=538#article","isPartOf":{"@id":"https:\/\/volcanes.net\/?p=538"},"author":{"name":"admin","@id":"https:\/\/volcanes.net\/#\/schema\/person\/4bf0f383940966a4abd53f5048c0e6b9"},"headline":"Concluye el PRI Estatal evaluaci\u00f3n de militantes sobre sus documentos b\u00e1sicos","datePublished":"2018-01-17T15:02:06+00:00","mainEntityOfPage":{"@id":"https:\/\/volcanes.net\/?p=538"},"wordCount":445,"commentCount":0,"publisher":{"@id":"https:\/\/volcanes.net\/#organization"},"image":{"@id":"https:\/\/volcanes.net\/?p=538#primaryimage"},"thumbnailUrl":"https:\/\/volcanes.net\/wp-content\/uploads\/2018\/01\/6243749312_IMG_7202.jpg","keywords":["PRI","Volcanes"],"articleSection":["Estatales"],"inLanguage":"es","potentialAction":[{"@type":"CommentAction","name":"Comment","target":["https:\/\/volcanes.net\/?p=538#respond"]}]},{"@type":"WebPage","@id":"https:\/\/volcanes.net\/?p=538","url":"https:\/\/volcanes.net\/?p=538","name":"Concluye el PRI Estatal evaluaci\u00f3n de militantes sobre sus documentos b\u00e1sicos - Volcanes","isPartOf":{"@id":"https:\/\/volcanes.net\/#website"},"primaryImageOfPage":{"@id":"https:\/\/volcanes.net\/?p=538#primaryimage"},"image":{"@id":"https:\/\/volcanes.net\/?p=538#primaryimage"},"thumbnailUrl":"https:\/\/volcanes.net\/wp-content\/uploads\/2018\/01\/6243749312_IMG_7202.jpg","datePublished":"2018-01-17T15:02:06+00:00","breadcrumb":{"@id":"https:\/\/volcanes.net\/?p=538#breadcrumb"},"inLanguage":"es","potentialAction":[{"@type":"ReadAction","target":["https:\/\/volcanes.net\/?p=538"]}]},{"@type":"ImageObject","inLanguage":"es","@id":"https:\/\/volcanes.net\/?p=538#primaryimage","url":"https:\/\/volcanes.net\/wp-content\/uploads\/2018\/01\/6243749312_IMG_7202.jpg","contentUrl":"https:\/\/volcanes.net\/wp-content\/uploads\/2018\/01\/6243749312_IMG_7202.jpg","width":448,"height":299},{"@type":"BreadcrumbList","@id":"https:\/\/volcanes.net\/?p=538#breadcrumb","itemListElement":[{"@type":"ListItem","position":1,"name":"Portada","item":"https:\/\/volcanes.net\/"},{"@type":"ListItem","position":2,"name":"Concluye el PRI Estatal evaluaci\u00f3n de militantes sobre sus documentos b\u00e1sicos"}]},{"@type":"WebSite","@id":"https:\/\/volcanes.net\/#website","url":"https:\/\/volcanes.net\/","name":"Volcanes.Net","description":"Periodismo Profesional","publisher":{"@id":"https:\/\/volcanes.net\/#organization"},"potentialAction":[{"@type":"SearchAction","target":{"@type":"EntryPoint","urlTemplate":"https:\/\/volcanes.net\/?s={search_term_string}"},"query-input":{"@type":"PropertyValueSpecification","valueRequired":true,"valueName":"search_term_string"}}],"inLanguage":"es"},{"@type":"Organization","@id":"https:\/\/volcanes.net\/#organization","name":"Grupo Volcanes","url":"https:\/\/volcanes.net\/","logo":{"@type":"ImageObject","inLanguage":"es","@id":"https:\/\/volcanes.net\/#\/schema\/logo\/image\/","url":"http:\/\/volcanes.net\/wp-content\/uploads\/2017\/12\/Avatar2.jpg","contentUrl":"http:\/\/volcanes.net\/wp-content\/uploads\/2017\/12\/Avatar2.jpg","width":378,"height":378,"caption":"Grupo Volcanes"},"image":{"@id":"https:\/\/volcanes.net\/#\/schema\/logo\/image\/"},"sameAs":["https:\/\/www.facebook.com\/volcanes.net\/"]},{"@type":"Person","@id":"https:\/\/volcanes.net\/#\/schema\/person\/4bf0f383940966a4abd53f5048c0e6b9","name":"admin","image":{"@type":"ImageObject","inLanguage":"es","@id":"https:\/\/volcanes.net\/#\/schema\/person\/image\/","url":"https:\/\/secure.gravatar.com\/avatar\/ca004e6cba8462b8cb7abc86e382930c?s=96&d=mm&r=g","contentUrl":"https:\/\/secure.gravatar.com\/avatar\/ca004e6cba8462b8cb7abc86e382930c?s=96&d=mm&r=g","caption":"admin"}}]}},"_links":{"self":[{"href":"https:\/\/volcanes.net\/index.php?rest_route=\/wp\/v2\/posts\/538"}],"collection":[{"href":"https:\/\/volcanes.net\/index.php?rest_route=\/wp\/v2\/posts"}],"about":[{"href":"https:\/\/volcanes.net\/index.php?rest_route=\/wp\/v2\/types\/post"}],"author":[{"embeddable":true,"href":"https:\/\/volcanes.net\/index.php?rest_route=\/wp\/v2\/users\/1"}],"replies":[{"embeddable":true,"href":"https:\/\/volcanes.net\/index.php?rest_route=%2Fwp%2Fv2%2Fcomments&post=538"}],"version-history":[{"count":1,"href":"https:\/\/volcanes.net\/index.php?rest_route=\/wp\/v2\/posts\/538\/revisions"}],"predecessor-version":[{"id":540,"href":"https:\/\/volcanes.net\/index.php?rest_route=\/wp\/v2\/posts\/538\/revisions\/540"}],"wp:featuredmedia":[{"embeddable":true,"href":"https:\/\/volcanes.net\/index.php?rest_route=\/wp\/v2\/media\/539"}],"wp:attachment":[{"href":"https:\/\/volcanes.net\/index.php?rest_route=%2Fwp%2Fv2%2Fmedia&parent=538"}],"wp:term":[{"taxonomy":"category","embeddable":true,"href":"https:\/\/volcanes.net\/index.php?rest_route=%2Fwp%2Fv2%2Fcategories&post=538"},{"taxonomy":"post_tag","embeddable":true,"href":"https:\/\/volcanes.net\/index.php?rest_route=%2Fwp%2Fv2%2Ftags&post=538"}],"curies":[{"name":"wp","href":"https:\/\/api.w.org\/{rel}","templated":true}]}}