{"id":5383,"date":"2019-09-01T23:46:46","date_gmt":"2019-09-02T05:46:46","guid":{"rendered":"http:\/\/volcanes.net\/?p=5383"},"modified":"2019-09-02T19:45:43","modified_gmt":"2019-09-03T01:45:43","slug":"entrega-de-25-aparatos-auditivos-en-el-municipio-de-ozumba","status":"publish","type":"post","link":"https:\/\/volcanes.net\/?p=5383","title":{"rendered":"Entrega de 25 aparatos auditivos en el municipio de #Ozumba"},"content":{"rendered":"<div style=\"margin-top: 0px; margin-bottom: 0px;\" class=\"sharethis-inline-share-buttons\" ><\/div><p>Ozumba, Estado de M\u00e9xico.- En el municipio de Ozumba se realiz\u00f3 la entrega de 25 aparatos auditivos, donados por la empresa MICRO EAR. encabezado por la presidenta del SMDIF Edith Castillo Enriquez y el presidente municipal Valent\u00edn Mart\u00ednez Castillo<\/p>\n<p>Inform\u00f3 el presidente municipal que el objetivo principal es que las personas se vean beneficiadas, adem\u00e1s de la recuperaci\u00f3n de sentido del o\u00eddo, y sobre todo que tengan una vida con una mejor calidad<\/p>\n<p>Indic\u00f3 que cada aparato que se est\u00e1 siendo donado tiene una gesti\u00f3n de alrededor de 7 mil pesos.<\/p>\n<p>Siendo un total de\u00a0 177 mil pesos que se gestionaran en aparatos Auditivos<\/p>\n<p>A su vez mencion\u00f3 que tambi\u00e9n esta gesti\u00f3n se est\u00e1 llevando a \u00a0\u00a0cabo a trav\u00e9s del DIF municipal para el beneficio de \u00a0las familias y bienestar colectivo<\/p>\n<p>Finaliz\u00f3 indicando que Ozumba ser\u00e1 beneficiado con Casa de D\u00eda para los adultos mayores, Y que antes de enero\u00a0 del 2020 debe estar construida y equipada<\/p>\n<p>&nbsp;<\/p>\n","protected":false},"excerpt":{"rendered":"<p>Ozumba, Estado de M\u00e9xico.- En el municipio de Ozumba se realiz\u00f3 la entrega de 25<\/p>\n","protected":false},"author":1,"featured_media":5385,"comment_status":"open","ping_status":"open","sticky":false,"template":"","format":"standard","meta":{"footnotes":""},"categories":[1],"tags":[14],"class_list":["post-5383","post","type-post","status-publish","format-standard","has-post-thumbnail","hentry","category-municipales","tag-ozumba"],"yoast_head":"<!-- This site is optimized with the Yoast SEO plugin v25.3 - https:\/\/yoast.com\/wordpress\/plugins\/seo\/ -->\n<title>Entrega de 25 aparatos auditivos en el municipio de #Ozumba - Volcanes<\/title>\n<meta name=\"robots\" content=\"index, follow, max-snippet:-1, max-image-preview:large, max-video-preview:-1\" \/>\n<link rel=\"canonical\" href=\"https:\/\/volcanes.net\/?p=5383\" \/>\n<meta property=\"og:locale\" content=\"es_MX\" \/>\n<meta property=\"og:type\" content=\"article\" \/>\n<meta property=\"og:title\" content=\"Entrega de 25 aparatos auditivos en el municipio de #Ozumba - Volcanes\" \/>\n<meta property=\"og:description\" content=\"Ozumba, Estado de M\u00e9xico.- En el municipio de Ozumba se realiz\u00f3 la entrega de 25\" \/>\n<meta property=\"og:url\" content=\"https:\/\/volcanes.net\/?p=5383\" \/>\n<meta property=\"og:site_name\" content=\"Volcanes\" \/>\n<meta property=\"article:publisher\" content=\"https:\/\/www.facebook.com\/volcanes.net\/\" \/>\n<meta property=\"article:published_time\" content=\"2019-09-02T05:46:46+00:00\" \/>\n<meta property=\"article:modified_time\" content=\"2019-09-03T01:45:43+00:00\" \/>\n<meta property=\"og:image\" content=\"https:\/\/volcanes.net\/wp-content\/uploads\/2019\/09\/69408428_511059722803794_3221025472552894464_n.jpg\" \/>\n\t<meta property=\"og:image:width\" content=\"600\" \/>\n\t<meta property=\"og:image:height\" content=\"474\" \/>\n\t<meta property=\"og:image:type\" content=\"image\/jpeg\" \/>\n<meta name=\"author\" content=\"admin\" \/>\n<meta name=\"twitter:card\" content=\"summary_large_image\" \/>\n<meta name=\"twitter:label1\" content=\"Escrito por\" \/>\n\t<meta name=\"twitter:data1\" content=\"admin\" \/>\n\t<meta name=\"twitter:label2\" content=\"Tiempo de lectura\" \/>\n\t<meta name=\"twitter:data2\" content=\"1 minuto\" \/>\n<script type=\"application\/ld+json\" class=\"yoast-schema-graph\">{\"@context\":\"https:\/\/schema.org\",\"@graph\":[{\"@type\":\"Article\",\"@id\":\"https:\/\/volcanes.net\/?p=5383#article\",\"isPartOf\":{\"@id\":\"https:\/\/volcanes.net\/?p=5383\"},\"author\":{\"name\":\"admin\",\"@id\":\"https:\/\/volcanes.net\/#\/schema\/person\/4bf0f383940966a4abd53f5048c0e6b9\"},\"headline\":\"Entrega de 25 aparatos auditivos en el municipio de #Ozumba\",\"datePublished\":\"2019-09-02T05:46:46+00:00\",\"dateModified\":\"2019-09-03T01:45:43+00:00\",\"mainEntityOfPage\":{\"@id\":\"https:\/\/volcanes.net\/?p=5383\"},\"wordCount\":175,\"commentCount\":0,\"publisher\":{\"@id\":\"https:\/\/volcanes.net\/#organization\"},\"image\":{\"@id\":\"https:\/\/volcanes.net\/?p=5383#primaryimage\"},\"thumbnailUrl\":\"https:\/\/volcanes.net\/wp-content\/uploads\/2019\/09\/69408428_511059722803794_3221025472552894464_n.jpg\",\"keywords\":[\"Ozumba\"],\"articleSection\":[\"Municipales\"],\"inLanguage\":\"es\",\"potentialAction\":[{\"@type\":\"CommentAction\",\"name\":\"Comment\",\"target\":[\"https:\/\/volcanes.net\/?p=5383#respond\"]}]},{\"@type\":\"WebPage\",\"@id\":\"https:\/\/volcanes.net\/?p=5383\",\"url\":\"https:\/\/volcanes.net\/?p=5383\",\"name\":\"Entrega de 25 aparatos auditivos en el municipio de #Ozumba - Volcanes\",\"isPartOf\":{\"@id\":\"https:\/\/volcanes.net\/#website\"},\"primaryImageOfPage\":{\"@id\":\"https:\/\/volcanes.net\/?p=5383#primaryimage\"},\"image\":{\"@id\":\"https:\/\/volcanes.net\/?p=5383#primaryimage\"},\"thumbnailUrl\":\"https:\/\/volcanes.net\/wp-content\/uploads\/2019\/09\/69408428_511059722803794_3221025472552894464_n.jpg\",\"datePublished\":\"2019-09-02T05:46:46+00:00\",\"dateModified\":\"2019-09-03T01:45:43+00:00\",\"breadcrumb\":{\"@id\":\"https:\/\/volcanes.net\/?p=5383#breadcrumb\"},\"inLanguage\":\"es\",\"potentialAction\":[{\"@type\":\"ReadAction\",\"target\":[\"https:\/\/volcanes.net\/?p=5383\"]}]},{\"@type\":\"ImageObject\",\"inLanguage\":\"es\",\"@id\":\"https:\/\/volcanes.net\/?p=5383#primaryimage\",\"url\":\"https:\/\/volcanes.net\/wp-content\/uploads\/2019\/09\/69408428_511059722803794_3221025472552894464_n.jpg\",\"contentUrl\":\"https:\/\/volcanes.net\/wp-content\/uploads\/2019\/09\/69408428_511059722803794_3221025472552894464_n.jpg\",\"width\":600,\"height\":474},{\"@type\":\"BreadcrumbList\",\"@id\":\"https:\/\/volcanes.net\/?p=5383#breadcrumb\",\"itemListElement\":[{\"@type\":\"ListItem\",\"position\":1,\"name\":\"Portada\",\"item\":\"https:\/\/volcanes.net\/\"},{\"@type\":\"ListItem\",\"position\":2,\"name\":\"Entrega de 25 aparatos auditivos en el municipio de #Ozumba\"}]},{\"@type\":\"WebSite\",\"@id\":\"https:\/\/volcanes.net\/#website\",\"url\":\"https:\/\/volcanes.net\/\",\"name\":\"Volcanes.Net\",\"description\":\"Periodismo Profesional\",\"publisher\":{\"@id\":\"https:\/\/volcanes.net\/#organization\"},\"potentialAction\":[{\"@type\":\"SearchAction\",\"target\":{\"@type\":\"EntryPoint\",\"urlTemplate\":\"https:\/\/volcanes.net\/?s={search_term_string}\"},\"query-input\":{\"@type\":\"PropertyValueSpecification\",\"valueRequired\":true,\"valueName\":\"search_term_string\"}}],\"inLanguage\":\"es\"},{\"@type\":\"Organization\",\"@id\":\"https:\/\/volcanes.net\/#organization\",\"name\":\"Grupo Volcanes\",\"url\":\"https:\/\/volcanes.net\/\",\"logo\":{\"@type\":\"ImageObject\",\"inLanguage\":\"es\",\"@id\":\"https:\/\/volcanes.net\/#\/schema\/logo\/image\/\",\"url\":\"http:\/\/volcanes.net\/wp-content\/uploads\/2017\/12\/Avatar2.jpg\",\"contentUrl\":\"http:\/\/volcanes.net\/wp-content\/uploads\/2017\/12\/Avatar2.jpg\",\"width\":378,\"height\":378,\"caption\":\"Grupo Volcanes\"},\"image\":{\"@id\":\"https:\/\/volcanes.net\/#\/schema\/logo\/image\/\"},\"sameAs\":[\"https:\/\/www.facebook.com\/volcanes.net\/\"]},{\"@type\":\"Person\",\"@id\":\"https:\/\/volcanes.net\/#\/schema\/person\/4bf0f383940966a4abd53f5048c0e6b9\",\"name\":\"admin\",\"image\":{\"@type\":\"ImageObject\",\"inLanguage\":\"es\",\"@id\":\"https:\/\/volcanes.net\/#\/schema\/person\/image\/\",\"url\":\"https:\/\/secure.gravatar.com\/avatar\/ca004e6cba8462b8cb7abc86e382930c?s=96&d=mm&r=g\",\"contentUrl\":\"https:\/\/secure.gravatar.com\/avatar\/ca004e6cba8462b8cb7abc86e382930c?s=96&d=mm&r=g\",\"caption\":\"admin\"}}]}<\/script>\n<!-- \/ Yoast SEO plugin. -->","yoast_head_json":{"title":"Entrega de 25 aparatos auditivos en el municipio de #Ozumba - Volcanes","robots":{"index":"index","follow":"follow","max-snippet":"max-snippet:-1","max-image-preview":"max-image-preview:large","max-video-preview":"max-video-preview:-1"},"canonical":"https:\/\/volcanes.net\/?p=5383","og_locale":"es_MX","og_type":"article","og_title":"Entrega de 25 aparatos auditivos en el municipio de #Ozumba - Volcanes","og_description":"Ozumba, Estado de M\u00e9xico.- En el municipio de Ozumba se realiz\u00f3 la entrega de 25","og_url":"https:\/\/volcanes.net\/?p=5383","og_site_name":"Volcanes","article_publisher":"https:\/\/www.facebook.com\/volcanes.net\/","article_published_time":"2019-09-02T05:46:46+00:00","article_modified_time":"2019-09-03T01:45:43+00:00","og_image":[{"width":600,"height":474,"url":"https:\/\/volcanes.net\/wp-content\/uploads\/2019\/09\/69408428_511059722803794_3221025472552894464_n.jpg","type":"image\/jpeg"}],"author":"admin","twitter_card":"summary_large_image","twitter_misc":{"Escrito por":"admin","Tiempo de lectura":"1 minuto"},"schema":{"@context":"https:\/\/schema.org","@graph":[{"@type":"Article","@id":"https:\/\/volcanes.net\/?p=5383#article","isPartOf":{"@id":"https:\/\/volcanes.net\/?p=5383"},"author":{"name":"admin","@id":"https:\/\/volcanes.net\/#\/schema\/person\/4bf0f383940966a4abd53f5048c0e6b9"},"headline":"Entrega de 25 aparatos auditivos en el municipio de #Ozumba","datePublished":"2019-09-02T05:46:46+00:00","dateModified":"2019-09-03T01:45:43+00:00","mainEntityOfPage":{"@id":"https:\/\/volcanes.net\/?p=5383"},"wordCount":175,"commentCount":0,"publisher":{"@id":"https:\/\/volcanes.net\/#organization"},"image":{"@id":"https:\/\/volcanes.net\/?p=5383#primaryimage"},"thumbnailUrl":"https:\/\/volcanes.net\/wp-content\/uploads\/2019\/09\/69408428_511059722803794_3221025472552894464_n.jpg","keywords":["Ozumba"],"articleSection":["Municipales"],"inLanguage":"es","potentialAction":[{"@type":"CommentAction","name":"Comment","target":["https:\/\/volcanes.net\/?p=5383#respond"]}]},{"@type":"WebPage","@id":"https:\/\/volcanes.net\/?p=5383","url":"https:\/\/volcanes.net\/?p=5383","name":"Entrega de 25 aparatos auditivos en el municipio de #Ozumba - Volcanes","isPartOf":{"@id":"https:\/\/volcanes.net\/#website"},"primaryImageOfPage":{"@id":"https:\/\/volcanes.net\/?p=5383#primaryimage"},"image":{"@id":"https:\/\/volcanes.net\/?p=5383#primaryimage"},"thumbnailUrl":"https:\/\/volcanes.net\/wp-content\/uploads\/2019\/09\/69408428_511059722803794_3221025472552894464_n.jpg","datePublished":"2019-09-02T05:46:46+00:00","dateModified":"2019-09-03T01:45:43+00:00","breadcrumb":{"@id":"https:\/\/volcanes.net\/?p=5383#breadcrumb"},"inLanguage":"es","potentialAction":[{"@type":"ReadAction","target":["https:\/\/volcanes.net\/?p=5383"]}]},{"@type":"ImageObject","inLanguage":"es","@id":"https:\/\/volcanes.net\/?p=5383#primaryimage","url":"https:\/\/volcanes.net\/wp-content\/uploads\/2019\/09\/69408428_511059722803794_3221025472552894464_n.jpg","contentUrl":"https:\/\/volcanes.net\/wp-content\/uploads\/2019\/09\/69408428_511059722803794_3221025472552894464_n.jpg","width":600,"height":474},{"@type":"BreadcrumbList","@id":"https:\/\/volcanes.net\/?p=5383#breadcrumb","itemListElement":[{"@type":"ListItem","position":1,"name":"Portada","item":"https:\/\/volcanes.net\/"},{"@type":"ListItem","position":2,"name":"Entrega de 25 aparatos auditivos en el municipio de #Ozumba"}]},{"@type":"WebSite","@id":"https:\/\/volcanes.net\/#website","url":"https:\/\/volcanes.net\/","name":"Volcanes.Net","description":"Periodismo Profesional","publisher":{"@id":"https:\/\/volcanes.net\/#organization"},"potentialAction":[{"@type":"SearchAction","target":{"@type":"EntryPoint","urlTemplate":"https:\/\/volcanes.net\/?s={search_term_string}"},"query-input":{"@type":"PropertyValueSpecification","valueRequired":true,"valueName":"search_term_string"}}],"inLanguage":"es"},{"@type":"Organization","@id":"https:\/\/volcanes.net\/#organization","name":"Grupo Volcanes","url":"https:\/\/volcanes.net\/","logo":{"@type":"ImageObject","inLanguage":"es","@id":"https:\/\/volcanes.net\/#\/schema\/logo\/image\/","url":"http:\/\/volcanes.net\/wp-content\/uploads\/2017\/12\/Avatar2.jpg","contentUrl":"http:\/\/volcanes.net\/wp-content\/uploads\/2017\/12\/Avatar2.jpg","width":378,"height":378,"caption":"Grupo Volcanes"},"image":{"@id":"https:\/\/volcanes.net\/#\/schema\/logo\/image\/"},"sameAs":["https:\/\/www.facebook.com\/volcanes.net\/"]},{"@type":"Person","@id":"https:\/\/volcanes.net\/#\/schema\/person\/4bf0f383940966a4abd53f5048c0e6b9","name":"admin","image":{"@type":"ImageObject","inLanguage":"es","@id":"https:\/\/volcanes.net\/#\/schema\/person\/image\/","url":"https:\/\/secure.gravatar.com\/avatar\/ca004e6cba8462b8cb7abc86e382930c?s=96&d=mm&r=g","contentUrl":"https:\/\/secure.gravatar.com\/avatar\/ca004e6cba8462b8cb7abc86e382930c?s=96&d=mm&r=g","caption":"admin"}}]}},"_links":{"self":[{"href":"https:\/\/volcanes.net\/index.php?rest_route=\/wp\/v2\/posts\/5383"}],"collection":[{"href":"https:\/\/volcanes.net\/index.php?rest_route=\/wp\/v2\/posts"}],"about":[{"href":"https:\/\/volcanes.net\/index.php?rest_route=\/wp\/v2\/types\/post"}],"author":[{"embeddable":true,"href":"https:\/\/volcanes.net\/index.php?rest_route=\/wp\/v2\/users\/1"}],"replies":[{"embeddable":true,"href":"https:\/\/volcanes.net\/index.php?rest_route=%2Fwp%2Fv2%2Fcomments&post=5383"}],"version-history":[{"count":8,"href":"https:\/\/volcanes.net\/index.php?rest_route=\/wp\/v2\/posts\/5383\/revisions"}],"predecessor-version":[{"id":5399,"href":"https:\/\/volcanes.net\/index.php?rest_route=\/wp\/v2\/posts\/5383\/revisions\/5399"}],"wp:featuredmedia":[{"embeddable":true,"href":"https:\/\/volcanes.net\/index.php?rest_route=\/wp\/v2\/media\/5385"}],"wp:attachment":[{"href":"https:\/\/volcanes.net\/index.php?rest_route=%2Fwp%2Fv2%2Fmedia&parent=5383"}],"wp:term":[{"taxonomy":"category","embeddable":true,"href":"https:\/\/volcanes.net\/index.php?rest_route=%2Fwp%2Fv2%2Fcategories&post=5383"},{"taxonomy":"post_tag","embeddable":true,"href":"https:\/\/volcanes.net\/index.php?rest_route=%2Fwp%2Fv2%2Ftags&post=5383"}],"curies":[{"name":"wp","href":"https:\/\/api.w.org\/{rel}","templated":true}]}}