{"id":5468,"date":"2019-09-11T20:56:36","date_gmt":"2019-09-12T02:56:36","guid":{"rendered":"http:\/\/volcanes.net\/?p=5468"},"modified":"2019-09-11T20:56:36","modified_gmt":"2019-09-12T02:56:36","slug":"en-ixtapaluca-arranca-remodelacion-de-modulos-sanitarios-en-cdi","status":"publish","type":"post","link":"https:\/\/volcanes.net\/?p=5468","title":{"rendered":"En Ixtapaluca arranca remodelaci\u00f3n de m\u00f3dulos sanitarios en CDI"},"content":{"rendered":"<div style=\"margin-top: 0px; margin-bottom: 0px;\" class=\"sharethis-inline-share-buttons\" ><\/div><p class=\"font_8\">Los Centros de Desarrollo Infantil beneficiados son el Rosario Castellanos y Margarita Maza de Ju\u00e1rez<\/p>\n<p class=\"font_8\">IXTAPALUCA, M\u00e9x.- Al dar el banderazo para el inicio de la remodelaci\u00f3n de m\u00f3dulos sanitarios en dos centros de desarrollo infantil, la titular del DIF, Y\u00e9ssica Sara\u00ed Gonz\u00e1lez Figueroa, se\u00f1al\u00f3 que en Ixtapaluca existe transparencia en el ejercicio de los recursos asignados para obras sociales, los cuales son auditados por instancias estatales y federales.<\/p>\n<p class=\"font_8\">Por esta raz\u00f3n, aclar\u00f3, se puede dar certeza de que el recurso se aplica correctamente y prueba de ello es posible la realizaci\u00f3n de diversas obras que impactan de forma sustancial en el mejoramiento de la calidad de vida de los ixtapaluquenses.<\/p>\n<div id=\"ppPrt7-8uz_SinglePostMediaTop_MediaPost__0_0__type_MediaPost\" class=\" flex_vbox\">\n<div id=\"5d789ab4f7cc172c1c9f9ea6ppPrt7-8uz_SinglePostMediaTop_MediaPost__0_0_mediaText\" class=\"s_usaAWRichTextClickableSkin\" data-packed=\"false\" data-proxy-name=\"MediaLabel\" data-width=\"675\">\n<div id=\"5d789ab4f7cc172c1c9f9ea6ppPrt7-8uz_SinglePostMediaTop_MediaPost__0_0_mediaTextrichTextContainer\" class=\"s_usaAWRichTextClickableSkin_richTextContainer s_usaAWRichTextClickableSkinrichTextContainer\">\n<p class=\"font_8\">Los banderazos para la remodelaci\u00f3n de los m\u00f3dulos sanitarios se dieron en el Centro de Desarrollo Infantil (CDI)\u00a0 Rosario Castellanos de la colonia Tejalpa en\u00a0 San Francisco, que beneficiar\u00e1 a una matr\u00edcula de 400 alumnos; \u00a0y en la colonia El Mirador en el CDI Margarita Maza de Ju\u00e1rez.<\/p>\n<p class=\"font_8\">\n<p class=\"font_8\">En Ixtapaluca se sigue trabajando\u00a0 en favor de la educaci\u00f3n porque los ni\u00f1os, ni\u00f1as y j\u00f3venes adem\u00e1s de ser el futuro de M\u00e9xico, ahora son el presente y hay que\u00a0 darles las condiciones para una formaci\u00f3n integral.<\/p>\n<p class=\"font_8\">Por su parte, \u00a0padres de\u00a0 familia de los dos CDI coincidieron en se\u00f1alar que \u00a0desde que inicio el proyecto de progreso y cambio por Ixtapaluca las demandas\u00a0 han tenido eco\u00a0 para la realizaci\u00f3n de obras ya sea para las escuelas como para la infraestructura urbana.<\/p>\n<\/div>\n<\/div>\n<\/div>\n<div id=\"ppPrt7-8uz_SinglePostMediaTop_MediaPost__0_0_def_22_true\" class=\" flex_vbox\"><\/div>\n","protected":false},"excerpt":{"rendered":"<p>Los Centros de Desarrollo Infantil beneficiados son el Rosario Castellanos y Margarita Maza de Ju\u00e1rez<\/p>\n","protected":false},"author":1,"featured_media":5469,"comment_status":"open","ping_status":"open","sticky":false,"template":"","format":"standard","meta":{"footnotes":""},"categories":[1],"tags":[6],"class_list":["post-5468","post","type-post","status-publish","format-standard","has-post-thumbnail","hentry","category-municipales","tag-ixtapaluca"],"yoast_head":"<!-- This site is optimized with the Yoast SEO plugin v25.3 - https:\/\/yoast.com\/wordpress\/plugins\/seo\/ -->\n<title>En Ixtapaluca arranca remodelaci\u00f3n de m\u00f3dulos sanitarios en CDI - Volcanes<\/title>\n<meta name=\"robots\" content=\"index, follow, max-snippet:-1, max-image-preview:large, max-video-preview:-1\" \/>\n<link rel=\"canonical\" href=\"https:\/\/volcanes.net\/?p=5468\" \/>\n<meta property=\"og:locale\" content=\"es_MX\" \/>\n<meta property=\"og:type\" content=\"article\" \/>\n<meta property=\"og:title\" content=\"En Ixtapaluca arranca remodelaci\u00f3n de m\u00f3dulos sanitarios en CDI - Volcanes\" \/>\n<meta property=\"og:description\" content=\"Los Centros de Desarrollo Infantil beneficiados son el Rosario Castellanos y Margarita Maza de Ju\u00e1rez\" \/>\n<meta property=\"og:url\" content=\"https:\/\/volcanes.net\/?p=5468\" \/>\n<meta property=\"og:site_name\" content=\"Volcanes\" \/>\n<meta property=\"article:publisher\" content=\"https:\/\/www.facebook.com\/volcanes.net\/\" \/>\n<meta property=\"article:published_time\" content=\"2019-09-12T02:56:36+00:00\" \/>\n<meta property=\"og:image\" content=\"https:\/\/volcanes.net\/wp-content\/uploads\/2019\/09\/safe_image-37.jpg\" \/>\n\t<meta property=\"og:image:width\" content=\"600\" \/>\n\t<meta property=\"og:image:height\" content=\"312\" \/>\n\t<meta property=\"og:image:type\" content=\"image\/jpeg\" \/>\n<meta name=\"author\" content=\"admin\" \/>\n<meta name=\"twitter:card\" content=\"summary_large_image\" \/>\n<meta name=\"twitter:label1\" content=\"Escrito por\" \/>\n\t<meta name=\"twitter:data1\" content=\"admin\" \/>\n\t<meta name=\"twitter:label2\" content=\"Tiempo de lectura\" \/>\n\t<meta name=\"twitter:data2\" content=\"1 minuto\" \/>\n<script type=\"application\/ld+json\" class=\"yoast-schema-graph\">{\"@context\":\"https:\/\/schema.org\",\"@graph\":[{\"@type\":\"Article\",\"@id\":\"https:\/\/volcanes.net\/?p=5468#article\",\"isPartOf\":{\"@id\":\"https:\/\/volcanes.net\/?p=5468\"},\"author\":{\"name\":\"admin\",\"@id\":\"https:\/\/volcanes.net\/#\/schema\/person\/4bf0f383940966a4abd53f5048c0e6b9\"},\"headline\":\"En Ixtapaluca arranca remodelaci\u00f3n de m\u00f3dulos sanitarios en CDI\",\"datePublished\":\"2019-09-12T02:56:36+00:00\",\"mainEntityOfPage\":{\"@id\":\"https:\/\/volcanes.net\/?p=5468\"},\"wordCount\":274,\"commentCount\":0,\"publisher\":{\"@id\":\"https:\/\/volcanes.net\/#organization\"},\"image\":{\"@id\":\"https:\/\/volcanes.net\/?p=5468#primaryimage\"},\"thumbnailUrl\":\"https:\/\/volcanes.net\/wp-content\/uploads\/2019\/09\/safe_image-37.jpg\",\"keywords\":[\"Ixtapaluca\"],\"articleSection\":[\"Municipales\"],\"inLanguage\":\"es\",\"potentialAction\":[{\"@type\":\"CommentAction\",\"name\":\"Comment\",\"target\":[\"https:\/\/volcanes.net\/?p=5468#respond\"]}]},{\"@type\":\"WebPage\",\"@id\":\"https:\/\/volcanes.net\/?p=5468\",\"url\":\"https:\/\/volcanes.net\/?p=5468\",\"name\":\"En Ixtapaluca arranca remodelaci\u00f3n de m\u00f3dulos sanitarios en CDI - Volcanes\",\"isPartOf\":{\"@id\":\"https:\/\/volcanes.net\/#website\"},\"primaryImageOfPage\":{\"@id\":\"https:\/\/volcanes.net\/?p=5468#primaryimage\"},\"image\":{\"@id\":\"https:\/\/volcanes.net\/?p=5468#primaryimage\"},\"thumbnailUrl\":\"https:\/\/volcanes.net\/wp-content\/uploads\/2019\/09\/safe_image-37.jpg\",\"datePublished\":\"2019-09-12T02:56:36+00:00\",\"breadcrumb\":{\"@id\":\"https:\/\/volcanes.net\/?p=5468#breadcrumb\"},\"inLanguage\":\"es\",\"potentialAction\":[{\"@type\":\"ReadAction\",\"target\":[\"https:\/\/volcanes.net\/?p=5468\"]}]},{\"@type\":\"ImageObject\",\"inLanguage\":\"es\",\"@id\":\"https:\/\/volcanes.net\/?p=5468#primaryimage\",\"url\":\"https:\/\/volcanes.net\/wp-content\/uploads\/2019\/09\/safe_image-37.jpg\",\"contentUrl\":\"https:\/\/volcanes.net\/wp-content\/uploads\/2019\/09\/safe_image-37.jpg\",\"width\":600,\"height\":312},{\"@type\":\"BreadcrumbList\",\"@id\":\"https:\/\/volcanes.net\/?p=5468#breadcrumb\",\"itemListElement\":[{\"@type\":\"ListItem\",\"position\":1,\"name\":\"Portada\",\"item\":\"https:\/\/volcanes.net\/\"},{\"@type\":\"ListItem\",\"position\":2,\"name\":\"En Ixtapaluca arranca remodelaci\u00f3n de m\u00f3dulos sanitarios en CDI\"}]},{\"@type\":\"WebSite\",\"@id\":\"https:\/\/volcanes.net\/#website\",\"url\":\"https:\/\/volcanes.net\/\",\"name\":\"Volcanes.Net\",\"description\":\"Periodismo Profesional\",\"publisher\":{\"@id\":\"https:\/\/volcanes.net\/#organization\"},\"potentialAction\":[{\"@type\":\"SearchAction\",\"target\":{\"@type\":\"EntryPoint\",\"urlTemplate\":\"https:\/\/volcanes.net\/?s={search_term_string}\"},\"query-input\":{\"@type\":\"PropertyValueSpecification\",\"valueRequired\":true,\"valueName\":\"search_term_string\"}}],\"inLanguage\":\"es\"},{\"@type\":\"Organization\",\"@id\":\"https:\/\/volcanes.net\/#organization\",\"name\":\"Grupo Volcanes\",\"url\":\"https:\/\/volcanes.net\/\",\"logo\":{\"@type\":\"ImageObject\",\"inLanguage\":\"es\",\"@id\":\"https:\/\/volcanes.net\/#\/schema\/logo\/image\/\",\"url\":\"http:\/\/volcanes.net\/wp-content\/uploads\/2017\/12\/Avatar2.jpg\",\"contentUrl\":\"http:\/\/volcanes.net\/wp-content\/uploads\/2017\/12\/Avatar2.jpg\",\"width\":378,\"height\":378,\"caption\":\"Grupo Volcanes\"},\"image\":{\"@id\":\"https:\/\/volcanes.net\/#\/schema\/logo\/image\/\"},\"sameAs\":[\"https:\/\/www.facebook.com\/volcanes.net\/\"]},{\"@type\":\"Person\",\"@id\":\"https:\/\/volcanes.net\/#\/schema\/person\/4bf0f383940966a4abd53f5048c0e6b9\",\"name\":\"admin\",\"image\":{\"@type\":\"ImageObject\",\"inLanguage\":\"es\",\"@id\":\"https:\/\/volcanes.net\/#\/schema\/person\/image\/\",\"url\":\"https:\/\/secure.gravatar.com\/avatar\/ca004e6cba8462b8cb7abc86e382930c?s=96&d=mm&r=g\",\"contentUrl\":\"https:\/\/secure.gravatar.com\/avatar\/ca004e6cba8462b8cb7abc86e382930c?s=96&d=mm&r=g\",\"caption\":\"admin\"}}]}<\/script>\n<!-- \/ Yoast SEO plugin. -->","yoast_head_json":{"title":"En Ixtapaluca arranca remodelaci\u00f3n de m\u00f3dulos sanitarios en CDI - Volcanes","robots":{"index":"index","follow":"follow","max-snippet":"max-snippet:-1","max-image-preview":"max-image-preview:large","max-video-preview":"max-video-preview:-1"},"canonical":"https:\/\/volcanes.net\/?p=5468","og_locale":"es_MX","og_type":"article","og_title":"En Ixtapaluca arranca remodelaci\u00f3n de m\u00f3dulos sanitarios en CDI - Volcanes","og_description":"Los Centros de Desarrollo Infantil beneficiados son el Rosario Castellanos y Margarita Maza de Ju\u00e1rez","og_url":"https:\/\/volcanes.net\/?p=5468","og_site_name":"Volcanes","article_publisher":"https:\/\/www.facebook.com\/volcanes.net\/","article_published_time":"2019-09-12T02:56:36+00:00","og_image":[{"width":600,"height":312,"url":"https:\/\/volcanes.net\/wp-content\/uploads\/2019\/09\/safe_image-37.jpg","type":"image\/jpeg"}],"author":"admin","twitter_card":"summary_large_image","twitter_misc":{"Escrito por":"admin","Tiempo de lectura":"1 minuto"},"schema":{"@context":"https:\/\/schema.org","@graph":[{"@type":"Article","@id":"https:\/\/volcanes.net\/?p=5468#article","isPartOf":{"@id":"https:\/\/volcanes.net\/?p=5468"},"author":{"name":"admin","@id":"https:\/\/volcanes.net\/#\/schema\/person\/4bf0f383940966a4abd53f5048c0e6b9"},"headline":"En Ixtapaluca arranca remodelaci\u00f3n de m\u00f3dulos sanitarios en CDI","datePublished":"2019-09-12T02:56:36+00:00","mainEntityOfPage":{"@id":"https:\/\/volcanes.net\/?p=5468"},"wordCount":274,"commentCount":0,"publisher":{"@id":"https:\/\/volcanes.net\/#organization"},"image":{"@id":"https:\/\/volcanes.net\/?p=5468#primaryimage"},"thumbnailUrl":"https:\/\/volcanes.net\/wp-content\/uploads\/2019\/09\/safe_image-37.jpg","keywords":["Ixtapaluca"],"articleSection":["Municipales"],"inLanguage":"es","potentialAction":[{"@type":"CommentAction","name":"Comment","target":["https:\/\/volcanes.net\/?p=5468#respond"]}]},{"@type":"WebPage","@id":"https:\/\/volcanes.net\/?p=5468","url":"https:\/\/volcanes.net\/?p=5468","name":"En Ixtapaluca arranca remodelaci\u00f3n de m\u00f3dulos sanitarios en CDI - Volcanes","isPartOf":{"@id":"https:\/\/volcanes.net\/#website"},"primaryImageOfPage":{"@id":"https:\/\/volcanes.net\/?p=5468#primaryimage"},"image":{"@id":"https:\/\/volcanes.net\/?p=5468#primaryimage"},"thumbnailUrl":"https:\/\/volcanes.net\/wp-content\/uploads\/2019\/09\/safe_image-37.jpg","datePublished":"2019-09-12T02:56:36+00:00","breadcrumb":{"@id":"https:\/\/volcanes.net\/?p=5468#breadcrumb"},"inLanguage":"es","potentialAction":[{"@type":"ReadAction","target":["https:\/\/volcanes.net\/?p=5468"]}]},{"@type":"ImageObject","inLanguage":"es","@id":"https:\/\/volcanes.net\/?p=5468#primaryimage","url":"https:\/\/volcanes.net\/wp-content\/uploads\/2019\/09\/safe_image-37.jpg","contentUrl":"https:\/\/volcanes.net\/wp-content\/uploads\/2019\/09\/safe_image-37.jpg","width":600,"height":312},{"@type":"BreadcrumbList","@id":"https:\/\/volcanes.net\/?p=5468#breadcrumb","itemListElement":[{"@type":"ListItem","position":1,"name":"Portada","item":"https:\/\/volcanes.net\/"},{"@type":"ListItem","position":2,"name":"En Ixtapaluca arranca remodelaci\u00f3n de m\u00f3dulos sanitarios en CDI"}]},{"@type":"WebSite","@id":"https:\/\/volcanes.net\/#website","url":"https:\/\/volcanes.net\/","name":"Volcanes.Net","description":"Periodismo Profesional","publisher":{"@id":"https:\/\/volcanes.net\/#organization"},"potentialAction":[{"@type":"SearchAction","target":{"@type":"EntryPoint","urlTemplate":"https:\/\/volcanes.net\/?s={search_term_string}"},"query-input":{"@type":"PropertyValueSpecification","valueRequired":true,"valueName":"search_term_string"}}],"inLanguage":"es"},{"@type":"Organization","@id":"https:\/\/volcanes.net\/#organization","name":"Grupo Volcanes","url":"https:\/\/volcanes.net\/","logo":{"@type":"ImageObject","inLanguage":"es","@id":"https:\/\/volcanes.net\/#\/schema\/logo\/image\/","url":"http:\/\/volcanes.net\/wp-content\/uploads\/2017\/12\/Avatar2.jpg","contentUrl":"http:\/\/volcanes.net\/wp-content\/uploads\/2017\/12\/Avatar2.jpg","width":378,"height":378,"caption":"Grupo Volcanes"},"image":{"@id":"https:\/\/volcanes.net\/#\/schema\/logo\/image\/"},"sameAs":["https:\/\/www.facebook.com\/volcanes.net\/"]},{"@type":"Person","@id":"https:\/\/volcanes.net\/#\/schema\/person\/4bf0f383940966a4abd53f5048c0e6b9","name":"admin","image":{"@type":"ImageObject","inLanguage":"es","@id":"https:\/\/volcanes.net\/#\/schema\/person\/image\/","url":"https:\/\/secure.gravatar.com\/avatar\/ca004e6cba8462b8cb7abc86e382930c?s=96&d=mm&r=g","contentUrl":"https:\/\/secure.gravatar.com\/avatar\/ca004e6cba8462b8cb7abc86e382930c?s=96&d=mm&r=g","caption":"admin"}}]}},"_links":{"self":[{"href":"https:\/\/volcanes.net\/index.php?rest_route=\/wp\/v2\/posts\/5468"}],"collection":[{"href":"https:\/\/volcanes.net\/index.php?rest_route=\/wp\/v2\/posts"}],"about":[{"href":"https:\/\/volcanes.net\/index.php?rest_route=\/wp\/v2\/types\/post"}],"author":[{"embeddable":true,"href":"https:\/\/volcanes.net\/index.php?rest_route=\/wp\/v2\/users\/1"}],"replies":[{"embeddable":true,"href":"https:\/\/volcanes.net\/index.php?rest_route=%2Fwp%2Fv2%2Fcomments&post=5468"}],"version-history":[{"count":1,"href":"https:\/\/volcanes.net\/index.php?rest_route=\/wp\/v2\/posts\/5468\/revisions"}],"predecessor-version":[{"id":5470,"href":"https:\/\/volcanes.net\/index.php?rest_route=\/wp\/v2\/posts\/5468\/revisions\/5470"}],"wp:featuredmedia":[{"embeddable":true,"href":"https:\/\/volcanes.net\/index.php?rest_route=\/wp\/v2\/media\/5469"}],"wp:attachment":[{"href":"https:\/\/volcanes.net\/index.php?rest_route=%2Fwp%2Fv2%2Fmedia&parent=5468"}],"wp:term":[{"taxonomy":"category","embeddable":true,"href":"https:\/\/volcanes.net\/index.php?rest_route=%2Fwp%2Fv2%2Fcategories&post=5468"},{"taxonomy":"post_tag","embeddable":true,"href":"https:\/\/volcanes.net\/index.php?rest_route=%2Fwp%2Fv2%2Ftags&post=5468"}],"curies":[{"name":"wp","href":"https:\/\/api.w.org\/{rel}","templated":true}]}}