{"id":5481,"date":"2019-09-13T14:47:32","date_gmt":"2019-09-13T20:47:32","guid":{"rendered":"http:\/\/volcanes.net\/?p=5481"},"modified":"2019-09-13T14:47:32","modified_gmt":"2019-09-13T20:47:32","slug":"entrega-alfredo-del-mazo-rehabilitacion-del-centro-especializado-en-atencion-primaria-a-la-salud-de-ecatzingo","status":"publish","type":"post","link":"https:\/\/volcanes.net\/?p=5481","title":{"rendered":"Entrega Alfredo del Mazo rehabilitaci\u00f3n del centro especializado en atenci\u00f3n primaria a la salud de  #Ecatzingo"},"content":{"rendered":"<div style=\"margin-top: 0px; margin-bottom: 0px;\" class=\"sharethis-inline-share-buttons\" ><\/div><p>\u2022Asegura Gobernador mexiquense que la restauraci\u00f3n de este CEAPS permitir\u00e1 a las familias de esta regi\u00f3n acceder a servicios m\u00e9dicos de calidad sin tener que trasladarse a otros municipios.<br \/>\n\u2022Reitera que durante su administraci\u00f3n se rehabilitar\u00e1n los m\u00e1s de mil 200 centros de salud del Estado de M\u00e9xico. \u2022Platica con personal y pacientes que asistieron a consulta a este CEAPS, y conoce los servicios que ah\u00ed se ofrecen.<\/p>\n<p>*Ecatzingo, Estado de M\u00e9xico, 13 de septiembre de 2019. Con la finalidad de mejorar y ampliar los servicios m\u00e9dicos que reciben los mexiquenses, el Gobernador Alfredo Del Mazo Maza entreg\u00f3 la rehabilitaci\u00f3n del Centro Especializado en Atenci\u00f3n<br \/>\nPrimaria a la Salud (CEAPS) de Ecatzingo.<\/p>\n<p>&#8220;Aqu\u00ed tenemos este CEAPS, este Centro de Atenci\u00f3n Primaria a la Salud, que ya ten\u00eda tiempo de existir, pero desafortunadamente no estaba en buenas condiciones para atender a las familias y hoy ya est\u00e1 en buenas condiciones, ya se rehabilit\u00f3, ya se le dio mantenimiento a los equipos, ya se fortaleci\u00f3 el abasto de medicinas y tenemos extraordinarios m\u00e9dicos que est\u00e1n aqu\u00ed atendiendo a familias de esta zona de los Volcanes&#8221;, expres\u00f3.<\/p>\n<p>Del Mazo Maza destac\u00f3 que la restauraci\u00f3n de este CEAPS permitir\u00e1 a las familias de \u00e9ste y otros municipios aleda\u00f1os, acceder a servicios m\u00e9dicos de calidad, sin necesidad de trasladarse a otras regiones.<\/p>\n<p>Explic\u00f3 que en este centro m\u00e9dico se atiende a las personas los siete d\u00edas de la semana, 24 horas al d\u00eda, por lo que reconoci\u00f3 el trabajo del personal m\u00e9dico que ah\u00ed labora.<\/p>\n<p>Durante el recorrido que hizo por las instalaciones de este espacio, el mandatario estatal reiter\u00f3 que durante su administraci\u00f3n se llevar\u00e1 a cabo la rehabilitaci\u00f3n de todos los centros de salud del Estado de M\u00e9xico, con la finalidad de garantizar a los mexiquenses mejores servicios m\u00e9dicos, m\u00e1s cercanos a sus hogares, con abasto suficiente de medicamentos y con personal calificado.<\/p>\n<p>&#8220;Estamos recorriendo este Centro de Atenci\u00f3n Primaria a la Salud, que acabamos de rehabilitar, dentro de un programa que estamos rehabilitando los mil 221 centros de salud que tenemos en todo el Estado de M\u00e9xico.<\/p>\n<p>\u201cEs un programa que vamos a hacer durante los pr\u00f3ximos tres a\u00f1os, para mejorar su infraestructura, para mejorar el equipamiento que tienen, el abasto de medicinas, insumos y el personal m\u00e9dico necesario para poder atender &#8220;, explic\u00f3.<\/p>\n<p>Acompa\u00f1ado por los Secretarios de Salud, Gabriel O&#8217;Shea Cuevas, de Obra P\u00fablica, Rafael D\u00edaz Leal Barrueta, y de la alcaldesa de Ecatzingo, Roc\u00edo Sol\u00eds Robles, Del Mazo Maza recorri\u00f3 las instalaciones de este CEAPS, donde platic\u00f3 con el personal y con pacientes que acudieron a consulta, sobre la atenci\u00f3n que reciben.<\/p>\n<p>&nbsp;<\/p>\n","protected":false},"excerpt":{"rendered":"<p>\u2022Asegura Gobernador mexiquense que la restauraci\u00f3n de este CEAPS permitir\u00e1 a las familias de esta<\/p>\n","protected":false},"author":1,"featured_media":5482,"comment_status":"open","ping_status":"open","sticky":false,"template":"","format":"standard","meta":{"footnotes":""},"categories":[1],"tags":[262],"class_list":["post-5481","post","type-post","status-publish","format-standard","has-post-thumbnail","hentry","category-municipales","tag-ecazitgo"],"yoast_head":"<!-- This site is optimized with the Yoast SEO plugin v25.3 - https:\/\/yoast.com\/wordpress\/plugins\/seo\/ -->\n<title>Entrega Alfredo del Mazo rehabilitaci\u00f3n del centro especializado en atenci\u00f3n primaria a la salud de #Ecatzingo - Volcanes<\/title>\n<meta name=\"robots\" content=\"index, follow, max-snippet:-1, max-image-preview:large, max-video-preview:-1\" \/>\n<link rel=\"canonical\" href=\"https:\/\/volcanes.net\/?p=5481\" \/>\n<meta property=\"og:locale\" content=\"es_MX\" \/>\n<meta property=\"og:type\" content=\"article\" \/>\n<meta property=\"og:title\" content=\"Entrega Alfredo del Mazo rehabilitaci\u00f3n del centro especializado en atenci\u00f3n primaria a la salud de #Ecatzingo - Volcanes\" \/>\n<meta property=\"og:description\" content=\"\u2022Asegura Gobernador mexiquense que la restauraci\u00f3n de este CEAPS permitir\u00e1 a las familias de esta\" \/>\n<meta property=\"og:url\" content=\"https:\/\/volcanes.net\/?p=5481\" \/>\n<meta property=\"og:site_name\" content=\"Volcanes\" \/>\n<meta property=\"article:publisher\" content=\"https:\/\/www.facebook.com\/volcanes.net\/\" \/>\n<meta property=\"article:published_time\" content=\"2019-09-13T20:47:32+00:00\" \/>\n<meta property=\"og:image\" content=\"https:\/\/volcanes.net\/wp-content\/uploads\/2019\/09\/d08ceb4f-70bf-418c-a090-b08d9def6cb9-300x211.jpg\" \/>\n\t<meta property=\"og:image:width\" content=\"300\" \/>\n\t<meta property=\"og:image:height\" content=\"211\" \/>\n\t<meta property=\"og:image:type\" content=\"image\/jpeg\" \/>\n<meta name=\"author\" content=\"admin\" \/>\n<meta name=\"twitter:card\" content=\"summary_large_image\" \/>\n<meta name=\"twitter:label1\" content=\"Escrito por\" \/>\n\t<meta name=\"twitter:data1\" content=\"admin\" \/>\n\t<meta name=\"twitter:label2\" content=\"Tiempo de lectura\" \/>\n\t<meta name=\"twitter:data2\" content=\"2 minutos\" \/>\n<script type=\"application\/ld+json\" class=\"yoast-schema-graph\">{\"@context\":\"https:\/\/schema.org\",\"@graph\":[{\"@type\":\"Article\",\"@id\":\"https:\/\/volcanes.net\/?p=5481#article\",\"isPartOf\":{\"@id\":\"https:\/\/volcanes.net\/?p=5481\"},\"author\":{\"name\":\"admin\",\"@id\":\"https:\/\/volcanes.net\/#\/schema\/person\/4bf0f383940966a4abd53f5048c0e6b9\"},\"headline\":\"Entrega Alfredo del Mazo rehabilitaci\u00f3n del centro especializado en atenci\u00f3n primaria a la salud de #Ecatzingo\",\"datePublished\":\"2019-09-13T20:47:32+00:00\",\"mainEntityOfPage\":{\"@id\":\"https:\/\/volcanes.net\/?p=5481\"},\"wordCount\":485,\"commentCount\":0,\"publisher\":{\"@id\":\"https:\/\/volcanes.net\/#organization\"},\"image\":{\"@id\":\"https:\/\/volcanes.net\/?p=5481#primaryimage\"},\"thumbnailUrl\":\"https:\/\/volcanes.net\/wp-content\/uploads\/2019\/09\/d08ceb4f-70bf-418c-a090-b08d9def6cb9-300x211.jpg\",\"keywords\":[\"Ecazitgo\"],\"articleSection\":[\"Municipales\"],\"inLanguage\":\"es\",\"potentialAction\":[{\"@type\":\"CommentAction\",\"name\":\"Comment\",\"target\":[\"https:\/\/volcanes.net\/?p=5481#respond\"]}]},{\"@type\":\"WebPage\",\"@id\":\"https:\/\/volcanes.net\/?p=5481\",\"url\":\"https:\/\/volcanes.net\/?p=5481\",\"name\":\"Entrega Alfredo del Mazo rehabilitaci\u00f3n del centro especializado en atenci\u00f3n primaria a la salud de #Ecatzingo - Volcanes\",\"isPartOf\":{\"@id\":\"https:\/\/volcanes.net\/#website\"},\"primaryImageOfPage\":{\"@id\":\"https:\/\/volcanes.net\/?p=5481#primaryimage\"},\"image\":{\"@id\":\"https:\/\/volcanes.net\/?p=5481#primaryimage\"},\"thumbnailUrl\":\"https:\/\/volcanes.net\/wp-content\/uploads\/2019\/09\/d08ceb4f-70bf-418c-a090-b08d9def6cb9-300x211.jpg\",\"datePublished\":\"2019-09-13T20:47:32+00:00\",\"breadcrumb\":{\"@id\":\"https:\/\/volcanes.net\/?p=5481#breadcrumb\"},\"inLanguage\":\"es\",\"potentialAction\":[{\"@type\":\"ReadAction\",\"target\":[\"https:\/\/volcanes.net\/?p=5481\"]}]},{\"@type\":\"ImageObject\",\"inLanguage\":\"es\",\"@id\":\"https:\/\/volcanes.net\/?p=5481#primaryimage\",\"url\":\"https:\/\/volcanes.net\/wp-content\/uploads\/2019\/09\/d08ceb4f-70bf-418c-a090-b08d9def6cb9-300x211.jpg\",\"contentUrl\":\"https:\/\/volcanes.net\/wp-content\/uploads\/2019\/09\/d08ceb4f-70bf-418c-a090-b08d9def6cb9-300x211.jpg\",\"width\":300,\"height\":211},{\"@type\":\"BreadcrumbList\",\"@id\":\"https:\/\/volcanes.net\/?p=5481#breadcrumb\",\"itemListElement\":[{\"@type\":\"ListItem\",\"position\":1,\"name\":\"Portada\",\"item\":\"https:\/\/volcanes.net\/\"},{\"@type\":\"ListItem\",\"position\":2,\"name\":\"Entrega Alfredo del Mazo rehabilitaci\u00f3n del centro especializado en atenci\u00f3n primaria a la salud de #Ecatzingo\"}]},{\"@type\":\"WebSite\",\"@id\":\"https:\/\/volcanes.net\/#website\",\"url\":\"https:\/\/volcanes.net\/\",\"name\":\"Volcanes.Net\",\"description\":\"Periodismo Profesional\",\"publisher\":{\"@id\":\"https:\/\/volcanes.net\/#organization\"},\"potentialAction\":[{\"@type\":\"SearchAction\",\"target\":{\"@type\":\"EntryPoint\",\"urlTemplate\":\"https:\/\/volcanes.net\/?s={search_term_string}\"},\"query-input\":{\"@type\":\"PropertyValueSpecification\",\"valueRequired\":true,\"valueName\":\"search_term_string\"}}],\"inLanguage\":\"es\"},{\"@type\":\"Organization\",\"@id\":\"https:\/\/volcanes.net\/#organization\",\"name\":\"Grupo Volcanes\",\"url\":\"https:\/\/volcanes.net\/\",\"logo\":{\"@type\":\"ImageObject\",\"inLanguage\":\"es\",\"@id\":\"https:\/\/volcanes.net\/#\/schema\/logo\/image\/\",\"url\":\"http:\/\/volcanes.net\/wp-content\/uploads\/2017\/12\/Avatar2.jpg\",\"contentUrl\":\"http:\/\/volcanes.net\/wp-content\/uploads\/2017\/12\/Avatar2.jpg\",\"width\":378,\"height\":378,\"caption\":\"Grupo Volcanes\"},\"image\":{\"@id\":\"https:\/\/volcanes.net\/#\/schema\/logo\/image\/\"},\"sameAs\":[\"https:\/\/www.facebook.com\/volcanes.net\/\"]},{\"@type\":\"Person\",\"@id\":\"https:\/\/volcanes.net\/#\/schema\/person\/4bf0f383940966a4abd53f5048c0e6b9\",\"name\":\"admin\",\"image\":{\"@type\":\"ImageObject\",\"inLanguage\":\"es\",\"@id\":\"https:\/\/volcanes.net\/#\/schema\/person\/image\/\",\"url\":\"https:\/\/secure.gravatar.com\/avatar\/ca004e6cba8462b8cb7abc86e382930c?s=96&d=mm&r=g\",\"contentUrl\":\"https:\/\/secure.gravatar.com\/avatar\/ca004e6cba8462b8cb7abc86e382930c?s=96&d=mm&r=g\",\"caption\":\"admin\"}}]}<\/script>\n<!-- \/ Yoast SEO plugin. -->","yoast_head_json":{"title":"Entrega Alfredo del Mazo rehabilitaci\u00f3n del centro especializado en atenci\u00f3n primaria a la salud de #Ecatzingo - Volcanes","robots":{"index":"index","follow":"follow","max-snippet":"max-snippet:-1","max-image-preview":"max-image-preview:large","max-video-preview":"max-video-preview:-1"},"canonical":"https:\/\/volcanes.net\/?p=5481","og_locale":"es_MX","og_type":"article","og_title":"Entrega Alfredo del Mazo rehabilitaci\u00f3n del centro especializado en atenci\u00f3n primaria a la salud de #Ecatzingo - Volcanes","og_description":"\u2022Asegura Gobernador mexiquense que la restauraci\u00f3n de este CEAPS permitir\u00e1 a las familias de esta","og_url":"https:\/\/volcanes.net\/?p=5481","og_site_name":"Volcanes","article_publisher":"https:\/\/www.facebook.com\/volcanes.net\/","article_published_time":"2019-09-13T20:47:32+00:00","og_image":[{"width":300,"height":211,"url":"https:\/\/volcanes.net\/wp-content\/uploads\/2019\/09\/d08ceb4f-70bf-418c-a090-b08d9def6cb9-300x211.jpg","type":"image\/jpeg"}],"author":"admin","twitter_card":"summary_large_image","twitter_misc":{"Escrito por":"admin","Tiempo de lectura":"2 minutos"},"schema":{"@context":"https:\/\/schema.org","@graph":[{"@type":"Article","@id":"https:\/\/volcanes.net\/?p=5481#article","isPartOf":{"@id":"https:\/\/volcanes.net\/?p=5481"},"author":{"name":"admin","@id":"https:\/\/volcanes.net\/#\/schema\/person\/4bf0f383940966a4abd53f5048c0e6b9"},"headline":"Entrega Alfredo del Mazo rehabilitaci\u00f3n del centro especializado en atenci\u00f3n primaria a la salud de #Ecatzingo","datePublished":"2019-09-13T20:47:32+00:00","mainEntityOfPage":{"@id":"https:\/\/volcanes.net\/?p=5481"},"wordCount":485,"commentCount":0,"publisher":{"@id":"https:\/\/volcanes.net\/#organization"},"image":{"@id":"https:\/\/volcanes.net\/?p=5481#primaryimage"},"thumbnailUrl":"https:\/\/volcanes.net\/wp-content\/uploads\/2019\/09\/d08ceb4f-70bf-418c-a090-b08d9def6cb9-300x211.jpg","keywords":["Ecazitgo"],"articleSection":["Municipales"],"inLanguage":"es","potentialAction":[{"@type":"CommentAction","name":"Comment","target":["https:\/\/volcanes.net\/?p=5481#respond"]}]},{"@type":"WebPage","@id":"https:\/\/volcanes.net\/?p=5481","url":"https:\/\/volcanes.net\/?p=5481","name":"Entrega Alfredo del Mazo rehabilitaci\u00f3n del centro especializado en atenci\u00f3n primaria a la salud de #Ecatzingo - Volcanes","isPartOf":{"@id":"https:\/\/volcanes.net\/#website"},"primaryImageOfPage":{"@id":"https:\/\/volcanes.net\/?p=5481#primaryimage"},"image":{"@id":"https:\/\/volcanes.net\/?p=5481#primaryimage"},"thumbnailUrl":"https:\/\/volcanes.net\/wp-content\/uploads\/2019\/09\/d08ceb4f-70bf-418c-a090-b08d9def6cb9-300x211.jpg","datePublished":"2019-09-13T20:47:32+00:00","breadcrumb":{"@id":"https:\/\/volcanes.net\/?p=5481#breadcrumb"},"inLanguage":"es","potentialAction":[{"@type":"ReadAction","target":["https:\/\/volcanes.net\/?p=5481"]}]},{"@type":"ImageObject","inLanguage":"es","@id":"https:\/\/volcanes.net\/?p=5481#primaryimage","url":"https:\/\/volcanes.net\/wp-content\/uploads\/2019\/09\/d08ceb4f-70bf-418c-a090-b08d9def6cb9-300x211.jpg","contentUrl":"https:\/\/volcanes.net\/wp-content\/uploads\/2019\/09\/d08ceb4f-70bf-418c-a090-b08d9def6cb9-300x211.jpg","width":300,"height":211},{"@type":"BreadcrumbList","@id":"https:\/\/volcanes.net\/?p=5481#breadcrumb","itemListElement":[{"@type":"ListItem","position":1,"name":"Portada","item":"https:\/\/volcanes.net\/"},{"@type":"ListItem","position":2,"name":"Entrega Alfredo del Mazo rehabilitaci\u00f3n del centro especializado en atenci\u00f3n primaria a la salud de #Ecatzingo"}]},{"@type":"WebSite","@id":"https:\/\/volcanes.net\/#website","url":"https:\/\/volcanes.net\/","name":"Volcanes.Net","description":"Periodismo Profesional","publisher":{"@id":"https:\/\/volcanes.net\/#organization"},"potentialAction":[{"@type":"SearchAction","target":{"@type":"EntryPoint","urlTemplate":"https:\/\/volcanes.net\/?s={search_term_string}"},"query-input":{"@type":"PropertyValueSpecification","valueRequired":true,"valueName":"search_term_string"}}],"inLanguage":"es"},{"@type":"Organization","@id":"https:\/\/volcanes.net\/#organization","name":"Grupo Volcanes","url":"https:\/\/volcanes.net\/","logo":{"@type":"ImageObject","inLanguage":"es","@id":"https:\/\/volcanes.net\/#\/schema\/logo\/image\/","url":"http:\/\/volcanes.net\/wp-content\/uploads\/2017\/12\/Avatar2.jpg","contentUrl":"http:\/\/volcanes.net\/wp-content\/uploads\/2017\/12\/Avatar2.jpg","width":378,"height":378,"caption":"Grupo Volcanes"},"image":{"@id":"https:\/\/volcanes.net\/#\/schema\/logo\/image\/"},"sameAs":["https:\/\/www.facebook.com\/volcanes.net\/"]},{"@type":"Person","@id":"https:\/\/volcanes.net\/#\/schema\/person\/4bf0f383940966a4abd53f5048c0e6b9","name":"admin","image":{"@type":"ImageObject","inLanguage":"es","@id":"https:\/\/volcanes.net\/#\/schema\/person\/image\/","url":"https:\/\/secure.gravatar.com\/avatar\/ca004e6cba8462b8cb7abc86e382930c?s=96&d=mm&r=g","contentUrl":"https:\/\/secure.gravatar.com\/avatar\/ca004e6cba8462b8cb7abc86e382930c?s=96&d=mm&r=g","caption":"admin"}}]}},"_links":{"self":[{"href":"https:\/\/volcanes.net\/index.php?rest_route=\/wp\/v2\/posts\/5481"}],"collection":[{"href":"https:\/\/volcanes.net\/index.php?rest_route=\/wp\/v2\/posts"}],"about":[{"href":"https:\/\/volcanes.net\/index.php?rest_route=\/wp\/v2\/types\/post"}],"author":[{"embeddable":true,"href":"https:\/\/volcanes.net\/index.php?rest_route=\/wp\/v2\/users\/1"}],"replies":[{"embeddable":true,"href":"https:\/\/volcanes.net\/index.php?rest_route=%2Fwp%2Fv2%2Fcomments&post=5481"}],"version-history":[{"count":1,"href":"https:\/\/volcanes.net\/index.php?rest_route=\/wp\/v2\/posts\/5481\/revisions"}],"predecessor-version":[{"id":5483,"href":"https:\/\/volcanes.net\/index.php?rest_route=\/wp\/v2\/posts\/5481\/revisions\/5483"}],"wp:featuredmedia":[{"embeddable":true,"href":"https:\/\/volcanes.net\/index.php?rest_route=\/wp\/v2\/media\/5482"}],"wp:attachment":[{"href":"https:\/\/volcanes.net\/index.php?rest_route=%2Fwp%2Fv2%2Fmedia&parent=5481"}],"wp:term":[{"taxonomy":"category","embeddable":true,"href":"https:\/\/volcanes.net\/index.php?rest_route=%2Fwp%2Fv2%2Fcategories&post=5481"},{"taxonomy":"post_tag","embeddable":true,"href":"https:\/\/volcanes.net\/index.php?rest_route=%2Fwp%2Fv2%2Ftags&post=5481"}],"curies":[{"name":"wp","href":"https:\/\/api.w.org\/{rel}","templated":true}]}}