{"id":5509,"date":"2019-09-17T00:50:36","date_gmt":"2019-09-17T06:50:36","guid":{"rendered":"http:\/\/volcanes.net\/?p=5509"},"modified":"2019-09-17T00:50:36","modified_gmt":"2019-09-17T06:50:36","slug":"participan-en-amecameca-mas-de-6-mil-personas-en-el-tradicional-desfile-de-independencia","status":"publish","type":"post","link":"https:\/\/volcanes.net\/?p=5509","title":{"rendered":"Participan en Amecameca m\u00e1s de 6 mil personas  en el Tradicional Desfile de Independencia"},"content":{"rendered":"<div style=\"margin-top: 0px; margin-bottom: 0px;\" class=\"sharethis-inline-share-buttons\" ><\/div><p>Amecameca de Ju\u00e1rez, Estado de M\u00e9xico.- Con la participaci\u00f3n de m\u00e1s de 6 mil personas, entre las que se encontraban alumnos de todas las escuelas del municipio, \u00a0se realiz\u00f3 esta ma\u00f1ana el tradicional Desfile de Independencia que encabez\u00f3 el Presidente Municipal Miguel \u00c1ngel Salom\u00f3n Cort\u00e9s, acompa\u00f1ado de los Integrantes del Ayuntamiento y la Presidenta del sistema DIF municipal, licenciada Patricia Tufi\u00f1o Carranza.<\/p>\n<p>Durante su discurso el Edil afirm\u00f3<strong> \u201c<\/strong>en ocasi\u00f3n del 209 aniversario de la Independencia de M\u00e9xico es necesario reconocer a los hombres y mujeres que arriesgando su vida decidieron que los mexicanos merec\u00edan ser libres e independientes; su ejemplo de lucha nos debe de servir para guiar a las nuevas generaciones al trabajo, al esfuerzo y al compromiso con nuestra naci\u00f3n\u201d.<\/p>\n<p>\u201cSeamos cada d\u00eda la mejor versi\u00f3n del mexicano que all\u00e1 por 1810 luch\u00f3, uni\u00f3 fuerzas y triunf\u00f3. Seamos incluyentes, tolerantes y solidarios con nuestros hermanos, y disfrutemos de la independencia que nos heredaron los hombres y mujeres que so\u00f1aron con un pa\u00eds libre\u201d, exhort\u00f3 el Mun\u00edcipe a todos los presentes.<\/p>\n<p>Despu\u00e9s de colocar la ofrenda floral, los integrantes del pres\u00eddium encabezaron el tradicional desfile que recorri\u00f3 las principales calles y avenidas del primer cuadro del municipio, que hizo el deleite de los cientos de vecinos que acompa\u00f1aron el desfile arrojando confeti en se\u00f1al de festejo.<\/p>\n","protected":false},"excerpt":{"rendered":"<p>Amecameca de Ju\u00e1rez, Estado de M\u00e9xico.- Con la participaci\u00f3n de m\u00e1s de 6 mil personas,<\/p>\n","protected":false},"author":1,"featured_media":5510,"comment_status":"open","ping_status":"open","sticky":false,"template":"","format":"standard","meta":{"footnotes":""},"categories":[1],"tags":[7],"class_list":["post-5509","post","type-post","status-publish","format-standard","has-post-thumbnail","hentry","category-municipales","tag-amecameca"],"yoast_head":"<!-- This site is optimized with the Yoast SEO plugin v25.3 - https:\/\/yoast.com\/wordpress\/plugins\/seo\/ -->\n<title>Participan en Amecameca m\u00e1s de 6 mil personas en el Tradicional Desfile de Independencia - Volcanes<\/title>\n<meta name=\"robots\" content=\"index, follow, max-snippet:-1, max-image-preview:large, max-video-preview:-1\" \/>\n<link rel=\"canonical\" href=\"https:\/\/volcanes.net\/?p=5509\" \/>\n<meta property=\"og:locale\" content=\"es_MX\" \/>\n<meta property=\"og:type\" content=\"article\" \/>\n<meta property=\"og:title\" content=\"Participan en Amecameca m\u00e1s de 6 mil personas en el Tradicional Desfile de Independencia - Volcanes\" \/>\n<meta property=\"og:description\" content=\"Amecameca de Ju\u00e1rez, Estado de M\u00e9xico.- Con la participaci\u00f3n de m\u00e1s de 6 mil personas,\" \/>\n<meta property=\"og:url\" content=\"https:\/\/volcanes.net\/?p=5509\" \/>\n<meta property=\"og:site_name\" content=\"Volcanes\" \/>\n<meta property=\"article:publisher\" content=\"https:\/\/www.facebook.com\/volcanes.net\/\" \/>\n<meta property=\"article:published_time\" content=\"2019-09-17T06:50:36+00:00\" \/>\n<meta property=\"og:image\" content=\"https:\/\/volcanes.net\/wp-content\/uploads\/2019\/09\/225aee5f-741a-487f-8ac0-3578c7eebb1a-1.jpg\" \/>\n\t<meta property=\"og:image:width\" content=\"600\" \/>\n\t<meta property=\"og:image:height\" content=\"399\" \/>\n\t<meta property=\"og:image:type\" content=\"image\/jpeg\" \/>\n<meta name=\"author\" content=\"admin\" \/>\n<meta name=\"twitter:card\" content=\"summary_large_image\" \/>\n<meta name=\"twitter:label1\" content=\"Escrito por\" \/>\n\t<meta name=\"twitter:data1\" content=\"admin\" \/>\n\t<meta name=\"twitter:label2\" content=\"Tiempo de lectura\" \/>\n\t<meta name=\"twitter:data2\" content=\"1 minuto\" \/>\n<script type=\"application\/ld+json\" class=\"yoast-schema-graph\">{\"@context\":\"https:\/\/schema.org\",\"@graph\":[{\"@type\":\"Article\",\"@id\":\"https:\/\/volcanes.net\/?p=5509#article\",\"isPartOf\":{\"@id\":\"https:\/\/volcanes.net\/?p=5509\"},\"author\":{\"name\":\"admin\",\"@id\":\"https:\/\/volcanes.net\/#\/schema\/person\/4bf0f383940966a4abd53f5048c0e6b9\"},\"headline\":\"Participan en Amecameca m\u00e1s de 6 mil personas en el Tradicional Desfile de Independencia\",\"datePublished\":\"2019-09-17T06:50:36+00:00\",\"mainEntityOfPage\":{\"@id\":\"https:\/\/volcanes.net\/?p=5509\"},\"wordCount\":252,\"commentCount\":0,\"publisher\":{\"@id\":\"https:\/\/volcanes.net\/#organization\"},\"image\":{\"@id\":\"https:\/\/volcanes.net\/?p=5509#primaryimage\"},\"thumbnailUrl\":\"https:\/\/volcanes.net\/wp-content\/uploads\/2019\/09\/225aee5f-741a-487f-8ac0-3578c7eebb1a-1.jpg\",\"keywords\":[\"Amecameca\"],\"articleSection\":[\"Municipales\"],\"inLanguage\":\"es\",\"potentialAction\":[{\"@type\":\"CommentAction\",\"name\":\"Comment\",\"target\":[\"https:\/\/volcanes.net\/?p=5509#respond\"]}]},{\"@type\":\"WebPage\",\"@id\":\"https:\/\/volcanes.net\/?p=5509\",\"url\":\"https:\/\/volcanes.net\/?p=5509\",\"name\":\"Participan en Amecameca m\u00e1s de 6 mil personas en el Tradicional Desfile de Independencia - Volcanes\",\"isPartOf\":{\"@id\":\"https:\/\/volcanes.net\/#website\"},\"primaryImageOfPage\":{\"@id\":\"https:\/\/volcanes.net\/?p=5509#primaryimage\"},\"image\":{\"@id\":\"https:\/\/volcanes.net\/?p=5509#primaryimage\"},\"thumbnailUrl\":\"https:\/\/volcanes.net\/wp-content\/uploads\/2019\/09\/225aee5f-741a-487f-8ac0-3578c7eebb1a-1.jpg\",\"datePublished\":\"2019-09-17T06:50:36+00:00\",\"breadcrumb\":{\"@id\":\"https:\/\/volcanes.net\/?p=5509#breadcrumb\"},\"inLanguage\":\"es\",\"potentialAction\":[{\"@type\":\"ReadAction\",\"target\":[\"https:\/\/volcanes.net\/?p=5509\"]}]},{\"@type\":\"ImageObject\",\"inLanguage\":\"es\",\"@id\":\"https:\/\/volcanes.net\/?p=5509#primaryimage\",\"url\":\"https:\/\/volcanes.net\/wp-content\/uploads\/2019\/09\/225aee5f-741a-487f-8ac0-3578c7eebb1a-1.jpg\",\"contentUrl\":\"https:\/\/volcanes.net\/wp-content\/uploads\/2019\/09\/225aee5f-741a-487f-8ac0-3578c7eebb1a-1.jpg\",\"width\":600,\"height\":399},{\"@type\":\"BreadcrumbList\",\"@id\":\"https:\/\/volcanes.net\/?p=5509#breadcrumb\",\"itemListElement\":[{\"@type\":\"ListItem\",\"position\":1,\"name\":\"Portada\",\"item\":\"https:\/\/volcanes.net\/\"},{\"@type\":\"ListItem\",\"position\":2,\"name\":\"Participan en Amecameca m\u00e1s de 6 mil personas en el Tradicional Desfile de Independencia\"}]},{\"@type\":\"WebSite\",\"@id\":\"https:\/\/volcanes.net\/#website\",\"url\":\"https:\/\/volcanes.net\/\",\"name\":\"Volcanes.Net\",\"description\":\"Periodismo Profesional\",\"publisher\":{\"@id\":\"https:\/\/volcanes.net\/#organization\"},\"potentialAction\":[{\"@type\":\"SearchAction\",\"target\":{\"@type\":\"EntryPoint\",\"urlTemplate\":\"https:\/\/volcanes.net\/?s={search_term_string}\"},\"query-input\":{\"@type\":\"PropertyValueSpecification\",\"valueRequired\":true,\"valueName\":\"search_term_string\"}}],\"inLanguage\":\"es\"},{\"@type\":\"Organization\",\"@id\":\"https:\/\/volcanes.net\/#organization\",\"name\":\"Grupo Volcanes\",\"url\":\"https:\/\/volcanes.net\/\",\"logo\":{\"@type\":\"ImageObject\",\"inLanguage\":\"es\",\"@id\":\"https:\/\/volcanes.net\/#\/schema\/logo\/image\/\",\"url\":\"http:\/\/volcanes.net\/wp-content\/uploads\/2017\/12\/Avatar2.jpg\",\"contentUrl\":\"http:\/\/volcanes.net\/wp-content\/uploads\/2017\/12\/Avatar2.jpg\",\"width\":378,\"height\":378,\"caption\":\"Grupo Volcanes\"},\"image\":{\"@id\":\"https:\/\/volcanes.net\/#\/schema\/logo\/image\/\"},\"sameAs\":[\"https:\/\/www.facebook.com\/volcanes.net\/\"]},{\"@type\":\"Person\",\"@id\":\"https:\/\/volcanes.net\/#\/schema\/person\/4bf0f383940966a4abd53f5048c0e6b9\",\"name\":\"admin\",\"image\":{\"@type\":\"ImageObject\",\"inLanguage\":\"es\",\"@id\":\"https:\/\/volcanes.net\/#\/schema\/person\/image\/\",\"url\":\"https:\/\/secure.gravatar.com\/avatar\/ca004e6cba8462b8cb7abc86e382930c?s=96&d=mm&r=g\",\"contentUrl\":\"https:\/\/secure.gravatar.com\/avatar\/ca004e6cba8462b8cb7abc86e382930c?s=96&d=mm&r=g\",\"caption\":\"admin\"}}]}<\/script>\n<!-- \/ Yoast SEO plugin. -->","yoast_head_json":{"title":"Participan en Amecameca m\u00e1s de 6 mil personas en el Tradicional Desfile de Independencia - Volcanes","robots":{"index":"index","follow":"follow","max-snippet":"max-snippet:-1","max-image-preview":"max-image-preview:large","max-video-preview":"max-video-preview:-1"},"canonical":"https:\/\/volcanes.net\/?p=5509","og_locale":"es_MX","og_type":"article","og_title":"Participan en Amecameca m\u00e1s de 6 mil personas en el Tradicional Desfile de Independencia - Volcanes","og_description":"Amecameca de Ju\u00e1rez, Estado de M\u00e9xico.- Con la participaci\u00f3n de m\u00e1s de 6 mil personas,","og_url":"https:\/\/volcanes.net\/?p=5509","og_site_name":"Volcanes","article_publisher":"https:\/\/www.facebook.com\/volcanes.net\/","article_published_time":"2019-09-17T06:50:36+00:00","og_image":[{"width":600,"height":399,"url":"https:\/\/volcanes.net\/wp-content\/uploads\/2019\/09\/225aee5f-741a-487f-8ac0-3578c7eebb1a-1.jpg","type":"image\/jpeg"}],"author":"admin","twitter_card":"summary_large_image","twitter_misc":{"Escrito por":"admin","Tiempo de lectura":"1 minuto"},"schema":{"@context":"https:\/\/schema.org","@graph":[{"@type":"Article","@id":"https:\/\/volcanes.net\/?p=5509#article","isPartOf":{"@id":"https:\/\/volcanes.net\/?p=5509"},"author":{"name":"admin","@id":"https:\/\/volcanes.net\/#\/schema\/person\/4bf0f383940966a4abd53f5048c0e6b9"},"headline":"Participan en Amecameca m\u00e1s de 6 mil personas en el Tradicional Desfile de Independencia","datePublished":"2019-09-17T06:50:36+00:00","mainEntityOfPage":{"@id":"https:\/\/volcanes.net\/?p=5509"},"wordCount":252,"commentCount":0,"publisher":{"@id":"https:\/\/volcanes.net\/#organization"},"image":{"@id":"https:\/\/volcanes.net\/?p=5509#primaryimage"},"thumbnailUrl":"https:\/\/volcanes.net\/wp-content\/uploads\/2019\/09\/225aee5f-741a-487f-8ac0-3578c7eebb1a-1.jpg","keywords":["Amecameca"],"articleSection":["Municipales"],"inLanguage":"es","potentialAction":[{"@type":"CommentAction","name":"Comment","target":["https:\/\/volcanes.net\/?p=5509#respond"]}]},{"@type":"WebPage","@id":"https:\/\/volcanes.net\/?p=5509","url":"https:\/\/volcanes.net\/?p=5509","name":"Participan en Amecameca m\u00e1s de 6 mil personas en el Tradicional Desfile de Independencia - Volcanes","isPartOf":{"@id":"https:\/\/volcanes.net\/#website"},"primaryImageOfPage":{"@id":"https:\/\/volcanes.net\/?p=5509#primaryimage"},"image":{"@id":"https:\/\/volcanes.net\/?p=5509#primaryimage"},"thumbnailUrl":"https:\/\/volcanes.net\/wp-content\/uploads\/2019\/09\/225aee5f-741a-487f-8ac0-3578c7eebb1a-1.jpg","datePublished":"2019-09-17T06:50:36+00:00","breadcrumb":{"@id":"https:\/\/volcanes.net\/?p=5509#breadcrumb"},"inLanguage":"es","potentialAction":[{"@type":"ReadAction","target":["https:\/\/volcanes.net\/?p=5509"]}]},{"@type":"ImageObject","inLanguage":"es","@id":"https:\/\/volcanes.net\/?p=5509#primaryimage","url":"https:\/\/volcanes.net\/wp-content\/uploads\/2019\/09\/225aee5f-741a-487f-8ac0-3578c7eebb1a-1.jpg","contentUrl":"https:\/\/volcanes.net\/wp-content\/uploads\/2019\/09\/225aee5f-741a-487f-8ac0-3578c7eebb1a-1.jpg","width":600,"height":399},{"@type":"BreadcrumbList","@id":"https:\/\/volcanes.net\/?p=5509#breadcrumb","itemListElement":[{"@type":"ListItem","position":1,"name":"Portada","item":"https:\/\/volcanes.net\/"},{"@type":"ListItem","position":2,"name":"Participan en Amecameca m\u00e1s de 6 mil personas en el Tradicional Desfile de Independencia"}]},{"@type":"WebSite","@id":"https:\/\/volcanes.net\/#website","url":"https:\/\/volcanes.net\/","name":"Volcanes.Net","description":"Periodismo Profesional","publisher":{"@id":"https:\/\/volcanes.net\/#organization"},"potentialAction":[{"@type":"SearchAction","target":{"@type":"EntryPoint","urlTemplate":"https:\/\/volcanes.net\/?s={search_term_string}"},"query-input":{"@type":"PropertyValueSpecification","valueRequired":true,"valueName":"search_term_string"}}],"inLanguage":"es"},{"@type":"Organization","@id":"https:\/\/volcanes.net\/#organization","name":"Grupo Volcanes","url":"https:\/\/volcanes.net\/","logo":{"@type":"ImageObject","inLanguage":"es","@id":"https:\/\/volcanes.net\/#\/schema\/logo\/image\/","url":"http:\/\/volcanes.net\/wp-content\/uploads\/2017\/12\/Avatar2.jpg","contentUrl":"http:\/\/volcanes.net\/wp-content\/uploads\/2017\/12\/Avatar2.jpg","width":378,"height":378,"caption":"Grupo Volcanes"},"image":{"@id":"https:\/\/volcanes.net\/#\/schema\/logo\/image\/"},"sameAs":["https:\/\/www.facebook.com\/volcanes.net\/"]},{"@type":"Person","@id":"https:\/\/volcanes.net\/#\/schema\/person\/4bf0f383940966a4abd53f5048c0e6b9","name":"admin","image":{"@type":"ImageObject","inLanguage":"es","@id":"https:\/\/volcanes.net\/#\/schema\/person\/image\/","url":"https:\/\/secure.gravatar.com\/avatar\/ca004e6cba8462b8cb7abc86e382930c?s=96&d=mm&r=g","contentUrl":"https:\/\/secure.gravatar.com\/avatar\/ca004e6cba8462b8cb7abc86e382930c?s=96&d=mm&r=g","caption":"admin"}}]}},"_links":{"self":[{"href":"https:\/\/volcanes.net\/index.php?rest_route=\/wp\/v2\/posts\/5509"}],"collection":[{"href":"https:\/\/volcanes.net\/index.php?rest_route=\/wp\/v2\/posts"}],"about":[{"href":"https:\/\/volcanes.net\/index.php?rest_route=\/wp\/v2\/types\/post"}],"author":[{"embeddable":true,"href":"https:\/\/volcanes.net\/index.php?rest_route=\/wp\/v2\/users\/1"}],"replies":[{"embeddable":true,"href":"https:\/\/volcanes.net\/index.php?rest_route=%2Fwp%2Fv2%2Fcomments&post=5509"}],"version-history":[{"count":1,"href":"https:\/\/volcanes.net\/index.php?rest_route=\/wp\/v2\/posts\/5509\/revisions"}],"predecessor-version":[{"id":5511,"href":"https:\/\/volcanes.net\/index.php?rest_route=\/wp\/v2\/posts\/5509\/revisions\/5511"}],"wp:featuredmedia":[{"embeddable":true,"href":"https:\/\/volcanes.net\/index.php?rest_route=\/wp\/v2\/media\/5510"}],"wp:attachment":[{"href":"https:\/\/volcanes.net\/index.php?rest_route=%2Fwp%2Fv2%2Fmedia&parent=5509"}],"wp:term":[{"taxonomy":"category","embeddable":true,"href":"https:\/\/volcanes.net\/index.php?rest_route=%2Fwp%2Fv2%2Fcategories&post=5509"},{"taxonomy":"post_tag","embeddable":true,"href":"https:\/\/volcanes.net\/index.php?rest_route=%2Fwp%2Fv2%2Ftags&post=5509"}],"curies":[{"name":"wp","href":"https:\/\/api.w.org\/{rel}","templated":true}]}}