{"id":5512,"date":"2019-09-18T20:43:50","date_gmt":"2019-09-19T02:43:50","guid":{"rendered":"http:\/\/volcanes.net\/?p=5512"},"modified":"2019-09-18T20:43:50","modified_gmt":"2019-09-19T02:43:50","slug":"ixtapaluca-lleva-a-cabo-la-semana-nacional-de-proteccion-civil","status":"publish","type":"post","link":"https:\/\/volcanes.net\/?p=5512","title":{"rendered":"Ixtapaluca lleva a cabo la semana nacional de protecci\u00f3n civil"},"content":{"rendered":"<div style=\"margin-top: 0px; margin-bottom: 0px;\" class=\"sharethis-inline-share-buttons\" ><\/div><div id=\"ppPrt7-8uz_SinglePostMediaTop_MediaPost__0_0__type_MediaPost\" class=\" flex_vbox\">\n<div id=\"5d81cba8d3c2e4700eee5009ppPrt7-8uz_SinglePostMediaTop_MediaPost__0_0_mediaText\" class=\"s_usaAWRichTextClickableSkin\" data-packed=\"false\" data-proxy-name=\"MediaLabel\" data-width=\"675\">\n<div id=\"5d81cba8d3c2e4700eee5009ppPrt7-8uz_SinglePostMediaTop_MediaPost__0_0_mediaTextrichTextContainer\" class=\"s_usaAWRichTextClickableSkin_richTextContainer s_usaAWRichTextClickableSkinrichTextContainer\">\n<p class=\"font_8\">&#8211; Orientan a los asistentes sobre prevenci\u00f3n; como parte de las actividades se har\u00e1 simulacro de sismo ma\u00f1ana 19 de septiembre<\/p>\n<p class=\"font_8\">IXTAPALUCA, M\u00e9x.- Te has preguntado \u00bfQu\u00e9 hacer en caso de sismo, inundaci\u00f3n, incendio o fuga de gas?, \u00e9stas y m\u00e1s dudas ser\u00e1n resueltas por parte de personal de bomberos y protecci\u00f3n civil durante la \u201cSemana Nacional de Protecci\u00f3n Civil 2019\u201d que se realizar\u00e1 en distintas plazas hasta el 20 de septiembre.<\/p>\n<p class=\"font_8\">En el marco de esta semana tambi\u00e9n se realizar\u00e1 un simulacro con todo el personal de los edificios del Ayuntamiento el pr\u00f3ximo 19 de septiembre a las 9:00 de la ma\u00f1ana d\u00eda en que sonar\u00e1 la alarma s\u00edsmica con motivo del 34 aniversario de los sismos de 1985 y de los registrados en 2017.<\/p>\n<div id=\"innercomp_txtMedia6km\" class=\"s_heNoSkinPhoto\" title=\"\" data-is-responsive=\"false\" data-display-mode=\"fitWidthStrict\" data-content-padding-horizontal=\"0\" data-content-padding-vertical=\"0\" data-exact-height=\"313.1865\">\n<div id=\"innercomp_txtMedia6kmlink\" class=\"s_heNoSkinPhotolink\">\n<div id=\"innercomp_txtMedia6kmimg\" class=\"s_heNoSkinPhotoimg\"><\/div>\n<\/div>\n<\/div>\n<p class=\"font_8\"><span class=\"inherit-font-size\">\u00a0<\/span>La Semana Nacional de Protecci\u00f3n Civil tiene el objetivo de concientizar a la poblaci\u00f3n sobre la importancia de la prevenci\u00f3n y para saber c\u00f3mo actuar en caso de una cat\u00e1strofe, o bien de otros percances que pueden ser evitados si est\u00e1n bien informados, as\u00ed como conocer el Atlas de Riesgo con el que cuenta el municipio.<\/p>\n<p class=\"font_8\">Adem\u00e1s se busca tengan un plan familiar ante siniestros, as\u00ed como la mochila de emergencia que debe contener documentaci\u00f3n personal, duplicado de llaves, radio con pilas, linterna, botiqu\u00edn de primeros auxilios, agua embotellada, alimentos enlatados, ropa y art\u00edculos de aseo.<\/p>\n<p class=\"font_8\">La subdirecci\u00f3n de Protecci\u00f3n Civil y Bomberos dar\u00e1 pl\u00e1ticas informativas sobre la prevenci\u00f3n de las quemaduras, as\u00ed como asesor\u00edas de uso y manejo de extintores, formaci\u00f3n de brigadas de emergencia, se\u00f1alamientos de Protecci\u00f3n Civil para escuelas, edificios p\u00fablicos y negocios y la evaluaci\u00f3n y repliegue de inmuebles.<\/p>\n<p class=\"font_8\">Se han instalado cinco m\u00f3dulos de atenci\u00f3n ubicados en Patio Ayotla, Aurrera de Santa B\u00e1rbara, Ixtapaluca 2000, Tienda Amiga de Los H\u00e9roes, Plaza Cortijo y la explanada municipal, para aclarar las dudas de los habitantes en un horario de 9:00 a 14:00 horas.<\/p>\n<p class=\"font_8\">Adem\u00e1s personal de Protecci\u00f3n Civil y Bomberos brindar\u00e1 talleres, exposiciones, demostraciones y entrega de tr\u00edpticos informativos.<\/p>\n<\/div>\n<\/div>\n<\/div>\n<div id=\"ppPrt7-8uz_SinglePostMediaTop_MediaPost__0_0_def_22_true\" class=\" flex_vbox\"><\/div>\n","protected":false},"excerpt":{"rendered":"<p>&#8211; Orientan a los asistentes sobre prevenci\u00f3n; como parte de las actividades se har\u00e1 simulacro<\/p>\n","protected":false},"author":1,"featured_media":5513,"comment_status":"open","ping_status":"open","sticky":false,"template":"","format":"standard","meta":{"footnotes":""},"categories":[1],"tags":[6],"class_list":["post-5512","post","type-post","status-publish","format-standard","has-post-thumbnail","hentry","category-municipales","tag-ixtapaluca"],"yoast_head":"<!-- This site is optimized with the Yoast SEO plugin v25.3 - https:\/\/yoast.com\/wordpress\/plugins\/seo\/ -->\n<title>Ixtapaluca lleva a cabo la semana nacional de protecci\u00f3n civil - Volcanes<\/title>\n<meta name=\"robots\" content=\"index, follow, max-snippet:-1, max-image-preview:large, max-video-preview:-1\" \/>\n<link rel=\"canonical\" href=\"https:\/\/volcanes.net\/?p=5512\" \/>\n<meta property=\"og:locale\" content=\"es_MX\" \/>\n<meta property=\"og:type\" content=\"article\" \/>\n<meta property=\"og:title\" content=\"Ixtapaluca lleva a cabo la semana nacional de protecci\u00f3n civil - Volcanes\" \/>\n<meta property=\"og:description\" content=\"&#8211; Orientan a los asistentes sobre prevenci\u00f3n; como parte de las actividades se har\u00e1 simulacro\" \/>\n<meta property=\"og:url\" content=\"https:\/\/volcanes.net\/?p=5512\" \/>\n<meta property=\"og:site_name\" content=\"Volcanes\" \/>\n<meta property=\"article:publisher\" content=\"https:\/\/www.facebook.com\/volcanes.net\/\" \/>\n<meta property=\"article:published_time\" content=\"2019-09-19T02:43:50+00:00\" \/>\n<meta property=\"og:image\" content=\"https:\/\/volcanes.net\/wp-content\/uploads\/2019\/09\/safe_image-35.jpg\" \/>\n\t<meta property=\"og:image:width\" content=\"600\" \/>\n\t<meta property=\"og:image:height\" content=\"312\" \/>\n\t<meta property=\"og:image:type\" content=\"image\/jpeg\" \/>\n<meta name=\"author\" content=\"admin\" \/>\n<meta name=\"twitter:card\" content=\"summary_large_image\" \/>\n<meta name=\"twitter:label1\" content=\"Escrito por\" \/>\n\t<meta name=\"twitter:data1\" content=\"admin\" \/>\n\t<meta name=\"twitter:label2\" content=\"Tiempo de lectura\" \/>\n\t<meta name=\"twitter:data2\" content=\"2 minutos\" \/>\n<script type=\"application\/ld+json\" class=\"yoast-schema-graph\">{\"@context\":\"https:\/\/schema.org\",\"@graph\":[{\"@type\":\"Article\",\"@id\":\"https:\/\/volcanes.net\/?p=5512#article\",\"isPartOf\":{\"@id\":\"https:\/\/volcanes.net\/?p=5512\"},\"author\":{\"name\":\"admin\",\"@id\":\"https:\/\/volcanes.net\/#\/schema\/person\/4bf0f383940966a4abd53f5048c0e6b9\"},\"headline\":\"Ixtapaluca lleva a cabo la semana nacional de protecci\u00f3n civil\",\"datePublished\":\"2019-09-19T02:43:50+00:00\",\"mainEntityOfPage\":{\"@id\":\"https:\/\/volcanes.net\/?p=5512\"},\"wordCount\":369,\"commentCount\":0,\"publisher\":{\"@id\":\"https:\/\/volcanes.net\/#organization\"},\"image\":{\"@id\":\"https:\/\/volcanes.net\/?p=5512#primaryimage\"},\"thumbnailUrl\":\"https:\/\/volcanes.net\/wp-content\/uploads\/2019\/09\/safe_image-35.jpg\",\"keywords\":[\"Ixtapaluca\"],\"articleSection\":[\"Municipales\"],\"inLanguage\":\"es\",\"potentialAction\":[{\"@type\":\"CommentAction\",\"name\":\"Comment\",\"target\":[\"https:\/\/volcanes.net\/?p=5512#respond\"]}]},{\"@type\":\"WebPage\",\"@id\":\"https:\/\/volcanes.net\/?p=5512\",\"url\":\"https:\/\/volcanes.net\/?p=5512\",\"name\":\"Ixtapaluca lleva a cabo la semana nacional de protecci\u00f3n civil - Volcanes\",\"isPartOf\":{\"@id\":\"https:\/\/volcanes.net\/#website\"},\"primaryImageOfPage\":{\"@id\":\"https:\/\/volcanes.net\/?p=5512#primaryimage\"},\"image\":{\"@id\":\"https:\/\/volcanes.net\/?p=5512#primaryimage\"},\"thumbnailUrl\":\"https:\/\/volcanes.net\/wp-content\/uploads\/2019\/09\/safe_image-35.jpg\",\"datePublished\":\"2019-09-19T02:43:50+00:00\",\"breadcrumb\":{\"@id\":\"https:\/\/volcanes.net\/?p=5512#breadcrumb\"},\"inLanguage\":\"es\",\"potentialAction\":[{\"@type\":\"ReadAction\",\"target\":[\"https:\/\/volcanes.net\/?p=5512\"]}]},{\"@type\":\"ImageObject\",\"inLanguage\":\"es\",\"@id\":\"https:\/\/volcanes.net\/?p=5512#primaryimage\",\"url\":\"https:\/\/volcanes.net\/wp-content\/uploads\/2019\/09\/safe_image-35.jpg\",\"contentUrl\":\"https:\/\/volcanes.net\/wp-content\/uploads\/2019\/09\/safe_image-35.jpg\",\"width\":600,\"height\":312},{\"@type\":\"BreadcrumbList\",\"@id\":\"https:\/\/volcanes.net\/?p=5512#breadcrumb\",\"itemListElement\":[{\"@type\":\"ListItem\",\"position\":1,\"name\":\"Portada\",\"item\":\"https:\/\/volcanes.net\/\"},{\"@type\":\"ListItem\",\"position\":2,\"name\":\"Ixtapaluca lleva a cabo la semana nacional de protecci\u00f3n civil\"}]},{\"@type\":\"WebSite\",\"@id\":\"https:\/\/volcanes.net\/#website\",\"url\":\"https:\/\/volcanes.net\/\",\"name\":\"Volcanes.Net\",\"description\":\"Periodismo Profesional\",\"publisher\":{\"@id\":\"https:\/\/volcanes.net\/#organization\"},\"potentialAction\":[{\"@type\":\"SearchAction\",\"target\":{\"@type\":\"EntryPoint\",\"urlTemplate\":\"https:\/\/volcanes.net\/?s={search_term_string}\"},\"query-input\":{\"@type\":\"PropertyValueSpecification\",\"valueRequired\":true,\"valueName\":\"search_term_string\"}}],\"inLanguage\":\"es\"},{\"@type\":\"Organization\",\"@id\":\"https:\/\/volcanes.net\/#organization\",\"name\":\"Grupo Volcanes\",\"url\":\"https:\/\/volcanes.net\/\",\"logo\":{\"@type\":\"ImageObject\",\"inLanguage\":\"es\",\"@id\":\"https:\/\/volcanes.net\/#\/schema\/logo\/image\/\",\"url\":\"http:\/\/volcanes.net\/wp-content\/uploads\/2017\/12\/Avatar2.jpg\",\"contentUrl\":\"http:\/\/volcanes.net\/wp-content\/uploads\/2017\/12\/Avatar2.jpg\",\"width\":378,\"height\":378,\"caption\":\"Grupo Volcanes\"},\"image\":{\"@id\":\"https:\/\/volcanes.net\/#\/schema\/logo\/image\/\"},\"sameAs\":[\"https:\/\/www.facebook.com\/volcanes.net\/\"]},{\"@type\":\"Person\",\"@id\":\"https:\/\/volcanes.net\/#\/schema\/person\/4bf0f383940966a4abd53f5048c0e6b9\",\"name\":\"admin\",\"image\":{\"@type\":\"ImageObject\",\"inLanguage\":\"es\",\"@id\":\"https:\/\/volcanes.net\/#\/schema\/person\/image\/\",\"url\":\"https:\/\/secure.gravatar.com\/avatar\/ca004e6cba8462b8cb7abc86e382930c?s=96&d=mm&r=g\",\"contentUrl\":\"https:\/\/secure.gravatar.com\/avatar\/ca004e6cba8462b8cb7abc86e382930c?s=96&d=mm&r=g\",\"caption\":\"admin\"}}]}<\/script>\n<!-- \/ Yoast SEO plugin. -->","yoast_head_json":{"title":"Ixtapaluca lleva a cabo la semana nacional de protecci\u00f3n civil - Volcanes","robots":{"index":"index","follow":"follow","max-snippet":"max-snippet:-1","max-image-preview":"max-image-preview:large","max-video-preview":"max-video-preview:-1"},"canonical":"https:\/\/volcanes.net\/?p=5512","og_locale":"es_MX","og_type":"article","og_title":"Ixtapaluca lleva a cabo la semana nacional de protecci\u00f3n civil - Volcanes","og_description":"&#8211; Orientan a los asistentes sobre prevenci\u00f3n; como parte de las actividades se har\u00e1 simulacro","og_url":"https:\/\/volcanes.net\/?p=5512","og_site_name":"Volcanes","article_publisher":"https:\/\/www.facebook.com\/volcanes.net\/","article_published_time":"2019-09-19T02:43:50+00:00","og_image":[{"width":600,"height":312,"url":"https:\/\/volcanes.net\/wp-content\/uploads\/2019\/09\/safe_image-35.jpg","type":"image\/jpeg"}],"author":"admin","twitter_card":"summary_large_image","twitter_misc":{"Escrito por":"admin","Tiempo de lectura":"2 minutos"},"schema":{"@context":"https:\/\/schema.org","@graph":[{"@type":"Article","@id":"https:\/\/volcanes.net\/?p=5512#article","isPartOf":{"@id":"https:\/\/volcanes.net\/?p=5512"},"author":{"name":"admin","@id":"https:\/\/volcanes.net\/#\/schema\/person\/4bf0f383940966a4abd53f5048c0e6b9"},"headline":"Ixtapaluca lleva a cabo la semana nacional de protecci\u00f3n civil","datePublished":"2019-09-19T02:43:50+00:00","mainEntityOfPage":{"@id":"https:\/\/volcanes.net\/?p=5512"},"wordCount":369,"commentCount":0,"publisher":{"@id":"https:\/\/volcanes.net\/#organization"},"image":{"@id":"https:\/\/volcanes.net\/?p=5512#primaryimage"},"thumbnailUrl":"https:\/\/volcanes.net\/wp-content\/uploads\/2019\/09\/safe_image-35.jpg","keywords":["Ixtapaluca"],"articleSection":["Municipales"],"inLanguage":"es","potentialAction":[{"@type":"CommentAction","name":"Comment","target":["https:\/\/volcanes.net\/?p=5512#respond"]}]},{"@type":"WebPage","@id":"https:\/\/volcanes.net\/?p=5512","url":"https:\/\/volcanes.net\/?p=5512","name":"Ixtapaluca lleva a cabo la semana nacional de protecci\u00f3n civil - Volcanes","isPartOf":{"@id":"https:\/\/volcanes.net\/#website"},"primaryImageOfPage":{"@id":"https:\/\/volcanes.net\/?p=5512#primaryimage"},"image":{"@id":"https:\/\/volcanes.net\/?p=5512#primaryimage"},"thumbnailUrl":"https:\/\/volcanes.net\/wp-content\/uploads\/2019\/09\/safe_image-35.jpg","datePublished":"2019-09-19T02:43:50+00:00","breadcrumb":{"@id":"https:\/\/volcanes.net\/?p=5512#breadcrumb"},"inLanguage":"es","potentialAction":[{"@type":"ReadAction","target":["https:\/\/volcanes.net\/?p=5512"]}]},{"@type":"ImageObject","inLanguage":"es","@id":"https:\/\/volcanes.net\/?p=5512#primaryimage","url":"https:\/\/volcanes.net\/wp-content\/uploads\/2019\/09\/safe_image-35.jpg","contentUrl":"https:\/\/volcanes.net\/wp-content\/uploads\/2019\/09\/safe_image-35.jpg","width":600,"height":312},{"@type":"BreadcrumbList","@id":"https:\/\/volcanes.net\/?p=5512#breadcrumb","itemListElement":[{"@type":"ListItem","position":1,"name":"Portada","item":"https:\/\/volcanes.net\/"},{"@type":"ListItem","position":2,"name":"Ixtapaluca lleva a cabo la semana nacional de protecci\u00f3n civil"}]},{"@type":"WebSite","@id":"https:\/\/volcanes.net\/#website","url":"https:\/\/volcanes.net\/","name":"Volcanes.Net","description":"Periodismo Profesional","publisher":{"@id":"https:\/\/volcanes.net\/#organization"},"potentialAction":[{"@type":"SearchAction","target":{"@type":"EntryPoint","urlTemplate":"https:\/\/volcanes.net\/?s={search_term_string}"},"query-input":{"@type":"PropertyValueSpecification","valueRequired":true,"valueName":"search_term_string"}}],"inLanguage":"es"},{"@type":"Organization","@id":"https:\/\/volcanes.net\/#organization","name":"Grupo Volcanes","url":"https:\/\/volcanes.net\/","logo":{"@type":"ImageObject","inLanguage":"es","@id":"https:\/\/volcanes.net\/#\/schema\/logo\/image\/","url":"http:\/\/volcanes.net\/wp-content\/uploads\/2017\/12\/Avatar2.jpg","contentUrl":"http:\/\/volcanes.net\/wp-content\/uploads\/2017\/12\/Avatar2.jpg","width":378,"height":378,"caption":"Grupo Volcanes"},"image":{"@id":"https:\/\/volcanes.net\/#\/schema\/logo\/image\/"},"sameAs":["https:\/\/www.facebook.com\/volcanes.net\/"]},{"@type":"Person","@id":"https:\/\/volcanes.net\/#\/schema\/person\/4bf0f383940966a4abd53f5048c0e6b9","name":"admin","image":{"@type":"ImageObject","inLanguage":"es","@id":"https:\/\/volcanes.net\/#\/schema\/person\/image\/","url":"https:\/\/secure.gravatar.com\/avatar\/ca004e6cba8462b8cb7abc86e382930c?s=96&d=mm&r=g","contentUrl":"https:\/\/secure.gravatar.com\/avatar\/ca004e6cba8462b8cb7abc86e382930c?s=96&d=mm&r=g","caption":"admin"}}]}},"_links":{"self":[{"href":"https:\/\/volcanes.net\/index.php?rest_route=\/wp\/v2\/posts\/5512"}],"collection":[{"href":"https:\/\/volcanes.net\/index.php?rest_route=\/wp\/v2\/posts"}],"about":[{"href":"https:\/\/volcanes.net\/index.php?rest_route=\/wp\/v2\/types\/post"}],"author":[{"embeddable":true,"href":"https:\/\/volcanes.net\/index.php?rest_route=\/wp\/v2\/users\/1"}],"replies":[{"embeddable":true,"href":"https:\/\/volcanes.net\/index.php?rest_route=%2Fwp%2Fv2%2Fcomments&post=5512"}],"version-history":[{"count":1,"href":"https:\/\/volcanes.net\/index.php?rest_route=\/wp\/v2\/posts\/5512\/revisions"}],"predecessor-version":[{"id":5514,"href":"https:\/\/volcanes.net\/index.php?rest_route=\/wp\/v2\/posts\/5512\/revisions\/5514"}],"wp:featuredmedia":[{"embeddable":true,"href":"https:\/\/volcanes.net\/index.php?rest_route=\/wp\/v2\/media\/5513"}],"wp:attachment":[{"href":"https:\/\/volcanes.net\/index.php?rest_route=%2Fwp%2Fv2%2Fmedia&parent=5512"}],"wp:term":[{"taxonomy":"category","embeddable":true,"href":"https:\/\/volcanes.net\/index.php?rest_route=%2Fwp%2Fv2%2Fcategories&post=5512"},{"taxonomy":"post_tag","embeddable":true,"href":"https:\/\/volcanes.net\/index.php?rest_route=%2Fwp%2Fv2%2Ftags&post=5512"}],"curies":[{"name":"wp","href":"https:\/\/api.w.org\/{rel}","templated":true}]}}