{"id":553,"date":"2018-01-18T03:37:10","date_gmt":"2018-01-18T03:37:10","guid":{"rendered":"http:\/\/volcanes.net\/?p=553"},"modified":"2018-01-18T03:37:10","modified_gmt":"2018-01-18T03:37:10","slug":"realizara-la-legislatura-mexiquense-su-septimo-periodo-extraordinario-de-sesiones","status":"publish","type":"post","link":"https:\/\/volcanes.net\/?p=553","title":{"rendered":"Realizar\u00e1 la legislatura mexiquense su s\u00e9ptimo periodo  Extraordinario de sesiones"},"content":{"rendered":"<div style=\"margin-top: 0px; margin-bottom: 0px;\" class=\"sharethis-inline-share-buttons\" ><\/div><p>&nbsp;<\/p>\n<p><strong>\u00a0<\/strong><em>La Diputaci\u00f3n Permanente concedi\u00f3 licencia temporal al diputado Fernando Gonz\u00e1lez (PRI) y aprob\u00f3 la renuncia de la comisionada del Infoem, Josefina Rom\u00e1n.<\/em><\/p>\n<p><em>\u00a0<\/em><\/p>\n<ul>\n<li><em>Recibi\u00f3 <\/em><em>informes de la Contralor\u00eda del Poder Legislativo y de la Secretar\u00eda Ejecutiva del Sistema Estatal de Protecci\u00f3n Integral de Ni\u00f1as, Ni\u00f1os y Adolescentes de Estado de M\u00e9xico.<\/em><\/li>\n<\/ul>\n<p><em>\u00a0<\/em><\/p>\n<ul>\n<li><em>El diputado Gerardo Pliego (PAN) propuso un exhorto para reforzar el combate a la delincuencia y la estrategia de prevenci\u00f3n del delito.<\/em><\/li>\n<\/ul>\n<p>&nbsp;<\/p>\n<p>La 59 Legislatura mexiquense realizar\u00e1 su S\u00e9ptimo Periodo Extraordinario de Sesiones el pr\u00f3ximo 22 de enero para atender la ratificaci\u00f3n o elecci\u00f3n del titular de la Secretar\u00eda de Administraci\u00f3n y Finanzas del Poder Legislativo, el procedimiento ante la falta de uno de los comisionados del Instituto de Transparencia, Acceso a la Informaci\u00f3n P\u00fablica y Protecci\u00f3n de Datos Personales del Estado de M\u00e9xico y Municipios (Infoem) y para designar al s\u00edndico sustituto del ayuntamiento de Texcoco.<\/p>\n<p>En sesi\u00f3n de la Diputaci\u00f3n Permanente, presidida por el diputado Jes\u00fas S\u00e1nchez Isidoro (PRD), la legisladora Mirian S\u00e1nchez Monsalvo (morena) dio lectura a la propuesta para convocar al Periodo Extraordinario, aprobado de manera un\u00e1nime.<\/p>\n<p>Tambi\u00e9n por unanimidad, los diputados autorizaron licencia indefinida para separarse de su cargo al diputado Fernando Gonz\u00e1lez Mej\u00eda, as\u00ed como la renuncia de Josefina Rom\u00e1n Vergara, al cargo de comisionada del Infoem.<\/p>\n<p>Adem\u00e1s, recibi\u00f3 la minuta por la que se reforma el Art\u00edculo D\u00e9cimo Sexto Transitorio del decreto que reforma, adiciona y deroga diversas disposiciones de la Constituci\u00f3n nacional en materia pol\u00edtico-electoral, publicado en el Diario Oficial de la Federaci\u00f3n el 10 de febrero de 2014.<\/p>\n<p>Remitida por la C\u00e1mara de Senadores y le\u00edda por la diputada Mar\u00eda Teresa Monroy Zarate (PRI), fue turnada a las comisiones de Gobernaci\u00f3n y Puntos Constitucionales, as\u00ed como Electoral y de Desarrollo Democr\u00e1tico.<\/p>\n","protected":false},"excerpt":{"rendered":"<p>&nbsp; \u00a0La Diputaci\u00f3n Permanente concedi\u00f3 licencia temporal al diputado Fernando Gonz\u00e1lez (PRI) y aprob\u00f3 la<\/p>\n","protected":false},"author":1,"featured_media":554,"comment_status":"open","ping_status":"open","sticky":false,"template":"","format":"standard","meta":{"footnotes":""},"categories":[1],"tags":[23],"class_list":["post-553","post","type-post","status-publish","format-standard","has-post-thumbnail","hentry","category-municipales","tag-lix-legislatura-edomex"],"yoast_head":"<!-- This site is optimized with the Yoast SEO plugin v25.3 - https:\/\/yoast.com\/wordpress\/plugins\/seo\/ -->\n<title>Realizar\u00e1 la legislatura mexiquense su s\u00e9ptimo periodo Extraordinario de sesiones - Volcanes<\/title>\n<meta name=\"robots\" content=\"index, follow, max-snippet:-1, max-image-preview:large, max-video-preview:-1\" \/>\n<link rel=\"canonical\" href=\"https:\/\/volcanes.net\/?p=553\" \/>\n<meta property=\"og:locale\" content=\"es_MX\" \/>\n<meta property=\"og:type\" content=\"article\" \/>\n<meta property=\"og:title\" content=\"Realizar\u00e1 la legislatura mexiquense su s\u00e9ptimo periodo Extraordinario de sesiones - Volcanes\" \/>\n<meta property=\"og:description\" content=\"&nbsp; \u00a0La Diputaci\u00f3n Permanente concedi\u00f3 licencia temporal al diputado Fernando Gonz\u00e1lez (PRI) y aprob\u00f3 la\" \/>\n<meta property=\"og:url\" content=\"https:\/\/volcanes.net\/?p=553\" \/>\n<meta property=\"og:site_name\" content=\"Volcanes\" \/>\n<meta property=\"article:publisher\" content=\"https:\/\/www.facebook.com\/volcanes.net\/\" \/>\n<meta property=\"article:published_time\" content=\"2018-01-18T03:37:10+00:00\" \/>\n<meta property=\"og:image\" content=\"https:\/\/volcanes.net\/wp-content\/uploads\/2018\/01\/1244a.jpg\" \/>\n\t<meta property=\"og:image:width\" content=\"448\" \/>\n\t<meta property=\"og:image:height\" content=\"299\" \/>\n\t<meta property=\"og:image:type\" content=\"image\/jpeg\" \/>\n<meta name=\"author\" content=\"admin\" \/>\n<meta name=\"twitter:card\" content=\"summary_large_image\" \/>\n<meta name=\"twitter:label1\" content=\"Escrito por\" \/>\n\t<meta name=\"twitter:data1\" content=\"admin\" \/>\n\t<meta name=\"twitter:label2\" content=\"Tiempo de lectura\" \/>\n\t<meta name=\"twitter:data2\" content=\"2 minutos\" \/>\n<script type=\"application\/ld+json\" class=\"yoast-schema-graph\">{\"@context\":\"https:\/\/schema.org\",\"@graph\":[{\"@type\":\"Article\",\"@id\":\"https:\/\/volcanes.net\/?p=553#article\",\"isPartOf\":{\"@id\":\"https:\/\/volcanes.net\/?p=553\"},\"author\":{\"name\":\"admin\",\"@id\":\"https:\/\/volcanes.net\/#\/schema\/person\/4bf0f383940966a4abd53f5048c0e6b9\"},\"headline\":\"Realizar\u00e1 la legislatura mexiquense su s\u00e9ptimo periodo Extraordinario de sesiones\",\"datePublished\":\"2018-01-18T03:37:10+00:00\",\"mainEntityOfPage\":{\"@id\":\"https:\/\/volcanes.net\/?p=553\"},\"wordCount\":341,\"commentCount\":0,\"publisher\":{\"@id\":\"https:\/\/volcanes.net\/#organization\"},\"image\":{\"@id\":\"https:\/\/volcanes.net\/?p=553#primaryimage\"},\"thumbnailUrl\":\"https:\/\/volcanes.net\/wp-content\/uploads\/2018\/01\/1244a.jpg\",\"keywords\":[\"LIX Legislatura Edomex\"],\"articleSection\":[\"Municipales\"],\"inLanguage\":\"es\",\"potentialAction\":[{\"@type\":\"CommentAction\",\"name\":\"Comment\",\"target\":[\"https:\/\/volcanes.net\/?p=553#respond\"]}]},{\"@type\":\"WebPage\",\"@id\":\"https:\/\/volcanes.net\/?p=553\",\"url\":\"https:\/\/volcanes.net\/?p=553\",\"name\":\"Realizar\u00e1 la legislatura mexiquense su s\u00e9ptimo periodo Extraordinario de sesiones - Volcanes\",\"isPartOf\":{\"@id\":\"https:\/\/volcanes.net\/#website\"},\"primaryImageOfPage\":{\"@id\":\"https:\/\/volcanes.net\/?p=553#primaryimage\"},\"image\":{\"@id\":\"https:\/\/volcanes.net\/?p=553#primaryimage\"},\"thumbnailUrl\":\"https:\/\/volcanes.net\/wp-content\/uploads\/2018\/01\/1244a.jpg\",\"datePublished\":\"2018-01-18T03:37:10+00:00\",\"breadcrumb\":{\"@id\":\"https:\/\/volcanes.net\/?p=553#breadcrumb\"},\"inLanguage\":\"es\",\"potentialAction\":[{\"@type\":\"ReadAction\",\"target\":[\"https:\/\/volcanes.net\/?p=553\"]}]},{\"@type\":\"ImageObject\",\"inLanguage\":\"es\",\"@id\":\"https:\/\/volcanes.net\/?p=553#primaryimage\",\"url\":\"https:\/\/volcanes.net\/wp-content\/uploads\/2018\/01\/1244a.jpg\",\"contentUrl\":\"https:\/\/volcanes.net\/wp-content\/uploads\/2018\/01\/1244a.jpg\",\"width\":448,\"height\":299},{\"@type\":\"BreadcrumbList\",\"@id\":\"https:\/\/volcanes.net\/?p=553#breadcrumb\",\"itemListElement\":[{\"@type\":\"ListItem\",\"position\":1,\"name\":\"Portada\",\"item\":\"https:\/\/volcanes.net\/\"},{\"@type\":\"ListItem\",\"position\":2,\"name\":\"Realizar\u00e1 la legislatura mexiquense su s\u00e9ptimo periodo Extraordinario de sesiones\"}]},{\"@type\":\"WebSite\",\"@id\":\"https:\/\/volcanes.net\/#website\",\"url\":\"https:\/\/volcanes.net\/\",\"name\":\"Volcanes.Net\",\"description\":\"Periodismo Profesional\",\"publisher\":{\"@id\":\"https:\/\/volcanes.net\/#organization\"},\"potentialAction\":[{\"@type\":\"SearchAction\",\"target\":{\"@type\":\"EntryPoint\",\"urlTemplate\":\"https:\/\/volcanes.net\/?s={search_term_string}\"},\"query-input\":{\"@type\":\"PropertyValueSpecification\",\"valueRequired\":true,\"valueName\":\"search_term_string\"}}],\"inLanguage\":\"es\"},{\"@type\":\"Organization\",\"@id\":\"https:\/\/volcanes.net\/#organization\",\"name\":\"Grupo Volcanes\",\"url\":\"https:\/\/volcanes.net\/\",\"logo\":{\"@type\":\"ImageObject\",\"inLanguage\":\"es\",\"@id\":\"https:\/\/volcanes.net\/#\/schema\/logo\/image\/\",\"url\":\"http:\/\/volcanes.net\/wp-content\/uploads\/2017\/12\/Avatar2.jpg\",\"contentUrl\":\"http:\/\/volcanes.net\/wp-content\/uploads\/2017\/12\/Avatar2.jpg\",\"width\":378,\"height\":378,\"caption\":\"Grupo Volcanes\"},\"image\":{\"@id\":\"https:\/\/volcanes.net\/#\/schema\/logo\/image\/\"},\"sameAs\":[\"https:\/\/www.facebook.com\/volcanes.net\/\"]},{\"@type\":\"Person\",\"@id\":\"https:\/\/volcanes.net\/#\/schema\/person\/4bf0f383940966a4abd53f5048c0e6b9\",\"name\":\"admin\",\"image\":{\"@type\":\"ImageObject\",\"inLanguage\":\"es\",\"@id\":\"https:\/\/volcanes.net\/#\/schema\/person\/image\/\",\"url\":\"https:\/\/secure.gravatar.com\/avatar\/ca004e6cba8462b8cb7abc86e382930c?s=96&d=mm&r=g\",\"contentUrl\":\"https:\/\/secure.gravatar.com\/avatar\/ca004e6cba8462b8cb7abc86e382930c?s=96&d=mm&r=g\",\"caption\":\"admin\"}}]}<\/script>\n<!-- \/ Yoast SEO plugin. -->","yoast_head_json":{"title":"Realizar\u00e1 la legislatura mexiquense su s\u00e9ptimo periodo Extraordinario de sesiones - Volcanes","robots":{"index":"index","follow":"follow","max-snippet":"max-snippet:-1","max-image-preview":"max-image-preview:large","max-video-preview":"max-video-preview:-1"},"canonical":"https:\/\/volcanes.net\/?p=553","og_locale":"es_MX","og_type":"article","og_title":"Realizar\u00e1 la legislatura mexiquense su s\u00e9ptimo periodo Extraordinario de sesiones - Volcanes","og_description":"&nbsp; \u00a0La Diputaci\u00f3n Permanente concedi\u00f3 licencia temporal al diputado Fernando Gonz\u00e1lez (PRI) y aprob\u00f3 la","og_url":"https:\/\/volcanes.net\/?p=553","og_site_name":"Volcanes","article_publisher":"https:\/\/www.facebook.com\/volcanes.net\/","article_published_time":"2018-01-18T03:37:10+00:00","og_image":[{"width":448,"height":299,"url":"https:\/\/volcanes.net\/wp-content\/uploads\/2018\/01\/1244a.jpg","type":"image\/jpeg"}],"author":"admin","twitter_card":"summary_large_image","twitter_misc":{"Escrito por":"admin","Tiempo de lectura":"2 minutos"},"schema":{"@context":"https:\/\/schema.org","@graph":[{"@type":"Article","@id":"https:\/\/volcanes.net\/?p=553#article","isPartOf":{"@id":"https:\/\/volcanes.net\/?p=553"},"author":{"name":"admin","@id":"https:\/\/volcanes.net\/#\/schema\/person\/4bf0f383940966a4abd53f5048c0e6b9"},"headline":"Realizar\u00e1 la legislatura mexiquense su s\u00e9ptimo periodo Extraordinario de sesiones","datePublished":"2018-01-18T03:37:10+00:00","mainEntityOfPage":{"@id":"https:\/\/volcanes.net\/?p=553"},"wordCount":341,"commentCount":0,"publisher":{"@id":"https:\/\/volcanes.net\/#organization"},"image":{"@id":"https:\/\/volcanes.net\/?p=553#primaryimage"},"thumbnailUrl":"https:\/\/volcanes.net\/wp-content\/uploads\/2018\/01\/1244a.jpg","keywords":["LIX Legislatura Edomex"],"articleSection":["Municipales"],"inLanguage":"es","potentialAction":[{"@type":"CommentAction","name":"Comment","target":["https:\/\/volcanes.net\/?p=553#respond"]}]},{"@type":"WebPage","@id":"https:\/\/volcanes.net\/?p=553","url":"https:\/\/volcanes.net\/?p=553","name":"Realizar\u00e1 la legislatura mexiquense su s\u00e9ptimo periodo Extraordinario de sesiones - Volcanes","isPartOf":{"@id":"https:\/\/volcanes.net\/#website"},"primaryImageOfPage":{"@id":"https:\/\/volcanes.net\/?p=553#primaryimage"},"image":{"@id":"https:\/\/volcanes.net\/?p=553#primaryimage"},"thumbnailUrl":"https:\/\/volcanes.net\/wp-content\/uploads\/2018\/01\/1244a.jpg","datePublished":"2018-01-18T03:37:10+00:00","breadcrumb":{"@id":"https:\/\/volcanes.net\/?p=553#breadcrumb"},"inLanguage":"es","potentialAction":[{"@type":"ReadAction","target":["https:\/\/volcanes.net\/?p=553"]}]},{"@type":"ImageObject","inLanguage":"es","@id":"https:\/\/volcanes.net\/?p=553#primaryimage","url":"https:\/\/volcanes.net\/wp-content\/uploads\/2018\/01\/1244a.jpg","contentUrl":"https:\/\/volcanes.net\/wp-content\/uploads\/2018\/01\/1244a.jpg","width":448,"height":299},{"@type":"BreadcrumbList","@id":"https:\/\/volcanes.net\/?p=553#breadcrumb","itemListElement":[{"@type":"ListItem","position":1,"name":"Portada","item":"https:\/\/volcanes.net\/"},{"@type":"ListItem","position":2,"name":"Realizar\u00e1 la legislatura mexiquense su s\u00e9ptimo periodo Extraordinario de sesiones"}]},{"@type":"WebSite","@id":"https:\/\/volcanes.net\/#website","url":"https:\/\/volcanes.net\/","name":"Volcanes.Net","description":"Periodismo Profesional","publisher":{"@id":"https:\/\/volcanes.net\/#organization"},"potentialAction":[{"@type":"SearchAction","target":{"@type":"EntryPoint","urlTemplate":"https:\/\/volcanes.net\/?s={search_term_string}"},"query-input":{"@type":"PropertyValueSpecification","valueRequired":true,"valueName":"search_term_string"}}],"inLanguage":"es"},{"@type":"Organization","@id":"https:\/\/volcanes.net\/#organization","name":"Grupo Volcanes","url":"https:\/\/volcanes.net\/","logo":{"@type":"ImageObject","inLanguage":"es","@id":"https:\/\/volcanes.net\/#\/schema\/logo\/image\/","url":"http:\/\/volcanes.net\/wp-content\/uploads\/2017\/12\/Avatar2.jpg","contentUrl":"http:\/\/volcanes.net\/wp-content\/uploads\/2017\/12\/Avatar2.jpg","width":378,"height":378,"caption":"Grupo Volcanes"},"image":{"@id":"https:\/\/volcanes.net\/#\/schema\/logo\/image\/"},"sameAs":["https:\/\/www.facebook.com\/volcanes.net\/"]},{"@type":"Person","@id":"https:\/\/volcanes.net\/#\/schema\/person\/4bf0f383940966a4abd53f5048c0e6b9","name":"admin","image":{"@type":"ImageObject","inLanguage":"es","@id":"https:\/\/volcanes.net\/#\/schema\/person\/image\/","url":"https:\/\/secure.gravatar.com\/avatar\/ca004e6cba8462b8cb7abc86e382930c?s=96&d=mm&r=g","contentUrl":"https:\/\/secure.gravatar.com\/avatar\/ca004e6cba8462b8cb7abc86e382930c?s=96&d=mm&r=g","caption":"admin"}}]}},"_links":{"self":[{"href":"https:\/\/volcanes.net\/index.php?rest_route=\/wp\/v2\/posts\/553"}],"collection":[{"href":"https:\/\/volcanes.net\/index.php?rest_route=\/wp\/v2\/posts"}],"about":[{"href":"https:\/\/volcanes.net\/index.php?rest_route=\/wp\/v2\/types\/post"}],"author":[{"embeddable":true,"href":"https:\/\/volcanes.net\/index.php?rest_route=\/wp\/v2\/users\/1"}],"replies":[{"embeddable":true,"href":"https:\/\/volcanes.net\/index.php?rest_route=%2Fwp%2Fv2%2Fcomments&post=553"}],"version-history":[{"count":1,"href":"https:\/\/volcanes.net\/index.php?rest_route=\/wp\/v2\/posts\/553\/revisions"}],"predecessor-version":[{"id":555,"href":"https:\/\/volcanes.net\/index.php?rest_route=\/wp\/v2\/posts\/553\/revisions\/555"}],"wp:featuredmedia":[{"embeddable":true,"href":"https:\/\/volcanes.net\/index.php?rest_route=\/wp\/v2\/media\/554"}],"wp:attachment":[{"href":"https:\/\/volcanes.net\/index.php?rest_route=%2Fwp%2Fv2%2Fmedia&parent=553"}],"wp:term":[{"taxonomy":"category","embeddable":true,"href":"https:\/\/volcanes.net\/index.php?rest_route=%2Fwp%2Fv2%2Fcategories&post=553"},{"taxonomy":"post_tag","embeddable":true,"href":"https:\/\/volcanes.net\/index.php?rest_route=%2Fwp%2Fv2%2Ftags&post=553"}],"curies":[{"name":"wp","href":"https:\/\/api.w.org\/{rel}","templated":true}]}}