{"id":5550,"date":"2019-09-27T20:01:55","date_gmt":"2019-09-28T02:01:55","guid":{"rendered":"http:\/\/volcanes.net\/?p=5550"},"modified":"2019-09-27T20:01:55","modified_gmt":"2019-09-28T02:01:55","slug":"reportan-fuerte-incendio-en-la-delegacion-san-juan-tehuixtitlan-municipio-de-atlautla","status":"publish","type":"post","link":"https:\/\/volcanes.net\/?p=5550","title":{"rendered":"Reportan fuerte incendio en la delegaci\u00f3n San Juan Tehuixtitl\u00e1n municipio de #Atlautla"},"content":{"rendered":"<div style=\"margin-top: 0px; margin-bottom: 0px;\" class=\"sharethis-inline-share-buttons\" ><\/div><p>Atlautla, Estado de M\u00e9xico.- en la delegaci\u00f3n de San Juan Tehuixtitl\u00e1n\u00a0 municipio de Atlautla Esta madrugada se report\u00f3\u00a0 un fuerte incendio en la cual fue atendido por los servicio de emergencia.<\/p>\n<p>Lamentablemente los hechos ocurrieron cerca de las 4:00 horas de la madrugada de este viernes, cuando vecinos reportaron un fuerte incendio en Avenida 16 de septiembre, entre Hidalgo y Morelos, en la Delegaci\u00f3n San Juan Tehuixtitl\u00e1n,<\/p>\n<p>Elementos de seguridad \u00a0y servicios de emergencia llegaron de inmediato al lugar\u00a0 localizando \u00a0\u00a0una vivienda de aproximadamente 60 metros cuadrados era \u00a0consumida en su totalidad, sin que se presentaran p\u00e9rdidas humanas.<\/p>\n<p>El incendio fue sofocado con el apoyo de Protecci\u00f3n Civil del Estado de M\u00e9xico, vecinos y elementos de la Direcci\u00f3n de Seguridad P\u00fablica Municipal.<\/p>\n","protected":false},"excerpt":{"rendered":"<p>Atlautla, Estado de M\u00e9xico.- en la delegaci\u00f3n de San Juan Tehuixtitl\u00e1n\u00a0 municipio de Atlautla Esta<\/p>\n","protected":false},"author":1,"featured_media":5551,"comment_status":"open","ping_status":"open","sticky":false,"template":"","format":"standard","meta":{"footnotes":""},"categories":[1],"tags":[80],"class_list":["post-5550","post","type-post","status-publish","format-standard","has-post-thumbnail","hentry","category-municipales","tag-atlautla"],"yoast_head":"<!-- This site is optimized with the Yoast SEO plugin v25.3 - https:\/\/yoast.com\/wordpress\/plugins\/seo\/ -->\n<title>Reportan fuerte incendio en la delegaci\u00f3n San Juan Tehuixtitl\u00e1n municipio de #Atlautla - Volcanes<\/title>\n<meta name=\"robots\" content=\"index, follow, max-snippet:-1, max-image-preview:large, max-video-preview:-1\" \/>\n<link rel=\"canonical\" href=\"https:\/\/volcanes.net\/?p=5550\" \/>\n<meta property=\"og:locale\" content=\"es_MX\" \/>\n<meta property=\"og:type\" content=\"article\" \/>\n<meta property=\"og:title\" content=\"Reportan fuerte incendio en la delegaci\u00f3n San Juan Tehuixtitl\u00e1n municipio de #Atlautla - Volcanes\" \/>\n<meta property=\"og:description\" content=\"Atlautla, Estado de M\u00e9xico.- en la delegaci\u00f3n de San Juan Tehuixtitl\u00e1n\u00a0 municipio de Atlautla Esta\" \/>\n<meta property=\"og:url\" content=\"https:\/\/volcanes.net\/?p=5550\" \/>\n<meta property=\"og:site_name\" content=\"Volcanes\" \/>\n<meta property=\"article:publisher\" content=\"https:\/\/www.facebook.com\/volcanes.net\/\" \/>\n<meta property=\"article:published_time\" content=\"2019-09-28T02:01:55+00:00\" \/>\n<meta property=\"og:image\" content=\"https:\/\/volcanes.net\/wp-content\/uploads\/2019\/09\/71198813_532293900890044_3111736056861425664_n.jpg\" \/>\n\t<meta property=\"og:image:width\" content=\"600\" \/>\n\t<meta property=\"og:image:height\" content=\"450\" \/>\n\t<meta property=\"og:image:type\" content=\"image\/jpeg\" \/>\n<meta name=\"author\" content=\"admin\" \/>\n<meta name=\"twitter:card\" content=\"summary_large_image\" \/>\n<meta name=\"twitter:label1\" content=\"Escrito por\" \/>\n\t<meta name=\"twitter:data1\" content=\"admin\" \/>\n\t<meta name=\"twitter:label2\" content=\"Tiempo de lectura\" \/>\n\t<meta name=\"twitter:data2\" content=\"1 minuto\" \/>\n<script type=\"application\/ld+json\" class=\"yoast-schema-graph\">{\"@context\":\"https:\/\/schema.org\",\"@graph\":[{\"@type\":\"Article\",\"@id\":\"https:\/\/volcanes.net\/?p=5550#article\",\"isPartOf\":{\"@id\":\"https:\/\/volcanes.net\/?p=5550\"},\"author\":{\"name\":\"admin\",\"@id\":\"https:\/\/volcanes.net\/#\/schema\/person\/4bf0f383940966a4abd53f5048c0e6b9\"},\"headline\":\"Reportan fuerte incendio en la delegaci\u00f3n San Juan Tehuixtitl\u00e1n municipio de #Atlautla\",\"datePublished\":\"2019-09-28T02:01:55+00:00\",\"mainEntityOfPage\":{\"@id\":\"https:\/\/volcanes.net\/?p=5550\"},\"wordCount\":144,\"commentCount\":0,\"publisher\":{\"@id\":\"https:\/\/volcanes.net\/#organization\"},\"image\":{\"@id\":\"https:\/\/volcanes.net\/?p=5550#primaryimage\"},\"thumbnailUrl\":\"https:\/\/volcanes.net\/wp-content\/uploads\/2019\/09\/71198813_532293900890044_3111736056861425664_n.jpg\",\"keywords\":[\"Atlautla\"],\"articleSection\":[\"Municipales\"],\"inLanguage\":\"es\",\"potentialAction\":[{\"@type\":\"CommentAction\",\"name\":\"Comment\",\"target\":[\"https:\/\/volcanes.net\/?p=5550#respond\"]}]},{\"@type\":\"WebPage\",\"@id\":\"https:\/\/volcanes.net\/?p=5550\",\"url\":\"https:\/\/volcanes.net\/?p=5550\",\"name\":\"Reportan fuerte incendio en la delegaci\u00f3n San Juan Tehuixtitl\u00e1n municipio de #Atlautla - Volcanes\",\"isPartOf\":{\"@id\":\"https:\/\/volcanes.net\/#website\"},\"primaryImageOfPage\":{\"@id\":\"https:\/\/volcanes.net\/?p=5550#primaryimage\"},\"image\":{\"@id\":\"https:\/\/volcanes.net\/?p=5550#primaryimage\"},\"thumbnailUrl\":\"https:\/\/volcanes.net\/wp-content\/uploads\/2019\/09\/71198813_532293900890044_3111736056861425664_n.jpg\",\"datePublished\":\"2019-09-28T02:01:55+00:00\",\"breadcrumb\":{\"@id\":\"https:\/\/volcanes.net\/?p=5550#breadcrumb\"},\"inLanguage\":\"es\",\"potentialAction\":[{\"@type\":\"ReadAction\",\"target\":[\"https:\/\/volcanes.net\/?p=5550\"]}]},{\"@type\":\"ImageObject\",\"inLanguage\":\"es\",\"@id\":\"https:\/\/volcanes.net\/?p=5550#primaryimage\",\"url\":\"https:\/\/volcanes.net\/wp-content\/uploads\/2019\/09\/71198813_532293900890044_3111736056861425664_n.jpg\",\"contentUrl\":\"https:\/\/volcanes.net\/wp-content\/uploads\/2019\/09\/71198813_532293900890044_3111736056861425664_n.jpg\",\"width\":600,\"height\":450},{\"@type\":\"BreadcrumbList\",\"@id\":\"https:\/\/volcanes.net\/?p=5550#breadcrumb\",\"itemListElement\":[{\"@type\":\"ListItem\",\"position\":1,\"name\":\"Portada\",\"item\":\"https:\/\/volcanes.net\/\"},{\"@type\":\"ListItem\",\"position\":2,\"name\":\"Reportan fuerte incendio en la delegaci\u00f3n San Juan Tehuixtitl\u00e1n municipio de #Atlautla\"}]},{\"@type\":\"WebSite\",\"@id\":\"https:\/\/volcanes.net\/#website\",\"url\":\"https:\/\/volcanes.net\/\",\"name\":\"Volcanes.Net\",\"description\":\"Periodismo Profesional\",\"publisher\":{\"@id\":\"https:\/\/volcanes.net\/#organization\"},\"potentialAction\":[{\"@type\":\"SearchAction\",\"target\":{\"@type\":\"EntryPoint\",\"urlTemplate\":\"https:\/\/volcanes.net\/?s={search_term_string}\"},\"query-input\":{\"@type\":\"PropertyValueSpecification\",\"valueRequired\":true,\"valueName\":\"search_term_string\"}}],\"inLanguage\":\"es\"},{\"@type\":\"Organization\",\"@id\":\"https:\/\/volcanes.net\/#organization\",\"name\":\"Grupo Volcanes\",\"url\":\"https:\/\/volcanes.net\/\",\"logo\":{\"@type\":\"ImageObject\",\"inLanguage\":\"es\",\"@id\":\"https:\/\/volcanes.net\/#\/schema\/logo\/image\/\",\"url\":\"http:\/\/volcanes.net\/wp-content\/uploads\/2017\/12\/Avatar2.jpg\",\"contentUrl\":\"http:\/\/volcanes.net\/wp-content\/uploads\/2017\/12\/Avatar2.jpg\",\"width\":378,\"height\":378,\"caption\":\"Grupo Volcanes\"},\"image\":{\"@id\":\"https:\/\/volcanes.net\/#\/schema\/logo\/image\/\"},\"sameAs\":[\"https:\/\/www.facebook.com\/volcanes.net\/\"]},{\"@type\":\"Person\",\"@id\":\"https:\/\/volcanes.net\/#\/schema\/person\/4bf0f383940966a4abd53f5048c0e6b9\",\"name\":\"admin\",\"image\":{\"@type\":\"ImageObject\",\"inLanguage\":\"es\",\"@id\":\"https:\/\/volcanes.net\/#\/schema\/person\/image\/\",\"url\":\"https:\/\/secure.gravatar.com\/avatar\/ca004e6cba8462b8cb7abc86e382930c?s=96&d=mm&r=g\",\"contentUrl\":\"https:\/\/secure.gravatar.com\/avatar\/ca004e6cba8462b8cb7abc86e382930c?s=96&d=mm&r=g\",\"caption\":\"admin\"}}]}<\/script>\n<!-- \/ Yoast SEO plugin. -->","yoast_head_json":{"title":"Reportan fuerte incendio en la delegaci\u00f3n San Juan Tehuixtitl\u00e1n municipio de #Atlautla - Volcanes","robots":{"index":"index","follow":"follow","max-snippet":"max-snippet:-1","max-image-preview":"max-image-preview:large","max-video-preview":"max-video-preview:-1"},"canonical":"https:\/\/volcanes.net\/?p=5550","og_locale":"es_MX","og_type":"article","og_title":"Reportan fuerte incendio en la delegaci\u00f3n San Juan Tehuixtitl\u00e1n municipio de #Atlautla - Volcanes","og_description":"Atlautla, Estado de M\u00e9xico.- en la delegaci\u00f3n de San Juan Tehuixtitl\u00e1n\u00a0 municipio de Atlautla Esta","og_url":"https:\/\/volcanes.net\/?p=5550","og_site_name":"Volcanes","article_publisher":"https:\/\/www.facebook.com\/volcanes.net\/","article_published_time":"2019-09-28T02:01:55+00:00","og_image":[{"width":600,"height":450,"url":"https:\/\/volcanes.net\/wp-content\/uploads\/2019\/09\/71198813_532293900890044_3111736056861425664_n.jpg","type":"image\/jpeg"}],"author":"admin","twitter_card":"summary_large_image","twitter_misc":{"Escrito por":"admin","Tiempo de lectura":"1 minuto"},"schema":{"@context":"https:\/\/schema.org","@graph":[{"@type":"Article","@id":"https:\/\/volcanes.net\/?p=5550#article","isPartOf":{"@id":"https:\/\/volcanes.net\/?p=5550"},"author":{"name":"admin","@id":"https:\/\/volcanes.net\/#\/schema\/person\/4bf0f383940966a4abd53f5048c0e6b9"},"headline":"Reportan fuerte incendio en la delegaci\u00f3n San Juan Tehuixtitl\u00e1n municipio de #Atlautla","datePublished":"2019-09-28T02:01:55+00:00","mainEntityOfPage":{"@id":"https:\/\/volcanes.net\/?p=5550"},"wordCount":144,"commentCount":0,"publisher":{"@id":"https:\/\/volcanes.net\/#organization"},"image":{"@id":"https:\/\/volcanes.net\/?p=5550#primaryimage"},"thumbnailUrl":"https:\/\/volcanes.net\/wp-content\/uploads\/2019\/09\/71198813_532293900890044_3111736056861425664_n.jpg","keywords":["Atlautla"],"articleSection":["Municipales"],"inLanguage":"es","potentialAction":[{"@type":"CommentAction","name":"Comment","target":["https:\/\/volcanes.net\/?p=5550#respond"]}]},{"@type":"WebPage","@id":"https:\/\/volcanes.net\/?p=5550","url":"https:\/\/volcanes.net\/?p=5550","name":"Reportan fuerte incendio en la delegaci\u00f3n San Juan Tehuixtitl\u00e1n municipio de #Atlautla - Volcanes","isPartOf":{"@id":"https:\/\/volcanes.net\/#website"},"primaryImageOfPage":{"@id":"https:\/\/volcanes.net\/?p=5550#primaryimage"},"image":{"@id":"https:\/\/volcanes.net\/?p=5550#primaryimage"},"thumbnailUrl":"https:\/\/volcanes.net\/wp-content\/uploads\/2019\/09\/71198813_532293900890044_3111736056861425664_n.jpg","datePublished":"2019-09-28T02:01:55+00:00","breadcrumb":{"@id":"https:\/\/volcanes.net\/?p=5550#breadcrumb"},"inLanguage":"es","potentialAction":[{"@type":"ReadAction","target":["https:\/\/volcanes.net\/?p=5550"]}]},{"@type":"ImageObject","inLanguage":"es","@id":"https:\/\/volcanes.net\/?p=5550#primaryimage","url":"https:\/\/volcanes.net\/wp-content\/uploads\/2019\/09\/71198813_532293900890044_3111736056861425664_n.jpg","contentUrl":"https:\/\/volcanes.net\/wp-content\/uploads\/2019\/09\/71198813_532293900890044_3111736056861425664_n.jpg","width":600,"height":450},{"@type":"BreadcrumbList","@id":"https:\/\/volcanes.net\/?p=5550#breadcrumb","itemListElement":[{"@type":"ListItem","position":1,"name":"Portada","item":"https:\/\/volcanes.net\/"},{"@type":"ListItem","position":2,"name":"Reportan fuerte incendio en la delegaci\u00f3n San Juan Tehuixtitl\u00e1n municipio de #Atlautla"}]},{"@type":"WebSite","@id":"https:\/\/volcanes.net\/#website","url":"https:\/\/volcanes.net\/","name":"Volcanes.Net","description":"Periodismo Profesional","publisher":{"@id":"https:\/\/volcanes.net\/#organization"},"potentialAction":[{"@type":"SearchAction","target":{"@type":"EntryPoint","urlTemplate":"https:\/\/volcanes.net\/?s={search_term_string}"},"query-input":{"@type":"PropertyValueSpecification","valueRequired":true,"valueName":"search_term_string"}}],"inLanguage":"es"},{"@type":"Organization","@id":"https:\/\/volcanes.net\/#organization","name":"Grupo Volcanes","url":"https:\/\/volcanes.net\/","logo":{"@type":"ImageObject","inLanguage":"es","@id":"https:\/\/volcanes.net\/#\/schema\/logo\/image\/","url":"http:\/\/volcanes.net\/wp-content\/uploads\/2017\/12\/Avatar2.jpg","contentUrl":"http:\/\/volcanes.net\/wp-content\/uploads\/2017\/12\/Avatar2.jpg","width":378,"height":378,"caption":"Grupo Volcanes"},"image":{"@id":"https:\/\/volcanes.net\/#\/schema\/logo\/image\/"},"sameAs":["https:\/\/www.facebook.com\/volcanes.net\/"]},{"@type":"Person","@id":"https:\/\/volcanes.net\/#\/schema\/person\/4bf0f383940966a4abd53f5048c0e6b9","name":"admin","image":{"@type":"ImageObject","inLanguage":"es","@id":"https:\/\/volcanes.net\/#\/schema\/person\/image\/","url":"https:\/\/secure.gravatar.com\/avatar\/ca004e6cba8462b8cb7abc86e382930c?s=96&d=mm&r=g","contentUrl":"https:\/\/secure.gravatar.com\/avatar\/ca004e6cba8462b8cb7abc86e382930c?s=96&d=mm&r=g","caption":"admin"}}]}},"_links":{"self":[{"href":"https:\/\/volcanes.net\/index.php?rest_route=\/wp\/v2\/posts\/5550"}],"collection":[{"href":"https:\/\/volcanes.net\/index.php?rest_route=\/wp\/v2\/posts"}],"about":[{"href":"https:\/\/volcanes.net\/index.php?rest_route=\/wp\/v2\/types\/post"}],"author":[{"embeddable":true,"href":"https:\/\/volcanes.net\/index.php?rest_route=\/wp\/v2\/users\/1"}],"replies":[{"embeddable":true,"href":"https:\/\/volcanes.net\/index.php?rest_route=%2Fwp%2Fv2%2Fcomments&post=5550"}],"version-history":[{"count":1,"href":"https:\/\/volcanes.net\/index.php?rest_route=\/wp\/v2\/posts\/5550\/revisions"}],"predecessor-version":[{"id":5552,"href":"https:\/\/volcanes.net\/index.php?rest_route=\/wp\/v2\/posts\/5550\/revisions\/5552"}],"wp:featuredmedia":[{"embeddable":true,"href":"https:\/\/volcanes.net\/index.php?rest_route=\/wp\/v2\/media\/5551"}],"wp:attachment":[{"href":"https:\/\/volcanes.net\/index.php?rest_route=%2Fwp%2Fv2%2Fmedia&parent=5550"}],"wp:term":[{"taxonomy":"category","embeddable":true,"href":"https:\/\/volcanes.net\/index.php?rest_route=%2Fwp%2Fv2%2Fcategories&post=5550"},{"taxonomy":"post_tag","embeddable":true,"href":"https:\/\/volcanes.net\/index.php?rest_route=%2Fwp%2Fv2%2Ftags&post=5550"}],"curies":[{"name":"wp","href":"https:\/\/api.w.org\/{rel}","templated":true}]}}