{"id":5567,"date":"2019-09-29T19:43:09","date_gmt":"2019-09-30T01:43:09","guid":{"rendered":"https:\/\/volcanes.net\/?p=5567"},"modified":"2019-09-29T19:44:02","modified_gmt":"2019-09-30T01:44:02","slug":"recorre-secretario-de-sedatu-capillas-y-escuelas-de-amecameca","status":"publish","type":"post","link":"https:\/\/volcanes.net\/?p=5567","title":{"rendered":"Recorre Secretario de SEDATU capillas y escuelas de Amecameca"},"content":{"rendered":"<div style=\"margin-top: 0px; margin-bottom: 0px;\" class=\"sharethis-inline-share-buttons\" ><\/div><p>Como parte de los Recorridos por Zonas en Intervenci\u00f3n del programa Nacional de Reconstrucci\u00f3n el Secretario de Desarrollo Agrario, Territorial y Urbano, SEDATU, Rom\u00e1n Guillermo Meyer Falc\u00f3n, acompa\u00f1ado del Presidente Municipal Miguel \u00c1ngel Salom\u00f3n Cort\u00e9s y del Director del Centro INAH Estado de M\u00e9xico, Luis Antonio Huitr\u00f3n Santoyo, supervisaron iglesias y escuelas afectadas por el sismo del 2017.<br \/>\nLa primera obra fue la Capilla de Aldea de Los Reyes, que data del siglo XVIII y que en solo dos semanas ya se entregar\u00e1. Posteriormente recorrieron los avances de la Capilla de Gualupita, en el cerro del Sacromente, que data de finales del siglo XVI.<br \/>\nLuego visitaron la primaria \u201cAntonio Caso\u201d y la Escuela Secundaria Federal \u201c, concluyendo la vista frente a la Capilla de Nuestra Se\u00f1ora del Rosario. En su oportunidad el Edil Miguel \u00c1ngel Salom\u00f3n Cort\u00e9s solicit\u00f3 al Funcionario Federal su apoyo para apresurar los recursos y poder concluir los trabajos en las \u00e1reas visitadas.<\/p>\n","protected":false},"excerpt":{"rendered":"<p>Como parte de los Recorridos por Zonas en Intervenci\u00f3n del programa Nacional de Reconstrucci\u00f3n el<\/p>\n","protected":false},"author":1,"featured_media":5566,"comment_status":"open","ping_status":"open","sticky":false,"template":"","format":"standard","meta":{"footnotes":""},"categories":[1],"tags":[7],"class_list":["post-5567","post","type-post","status-publish","format-standard","has-post-thumbnail","hentry","category-municipales","tag-amecameca"],"yoast_head":"<!-- This site is optimized with the Yoast SEO plugin v25.3 - https:\/\/yoast.com\/wordpress\/plugins\/seo\/ -->\n<title>Recorre Secretario de SEDATU capillas y escuelas de Amecameca - Volcanes<\/title>\n<meta name=\"robots\" content=\"index, follow, max-snippet:-1, max-image-preview:large, max-video-preview:-1\" \/>\n<link rel=\"canonical\" href=\"https:\/\/volcanes.net\/?p=5567\" \/>\n<meta property=\"og:locale\" content=\"es_MX\" \/>\n<meta property=\"og:type\" content=\"article\" \/>\n<meta property=\"og:title\" content=\"Recorre Secretario de SEDATU capillas y escuelas de Amecameca - Volcanes\" \/>\n<meta property=\"og:description\" content=\"Como parte de los Recorridos por Zonas en Intervenci\u00f3n del programa Nacional de Reconstrucci\u00f3n el\" \/>\n<meta property=\"og:url\" content=\"https:\/\/volcanes.net\/?p=5567\" \/>\n<meta property=\"og:site_name\" content=\"Volcanes\" \/>\n<meta property=\"article:publisher\" content=\"https:\/\/www.facebook.com\/volcanes.net\/\" \/>\n<meta property=\"article:published_time\" content=\"2019-09-30T01:43:09+00:00\" \/>\n<meta property=\"article:modified_time\" content=\"2019-09-30T01:44:02+00:00\" \/>\n<meta property=\"og:image\" content=\"https:\/\/volcanes.net\/wp-content\/uploads\/2019\/09\/IMG-20190929-WA0019.jpg\" \/>\n\t<meta property=\"og:image:width\" content=\"1280\" \/>\n\t<meta property=\"og:image:height\" content=\"871\" \/>\n\t<meta property=\"og:image:type\" content=\"image\/jpeg\" \/>\n<meta name=\"author\" content=\"admin\" \/>\n<meta name=\"twitter:card\" content=\"summary_large_image\" \/>\n<meta name=\"twitter:label1\" content=\"Escrito por\" \/>\n\t<meta name=\"twitter:data1\" content=\"admin\" \/>\n\t<meta name=\"twitter:label2\" content=\"Tiempo de lectura\" \/>\n\t<meta name=\"twitter:data2\" content=\"1 minuto\" \/>\n<script type=\"application\/ld+json\" class=\"yoast-schema-graph\">{\"@context\":\"https:\/\/schema.org\",\"@graph\":[{\"@type\":\"Article\",\"@id\":\"https:\/\/volcanes.net\/?p=5567#article\",\"isPartOf\":{\"@id\":\"https:\/\/volcanes.net\/?p=5567\"},\"author\":{\"name\":\"admin\",\"@id\":\"https:\/\/volcanes.net\/#\/schema\/person\/4bf0f383940966a4abd53f5048c0e6b9\"},\"headline\":\"Recorre Secretario de SEDATU capillas y escuelas de Amecameca\",\"datePublished\":\"2019-09-30T01:43:09+00:00\",\"dateModified\":\"2019-09-30T01:44:02+00:00\",\"mainEntityOfPage\":{\"@id\":\"https:\/\/volcanes.net\/?p=5567\"},\"wordCount\":175,\"commentCount\":0,\"publisher\":{\"@id\":\"https:\/\/volcanes.net\/#organization\"},\"image\":{\"@id\":\"https:\/\/volcanes.net\/?p=5567#primaryimage\"},\"thumbnailUrl\":\"https:\/\/volcanes.net\/wp-content\/uploads\/2019\/09\/IMG-20190929-WA0019.jpg\",\"keywords\":[\"Amecameca\"],\"articleSection\":[\"Municipales\"],\"inLanguage\":\"es\",\"potentialAction\":[{\"@type\":\"CommentAction\",\"name\":\"Comment\",\"target\":[\"https:\/\/volcanes.net\/?p=5567#respond\"]}]},{\"@type\":\"WebPage\",\"@id\":\"https:\/\/volcanes.net\/?p=5567\",\"url\":\"https:\/\/volcanes.net\/?p=5567\",\"name\":\"Recorre Secretario de SEDATU capillas y escuelas de Amecameca - Volcanes\",\"isPartOf\":{\"@id\":\"https:\/\/volcanes.net\/#website\"},\"primaryImageOfPage\":{\"@id\":\"https:\/\/volcanes.net\/?p=5567#primaryimage\"},\"image\":{\"@id\":\"https:\/\/volcanes.net\/?p=5567#primaryimage\"},\"thumbnailUrl\":\"https:\/\/volcanes.net\/wp-content\/uploads\/2019\/09\/IMG-20190929-WA0019.jpg\",\"datePublished\":\"2019-09-30T01:43:09+00:00\",\"dateModified\":\"2019-09-30T01:44:02+00:00\",\"breadcrumb\":{\"@id\":\"https:\/\/volcanes.net\/?p=5567#breadcrumb\"},\"inLanguage\":\"es\",\"potentialAction\":[{\"@type\":\"ReadAction\",\"target\":[\"https:\/\/volcanes.net\/?p=5567\"]}]},{\"@type\":\"ImageObject\",\"inLanguage\":\"es\",\"@id\":\"https:\/\/volcanes.net\/?p=5567#primaryimage\",\"url\":\"https:\/\/volcanes.net\/wp-content\/uploads\/2019\/09\/IMG-20190929-WA0019.jpg\",\"contentUrl\":\"https:\/\/volcanes.net\/wp-content\/uploads\/2019\/09\/IMG-20190929-WA0019.jpg\",\"width\":1280,\"height\":871},{\"@type\":\"BreadcrumbList\",\"@id\":\"https:\/\/volcanes.net\/?p=5567#breadcrumb\",\"itemListElement\":[{\"@type\":\"ListItem\",\"position\":1,\"name\":\"Portada\",\"item\":\"https:\/\/volcanes.net\/\"},{\"@type\":\"ListItem\",\"position\":2,\"name\":\"Recorre Secretario de SEDATU capillas y escuelas de Amecameca\"}]},{\"@type\":\"WebSite\",\"@id\":\"https:\/\/volcanes.net\/#website\",\"url\":\"https:\/\/volcanes.net\/\",\"name\":\"Volcanes.Net\",\"description\":\"Periodismo Profesional\",\"publisher\":{\"@id\":\"https:\/\/volcanes.net\/#organization\"},\"potentialAction\":[{\"@type\":\"SearchAction\",\"target\":{\"@type\":\"EntryPoint\",\"urlTemplate\":\"https:\/\/volcanes.net\/?s={search_term_string}\"},\"query-input\":{\"@type\":\"PropertyValueSpecification\",\"valueRequired\":true,\"valueName\":\"search_term_string\"}}],\"inLanguage\":\"es\"},{\"@type\":\"Organization\",\"@id\":\"https:\/\/volcanes.net\/#organization\",\"name\":\"Grupo Volcanes\",\"url\":\"https:\/\/volcanes.net\/\",\"logo\":{\"@type\":\"ImageObject\",\"inLanguage\":\"es\",\"@id\":\"https:\/\/volcanes.net\/#\/schema\/logo\/image\/\",\"url\":\"http:\/\/volcanes.net\/wp-content\/uploads\/2017\/12\/Avatar2.jpg\",\"contentUrl\":\"http:\/\/volcanes.net\/wp-content\/uploads\/2017\/12\/Avatar2.jpg\",\"width\":378,\"height\":378,\"caption\":\"Grupo Volcanes\"},\"image\":{\"@id\":\"https:\/\/volcanes.net\/#\/schema\/logo\/image\/\"},\"sameAs\":[\"https:\/\/www.facebook.com\/volcanes.net\/\"]},{\"@type\":\"Person\",\"@id\":\"https:\/\/volcanes.net\/#\/schema\/person\/4bf0f383940966a4abd53f5048c0e6b9\",\"name\":\"admin\",\"image\":{\"@type\":\"ImageObject\",\"inLanguage\":\"es\",\"@id\":\"https:\/\/volcanes.net\/#\/schema\/person\/image\/\",\"url\":\"https:\/\/secure.gravatar.com\/avatar\/ca004e6cba8462b8cb7abc86e382930c?s=96&d=mm&r=g\",\"contentUrl\":\"https:\/\/secure.gravatar.com\/avatar\/ca004e6cba8462b8cb7abc86e382930c?s=96&d=mm&r=g\",\"caption\":\"admin\"}}]}<\/script>\n<!-- \/ Yoast SEO plugin. -->","yoast_head_json":{"title":"Recorre Secretario de SEDATU capillas y escuelas de Amecameca - Volcanes","robots":{"index":"index","follow":"follow","max-snippet":"max-snippet:-1","max-image-preview":"max-image-preview:large","max-video-preview":"max-video-preview:-1"},"canonical":"https:\/\/volcanes.net\/?p=5567","og_locale":"es_MX","og_type":"article","og_title":"Recorre Secretario de SEDATU capillas y escuelas de Amecameca - Volcanes","og_description":"Como parte de los Recorridos por Zonas en Intervenci\u00f3n del programa Nacional de Reconstrucci\u00f3n el","og_url":"https:\/\/volcanes.net\/?p=5567","og_site_name":"Volcanes","article_publisher":"https:\/\/www.facebook.com\/volcanes.net\/","article_published_time":"2019-09-30T01:43:09+00:00","article_modified_time":"2019-09-30T01:44:02+00:00","og_image":[{"width":1280,"height":871,"url":"https:\/\/volcanes.net\/wp-content\/uploads\/2019\/09\/IMG-20190929-WA0019.jpg","type":"image\/jpeg"}],"author":"admin","twitter_card":"summary_large_image","twitter_misc":{"Escrito por":"admin","Tiempo de lectura":"1 minuto"},"schema":{"@context":"https:\/\/schema.org","@graph":[{"@type":"Article","@id":"https:\/\/volcanes.net\/?p=5567#article","isPartOf":{"@id":"https:\/\/volcanes.net\/?p=5567"},"author":{"name":"admin","@id":"https:\/\/volcanes.net\/#\/schema\/person\/4bf0f383940966a4abd53f5048c0e6b9"},"headline":"Recorre Secretario de SEDATU capillas y escuelas de Amecameca","datePublished":"2019-09-30T01:43:09+00:00","dateModified":"2019-09-30T01:44:02+00:00","mainEntityOfPage":{"@id":"https:\/\/volcanes.net\/?p=5567"},"wordCount":175,"commentCount":0,"publisher":{"@id":"https:\/\/volcanes.net\/#organization"},"image":{"@id":"https:\/\/volcanes.net\/?p=5567#primaryimage"},"thumbnailUrl":"https:\/\/volcanes.net\/wp-content\/uploads\/2019\/09\/IMG-20190929-WA0019.jpg","keywords":["Amecameca"],"articleSection":["Municipales"],"inLanguage":"es","potentialAction":[{"@type":"CommentAction","name":"Comment","target":["https:\/\/volcanes.net\/?p=5567#respond"]}]},{"@type":"WebPage","@id":"https:\/\/volcanes.net\/?p=5567","url":"https:\/\/volcanes.net\/?p=5567","name":"Recorre Secretario de SEDATU capillas y escuelas de Amecameca - Volcanes","isPartOf":{"@id":"https:\/\/volcanes.net\/#website"},"primaryImageOfPage":{"@id":"https:\/\/volcanes.net\/?p=5567#primaryimage"},"image":{"@id":"https:\/\/volcanes.net\/?p=5567#primaryimage"},"thumbnailUrl":"https:\/\/volcanes.net\/wp-content\/uploads\/2019\/09\/IMG-20190929-WA0019.jpg","datePublished":"2019-09-30T01:43:09+00:00","dateModified":"2019-09-30T01:44:02+00:00","breadcrumb":{"@id":"https:\/\/volcanes.net\/?p=5567#breadcrumb"},"inLanguage":"es","potentialAction":[{"@type":"ReadAction","target":["https:\/\/volcanes.net\/?p=5567"]}]},{"@type":"ImageObject","inLanguage":"es","@id":"https:\/\/volcanes.net\/?p=5567#primaryimage","url":"https:\/\/volcanes.net\/wp-content\/uploads\/2019\/09\/IMG-20190929-WA0019.jpg","contentUrl":"https:\/\/volcanes.net\/wp-content\/uploads\/2019\/09\/IMG-20190929-WA0019.jpg","width":1280,"height":871},{"@type":"BreadcrumbList","@id":"https:\/\/volcanes.net\/?p=5567#breadcrumb","itemListElement":[{"@type":"ListItem","position":1,"name":"Portada","item":"https:\/\/volcanes.net\/"},{"@type":"ListItem","position":2,"name":"Recorre Secretario de SEDATU capillas y escuelas de Amecameca"}]},{"@type":"WebSite","@id":"https:\/\/volcanes.net\/#website","url":"https:\/\/volcanes.net\/","name":"Volcanes.Net","description":"Periodismo Profesional","publisher":{"@id":"https:\/\/volcanes.net\/#organization"},"potentialAction":[{"@type":"SearchAction","target":{"@type":"EntryPoint","urlTemplate":"https:\/\/volcanes.net\/?s={search_term_string}"},"query-input":{"@type":"PropertyValueSpecification","valueRequired":true,"valueName":"search_term_string"}}],"inLanguage":"es"},{"@type":"Organization","@id":"https:\/\/volcanes.net\/#organization","name":"Grupo Volcanes","url":"https:\/\/volcanes.net\/","logo":{"@type":"ImageObject","inLanguage":"es","@id":"https:\/\/volcanes.net\/#\/schema\/logo\/image\/","url":"http:\/\/volcanes.net\/wp-content\/uploads\/2017\/12\/Avatar2.jpg","contentUrl":"http:\/\/volcanes.net\/wp-content\/uploads\/2017\/12\/Avatar2.jpg","width":378,"height":378,"caption":"Grupo Volcanes"},"image":{"@id":"https:\/\/volcanes.net\/#\/schema\/logo\/image\/"},"sameAs":["https:\/\/www.facebook.com\/volcanes.net\/"]},{"@type":"Person","@id":"https:\/\/volcanes.net\/#\/schema\/person\/4bf0f383940966a4abd53f5048c0e6b9","name":"admin","image":{"@type":"ImageObject","inLanguage":"es","@id":"https:\/\/volcanes.net\/#\/schema\/person\/image\/","url":"https:\/\/secure.gravatar.com\/avatar\/ca004e6cba8462b8cb7abc86e382930c?s=96&d=mm&r=g","contentUrl":"https:\/\/secure.gravatar.com\/avatar\/ca004e6cba8462b8cb7abc86e382930c?s=96&d=mm&r=g","caption":"admin"}}]}},"_links":{"self":[{"href":"https:\/\/volcanes.net\/index.php?rest_route=\/wp\/v2\/posts\/5567"}],"collection":[{"href":"https:\/\/volcanes.net\/index.php?rest_route=\/wp\/v2\/posts"}],"about":[{"href":"https:\/\/volcanes.net\/index.php?rest_route=\/wp\/v2\/types\/post"}],"author":[{"embeddable":true,"href":"https:\/\/volcanes.net\/index.php?rest_route=\/wp\/v2\/users\/1"}],"replies":[{"embeddable":true,"href":"https:\/\/volcanes.net\/index.php?rest_route=%2Fwp%2Fv2%2Fcomments&post=5567"}],"version-history":[{"count":1,"href":"https:\/\/volcanes.net\/index.php?rest_route=\/wp\/v2\/posts\/5567\/revisions"}],"predecessor-version":[{"id":5568,"href":"https:\/\/volcanes.net\/index.php?rest_route=\/wp\/v2\/posts\/5567\/revisions\/5568"}],"wp:featuredmedia":[{"embeddable":true,"href":"https:\/\/volcanes.net\/index.php?rest_route=\/wp\/v2\/media\/5566"}],"wp:attachment":[{"href":"https:\/\/volcanes.net\/index.php?rest_route=%2Fwp%2Fv2%2Fmedia&parent=5567"}],"wp:term":[{"taxonomy":"category","embeddable":true,"href":"https:\/\/volcanes.net\/index.php?rest_route=%2Fwp%2Fv2%2Fcategories&post=5567"},{"taxonomy":"post_tag","embeddable":true,"href":"https:\/\/volcanes.net\/index.php?rest_route=%2Fwp%2Fv2%2Ftags&post=5567"}],"curies":[{"name":"wp","href":"https:\/\/api.w.org\/{rel}","templated":true}]}}