{"id":5575,"date":"2019-09-30T15:47:36","date_gmt":"2019-09-30T21:47:36","guid":{"rendered":"https:\/\/volcanes.net\/?p=5575"},"modified":"2019-09-30T15:48:17","modified_gmt":"2019-09-30T21:48:17","slug":"recluta-amecameca-13-policias-con-perfil-de-prevencion","status":"publish","type":"post","link":"https:\/\/volcanes.net\/?p=5575","title":{"rendered":"Recluta Amecameca 13 policias con perfil de prevenci\u00f3n"},"content":{"rendered":"<div style=\"margin-top: 0px; margin-bottom: 0px;\" class=\"sharethis-inline-share-buttons\" ><\/div><blockquote><p>Es la primera ocasi\u00f3n que un gobierno municipal recluta elementos conforme a derecho.<\/p><\/blockquote>\n<p>Amecameca de Ju\u00e1rez, Estado de M\u00e9xico.-Para dar cumplimiento al compromiso contra\u00eddo con la comunidad de mejorar la seguridad p\u00fablica, la Direcci\u00f3n de Seguridad P\u00fablica Municipal y Tr\u00e1nsito Vial, con el respaldo del Presidente Municipal Miguel \u00c1ngel Salom\u00f3n Cort\u00e9s y de los integrantes del Ayuntamiento, reclut\u00f3 a 13 nuevos polic\u00edas que tienen un perfil de prevenci\u00f3n.<br \/>\nEn su oportunidad el Alcalde se\u00f1al\u00f3 que es la primera ocasi\u00f3n que un gobierno municipal recluta elementos conforme a derecho y a lo dispuesto por la Ley de Seguridad del Estado de M\u00e9xico, ya que todos est\u00e1n certificados por el Centro de Control y Confianza y se capacitan en la Universidad Mexiquense de Seguridad y Justicia, en donde reciben el curso b\u00e1sico para polic\u00eda preventiva municipal.<br \/>\nSostuvo que los cadetes que est\u00e1n pr\u00f3ximos a concluir su preparaci\u00f3n, ser\u00e1n integrados a las filas de la polic\u00eda con una especializaci\u00f3n en tareas de proximidad social, que les permitir\u00e1n mayor cercan\u00eda con la ciudadan\u00eda.<br \/>\nDijo tambi\u00e9n que la inversi\u00f3n del reclutamiento fue de 350 mil pesos, recursos provenientes del programa estatal FASP, Fondo de Aportaciones para la Seguridad P\u00fablica.<\/p>\n","protected":false},"excerpt":{"rendered":"<p>Es la primera ocasi\u00f3n que un gobierno municipal recluta elementos conforme a derecho. Amecameca de<\/p>\n","protected":false},"author":1,"featured_media":5574,"comment_status":"open","ping_status":"open","sticky":false,"template":"","format":"standard","meta":{"footnotes":""},"categories":[1],"tags":[7],"class_list":["post-5575","post","type-post","status-publish","format-standard","has-post-thumbnail","hentry","category-municipales","tag-amecameca"],"yoast_head":"<!-- This site is optimized with the Yoast SEO plugin v25.3 - https:\/\/yoast.com\/wordpress\/plugins\/seo\/ -->\n<title>Recluta Amecameca 13 policias con perfil de prevenci\u00f3n - Volcanes<\/title>\n<meta name=\"robots\" content=\"index, follow, max-snippet:-1, max-image-preview:large, max-video-preview:-1\" \/>\n<link rel=\"canonical\" href=\"https:\/\/volcanes.net\/?p=5575\" \/>\n<meta property=\"og:locale\" content=\"es_MX\" \/>\n<meta property=\"og:type\" content=\"article\" \/>\n<meta property=\"og:title\" content=\"Recluta Amecameca 13 policias con perfil de prevenci\u00f3n - Volcanes\" \/>\n<meta property=\"og:description\" content=\"Es la primera ocasi\u00f3n que un gobierno municipal recluta elementos conforme a derecho. Amecameca de\" \/>\n<meta property=\"og:url\" content=\"https:\/\/volcanes.net\/?p=5575\" \/>\n<meta property=\"og:site_name\" content=\"Volcanes\" \/>\n<meta property=\"article:publisher\" content=\"https:\/\/www.facebook.com\/volcanes.net\/\" \/>\n<meta property=\"article:published_time\" content=\"2019-09-30T21:47:36+00:00\" \/>\n<meta property=\"article:modified_time\" content=\"2019-09-30T21:48:17+00:00\" \/>\n<meta property=\"og:image\" content=\"https:\/\/volcanes.net\/wp-content\/uploads\/2019\/09\/IMG-20190930-WA0036.jpg\" \/>\n\t<meta property=\"og:image:width\" content=\"1085\" \/>\n\t<meta property=\"og:image:height\" content=\"657\" \/>\n\t<meta property=\"og:image:type\" content=\"image\/jpeg\" \/>\n<meta name=\"author\" content=\"admin\" \/>\n<meta name=\"twitter:card\" content=\"summary_large_image\" \/>\n<meta name=\"twitter:label1\" content=\"Escrito por\" \/>\n\t<meta name=\"twitter:data1\" content=\"admin\" \/>\n\t<meta name=\"twitter:label2\" content=\"Tiempo de lectura\" \/>\n\t<meta name=\"twitter:data2\" content=\"1 minuto\" \/>\n<script type=\"application\/ld+json\" class=\"yoast-schema-graph\">{\"@context\":\"https:\/\/schema.org\",\"@graph\":[{\"@type\":\"Article\",\"@id\":\"https:\/\/volcanes.net\/?p=5575#article\",\"isPartOf\":{\"@id\":\"https:\/\/volcanes.net\/?p=5575\"},\"author\":{\"name\":\"admin\",\"@id\":\"https:\/\/volcanes.net\/#\/schema\/person\/4bf0f383940966a4abd53f5048c0e6b9\"},\"headline\":\"Recluta Amecameca 13 policias con perfil de prevenci\u00f3n\",\"datePublished\":\"2019-09-30T21:47:36+00:00\",\"dateModified\":\"2019-09-30T21:48:17+00:00\",\"mainEntityOfPage\":{\"@id\":\"https:\/\/volcanes.net\/?p=5575\"},\"wordCount\":231,\"commentCount\":0,\"publisher\":{\"@id\":\"https:\/\/volcanes.net\/#organization\"},\"image\":{\"@id\":\"https:\/\/volcanes.net\/?p=5575#primaryimage\"},\"thumbnailUrl\":\"https:\/\/volcanes.net\/wp-content\/uploads\/2019\/09\/IMG-20190930-WA0036.jpg\",\"keywords\":[\"Amecameca\"],\"articleSection\":[\"Municipales\"],\"inLanguage\":\"es\",\"potentialAction\":[{\"@type\":\"CommentAction\",\"name\":\"Comment\",\"target\":[\"https:\/\/volcanes.net\/?p=5575#respond\"]}]},{\"@type\":\"WebPage\",\"@id\":\"https:\/\/volcanes.net\/?p=5575\",\"url\":\"https:\/\/volcanes.net\/?p=5575\",\"name\":\"Recluta Amecameca 13 policias con perfil de prevenci\u00f3n - Volcanes\",\"isPartOf\":{\"@id\":\"https:\/\/volcanes.net\/#website\"},\"primaryImageOfPage\":{\"@id\":\"https:\/\/volcanes.net\/?p=5575#primaryimage\"},\"image\":{\"@id\":\"https:\/\/volcanes.net\/?p=5575#primaryimage\"},\"thumbnailUrl\":\"https:\/\/volcanes.net\/wp-content\/uploads\/2019\/09\/IMG-20190930-WA0036.jpg\",\"datePublished\":\"2019-09-30T21:47:36+00:00\",\"dateModified\":\"2019-09-30T21:48:17+00:00\",\"breadcrumb\":{\"@id\":\"https:\/\/volcanes.net\/?p=5575#breadcrumb\"},\"inLanguage\":\"es\",\"potentialAction\":[{\"@type\":\"ReadAction\",\"target\":[\"https:\/\/volcanes.net\/?p=5575\"]}]},{\"@type\":\"ImageObject\",\"inLanguage\":\"es\",\"@id\":\"https:\/\/volcanes.net\/?p=5575#primaryimage\",\"url\":\"https:\/\/volcanes.net\/wp-content\/uploads\/2019\/09\/IMG-20190930-WA0036.jpg\",\"contentUrl\":\"https:\/\/volcanes.net\/wp-content\/uploads\/2019\/09\/IMG-20190930-WA0036.jpg\",\"width\":1085,\"height\":657},{\"@type\":\"BreadcrumbList\",\"@id\":\"https:\/\/volcanes.net\/?p=5575#breadcrumb\",\"itemListElement\":[{\"@type\":\"ListItem\",\"position\":1,\"name\":\"Portada\",\"item\":\"https:\/\/volcanes.net\/\"},{\"@type\":\"ListItem\",\"position\":2,\"name\":\"Recluta Amecameca 13 policias con perfil de prevenci\u00f3n\"}]},{\"@type\":\"WebSite\",\"@id\":\"https:\/\/volcanes.net\/#website\",\"url\":\"https:\/\/volcanes.net\/\",\"name\":\"Volcanes.Net\",\"description\":\"Periodismo Profesional\",\"publisher\":{\"@id\":\"https:\/\/volcanes.net\/#organization\"},\"potentialAction\":[{\"@type\":\"SearchAction\",\"target\":{\"@type\":\"EntryPoint\",\"urlTemplate\":\"https:\/\/volcanes.net\/?s={search_term_string}\"},\"query-input\":{\"@type\":\"PropertyValueSpecification\",\"valueRequired\":true,\"valueName\":\"search_term_string\"}}],\"inLanguage\":\"es\"},{\"@type\":\"Organization\",\"@id\":\"https:\/\/volcanes.net\/#organization\",\"name\":\"Grupo Volcanes\",\"url\":\"https:\/\/volcanes.net\/\",\"logo\":{\"@type\":\"ImageObject\",\"inLanguage\":\"es\",\"@id\":\"https:\/\/volcanes.net\/#\/schema\/logo\/image\/\",\"url\":\"http:\/\/volcanes.net\/wp-content\/uploads\/2017\/12\/Avatar2.jpg\",\"contentUrl\":\"http:\/\/volcanes.net\/wp-content\/uploads\/2017\/12\/Avatar2.jpg\",\"width\":378,\"height\":378,\"caption\":\"Grupo Volcanes\"},\"image\":{\"@id\":\"https:\/\/volcanes.net\/#\/schema\/logo\/image\/\"},\"sameAs\":[\"https:\/\/www.facebook.com\/volcanes.net\/\"]},{\"@type\":\"Person\",\"@id\":\"https:\/\/volcanes.net\/#\/schema\/person\/4bf0f383940966a4abd53f5048c0e6b9\",\"name\":\"admin\",\"image\":{\"@type\":\"ImageObject\",\"inLanguage\":\"es\",\"@id\":\"https:\/\/volcanes.net\/#\/schema\/person\/image\/\",\"url\":\"https:\/\/secure.gravatar.com\/avatar\/ca004e6cba8462b8cb7abc86e382930c?s=96&d=mm&r=g\",\"contentUrl\":\"https:\/\/secure.gravatar.com\/avatar\/ca004e6cba8462b8cb7abc86e382930c?s=96&d=mm&r=g\",\"caption\":\"admin\"}}]}<\/script>\n<!-- \/ Yoast SEO plugin. -->","yoast_head_json":{"title":"Recluta Amecameca 13 policias con perfil de prevenci\u00f3n - Volcanes","robots":{"index":"index","follow":"follow","max-snippet":"max-snippet:-1","max-image-preview":"max-image-preview:large","max-video-preview":"max-video-preview:-1"},"canonical":"https:\/\/volcanes.net\/?p=5575","og_locale":"es_MX","og_type":"article","og_title":"Recluta Amecameca 13 policias con perfil de prevenci\u00f3n - Volcanes","og_description":"Es la primera ocasi\u00f3n que un gobierno municipal recluta elementos conforme a derecho. Amecameca de","og_url":"https:\/\/volcanes.net\/?p=5575","og_site_name":"Volcanes","article_publisher":"https:\/\/www.facebook.com\/volcanes.net\/","article_published_time":"2019-09-30T21:47:36+00:00","article_modified_time":"2019-09-30T21:48:17+00:00","og_image":[{"width":1085,"height":657,"url":"https:\/\/volcanes.net\/wp-content\/uploads\/2019\/09\/IMG-20190930-WA0036.jpg","type":"image\/jpeg"}],"author":"admin","twitter_card":"summary_large_image","twitter_misc":{"Escrito por":"admin","Tiempo de lectura":"1 minuto"},"schema":{"@context":"https:\/\/schema.org","@graph":[{"@type":"Article","@id":"https:\/\/volcanes.net\/?p=5575#article","isPartOf":{"@id":"https:\/\/volcanes.net\/?p=5575"},"author":{"name":"admin","@id":"https:\/\/volcanes.net\/#\/schema\/person\/4bf0f383940966a4abd53f5048c0e6b9"},"headline":"Recluta Amecameca 13 policias con perfil de prevenci\u00f3n","datePublished":"2019-09-30T21:47:36+00:00","dateModified":"2019-09-30T21:48:17+00:00","mainEntityOfPage":{"@id":"https:\/\/volcanes.net\/?p=5575"},"wordCount":231,"commentCount":0,"publisher":{"@id":"https:\/\/volcanes.net\/#organization"},"image":{"@id":"https:\/\/volcanes.net\/?p=5575#primaryimage"},"thumbnailUrl":"https:\/\/volcanes.net\/wp-content\/uploads\/2019\/09\/IMG-20190930-WA0036.jpg","keywords":["Amecameca"],"articleSection":["Municipales"],"inLanguage":"es","potentialAction":[{"@type":"CommentAction","name":"Comment","target":["https:\/\/volcanes.net\/?p=5575#respond"]}]},{"@type":"WebPage","@id":"https:\/\/volcanes.net\/?p=5575","url":"https:\/\/volcanes.net\/?p=5575","name":"Recluta Amecameca 13 policias con perfil de prevenci\u00f3n - Volcanes","isPartOf":{"@id":"https:\/\/volcanes.net\/#website"},"primaryImageOfPage":{"@id":"https:\/\/volcanes.net\/?p=5575#primaryimage"},"image":{"@id":"https:\/\/volcanes.net\/?p=5575#primaryimage"},"thumbnailUrl":"https:\/\/volcanes.net\/wp-content\/uploads\/2019\/09\/IMG-20190930-WA0036.jpg","datePublished":"2019-09-30T21:47:36+00:00","dateModified":"2019-09-30T21:48:17+00:00","breadcrumb":{"@id":"https:\/\/volcanes.net\/?p=5575#breadcrumb"},"inLanguage":"es","potentialAction":[{"@type":"ReadAction","target":["https:\/\/volcanes.net\/?p=5575"]}]},{"@type":"ImageObject","inLanguage":"es","@id":"https:\/\/volcanes.net\/?p=5575#primaryimage","url":"https:\/\/volcanes.net\/wp-content\/uploads\/2019\/09\/IMG-20190930-WA0036.jpg","contentUrl":"https:\/\/volcanes.net\/wp-content\/uploads\/2019\/09\/IMG-20190930-WA0036.jpg","width":1085,"height":657},{"@type":"BreadcrumbList","@id":"https:\/\/volcanes.net\/?p=5575#breadcrumb","itemListElement":[{"@type":"ListItem","position":1,"name":"Portada","item":"https:\/\/volcanes.net\/"},{"@type":"ListItem","position":2,"name":"Recluta Amecameca 13 policias con perfil de prevenci\u00f3n"}]},{"@type":"WebSite","@id":"https:\/\/volcanes.net\/#website","url":"https:\/\/volcanes.net\/","name":"Volcanes.Net","description":"Periodismo Profesional","publisher":{"@id":"https:\/\/volcanes.net\/#organization"},"potentialAction":[{"@type":"SearchAction","target":{"@type":"EntryPoint","urlTemplate":"https:\/\/volcanes.net\/?s={search_term_string}"},"query-input":{"@type":"PropertyValueSpecification","valueRequired":true,"valueName":"search_term_string"}}],"inLanguage":"es"},{"@type":"Organization","@id":"https:\/\/volcanes.net\/#organization","name":"Grupo Volcanes","url":"https:\/\/volcanes.net\/","logo":{"@type":"ImageObject","inLanguage":"es","@id":"https:\/\/volcanes.net\/#\/schema\/logo\/image\/","url":"http:\/\/volcanes.net\/wp-content\/uploads\/2017\/12\/Avatar2.jpg","contentUrl":"http:\/\/volcanes.net\/wp-content\/uploads\/2017\/12\/Avatar2.jpg","width":378,"height":378,"caption":"Grupo Volcanes"},"image":{"@id":"https:\/\/volcanes.net\/#\/schema\/logo\/image\/"},"sameAs":["https:\/\/www.facebook.com\/volcanes.net\/"]},{"@type":"Person","@id":"https:\/\/volcanes.net\/#\/schema\/person\/4bf0f383940966a4abd53f5048c0e6b9","name":"admin","image":{"@type":"ImageObject","inLanguage":"es","@id":"https:\/\/volcanes.net\/#\/schema\/person\/image\/","url":"https:\/\/secure.gravatar.com\/avatar\/ca004e6cba8462b8cb7abc86e382930c?s=96&d=mm&r=g","contentUrl":"https:\/\/secure.gravatar.com\/avatar\/ca004e6cba8462b8cb7abc86e382930c?s=96&d=mm&r=g","caption":"admin"}}]}},"_links":{"self":[{"href":"https:\/\/volcanes.net\/index.php?rest_route=\/wp\/v2\/posts\/5575"}],"collection":[{"href":"https:\/\/volcanes.net\/index.php?rest_route=\/wp\/v2\/posts"}],"about":[{"href":"https:\/\/volcanes.net\/index.php?rest_route=\/wp\/v2\/types\/post"}],"author":[{"embeddable":true,"href":"https:\/\/volcanes.net\/index.php?rest_route=\/wp\/v2\/users\/1"}],"replies":[{"embeddable":true,"href":"https:\/\/volcanes.net\/index.php?rest_route=%2Fwp%2Fv2%2Fcomments&post=5575"}],"version-history":[{"count":1,"href":"https:\/\/volcanes.net\/index.php?rest_route=\/wp\/v2\/posts\/5575\/revisions"}],"predecessor-version":[{"id":5576,"href":"https:\/\/volcanes.net\/index.php?rest_route=\/wp\/v2\/posts\/5575\/revisions\/5576"}],"wp:featuredmedia":[{"embeddable":true,"href":"https:\/\/volcanes.net\/index.php?rest_route=\/wp\/v2\/media\/5574"}],"wp:attachment":[{"href":"https:\/\/volcanes.net\/index.php?rest_route=%2Fwp%2Fv2%2Fmedia&parent=5575"}],"wp:term":[{"taxonomy":"category","embeddable":true,"href":"https:\/\/volcanes.net\/index.php?rest_route=%2Fwp%2Fv2%2Fcategories&post=5575"},{"taxonomy":"post_tag","embeddable":true,"href":"https:\/\/volcanes.net\/index.php?rest_route=%2Fwp%2Fv2%2Ftags&post=5575"}],"curies":[{"name":"wp","href":"https:\/\/api.w.org\/{rel}","templated":true}]}}