{"id":5579,"date":"2019-09-30T15:55:26","date_gmt":"2019-09-30T21:55:26","guid":{"rendered":"https:\/\/volcanes.net\/?p=5579"},"modified":"2019-09-30T15:56:20","modified_gmt":"2019-09-30T21:56:20","slug":"atiende-presidente-municipal-miguel-angel-salomon-cortes-a-protectores-de-animales","status":"publish","type":"post","link":"https:\/\/volcanes.net\/?p=5579","title":{"rendered":"Atiende Presidente Municipal Miguel \u00c1ngel Salom\u00f3n Cort\u00e9s a protectores de animales"},"content":{"rendered":"<div style=\"margin-top: 0px; margin-bottom: 0px;\" class=\"sharethis-inline-share-buttons\" ><\/div><p>Amecameca de Ju\u00e1rez, Estado de M\u00e9xico.- El fin de semana el Presidente Municipal Miguel \u00c1ngel Salom\u00f3n Cort\u00e9s atendi\u00f3, por separado, a la asociaci\u00f3n Huellitas de Amecameca y a una representaci\u00f3n de personas dedicadas a la protecci\u00f3n de animales en la localidad, en ambas reuniones el Alcalde escuch\u00f3 las demandas entre las que se encontraban apoyos para realizar esterilizaciones gratuitas, campa\u00f1as de Adopci\u00f3n y de Due\u00f1o Responsable, espacios en el jard\u00edn municipal para colocar stands en los que puedan promover adopciones de canes.<br \/>\nTambi\u00e9n solicitaron dar con el o los responsables de los hechos en los que murieron 4 perros en las inmediaciones del mercado municipal; adem\u00e1s de pronunciarse por promover la cultura del cuidado de las mascotas.<br \/>\nLuego de establecer las directrices el Alcalde ofreci\u00f3 todo el respaldo para que las personas interesadas en este tema puedan protocolizar una Asociaci\u00f3n Protectora de Animales, adem\u00e1s de presentar en breve un plan integral en esta materia.<\/p>\n","protected":false},"excerpt":{"rendered":"<p>Amecameca de Ju\u00e1rez, Estado de M\u00e9xico.- El fin de semana el Presidente Municipal Miguel \u00c1ngel<\/p>\n","protected":false},"author":1,"featured_media":5578,"comment_status":"open","ping_status":"open","sticky":false,"template":"","format":"standard","meta":{"footnotes":""},"categories":[1],"tags":[],"class_list":["post-5579","post","type-post","status-publish","format-standard","has-post-thumbnail","hentry","category-municipales"],"yoast_head":"<!-- This site is optimized with the Yoast SEO plugin v25.3 - https:\/\/yoast.com\/wordpress\/plugins\/seo\/ -->\n<title>Atiende Presidente Municipal Miguel \u00c1ngel Salom\u00f3n Cort\u00e9s a protectores de animales - Volcanes<\/title>\n<meta name=\"robots\" content=\"index, follow, max-snippet:-1, max-image-preview:large, max-video-preview:-1\" \/>\n<link rel=\"canonical\" href=\"https:\/\/volcanes.net\/?p=5579\" \/>\n<meta property=\"og:locale\" content=\"es_MX\" \/>\n<meta property=\"og:type\" content=\"article\" \/>\n<meta property=\"og:title\" content=\"Atiende Presidente Municipal Miguel \u00c1ngel Salom\u00f3n Cort\u00e9s a protectores de animales - Volcanes\" \/>\n<meta property=\"og:description\" content=\"Amecameca de Ju\u00e1rez, Estado de M\u00e9xico.- El fin de semana el Presidente Municipal Miguel \u00c1ngel\" \/>\n<meta property=\"og:url\" content=\"https:\/\/volcanes.net\/?p=5579\" \/>\n<meta property=\"og:site_name\" content=\"Volcanes\" \/>\n<meta property=\"article:publisher\" content=\"https:\/\/www.facebook.com\/volcanes.net\/\" \/>\n<meta property=\"article:published_time\" content=\"2019-09-30T21:55:26+00:00\" \/>\n<meta property=\"article:modified_time\" content=\"2019-09-30T21:56:20+00:00\" \/>\n<meta property=\"og:image\" content=\"https:\/\/volcanes.net\/wp-content\/uploads\/2019\/09\/IMG-20190930-WA0040.jpg\" \/>\n\t<meta property=\"og:image:width\" content=\"1280\" \/>\n\t<meta property=\"og:image:height\" content=\"718\" \/>\n\t<meta property=\"og:image:type\" content=\"image\/jpeg\" \/>\n<meta name=\"author\" content=\"admin\" \/>\n<meta name=\"twitter:card\" content=\"summary_large_image\" \/>\n<meta name=\"twitter:label1\" content=\"Escrito por\" \/>\n\t<meta name=\"twitter:data1\" content=\"admin\" \/>\n\t<meta name=\"twitter:label2\" content=\"Tiempo de lectura\" \/>\n\t<meta name=\"twitter:data2\" content=\"1 minuto\" \/>\n<script type=\"application\/ld+json\" class=\"yoast-schema-graph\">{\"@context\":\"https:\/\/schema.org\",\"@graph\":[{\"@type\":\"Article\",\"@id\":\"https:\/\/volcanes.net\/?p=5579#article\",\"isPartOf\":{\"@id\":\"https:\/\/volcanes.net\/?p=5579\"},\"author\":{\"name\":\"admin\",\"@id\":\"https:\/\/volcanes.net\/#\/schema\/person\/4bf0f383940966a4abd53f5048c0e6b9\"},\"headline\":\"Atiende Presidente Municipal Miguel \u00c1ngel Salom\u00f3n Cort\u00e9s a protectores de animales\",\"datePublished\":\"2019-09-30T21:55:26+00:00\",\"dateModified\":\"2019-09-30T21:56:20+00:00\",\"mainEntityOfPage\":{\"@id\":\"https:\/\/volcanes.net\/?p=5579\"},\"wordCount\":182,\"commentCount\":0,\"publisher\":{\"@id\":\"https:\/\/volcanes.net\/#organization\"},\"image\":{\"@id\":\"https:\/\/volcanes.net\/?p=5579#primaryimage\"},\"thumbnailUrl\":\"https:\/\/volcanes.net\/wp-content\/uploads\/2019\/09\/IMG-20190930-WA0040.jpg\",\"articleSection\":[\"Municipales\"],\"inLanguage\":\"es\",\"potentialAction\":[{\"@type\":\"CommentAction\",\"name\":\"Comment\",\"target\":[\"https:\/\/volcanes.net\/?p=5579#respond\"]}]},{\"@type\":\"WebPage\",\"@id\":\"https:\/\/volcanes.net\/?p=5579\",\"url\":\"https:\/\/volcanes.net\/?p=5579\",\"name\":\"Atiende Presidente Municipal Miguel \u00c1ngel Salom\u00f3n Cort\u00e9s a protectores de animales - Volcanes\",\"isPartOf\":{\"@id\":\"https:\/\/volcanes.net\/#website\"},\"primaryImageOfPage\":{\"@id\":\"https:\/\/volcanes.net\/?p=5579#primaryimage\"},\"image\":{\"@id\":\"https:\/\/volcanes.net\/?p=5579#primaryimage\"},\"thumbnailUrl\":\"https:\/\/volcanes.net\/wp-content\/uploads\/2019\/09\/IMG-20190930-WA0040.jpg\",\"datePublished\":\"2019-09-30T21:55:26+00:00\",\"dateModified\":\"2019-09-30T21:56:20+00:00\",\"breadcrumb\":{\"@id\":\"https:\/\/volcanes.net\/?p=5579#breadcrumb\"},\"inLanguage\":\"es\",\"potentialAction\":[{\"@type\":\"ReadAction\",\"target\":[\"https:\/\/volcanes.net\/?p=5579\"]}]},{\"@type\":\"ImageObject\",\"inLanguage\":\"es\",\"@id\":\"https:\/\/volcanes.net\/?p=5579#primaryimage\",\"url\":\"https:\/\/volcanes.net\/wp-content\/uploads\/2019\/09\/IMG-20190930-WA0040.jpg\",\"contentUrl\":\"https:\/\/volcanes.net\/wp-content\/uploads\/2019\/09\/IMG-20190930-WA0040.jpg\",\"width\":1280,\"height\":718},{\"@type\":\"BreadcrumbList\",\"@id\":\"https:\/\/volcanes.net\/?p=5579#breadcrumb\",\"itemListElement\":[{\"@type\":\"ListItem\",\"position\":1,\"name\":\"Portada\",\"item\":\"https:\/\/volcanes.net\/\"},{\"@type\":\"ListItem\",\"position\":2,\"name\":\"Atiende Presidente Municipal Miguel \u00c1ngel Salom\u00f3n Cort\u00e9s a protectores de animales\"}]},{\"@type\":\"WebSite\",\"@id\":\"https:\/\/volcanes.net\/#website\",\"url\":\"https:\/\/volcanes.net\/\",\"name\":\"Volcanes.Net\",\"description\":\"Periodismo Profesional\",\"publisher\":{\"@id\":\"https:\/\/volcanes.net\/#organization\"},\"potentialAction\":[{\"@type\":\"SearchAction\",\"target\":{\"@type\":\"EntryPoint\",\"urlTemplate\":\"https:\/\/volcanes.net\/?s={search_term_string}\"},\"query-input\":{\"@type\":\"PropertyValueSpecification\",\"valueRequired\":true,\"valueName\":\"search_term_string\"}}],\"inLanguage\":\"es\"},{\"@type\":\"Organization\",\"@id\":\"https:\/\/volcanes.net\/#organization\",\"name\":\"Grupo Volcanes\",\"url\":\"https:\/\/volcanes.net\/\",\"logo\":{\"@type\":\"ImageObject\",\"inLanguage\":\"es\",\"@id\":\"https:\/\/volcanes.net\/#\/schema\/logo\/image\/\",\"url\":\"http:\/\/volcanes.net\/wp-content\/uploads\/2017\/12\/Avatar2.jpg\",\"contentUrl\":\"http:\/\/volcanes.net\/wp-content\/uploads\/2017\/12\/Avatar2.jpg\",\"width\":378,\"height\":378,\"caption\":\"Grupo Volcanes\"},\"image\":{\"@id\":\"https:\/\/volcanes.net\/#\/schema\/logo\/image\/\"},\"sameAs\":[\"https:\/\/www.facebook.com\/volcanes.net\/\"]},{\"@type\":\"Person\",\"@id\":\"https:\/\/volcanes.net\/#\/schema\/person\/4bf0f383940966a4abd53f5048c0e6b9\",\"name\":\"admin\",\"image\":{\"@type\":\"ImageObject\",\"inLanguage\":\"es\",\"@id\":\"https:\/\/volcanes.net\/#\/schema\/person\/image\/\",\"url\":\"https:\/\/secure.gravatar.com\/avatar\/ca004e6cba8462b8cb7abc86e382930c?s=96&d=mm&r=g\",\"contentUrl\":\"https:\/\/secure.gravatar.com\/avatar\/ca004e6cba8462b8cb7abc86e382930c?s=96&d=mm&r=g\",\"caption\":\"admin\"}}]}<\/script>\n<!-- \/ Yoast SEO plugin. -->","yoast_head_json":{"title":"Atiende Presidente Municipal Miguel \u00c1ngel Salom\u00f3n Cort\u00e9s a protectores de animales - Volcanes","robots":{"index":"index","follow":"follow","max-snippet":"max-snippet:-1","max-image-preview":"max-image-preview:large","max-video-preview":"max-video-preview:-1"},"canonical":"https:\/\/volcanes.net\/?p=5579","og_locale":"es_MX","og_type":"article","og_title":"Atiende Presidente Municipal Miguel \u00c1ngel Salom\u00f3n Cort\u00e9s a protectores de animales - Volcanes","og_description":"Amecameca de Ju\u00e1rez, Estado de M\u00e9xico.- El fin de semana el Presidente Municipal Miguel \u00c1ngel","og_url":"https:\/\/volcanes.net\/?p=5579","og_site_name":"Volcanes","article_publisher":"https:\/\/www.facebook.com\/volcanes.net\/","article_published_time":"2019-09-30T21:55:26+00:00","article_modified_time":"2019-09-30T21:56:20+00:00","og_image":[{"width":1280,"height":718,"url":"https:\/\/volcanes.net\/wp-content\/uploads\/2019\/09\/IMG-20190930-WA0040.jpg","type":"image\/jpeg"}],"author":"admin","twitter_card":"summary_large_image","twitter_misc":{"Escrito por":"admin","Tiempo de lectura":"1 minuto"},"schema":{"@context":"https:\/\/schema.org","@graph":[{"@type":"Article","@id":"https:\/\/volcanes.net\/?p=5579#article","isPartOf":{"@id":"https:\/\/volcanes.net\/?p=5579"},"author":{"name":"admin","@id":"https:\/\/volcanes.net\/#\/schema\/person\/4bf0f383940966a4abd53f5048c0e6b9"},"headline":"Atiende Presidente Municipal Miguel \u00c1ngel Salom\u00f3n Cort\u00e9s a protectores de animales","datePublished":"2019-09-30T21:55:26+00:00","dateModified":"2019-09-30T21:56:20+00:00","mainEntityOfPage":{"@id":"https:\/\/volcanes.net\/?p=5579"},"wordCount":182,"commentCount":0,"publisher":{"@id":"https:\/\/volcanes.net\/#organization"},"image":{"@id":"https:\/\/volcanes.net\/?p=5579#primaryimage"},"thumbnailUrl":"https:\/\/volcanes.net\/wp-content\/uploads\/2019\/09\/IMG-20190930-WA0040.jpg","articleSection":["Municipales"],"inLanguage":"es","potentialAction":[{"@type":"CommentAction","name":"Comment","target":["https:\/\/volcanes.net\/?p=5579#respond"]}]},{"@type":"WebPage","@id":"https:\/\/volcanes.net\/?p=5579","url":"https:\/\/volcanes.net\/?p=5579","name":"Atiende Presidente Municipal Miguel \u00c1ngel Salom\u00f3n Cort\u00e9s a protectores de animales - Volcanes","isPartOf":{"@id":"https:\/\/volcanes.net\/#website"},"primaryImageOfPage":{"@id":"https:\/\/volcanes.net\/?p=5579#primaryimage"},"image":{"@id":"https:\/\/volcanes.net\/?p=5579#primaryimage"},"thumbnailUrl":"https:\/\/volcanes.net\/wp-content\/uploads\/2019\/09\/IMG-20190930-WA0040.jpg","datePublished":"2019-09-30T21:55:26+00:00","dateModified":"2019-09-30T21:56:20+00:00","breadcrumb":{"@id":"https:\/\/volcanes.net\/?p=5579#breadcrumb"},"inLanguage":"es","potentialAction":[{"@type":"ReadAction","target":["https:\/\/volcanes.net\/?p=5579"]}]},{"@type":"ImageObject","inLanguage":"es","@id":"https:\/\/volcanes.net\/?p=5579#primaryimage","url":"https:\/\/volcanes.net\/wp-content\/uploads\/2019\/09\/IMG-20190930-WA0040.jpg","contentUrl":"https:\/\/volcanes.net\/wp-content\/uploads\/2019\/09\/IMG-20190930-WA0040.jpg","width":1280,"height":718},{"@type":"BreadcrumbList","@id":"https:\/\/volcanes.net\/?p=5579#breadcrumb","itemListElement":[{"@type":"ListItem","position":1,"name":"Portada","item":"https:\/\/volcanes.net\/"},{"@type":"ListItem","position":2,"name":"Atiende Presidente Municipal Miguel \u00c1ngel Salom\u00f3n Cort\u00e9s a protectores de animales"}]},{"@type":"WebSite","@id":"https:\/\/volcanes.net\/#website","url":"https:\/\/volcanes.net\/","name":"Volcanes.Net","description":"Periodismo Profesional","publisher":{"@id":"https:\/\/volcanes.net\/#organization"},"potentialAction":[{"@type":"SearchAction","target":{"@type":"EntryPoint","urlTemplate":"https:\/\/volcanes.net\/?s={search_term_string}"},"query-input":{"@type":"PropertyValueSpecification","valueRequired":true,"valueName":"search_term_string"}}],"inLanguage":"es"},{"@type":"Organization","@id":"https:\/\/volcanes.net\/#organization","name":"Grupo Volcanes","url":"https:\/\/volcanes.net\/","logo":{"@type":"ImageObject","inLanguage":"es","@id":"https:\/\/volcanes.net\/#\/schema\/logo\/image\/","url":"http:\/\/volcanes.net\/wp-content\/uploads\/2017\/12\/Avatar2.jpg","contentUrl":"http:\/\/volcanes.net\/wp-content\/uploads\/2017\/12\/Avatar2.jpg","width":378,"height":378,"caption":"Grupo Volcanes"},"image":{"@id":"https:\/\/volcanes.net\/#\/schema\/logo\/image\/"},"sameAs":["https:\/\/www.facebook.com\/volcanes.net\/"]},{"@type":"Person","@id":"https:\/\/volcanes.net\/#\/schema\/person\/4bf0f383940966a4abd53f5048c0e6b9","name":"admin","image":{"@type":"ImageObject","inLanguage":"es","@id":"https:\/\/volcanes.net\/#\/schema\/person\/image\/","url":"https:\/\/secure.gravatar.com\/avatar\/ca004e6cba8462b8cb7abc86e382930c?s=96&d=mm&r=g","contentUrl":"https:\/\/secure.gravatar.com\/avatar\/ca004e6cba8462b8cb7abc86e382930c?s=96&d=mm&r=g","caption":"admin"}}]}},"_links":{"self":[{"href":"https:\/\/volcanes.net\/index.php?rest_route=\/wp\/v2\/posts\/5579"}],"collection":[{"href":"https:\/\/volcanes.net\/index.php?rest_route=\/wp\/v2\/posts"}],"about":[{"href":"https:\/\/volcanes.net\/index.php?rest_route=\/wp\/v2\/types\/post"}],"author":[{"embeddable":true,"href":"https:\/\/volcanes.net\/index.php?rest_route=\/wp\/v2\/users\/1"}],"replies":[{"embeddable":true,"href":"https:\/\/volcanes.net\/index.php?rest_route=%2Fwp%2Fv2%2Fcomments&post=5579"}],"version-history":[{"count":1,"href":"https:\/\/volcanes.net\/index.php?rest_route=\/wp\/v2\/posts\/5579\/revisions"}],"predecessor-version":[{"id":5580,"href":"https:\/\/volcanes.net\/index.php?rest_route=\/wp\/v2\/posts\/5579\/revisions\/5580"}],"wp:featuredmedia":[{"embeddable":true,"href":"https:\/\/volcanes.net\/index.php?rest_route=\/wp\/v2\/media\/5578"}],"wp:attachment":[{"href":"https:\/\/volcanes.net\/index.php?rest_route=%2Fwp%2Fv2%2Fmedia&parent=5579"}],"wp:term":[{"taxonomy":"category","embeddable":true,"href":"https:\/\/volcanes.net\/index.php?rest_route=%2Fwp%2Fv2%2Fcategories&post=5579"},{"taxonomy":"post_tag","embeddable":true,"href":"https:\/\/volcanes.net\/index.php?rest_route=%2Fwp%2Fv2%2Ftags&post=5579"}],"curies":[{"name":"wp","href":"https:\/\/api.w.org\/{rel}","templated":true}]}}